{"id":459500,"date":"2026-04-28T07:48:02","date_gmt":"2026-04-28T10:48:02","guid":{"rendered":"https:\/\/portaltela.pt\/noticias\/2026\/04\/28\/ue-quer-regime-igual-para-violacao-em-todos-os-estados-membros\/"},"modified":"2026-04-28T07:48:02","modified_gmt":"2026-04-28T10:48:02","slug":"ue-quer-regime-igual-para-violacao-em-todos-os-estados-membros","status":"publish","type":"post","link":"https:\/\/portaltela.pt\/noticias\/politica\/2026\/04\/28\/ue-quer-regime-igual-para-violacao-em-todos-os-estados-membros\/","title":{"rendered":"UE quer regime igual para viola\u00e7\u00e3o em todos os Estados-membros"},"content":{"rendered":"<p>O Parlamento Europeu prop\u00f5e que o crime de viola\u00e7\u00e3o seja tratado de forma uniforme em todos os Estados-Membros da Uni\u00e3o Europeia. A base da proposta \u00e9 o consentimento, que dever\u00e1 definir a gravidade do crime em toda a UE, independentemente das diferen\u00e7as legais nacionais. A iniciativa visa harmonizar as leis para proteger as v\u00edtimas e assegurar puni\u00e7\u00f5es mais consistentes, onde quer que o crime ocorra.<\/p>\n<p>O objetivo \u00e9 reduzir a disparidade entre os pa\u00edses na defini\u00e7\u00e3o e nas penas, facilitando a coopera\u00e7\u00e3o entre autoridades durante investiga\u00e7\u00f5es e julgamentos. A proposta apresenta uma defini\u00e7\u00e3o comum de viola\u00e7\u00e3o baseada no consentimento, entendendo a viola\u00e7\u00e3o como aus\u00eancia de resist\u00eancia ou de consentimento livre e informado. O texto est\u00e1 em avalia\u00e7\u00e3o e ainda precisa de aprova\u00e7\u00e3o nos parlamentos nacionais e no Parlamento Europeu.<\/p>\n<h3>Passos seguintes<\/h3>\n<p>A proposta est\u00e1 em fase de discuss\u00e3o, com v\u00e1rias etapas por percorrer antes de se tornar legisla\u00e7\u00e3o comum. Os promotores da medida consideram o projeto um avan\u00e7o na luta contra a viol\u00eancia sexual na UE e defendem maior prote\u00e7\u00e3o \u00e0s v\u00edtimas, independentemente do local do crime. Aguardam-se passos formais de aprova\u00e7\u00e3o para confirmar a futura aplica\u00e7\u00e3o uniforme.<\/p>\n","protected":false},"excerpt":{"rendered":"<ul>\n<li>O Parlamento Europeu pretende que o crime de viola\u00e7\u00e3o tenha a mesma classifica\u00e7\u00e3o em todos os pa\u00edses da Uni\u00e3o Europeia.<\/li>\n<li>A harmoniza\u00e7\u00e3o foca-se no consentimento como regra central para definir a viola\u00e7\u00e3o, estabelecendo-a como crime grave em toda a UE.<\/li>\n<li>A proposta visa padronizar defini\u00e7\u00f5es e penas para facilitar a coopera\u00e7\u00e3o entre autoridades na investiga\u00e7\u00e3o e julgamento.<\/li>\n<li>O texto prev\u00ea uma defini\u00e7\u00e3o comum de viola\u00e7\u00e3o baseada no consentimento, entendido como aus\u00eancia de resist\u00eancia ou consentimento livre e informado.<\/li>\n<li>A iniciativa ainda est\u00e1 a ser discutida e precisa de aprova\u00e7\u00e3o nas cortes nacionais e no Parlamento Europeu antes de virar legisla\u00e7\u00e3o comum.<\/li>\n<\/ul>\n","protected":false},"author":2,"featured_media":459506,"comment_status":"closed","ping_status":"closed","sticky":false,"template":"","format":"standard","meta":{"footnotes":""},"categories":[5,7127],"tags":[9821,7937,7914,7962,8056,1825],"class_list":["post-459500","post","type-post","status-publish","format-standard","has-post-thumbnail","hentry","category-politica","category-politica-internacional","tag-_convencoes-internacionais","tag-_direito-internacional","tag-_direitos-humanos","tag-_politica-externa","tag-_uniao-europeia","tag-violacao"],"yoast_head":"<!-- This site is optimized with the Yoast SEO plugin v27.2 - https:\/\/yoast.com\/product\/yoast-seo-wordpress\/ -->\n<title>UE quer regime igual para viola\u00e7\u00e3o em todos os Estados-membros - Portal Tela Portugal<\/title>\n<meta name=\"robots\" content=\"index, follow, max-snippet:-1, max-image-preview:large, max-video-preview:-1\" \/>\n<meta property=\"og:locale\" content=\"pt_PT\" \/>\n<meta property=\"og:type\" content=\"article\" \/>\n<meta property=\"og:title\" content=\"UE quer regime igual para viola\u00e7\u00e3o em todos os Estados-membros - Portal Tela Portugal\" \/>\n<meta property=\"og:description\" content=\"O Parlamento Europeu pretende que o crime de viola\u00e7\u00e3o tenha a mesma classifica\u00e7\u00e3o em todos os pa\u00edses da Uni\u00e3o Europeia. A harmoniza\u00e7\u00e3o foca-se no consentimento como regra central para definir a viola\u00e7\u00e3o, estabelecendo-a como crime grave em toda a UE. A proposta visa padronizar defini\u00e7\u00f5es e penas para facilitar a coopera\u00e7\u00e3o entre autoridades na investiga\u00e7\u00e3o e julgamento. O texto prev\u00ea uma defini\u00e7\u00e3o comum de viola\u00e7\u00e3o baseada no consentimento, entendido como aus\u00eancia de resist\u00eancia ou consentimento livre e informado. A iniciativa ainda est\u00e1 a ser discutida e precisa de aprova\u00e7\u00e3o nas cortes nacionais e no Parlamento Europeu antes de virar legisla\u00e7\u00e3o comum.\" \/>\n<meta property=\"og:url\" content=\"https:\/\/portaltela.pt\/noticias\/2026\/04\/28\/ue-quer-regime-igual-para-violacao-em-todos-os-estados-membros\/\" \/>\n<meta property=\"og:site_name\" content=\"Portal Tela Portugal\" \/>\n<meta property=\"article:published_time\" content=\"2026-04-28T10:48:02+00:00\" \/>\n<meta name=\"author\" content=\"Telinha\" \/>\n<meta name=\"twitter:card\" content=\"summary_large_image\" \/>\n<meta name=\"twitter:label1\" content=\"Escrito por\" \/>\n\t<meta name=\"twitter:data1\" content=\"Telinha\" \/>\n\t<meta name=\"twitter:label2\" content=\"Tempo estimado de leitura\" \/>\n\t<meta name=\"twitter:data2\" content=\"1 minuto\" \/>\n<script type=\"application\/ld+json\" class=\"yoast-schema-graph\">{\"@context\":\"https:\/\/schema.org\",\"@graph\":[{\"@type\":\"Article\",\"@id\":\"https:\/\/portaltela.pt\/noticias\/2026\/04\/28\/ue-quer-regime-igual-para-violacao-em-todos-os-estados-membros\/#article\",\"isPartOf\":{\"@id\":\"https:\/\/portaltela.pt\/noticias\/2026\/04\/28\/ue-quer-regime-igual-para-violacao-em-todos-os-estados-membros\/\"},\"author\":{\"name\":\"Telinha\",\"@id\":\"https:\/\/portaltela.pt\/#\/schema\/person\/c4278d4a6028830caff9ee44b42d32ed\"},\"headline\":\"UE quer regime igual para viola\u00e7\u00e3o em todos os Estados-membros\",\"datePublished\":\"2026-04-28T10:48:02+00:00\",\"mainEntityOfPage\":{\"@id\":\"https:\/\/portaltela.pt\/noticias\/2026\/04\/28\/ue-quer-regime-igual-para-violacao-em-todos-os-estados-membros\/\"},\"wordCount\":223,\"image\":{\"@id\":\"https:\/\/portaltela.pt\/noticias\/2026\/04\/28\/ue-quer-regime-igual-para-violacao-em-todos-os-estados-membros\/#primaryimage\"},\"thumbnailUrl\":\"https:\/\/portaltela.pt\/s.01k8rhncp4jt1\/2026\/04\/img_1280x722uu2025-11-27-14-26-28-2250932.jpg\",\"keywords\":[\"_conven\u00e7\u00f5es internacionais\",\"_direito internacional\",\"_direitos humanos\",\"_pol\u00edtica externa\",\"_Uni\u00e3o Europeia\",\"viola\u00e7\u00e3o\"],\"articleSection\":[\"Pol\u00edtica\",\"Pol\u00edtica Internacional\"],\"inLanguage\":\"pt-PT\"},{\"@type\":\"WebPage\",\"@id\":\"https:\/\/portaltela.pt\/noticias\/2026\/04\/28\/ue-quer-regime-igual-para-violacao-em-todos-os-estados-membros\/\",\"url\":\"https:\/\/portaltela.pt\/noticias\/2026\/04\/28\/ue-quer-regime-igual-para-violacao-em-todos-os-estados-membros\/\",\"name\":\"UE quer regime igual para viola\u00e7\u00e3o em todos os Estados-membros - Portal Tela Portugal\",\"isPartOf\":{\"@id\":\"https:\/\/portaltela.pt\/#website\"},\"primaryImageOfPage\":{\"@id\":\"https:\/\/portaltela.pt\/noticias\/2026\/04\/28\/ue-quer-regime-igual-para-violacao-em-todos-os-estados-membros\/#primaryimage\"},\"image\":{\"@id\":\"https:\/\/portaltela.pt\/noticias\/2026\/04\/28\/ue-quer-regime-igual-para-violacao-em-todos-os-estados-membros\/#primaryimage\"},\"thumbnailUrl\":\"https:\/\/portaltela.pt\/s.01k8rhncp4jt1\/2026\/04\/img_1280x722uu2025-11-27-14-26-28-2250932.jpg\",\"datePublished\":\"2026-04-28T10:48:02+00:00\",\"author\":{\"@id\":\"https:\/\/portaltela.pt\/#\/schema\/person\/c4278d4a6028830caff9ee44b42d32ed\"},\"breadcrumb\":{\"@id\":\"https:\/\/portaltela.pt\/noticias\/2026\/04\/28\/ue-quer-regime-igual-para-violacao-em-todos-os-estados-membros\/#breadcrumb\"},\"inLanguage\":\"pt-PT\",\"potentialAction\":[{\"@type\":\"ReadAction\",\"target\":[\"https:\/\/portaltela.pt\/noticias\/2026\/04\/28\/ue-quer-regime-igual-para-violacao-em-todos-os-estados-membros\/\"]}]},{\"@type\":\"ImageObject\",\"inLanguage\":\"pt-PT\",\"@id\":\"https:\/\/portaltela.pt\/noticias\/2026\/04\/28\/ue-quer-regime-igual-para-violacao-em-todos-os-estados-membros\/#primaryimage\",\"url\":\"https:\/\/portaltela.pt\/s.01k8rhncp4jt1\/2026\/04\/img_1280x722uu2025-11-27-14-26-28-2250932.jpg\",\"contentUrl\":\"https:\/\/portaltela.pt\/s.01k8rhncp4jt1\/2026\/04\/img_1280x722uu2025-11-27-14-26-28-2250932.jpg\",\"width\":796,\"height\":448,\"caption\":\"Photo\"},{\"@type\":\"BreadcrumbList\",\"@id\":\"https:\/\/portaltela.pt\/noticias\/2026\/04\/28\/ue-quer-regime-igual-para-violacao-em-todos-os-estados-membros\/#breadcrumb\",\"itemListElement\":[{\"@type\":\"ListItem\",\"position\":1,\"name\":\"In\u00edcio\",\"item\":\"https:\/\/portaltela.pt\/\"},{\"@type\":\"ListItem\",\"position\":2,\"name\":\"UE quer regime igual para viola\u00e7\u00e3o em todos os Estados-membros\"}]},{\"@type\":\"WebSite\",\"@id\":\"https:\/\/portaltela.pt\/#website\",\"url\":\"https:\/\/portaltela.pt\/\",\"name\":\"Portal Tela Portugal\",\"description\":\"\",\"potentialAction\":[{\"@type\":\"SearchAction\",\"target\":{\"@type\":\"EntryPoint\",\"urlTemplate\":\"https:\/\/portaltela.pt\/?s={search_term_string}\"},\"query-input\":{\"@type\":\"PropertyValueSpecification\",\"valueRequired\":true,\"valueName\":\"search_term_string\"}}],\"inLanguage\":\"pt-PT\"},{\"@type\":\"Person\",\"@id\":\"https:\/\/portaltela.pt\/#\/schema\/person\/c4278d4a6028830caff9ee44b42d32ed\",\"name\":\"Telinha\",\"image\":{\"@type\":\"ImageObject\",\"inLanguage\":\"pt-PT\",\"@id\":\"https:\/\/portaltela.pt\/s.01k8rhncp4jt1\/2025\/11\/talking-bot-125x125.png\",\"url\":\"https:\/\/portaltela.pt\/s.01k8rhncp4jt1\/2025\/11\/talking-bot-125x125.png\",\"contentUrl\":\"https:\/\/portaltela.pt\/s.01k8rhncp4jt1\/2025\/11\/talking-bot-125x125.png\",\"caption\":\"Telinha\"},\"sameAs\":[\"https:\/\/portaltela.pt\/\"],\"url\":\"https:\/\/portaltela.pt\/por\/367410592786\/\"}]}<\/script>\n<!-- \/ Yoast SEO plugin. -->","yoast_head_json":{"title":"UE quer regime igual para viola\u00e7\u00e3o em todos os Estados-membros - Portal Tela Portugal","robots":{"index":"index","follow":"follow","max-snippet":"max-snippet:-1","max-image-preview":"max-image-preview:large","max-video-preview":"max-video-preview:-1"},"og_locale":"pt_PT","og_type":"article","og_title":"UE quer regime igual para viola\u00e7\u00e3o em todos os Estados-membros - Portal Tela Portugal","og_description":"O Parlamento Europeu pretende que o crime de viola\u00e7\u00e3o tenha a mesma classifica\u00e7\u00e3o em todos os pa\u00edses da Uni\u00e3o Europeia. A harmoniza\u00e7\u00e3o foca-se no consentimento como regra central para definir a viola\u00e7\u00e3o, estabelecendo-a como crime grave em toda a UE. A proposta visa padronizar defini\u00e7\u00f5es e penas para facilitar a coopera\u00e7\u00e3o entre autoridades na investiga\u00e7\u00e3o e julgamento. O texto prev\u00ea uma defini\u00e7\u00e3o comum de viola\u00e7\u00e3o baseada no consentimento, entendido como aus\u00eancia de resist\u00eancia ou consentimento livre e informado. A iniciativa ainda est\u00e1 a ser discutida e precisa de aprova\u00e7\u00e3o nas cortes nacionais e no Parlamento Europeu antes de virar legisla\u00e7\u00e3o comum.","og_url":"https:\/\/portaltela.pt\/noticias\/2026\/04\/28\/ue-quer-regime-igual-para-violacao-em-todos-os-estados-membros\/","og_site_name":"Portal Tela Portugal","article_published_time":"2026-04-28T10:48:02+00:00","author":"Telinha","twitter_card":"summary_large_image","twitter_misc":{"Escrito por":"Telinha","Tempo estimado de leitura":"1 minuto"},"schema":{"@context":"https:\/\/schema.org","@graph":[{"@type":"Article","@id":"https:\/\/portaltela.pt\/noticias\/2026\/04\/28\/ue-quer-regime-igual-para-violacao-em-todos-os-estados-membros\/#article","isPartOf":{"@id":"https:\/\/portaltela.pt\/noticias\/2026\/04\/28\/ue-quer-regime-igual-para-violacao-em-todos-os-estados-membros\/"},"author":{"name":"Telinha","@id":"https:\/\/portaltela.pt\/#\/schema\/person\/c4278d4a6028830caff9ee44b42d32ed"},"headline":"UE quer regime igual para viola\u00e7\u00e3o em todos os Estados-membros","datePublished":"2026-04-28T10:48:02+00:00","mainEntityOfPage":{"@id":"https:\/\/portaltela.pt\/noticias\/2026\/04\/28\/ue-quer-regime-igual-para-violacao-em-todos-os-estados-membros\/"},"wordCount":223,"image":{"@id":"https:\/\/portaltela.pt\/noticias\/2026\/04\/28\/ue-quer-regime-igual-para-violacao-em-todos-os-estados-membros\/#primaryimage"},"thumbnailUrl":"https:\/\/portaltela.pt\/s.01k8rhncp4jt1\/2026\/04\/img_1280x722uu2025-11-27-14-26-28-2250932.jpg","keywords":["_conven\u00e7\u00f5es internacionais","_direito internacional","_direitos humanos","_pol\u00edtica externa","_Uni\u00e3o Europeia","viola\u00e7\u00e3o"],"articleSection":["Pol\u00edtica","Pol\u00edtica Internacional"],"inLanguage":"pt-PT"},{"@type":"WebPage","@id":"https:\/\/portaltela.pt\/noticias\/2026\/04\/28\/ue-quer-regime-igual-para-violacao-em-todos-os-estados-membros\/","url":"https:\/\/portaltela.pt\/noticias\/2026\/04\/28\/ue-quer-regime-igual-para-violacao-em-todos-os-estados-membros\/","name":"UE quer regime igual para viola\u00e7\u00e3o em todos os Estados-membros - Portal Tela Portugal","isPartOf":{"@id":"https:\/\/portaltela.pt\/#website"},"primaryImageOfPage":{"@id":"https:\/\/portaltela.pt\/noticias\/2026\/04\/28\/ue-quer-regime-igual-para-violacao-em-todos-os-estados-membros\/#primaryimage"},"image":{"@id":"https:\/\/portaltela.pt\/noticias\/2026\/04\/28\/ue-quer-regime-igual-para-violacao-em-todos-os-estados-membros\/#primaryimage"},"thumbnailUrl":"https:\/\/portaltela.pt\/s.01k8rhncp4jt1\/2026\/04\/img_1280x722uu2025-11-27-14-26-28-2250932.jpg","datePublished":"2026-04-28T10:48:02+00:00","author":{"@id":"https:\/\/portaltela.pt\/#\/schema\/person\/c4278d4a6028830caff9ee44b42d32ed"},"breadcrumb":{"@id":"https:\/\/portaltela.pt\/noticias\/2026\/04\/28\/ue-quer-regime-igual-para-violacao-em-todos-os-estados-membros\/#breadcrumb"},"inLanguage":"pt-PT","potentialAction":[{"@type":"ReadAction","target":["https:\/\/portaltela.pt\/noticias\/2026\/04\/28\/ue-quer-regime-igual-para-violacao-em-todos-os-estados-membros\/"]}]},{"@type":"ImageObject","inLanguage":"pt-PT","@id":"https:\/\/portaltela.pt\/noticias\/2026\/04\/28\/ue-quer-regime-igual-para-violacao-em-todos-os-estados-membros\/#primaryimage","url":"https:\/\/portaltela.pt\/s.01k8rhncp4jt1\/2026\/04\/img_1280x722uu2025-11-27-14-26-28-2250932.jpg","contentUrl":"https:\/\/portaltela.pt\/s.01k8rhncp4jt1\/2026\/04\/img_1280x722uu2025-11-27-14-26-28-2250932.jpg","width":796,"height":448,"caption":"Photo"},{"@type":"BreadcrumbList","@id":"https:\/\/portaltela.pt\/noticias\/2026\/04\/28\/ue-quer-regime-igual-para-violacao-em-todos-os-estados-membros\/#breadcrumb","itemListElement":[{"@type":"ListItem","position":1,"name":"In\u00edcio","item":"https:\/\/portaltela.pt\/"},{"@type":"ListItem","position":2,"name":"UE quer regime igual para viola\u00e7\u00e3o em todos os Estados-membros"}]},{"@type":"WebSite","@id":"https:\/\/portaltela.pt\/#website","url":"https:\/\/portaltela.pt\/","name":"Portal Tela Portugal","description":"","potentialAction":[{"@type":"SearchAction","target":{"@type":"EntryPoint","urlTemplate":"https:\/\/portaltela.pt\/?s={search_term_string}"},"query-input":{"@type":"PropertyValueSpecification","valueRequired":true,"valueName":"search_term_string"}}],"inLanguage":"pt-PT"},{"@type":"Person","@id":"https:\/\/portaltela.pt\/#\/schema\/person\/c4278d4a6028830caff9ee44b42d32ed","name":"Telinha","image":{"@type":"ImageObject","inLanguage":"pt-PT","@id":"https:\/\/portaltela.pt\/s.01k8rhncp4jt1\/2025\/11\/talking-bot-125x125.png","url":"https:\/\/portaltela.pt\/s.01k8rhncp4jt1\/2025\/11\/talking-bot-125x125.png","contentUrl":"https:\/\/portaltela.pt\/s.01k8rhncp4jt1\/2025\/11\/talking-bot-125x125.png","caption":"Telinha"},"sameAs":["https:\/\/portaltela.pt\/"],"url":"https:\/\/portaltela.pt\/por\/367410592786\/"}]}},"_links":{"self":[{"href":"https:\/\/portaltela.pt\/api\/wp\/v2\/posts\/459500","targetHints":{"allow":["GET"]}}],"collection":[{"href":"https:\/\/portaltela.pt\/api\/wp\/v2\/posts"}],"about":[{"href":"https:\/\/portaltela.pt\/api\/wp\/v2\/types\/post"}],"author":[{"embeddable":true,"href":"https:\/\/portaltela.pt\/api\/wp\/v2\/users\/2"}],"replies":[{"embeddable":true,"href":"https:\/\/portaltela.pt\/api\/wp\/v2\/comments?post=459500"}],"version-history":[{"count":0,"href":"https:\/\/portaltela.pt\/api\/wp\/v2\/posts\/459500\/revisions"}],"wp:featuredmedia":[{"embeddable":true,"href":"https:\/\/portaltela.pt\/api\/wp\/v2\/media\/459506"}],"wp:attachment":[{"href":"https:\/\/portaltela.pt\/api\/wp\/v2\/media?parent=459500"}],"wp:term":[{"taxonomy":"category","embeddable":true,"href":"https:\/\/portaltela.pt\/api\/wp\/v2\/categories?post=459500"},{"taxonomy":"post_tag","embeddable":true,"href":"https:\/\/portaltela.pt\/api\/wp\/v2\/tags?post=459500"}],"curies":[{"name":"wp","href":"https:\/\/api.w.org\/{rel}","templated":true}]}}