{"id":459490,"date":"2026-04-28T07:47:49","date_gmt":"2026-04-28T10:47:49","guid":{"rendered":"https:\/\/portaltela.pt\/noticias\/2026\/04\/28\/jimmy-kimmel-reage-a-controversia-com-trump-piada-pre-tiroteio-nao-pediu-assassinato\/"},"modified":"2026-04-28T07:47:49","modified_gmt":"2026-04-28T10:47:49","slug":"jimmy-kimmel-reage-a-controversia-com-trump-piada-pre-tiroteio-nao-pediu-assassinato","status":"publish","type":"post","link":"https:\/\/portaltela.pt\/entretenimento\/2026\/04\/28\/jimmy-kimmel-reage-a-controversia-com-trump-piada-pre-tiroteio-nao-pediu-assassinato\/","title":{"rendered":"Jimmy Kimmel reage \u00e0 controv\u00e9rsia com Trump: piada pr\u00e9-tiroteio n\u00e3o pediu assassinato"},"content":{"rendered":"<p>Jimmy Kimmel volta ao ar ap\u00f3s pol\u00e9mica sobre piada envolvendo os Trump. O humorista retomou o programa na ABC, mantendo a posi\u00e7\u00e3o de n\u00e3o se retratar, mesmo diante de pedidos de despedimento por parte de Donald e Melania Trump. A recusa de demiss\u00e3o foi motivada pela defesa do conte\u00fado do seu coment\u00e1rio feito dois dias antes do Jantar dos Correspondentes da Casa Branca.<\/p>\n<p>A press\u00e3o veio ap\u00f3s os Trump terem pedido a demiss\u00e3o de Kimmel, alegando que a piada associada a uma eventual situa\u00e7\u00e3o de viol\u00eancia n\u00e3o deveria ter sido feita. A Associated Press tamb\u00e9m havia reportado que o casal solicitou o afastamento do humorista, sem que a ABC ou a Disney emitiam declara\u00e7\u00f5es sobre o assunto at\u00e9 o momento.<\/p>\n<p>Kimmel voltou a comentar, numa leitura de mon\u00f3logo apresentada na quinta-feira, explicando o contexto do humor utilizado e reiterando que n\u00e3o houve apelo \u00e0 viol\u00eancia. O apresentador descreveu o regresso como parte da programa\u00e7\u00e3o habitual e afirmou que o conte\u00fado foi entendido por parte do p\u00fablico e da audi\u00eancia de forma distinta.<\/p>\n<p>Al\u00e9m disso, a empresa controladora da ABC, a Disney, permanece em sil\u00eancio sobre o incidente. N\u00e3o houve confirma\u00e7\u00e3o oficial de mudan\u00e7as na equipa ou de demiss\u00f5es associadas ao caso. O epis\u00f3dio ocorre num contexto de controv\u00e9rsia p\u00fablica sobre humor pol\u00edtico e responsabilidade de figuras p\u00fablicas de comunica\u00e7\u00e3o.<\/p>\n<p>O epis\u00f3dio envolve ainda a cobertura de v\u00e1rios meios de comunica\u00e7\u00e3o e o acompanhamento de analistas sobre os impactos medi\u00e1ticos. N\u00e3o foram divulgadas declara\u00e7\u00f5es oficiais adicionais por parte de Kimmel, da ABC ou da Disney at\u00e9 ao encerramento deste relat\u00f3rio.<\/p>\n","protected":false},"excerpt":{"rendered":"<ul>\n<li>Jimmy Kimmel voltou ao ar na ABC conforme planeado, ap\u00f3s apelos de Donald e Melania Trump para despedimento por uma piada feita dois dias antes do Jantar dos Correspondentes da Casa Branca.<\/li>\n<li>O comediante explicou o teor da gra\u00e7a e afirmou n\u00e3o recuar no que disse, dizendo que n\u00e3o foi um apelo ao assassinato e que \u201celes sabem\u201d o que pretendia.<\/li>\n<li>Os exatos termos da piada e a rea\u00e7\u00e3o p\u00fablica chegaram num contexto em que a primeira-dama publicou um comunicado pedindo a demiss\u00e3o do apresentador.<\/li>\n<li>ABC e Disney, que passa por mudan\u00e7a de administra\u00e7\u00e3o, mant\u00eam sil\u00eancio sobre o caso.<\/li>\n<\/ul>\n","protected":false},"author":2,"featured_media":459494,"comment_status":"closed","ping_status":"closed","sticky":false,"template":"","format":"standard","meta":{"footnotes":""},"categories":[6675,12],"tags":[7933,8843,7995,8421,7913,6300],"class_list":["post-459490","post","type-post","status-publish","format-standard","has-post-thumbnail","hentry","category-celebridades","category-entretenimento","tag-_comunicacao-social","tag-_donald-trump","tag-_imprensa","tag-_jornalistas","tag-_politica","tag-ap"],"yoast_head":"<!-- This site is optimized with the Yoast SEO plugin v27.2 - https:\/\/yoast.com\/product\/yoast-seo-wordpress\/ -->\n<title>Jimmy Kimmel reage \u00e0 controv\u00e9rsia com Trump: piada pr\u00e9-tiroteio n\u00e3o pediu assassinato - Portal Tela Portugal<\/title>\n<meta name=\"robots\" content=\"index, follow, max-snippet:-1, max-image-preview:large, max-video-preview:-1\" \/>\n<meta property=\"og:locale\" content=\"pt_PT\" \/>\n<meta property=\"og:type\" content=\"article\" \/>\n<meta property=\"og:title\" content=\"Jimmy Kimmel reage \u00e0 controv\u00e9rsia com Trump: piada pr\u00e9-tiroteio n\u00e3o pediu assassinato - Portal Tela Portugal\" \/>\n<meta property=\"og:description\" content=\"Jimmy Kimmel voltou ao ar na ABC conforme planeado, ap\u00f3s apelos de Donald e Melania Trump para despedimento por uma piada feita dois dias antes do Jantar dos Correspondentes da Casa Branca. O comediante explicou o teor da gra\u00e7a e afirmou n\u00e3o recuar no que disse, dizendo que n\u00e3o foi um apelo ao assassinato e que \u201celes sabem\u201d o que pretendia. Os exatos termos da piada e a rea\u00e7\u00e3o p\u00fablica chegaram num contexto em que a primeira-dama publicou um comunicado pedindo a demiss\u00e3o do apresentador. ABC e Disney, que passa por mudan\u00e7a de administra\u00e7\u00e3o, mant\u00eam sil\u00eancio sobre o caso.\" \/>\n<meta property=\"og:url\" content=\"https:\/\/portaltela.pt\/noticias\/2026\/04\/28\/jimmy-kimmel-reage-a-controversia-com-trump-piada-pre-tiroteio-nao-pediu-assassinato\/\" \/>\n<meta property=\"og:site_name\" content=\"Portal Tela Portugal\" \/>\n<meta property=\"article:published_time\" content=\"2026-04-28T10:47:49+00:00\" \/>\n<meta name=\"author\" content=\"Telinha\" \/>\n<meta name=\"twitter:card\" content=\"summary_large_image\" \/>\n<meta name=\"twitter:label1\" content=\"Escrito por\" \/>\n\t<meta name=\"twitter:data1\" content=\"Telinha\" \/>\n\t<meta name=\"twitter:label2\" content=\"Tempo estimado de leitura\" \/>\n\t<meta name=\"twitter:data2\" content=\"1 minuto\" \/>\n<script type=\"application\/ld+json\" class=\"yoast-schema-graph\">{\"@context\":\"https:\/\/schema.org\",\"@graph\":[{\"@type\":\"Article\",\"@id\":\"https:\/\/portaltela.pt\/noticias\/2026\/04\/28\/jimmy-kimmel-reage-a-controversia-com-trump-piada-pre-tiroteio-nao-pediu-assassinato\/#article\",\"isPartOf\":{\"@id\":\"https:\/\/portaltela.pt\/noticias\/2026\/04\/28\/jimmy-kimmel-reage-a-controversia-com-trump-piada-pre-tiroteio-nao-pediu-assassinato\/\"},\"author\":{\"name\":\"Telinha\",\"@id\":\"https:\/\/portaltela.pt\/#\/schema\/person\/c4278d4a6028830caff9ee44b42d32ed\"},\"headline\":\"Jimmy Kimmel reage \u00e0 controv\u00e9rsia com Trump: piada pr\u00e9-tiroteio n\u00e3o pediu assassinato\",\"datePublished\":\"2026-04-28T10:47:49+00:00\",\"mainEntityOfPage\":{\"@id\":\"https:\/\/portaltela.pt\/noticias\/2026\/04\/28\/jimmy-kimmel-reage-a-controversia-com-trump-piada-pre-tiroteio-nao-pediu-assassinato\/\"},\"wordCount\":313,\"image\":{\"@id\":\"https:\/\/portaltela.pt\/noticias\/2026\/04\/28\/jimmy-kimmel-reage-a-controversia-com-trump-piada-pre-tiroteio-nao-pediu-assassinato\/#primaryimage\"},\"thumbnailUrl\":\"https:\/\/portaltela.pt\/s.01k8rhncp4jt1\/2026\/04\/2084508.jpg\",\"keywords\":[\"_comunica\u00e7\u00e3o social\",\"_Donald Trump\",\"_imprensa\",\"_jornalistas\",\"_pol\u00edtica\",\"AP\"],\"articleSection\":[\"Celebridades\",\"Entretenimento\"],\"inLanguage\":\"pt-PT\"},{\"@type\":\"WebPage\",\"@id\":\"https:\/\/portaltela.pt\/noticias\/2026\/04\/28\/jimmy-kimmel-reage-a-controversia-com-trump-piada-pre-tiroteio-nao-pediu-assassinato\/\",\"url\":\"https:\/\/portaltela.pt\/noticias\/2026\/04\/28\/jimmy-kimmel-reage-a-controversia-com-trump-piada-pre-tiroteio-nao-pediu-assassinato\/\",\"name\":\"Jimmy Kimmel reage \u00e0 controv\u00e9rsia com Trump: piada pr\u00e9-tiroteio n\u00e3o pediu assassinato - Portal Tela Portugal\",\"isPartOf\":{\"@id\":\"https:\/\/portaltela.pt\/#website\"},\"primaryImageOfPage\":{\"@id\":\"https:\/\/portaltela.pt\/noticias\/2026\/04\/28\/jimmy-kimmel-reage-a-controversia-com-trump-piada-pre-tiroteio-nao-pediu-assassinato\/#primaryimage\"},\"image\":{\"@id\":\"https:\/\/portaltela.pt\/noticias\/2026\/04\/28\/jimmy-kimmel-reage-a-controversia-com-trump-piada-pre-tiroteio-nao-pediu-assassinato\/#primaryimage\"},\"thumbnailUrl\":\"https:\/\/portaltela.pt\/s.01k8rhncp4jt1\/2026\/04\/2084508.jpg\",\"datePublished\":\"2026-04-28T10:47:49+00:00\",\"author\":{\"@id\":\"https:\/\/portaltela.pt\/#\/schema\/person\/c4278d4a6028830caff9ee44b42d32ed\"},\"breadcrumb\":{\"@id\":\"https:\/\/portaltela.pt\/noticias\/2026\/04\/28\/jimmy-kimmel-reage-a-controversia-com-trump-piada-pre-tiroteio-nao-pediu-assassinato\/#breadcrumb\"},\"inLanguage\":\"pt-PT\",\"potentialAction\":[{\"@type\":\"ReadAction\",\"target\":[\"https:\/\/portaltela.pt\/noticias\/2026\/04\/28\/jimmy-kimmel-reage-a-controversia-com-trump-piada-pre-tiroteio-nao-pediu-assassinato\/\"]}]},{\"@type\":\"ImageObject\",\"inLanguage\":\"pt-PT\",\"@id\":\"https:\/\/portaltela.pt\/noticias\/2026\/04\/28\/jimmy-kimmel-reage-a-controversia-com-trump-piada-pre-tiroteio-nao-pediu-assassinato\/#primaryimage\",\"url\":\"https:\/\/portaltela.pt\/s.01k8rhncp4jt1\/2026\/04\/2084508.jpg\",\"contentUrl\":\"https:\/\/portaltela.pt\/s.01k8rhncp4jt1\/2026\/04\/2084508.jpg\",\"width\":796,\"height\":448,\"caption\":\"Jimmy Kimmel no mon\u00f3logo ficcional de quinta-feira\"},{\"@type\":\"BreadcrumbList\",\"@id\":\"https:\/\/portaltela.pt\/noticias\/2026\/04\/28\/jimmy-kimmel-reage-a-controversia-com-trump-piada-pre-tiroteio-nao-pediu-assassinato\/#breadcrumb\",\"itemListElement\":[{\"@type\":\"ListItem\",\"position\":1,\"name\":\"In\u00edcio\",\"item\":\"https:\/\/portaltela.pt\/\"},{\"@type\":\"ListItem\",\"position\":2,\"name\":\"Jimmy Kimmel reage \u00e0 controv\u00e9rsia com Trump: piada pr\u00e9-tiroteio n\u00e3o pediu assassinato\"}]},{\"@type\":\"WebSite\",\"@id\":\"https:\/\/portaltela.pt\/#website\",\"url\":\"https:\/\/portaltela.pt\/\",\"name\":\"Portal Tela Portugal\",\"description\":\"\",\"potentialAction\":[{\"@type\":\"SearchAction\",\"target\":{\"@type\":\"EntryPoint\",\"urlTemplate\":\"https:\/\/portaltela.pt\/?s={search_term_string}\"},\"query-input\":{\"@type\":\"PropertyValueSpecification\",\"valueRequired\":true,\"valueName\":\"search_term_string\"}}],\"inLanguage\":\"pt-PT\"},{\"@type\":\"Person\",\"@id\":\"https:\/\/portaltela.pt\/#\/schema\/person\/c4278d4a6028830caff9ee44b42d32ed\",\"name\":\"Telinha\",\"image\":{\"@type\":\"ImageObject\",\"inLanguage\":\"pt-PT\",\"@id\":\"https:\/\/portaltela.pt\/s.01k8rhncp4jt1\/2025\/11\/talking-bot-125x125.png\",\"url\":\"https:\/\/portaltela.pt\/s.01k8rhncp4jt1\/2025\/11\/talking-bot-125x125.png\",\"contentUrl\":\"https:\/\/portaltela.pt\/s.01k8rhncp4jt1\/2025\/11\/talking-bot-125x125.png\",\"caption\":\"Telinha\"},\"sameAs\":[\"https:\/\/portaltela.pt\/\"],\"url\":\"https:\/\/portaltela.pt\/por\/367410592786\/\"}]}<\/script>\n<!-- \/ Yoast SEO plugin. -->","yoast_head_json":{"title":"Jimmy Kimmel reage \u00e0 controv\u00e9rsia com Trump: piada pr\u00e9-tiroteio n\u00e3o pediu assassinato - Portal Tela Portugal","robots":{"index":"index","follow":"follow","max-snippet":"max-snippet:-1","max-image-preview":"max-image-preview:large","max-video-preview":"max-video-preview:-1"},"og_locale":"pt_PT","og_type":"article","og_title":"Jimmy Kimmel reage \u00e0 controv\u00e9rsia com Trump: piada pr\u00e9-tiroteio n\u00e3o pediu assassinato - Portal Tela Portugal","og_description":"Jimmy Kimmel voltou ao ar na ABC conforme planeado, ap\u00f3s apelos de Donald e Melania Trump para despedimento por uma piada feita dois dias antes do Jantar dos Correspondentes da Casa Branca. O comediante explicou o teor da gra\u00e7a e afirmou n\u00e3o recuar no que disse, dizendo que n\u00e3o foi um apelo ao assassinato e que \u201celes sabem\u201d o que pretendia. Os exatos termos da piada e a rea\u00e7\u00e3o p\u00fablica chegaram num contexto em que a primeira-dama publicou um comunicado pedindo a demiss\u00e3o do apresentador. ABC e Disney, que passa por mudan\u00e7a de administra\u00e7\u00e3o, mant\u00eam sil\u00eancio sobre o caso.","og_url":"https:\/\/portaltela.pt\/noticias\/2026\/04\/28\/jimmy-kimmel-reage-a-controversia-com-trump-piada-pre-tiroteio-nao-pediu-assassinato\/","og_site_name":"Portal Tela Portugal","article_published_time":"2026-04-28T10:47:49+00:00","author":"Telinha","twitter_card":"summary_large_image","twitter_misc":{"Escrito por":"Telinha","Tempo estimado de leitura":"1 minuto"},"schema":{"@context":"https:\/\/schema.org","@graph":[{"@type":"Article","@id":"https:\/\/portaltela.pt\/noticias\/2026\/04\/28\/jimmy-kimmel-reage-a-controversia-com-trump-piada-pre-tiroteio-nao-pediu-assassinato\/#article","isPartOf":{"@id":"https:\/\/portaltela.pt\/noticias\/2026\/04\/28\/jimmy-kimmel-reage-a-controversia-com-trump-piada-pre-tiroteio-nao-pediu-assassinato\/"},"author":{"name":"Telinha","@id":"https:\/\/portaltela.pt\/#\/schema\/person\/c4278d4a6028830caff9ee44b42d32ed"},"headline":"Jimmy Kimmel reage \u00e0 controv\u00e9rsia com Trump: piada pr\u00e9-tiroteio n\u00e3o pediu assassinato","datePublished":"2026-04-28T10:47:49+00:00","mainEntityOfPage":{"@id":"https:\/\/portaltela.pt\/noticias\/2026\/04\/28\/jimmy-kimmel-reage-a-controversia-com-trump-piada-pre-tiroteio-nao-pediu-assassinato\/"},"wordCount":313,"image":{"@id":"https:\/\/portaltela.pt\/noticias\/2026\/04\/28\/jimmy-kimmel-reage-a-controversia-com-trump-piada-pre-tiroteio-nao-pediu-assassinato\/#primaryimage"},"thumbnailUrl":"https:\/\/portaltela.pt\/s.01k8rhncp4jt1\/2026\/04\/2084508.jpg","keywords":["_comunica\u00e7\u00e3o social","_Donald Trump","_imprensa","_jornalistas","_pol\u00edtica","AP"],"articleSection":["Celebridades","Entretenimento"],"inLanguage":"pt-PT"},{"@type":"WebPage","@id":"https:\/\/portaltela.pt\/noticias\/2026\/04\/28\/jimmy-kimmel-reage-a-controversia-com-trump-piada-pre-tiroteio-nao-pediu-assassinato\/","url":"https:\/\/portaltela.pt\/noticias\/2026\/04\/28\/jimmy-kimmel-reage-a-controversia-com-trump-piada-pre-tiroteio-nao-pediu-assassinato\/","name":"Jimmy Kimmel reage \u00e0 controv\u00e9rsia com Trump: piada pr\u00e9-tiroteio n\u00e3o pediu assassinato - Portal Tela Portugal","isPartOf":{"@id":"https:\/\/portaltela.pt\/#website"},"primaryImageOfPage":{"@id":"https:\/\/portaltela.pt\/noticias\/2026\/04\/28\/jimmy-kimmel-reage-a-controversia-com-trump-piada-pre-tiroteio-nao-pediu-assassinato\/#primaryimage"},"image":{"@id":"https:\/\/portaltela.pt\/noticias\/2026\/04\/28\/jimmy-kimmel-reage-a-controversia-com-trump-piada-pre-tiroteio-nao-pediu-assassinato\/#primaryimage"},"thumbnailUrl":"https:\/\/portaltela.pt\/s.01k8rhncp4jt1\/2026\/04\/2084508.jpg","datePublished":"2026-04-28T10:47:49+00:00","author":{"@id":"https:\/\/portaltela.pt\/#\/schema\/person\/c4278d4a6028830caff9ee44b42d32ed"},"breadcrumb":{"@id":"https:\/\/portaltela.pt\/noticias\/2026\/04\/28\/jimmy-kimmel-reage-a-controversia-com-trump-piada-pre-tiroteio-nao-pediu-assassinato\/#breadcrumb"},"inLanguage":"pt-PT","potentialAction":[{"@type":"ReadAction","target":["https:\/\/portaltela.pt\/noticias\/2026\/04\/28\/jimmy-kimmel-reage-a-controversia-com-trump-piada-pre-tiroteio-nao-pediu-assassinato\/"]}]},{"@type":"ImageObject","inLanguage":"pt-PT","@id":"https:\/\/portaltela.pt\/noticias\/2026\/04\/28\/jimmy-kimmel-reage-a-controversia-com-trump-piada-pre-tiroteio-nao-pediu-assassinato\/#primaryimage","url":"https:\/\/portaltela.pt\/s.01k8rhncp4jt1\/2026\/04\/2084508.jpg","contentUrl":"https:\/\/portaltela.pt\/s.01k8rhncp4jt1\/2026\/04\/2084508.jpg","width":796,"height":448,"caption":"Jimmy Kimmel no mon\u00f3logo ficcional de quinta-feira"},{"@type":"BreadcrumbList","@id":"https:\/\/portaltela.pt\/noticias\/2026\/04\/28\/jimmy-kimmel-reage-a-controversia-com-trump-piada-pre-tiroteio-nao-pediu-assassinato\/#breadcrumb","itemListElement":[{"@type":"ListItem","position":1,"name":"In\u00edcio","item":"https:\/\/portaltela.pt\/"},{"@type":"ListItem","position":2,"name":"Jimmy Kimmel reage \u00e0 controv\u00e9rsia com Trump: piada pr\u00e9-tiroteio n\u00e3o pediu assassinato"}]},{"@type":"WebSite","@id":"https:\/\/portaltela.pt\/#website","url":"https:\/\/portaltela.pt\/","name":"Portal Tela Portugal","description":"","potentialAction":[{"@type":"SearchAction","target":{"@type":"EntryPoint","urlTemplate":"https:\/\/portaltela.pt\/?s={search_term_string}"},"query-input":{"@type":"PropertyValueSpecification","valueRequired":true,"valueName":"search_term_string"}}],"inLanguage":"pt-PT"},{"@type":"Person","@id":"https:\/\/portaltela.pt\/#\/schema\/person\/c4278d4a6028830caff9ee44b42d32ed","name":"Telinha","image":{"@type":"ImageObject","inLanguage":"pt-PT","@id":"https:\/\/portaltela.pt\/s.01k8rhncp4jt1\/2025\/11\/talking-bot-125x125.png","url":"https:\/\/portaltela.pt\/s.01k8rhncp4jt1\/2025\/11\/talking-bot-125x125.png","contentUrl":"https:\/\/portaltela.pt\/s.01k8rhncp4jt1\/2025\/11\/talking-bot-125x125.png","caption":"Telinha"},"sameAs":["https:\/\/portaltela.pt\/"],"url":"https:\/\/portaltela.pt\/por\/367410592786\/"}]}},"_links":{"self":[{"href":"https:\/\/portaltela.pt\/api\/wp\/v2\/posts\/459490","targetHints":{"allow":["GET"]}}],"collection":[{"href":"https:\/\/portaltela.pt\/api\/wp\/v2\/posts"}],"about":[{"href":"https:\/\/portaltela.pt\/api\/wp\/v2\/types\/post"}],"author":[{"embeddable":true,"href":"https:\/\/portaltela.pt\/api\/wp\/v2\/users\/2"}],"replies":[{"embeddable":true,"href":"https:\/\/portaltela.pt\/api\/wp\/v2\/comments?post=459490"}],"version-history":[{"count":0,"href":"https:\/\/portaltela.pt\/api\/wp\/v2\/posts\/459490\/revisions"}],"wp:featuredmedia":[{"embeddable":true,"href":"https:\/\/portaltela.pt\/api\/wp\/v2\/media\/459494"}],"wp:attachment":[{"href":"https:\/\/portaltela.pt\/api\/wp\/v2\/media?parent=459490"}],"wp:term":[{"taxonomy":"category","embeddable":true,"href":"https:\/\/portaltela.pt\/api\/wp\/v2\/categories?post=459490"},{"taxonomy":"post_tag","embeddable":true,"href":"https:\/\/portaltela.pt\/api\/wp\/v2\/tags?post=459490"}],"curies":[{"name":"wp","href":"https:\/\/api.w.org\/{rel}","templated":true}]}}