{"id":459487,"date":"2026-04-28T07:33:27","date_gmt":"2026-04-28T10:33:27","guid":{"rendered":"https:\/\/portaltela.pt\/noticias\/2026\/04\/28\/crise-energetica-na-ue-aumenta-o-equilibrio-entre-nuclear-renovaveis-e-seguranca\/"},"modified":"2026-04-28T07:33:27","modified_gmt":"2026-04-28T10:33:27","slug":"crise-energetica-na-ue-aumenta-o-equilibrio-entre-nuclear-renovaveis-e-seguranca","status":"publish","type":"post","link":"https:\/\/portaltela.pt\/noticias\/2026\/04\/28\/crise-energetica-na-ue-aumenta-o-equilibrio-entre-nuclear-renovaveis-e-seguranca\/","title":{"rendered":"Crise energ\u00e9tica na UE aumenta o equil\u00edbrio entre nuclear, renov\u00e1veis e seguran\u00e7a"},"content":{"rendered":"<p>A Uni\u00e3o Europeia est\u00e1 a refor\u00e7ar o papel da energia nuclear, em resposta \u00e0 crise energ\u00e9tica e \u00e0 limita\u00e7\u00e3o das renov\u00e1veis para suportar uma economia industrial pesada. A mudan\u00e7a surge num contexto de perturba\u00e7\u00e3o do aprovisionamento global e de subidas de pre\u00e7os dos combust\u00edveis f\u00f3sseis.<\/p>\n<p>A AIE estimou uma perda di\u00e1ria de cerca de 13 milh\u00f5es de barris devido aos eventos geopol\u00edticos, com a UE a gastar mais 6 mil milh\u00f5es de euros nos primeiros 17 dias de conflito no Ir\u00e3o. Bruxelas procura independ\u00eancia energ\u00e9tica e maior previsibilidade de custos.<\/p>\n<p>A presidente da Comiss\u00e3o Europeia, Ursula von der Leyen, disse que foi um erro estrat\u00e9gico abandonar uma fonte de energia fi\u00e1vel com baixas emiss\u00f5es. A agenda atual v\u00ea o nuclear como parceiro da volatilidade das renov\u00e1veis para manter a estabilidade da rede.<\/p>\n<h3>AccelerateEU como resposta da Europa \u00e0 crise energ\u00e9tica<\/h3>\n<p>A Comiss\u00e3o lan\u00e7ou o AccelerateEU para aumentar a seguran\u00e7a energ\u00e9tica e reduzir a depend\u00eancia externa. O pacote tem cinco pilares, entre eles o armazenamento de g\u00e1s comum e a supervis\u00e3o de aux\u00edlios estatais.<\/p>\n<p>A iniciativa inclui uma observa\u00e7\u00e3o de combust\u00edveis para acompanhar produ\u00e7\u00e3o, importa\u00e7\u00e3o e exporta\u00e7\u00e3o, bem como alertas de escassez. Regimes de rendimento e vales de energia visam proteger fam\u00edlias vulner\u00e1veis e empresas.<\/p>\n<p>Para incentivar a produ\u00e7\u00e3o interna, o Plano de A\u00e7\u00e3o para a Eletrifica\u00e7\u00e3o visa facilitar a eletrifica\u00e7\u00e3o de ind\u00fastria, transportes e constru\u00e7\u00e3o, tornando a eletricidade a principal fonte. O redescope pretende modernizar infraestruturas do bloco.<\/p>\n<h3>O nuclear na log\u0301istica europeia<\/h3>\n<p>A energia nuclear surge como op\u00e7\u00e3o est\u00e1vel, com Fran\u00e7a a responder por 58% da eletricidade nuclear na UE. Pa\u00edses como Espanha, Su\u00e9cia, Finl\u00e2ndia e B\u00e9lgica juntos geram cerca de 26%. A UE conta com 98 reatores em 12 Estados e 96,2 GW de pot\u00eancia.<\/p>\n<p>A expedite necess\u00e1ria envolve extens\u00e3o de vida \u00fatil, novos investimentos e melhoria de cadeias de abastecimento. O objetivo \u00e9 manter a confiabilidade da gera\u00e7\u00e3o com custos previs\u00edveis a longo prazo.<\/p>\n<h3>O papel hist\u00f3rico do nuclear na UE<\/h3>\n<p>A aposta nuclear acompanha a trajet\u00f3ria desde a Euratom de 1957. A UE integrou a energia nuclear na taxonomia verde em 2023 e lan\u00e7ou a Lei da Ind\u00fastria Net-Zero em 2024, com licenciamento de 18 meses para projetos nucleares.<\/p>\n<p>Em 2026, a Estrat\u00e9gia SMR prev\u00ea 200 milh\u00f5es de euros para acelerar pequenos reatores modulares. O Programa Indicativo Nuclear estima um investimento de 241 mil milh\u00f5es de euros at\u00e9 manter e ampliar a frota.<\/p>\n<h3>A descarboniza\u00e7\u00e3o e as renov\u00e1veis<\/h3>\n<p>As renov\u00e1veis mant\u00eam o impulso, com participa\u00e7\u00e3o prevista de 42,5% a 45% da eletricidade at\u00e9 2030. Em 2024, a energia verde representou 25,2% do cabaz da UE, com a Su\u00e9cia na lideran\u00e7a. A UE visa reduzir emiss\u00f5es em 90% at\u00e9 2040.<\/p>\n<p>O aumento da eletrifica\u00e7\u00e3o \u00e9 visto como parte central, com metas de eletrifica\u00e7\u00e3o para ind\u00fastria, transportes e constru\u00e7\u00e3o. O plano tamb\u00e9m aponta a necessidade de redes mais fortes para suportar a expans\u00e3o.<\/p>\n<h3>GNL, hidrog\u00e9nio verde e financiamento<\/h3>\n<p>Al\u00e9m do nuclear e das renov\u00e1veis, o GNL e o hidrog\u00e9nio verde aparecem como alternativas. O GNL ajuda a substituir g\u00e1s russo, apoiado pelo REPowerEU, que financia terminais de regaseifica\u00e7\u00e3o e interconectores.<\/p>\n<p>O hidrog\u00e9nio verde, produzido por eletr\u00f3lise de \u00e1gua com renov\u00e1veis, \u00e9 promovido para setores industriais pesados. O Banco Europeu de Hidrog\u00e9nio subsidia o pre\u00e7o verde para atrair investimento privado.<\/p>\n<h3>Perspetivas e desafios<\/h3>\n<p>Especialistas destacam que, sem uma rede moderna, a expans\u00e3o das energias limpas fica restrita. A Comiss\u00e3o espera aprovar o pacote de redes at\u00e9 ao ver\u00e3o de 2026 para ultrapassar licenciamento e conectividade.<\/p>\n<p>Rosita Zilli, diretora de Pol\u00edticas da Alian\u00e7a Europeia de Investiga\u00e7\u00e3o Energ\u00e9tica, afirma que h\u00e1 uma fase inicial de efeitos em cascata face a choques de aprovisionamento. A UE precisa de estrat\u00e9gia est\u00e1vel al\u00e9m da resposta imediata.<\/p>\n","protected":false},"excerpt":{"rendered":"<ul>\n<li>A Uni\u00e3o Europeia est\u00e1 a refor\u00e7ar o papel da energia nuclear, em resposta \u00e0 crise energ\u00e9tica e \u00e0 limitabilidade das renov\u00e1veis em sustentar uma ind\u00fastria pesada.<\/li>\n<li>A Comiss\u00e3o lan\u00e7ou o AccelerateEU, com cinco pilares para aumentar a seguran\u00e7a energ\u00e9tica, incluindo armazenamento de g\u00e1s, observat\u00f3rio de combust\u00edveis, apoio aos governos e um Plano de Eletrifica\u00e7\u00e3o at\u00e9 2026.<\/li>\n<li>A energia nuclear dever\u00e1 representar 24% da eletricidade em 2026, com 98 reatores em 12 Estados-Membro; existe uma Alian\u00e7a Nuclear de 12 pa\u00edses que mira 150 gigawatts at\u00e9 2050 e apoio a pequenos reatores modulares (SMR) com investimento de 200 milh\u00f5es de euros.<\/li>\n<li>As energias renov\u00e1veis continuam a ganhar peso: objetivo de pelo menos 42,5% da energia verde at\u00e9 2030 (45% em 2030 no \u00e2mbito daREPowerEU) e aumento de cerca de 333,4 mil milh\u00f5es de euros em 2025 para a energia limpa. A rede el\u00e9trica europeia precisa de moderniza\u00e7\u00e3o para suportar a transi\u00e7\u00e3o.<\/li>\n<li>Al\u00e9m do nuclear e das renov\u00e1veis, a UE aposta no g\u00e1s natural liquefeito (GNL) e no hidrog\u00e9nio verde como op\u00e7\u00f5es complementares, com foco na redu\u00e7\u00e3o da depend\u00eancia de g\u00e1s russo e no apoio ao uso industrial do hidrog\u00e9nio.<\/li>\n<\/ul>\n","protected":false},"author":2,"featured_media":459488,"comment_status":"closed","ping_status":"closed","sticky":false,"template":"","format":"standard","meta":{"footnotes":""},"categories":[6806,1],"tags":[5072,174,3603,1014,5156,2055],"class_list":["post-459487","post","type-post","status-publish","format-standard","has-post-thumbnail","hentry","category-energia","category-noticias","tag-descarbonizacao","tag-energia","tag-energias-renovaveis","tag-portugal","tag-transicao-climatica","tag-uniao-europeia"],"yoast_head":"<!-- This site is optimized with the Yoast SEO plugin v27.2 - https:\/\/yoast.com\/product\/yoast-seo-wordpress\/ -->\n<title>Crise energ\u00e9tica na UE aumenta o equil\u00edbrio entre nuclear, renov\u00e1veis e seguran\u00e7a - Portal Tela Portugal<\/title>\n<meta name=\"robots\" content=\"index, follow, max-snippet:-1, max-image-preview:large, max-video-preview:-1\" \/>\n<meta property=\"og:locale\" content=\"pt_PT\" \/>\n<meta property=\"og:type\" content=\"article\" \/>\n<meta property=\"og:title\" content=\"Crise energ\u00e9tica na UE aumenta o equil\u00edbrio entre nuclear, renov\u00e1veis e seguran\u00e7a - Portal Tela Portugal\" \/>\n<meta property=\"og:description\" content=\"A Uni\u00e3o Europeia est\u00e1 a refor\u00e7ar o papel da energia nuclear, em resposta \u00e0 crise energ\u00e9tica e \u00e0 limitabilidade das renov\u00e1veis em sustentar uma ind\u00fastria pesada. A Comiss\u00e3o lan\u00e7ou o AccelerateEU, com cinco pilares para aumentar a seguran\u00e7a energ\u00e9tica, incluindo armazenamento de g\u00e1s, observat\u00f3rio de combust\u00edveis, apoio aos governos e um Plano de Eletrifica\u00e7\u00e3o at\u00e9 2026. A energia nuclear dever\u00e1 representar 24% da eletricidade em 2026, com 98 reatores em 12 Estados-Membro; existe uma Alian\u00e7a Nuclear de 12 pa\u00edses que mira 150 gigawatts at\u00e9 2050 e apoio a pequenos reatores modulares (SMR) com investimento de 200 milh\u00f5es de euros. As energias renov\u00e1veis continuam a ganhar peso: objetivo de pelo menos 42,5% da energia verde at\u00e9 2030 (45% em 2030 no \u00e2mbito daREPowerEU) e aumento de cerca de 333,4 mil milh\u00f5es de euros em 2025 para a energia limpa. A rede el\u00e9trica europeia precisa de moderniza\u00e7\u00e3o para suportar a transi\u00e7\u00e3o. Al\u00e9m do nuclear e das renov\u00e1veis, a UE aposta no g\u00e1s natural liquefeito (GNL) e no hidrog\u00e9nio verde como op\u00e7\u00f5es complementares, com foco na redu\u00e7\u00e3o da depend\u00eancia de g\u00e1s russo e no apoio ao uso industrial do hidrog\u00e9nio.\" \/>\n<meta property=\"og:url\" content=\"https:\/\/portaltela.pt\/noticias\/2026\/04\/28\/crise-energetica-na-ue-aumenta-o-equilibrio-entre-nuclear-renovaveis-e-seguranca\/\" \/>\n<meta property=\"og:site_name\" content=\"Portal Tela Portugal\" \/>\n<meta property=\"article:published_time\" content=\"2026-04-28T10:33:27+00:00\" \/>\n<meta name=\"author\" content=\"Telinha\" \/>\n<meta name=\"twitter:card\" content=\"summary_large_image\" \/>\n<meta name=\"twitter:label1\" content=\"Escrito por\" \/>\n\t<meta name=\"twitter:data1\" content=\"Telinha\" \/>\n\t<meta name=\"twitter:label2\" content=\"Tempo estimado de leitura\" \/>\n\t<meta name=\"twitter:data2\" content=\"3 minutos\" \/>\n<script type=\"application\/ld+json\" class=\"yoast-schema-graph\">{\"@context\":\"https:\/\/schema.org\",\"@graph\":[{\"@type\":\"Article\",\"@id\":\"https:\/\/portaltela.pt\/noticias\/2026\/04\/28\/crise-energetica-na-ue-aumenta-o-equilibrio-entre-nuclear-renovaveis-e-seguranca\/#article\",\"isPartOf\":{\"@id\":\"https:\/\/portaltela.pt\/noticias\/2026\/04\/28\/crise-energetica-na-ue-aumenta-o-equilibrio-entre-nuclear-renovaveis-e-seguranca\/\"},\"author\":{\"name\":\"Telinha\",\"@id\":\"https:\/\/portaltela.pt\/#\/schema\/person\/c4278d4a6028830caff9ee44b42d32ed\"},\"headline\":\"Crise energ\u00e9tica na UE aumenta o equil\u00edbrio entre nuclear, renov\u00e1veis e seguran\u00e7a\",\"datePublished\":\"2026-04-28T10:33:27+00:00\",\"mainEntityOfPage\":{\"@id\":\"https:\/\/portaltela.pt\/noticias\/2026\/04\/28\/crise-energetica-na-ue-aumenta-o-equilibrio-entre-nuclear-renovaveis-e-seguranca\/\"},\"wordCount\":698,\"image\":{\"@id\":\"https:\/\/portaltela.pt\/noticias\/2026\/04\/28\/crise-energetica-na-ue-aumenta-o-equilibrio-entre-nuclear-renovaveis-e-seguranca\/#primaryimage\"},\"thumbnailUrl\":\"https:\/\/portaltela.pt\/s.01k8rhncp4jt1\/2026\/04\/1536x864_cmsv2_cd9721c7-e500-5fd9-ac47-a56375c2be29-9731790.jpg\",\"keywords\":[\"descarboniza\u00e7\u00e3o\",\"energia\",\"energias renov\u00e1veis\",\"Portugal\",\"Transi\u00e7\u00e3o Clim\u00e1tica\",\"Uni\u00e3o Europeia\"],\"articleSection\":[\"Energia\",\"Not\u00edcias\"],\"inLanguage\":\"pt-PT\"},{\"@type\":\"WebPage\",\"@id\":\"https:\/\/portaltela.pt\/noticias\/2026\/04\/28\/crise-energetica-na-ue-aumenta-o-equilibrio-entre-nuclear-renovaveis-e-seguranca\/\",\"url\":\"https:\/\/portaltela.pt\/noticias\/2026\/04\/28\/crise-energetica-na-ue-aumenta-o-equilibrio-entre-nuclear-renovaveis-e-seguranca\/\",\"name\":\"Crise energ\u00e9tica na UE aumenta o equil\u00edbrio entre nuclear, renov\u00e1veis e seguran\u00e7a - Portal Tela Portugal\",\"isPartOf\":{\"@id\":\"https:\/\/portaltela.pt\/#website\"},\"primaryImageOfPage\":{\"@id\":\"https:\/\/portaltela.pt\/noticias\/2026\/04\/28\/crise-energetica-na-ue-aumenta-o-equilibrio-entre-nuclear-renovaveis-e-seguranca\/#primaryimage\"},\"image\":{\"@id\":\"https:\/\/portaltela.pt\/noticias\/2026\/04\/28\/crise-energetica-na-ue-aumenta-o-equilibrio-entre-nuclear-renovaveis-e-seguranca\/#primaryimage\"},\"thumbnailUrl\":\"https:\/\/portaltela.pt\/s.01k8rhncp4jt1\/2026\/04\/1536x864_cmsv2_cd9721c7-e500-5fd9-ac47-a56375c2be29-9731790.jpg\",\"datePublished\":\"2026-04-28T10:33:27+00:00\",\"author\":{\"@id\":\"https:\/\/portaltela.pt\/#\/schema\/person\/c4278d4a6028830caff9ee44b42d32ed\"},\"breadcrumb\":{\"@id\":\"https:\/\/portaltela.pt\/noticias\/2026\/04\/28\/crise-energetica-na-ue-aumenta-o-equilibrio-entre-nuclear-renovaveis-e-seguranca\/#breadcrumb\"},\"inLanguage\":\"pt-PT\",\"potentialAction\":[{\"@type\":\"ReadAction\",\"target\":[\"https:\/\/portaltela.pt\/noticias\/2026\/04\/28\/crise-energetica-na-ue-aumenta-o-equilibrio-entre-nuclear-renovaveis-e-seguranca\/\"]}]},{\"@type\":\"ImageObject\",\"inLanguage\":\"pt-PT\",\"@id\":\"https:\/\/portaltela.pt\/noticias\/2026\/04\/28\/crise-energetica-na-ue-aumenta-o-equilibrio-entre-nuclear-renovaveis-e-seguranca\/#primaryimage\",\"url\":\"https:\/\/portaltela.pt\/s.01k8rhncp4jt1\/2026\/04\/1536x864_cmsv2_cd9721c7-e500-5fd9-ac47-a56375c2be29-9731790.jpg\",\"contentUrl\":\"https:\/\/portaltela.pt\/s.01k8rhncp4jt1\/2026\/04\/1536x864_cmsv2_cd9721c7-e500-5fd9-ac47-a56375c2be29-9731790.jpg\",\"width\":796,\"height\":448,\"caption\":\"Um lado de aviso no exterior de uma central nuclear\"},{\"@type\":\"BreadcrumbList\",\"@id\":\"https:\/\/portaltela.pt\/noticias\/2026\/04\/28\/crise-energetica-na-ue-aumenta-o-equilibrio-entre-nuclear-renovaveis-e-seguranca\/#breadcrumb\",\"itemListElement\":[{\"@type\":\"ListItem\",\"position\":1,\"name\":\"In\u00edcio\",\"item\":\"https:\/\/portaltela.pt\/\"},{\"@type\":\"ListItem\",\"position\":2,\"name\":\"Crise energ\u00e9tica na UE aumenta o equil\u00edbrio entre nuclear, renov\u00e1veis e seguran\u00e7a\"}]},{\"@type\":\"WebSite\",\"@id\":\"https:\/\/portaltela.pt\/#website\",\"url\":\"https:\/\/portaltela.pt\/\",\"name\":\"Portal Tela Portugal\",\"description\":\"\",\"potentialAction\":[{\"@type\":\"SearchAction\",\"target\":{\"@type\":\"EntryPoint\",\"urlTemplate\":\"https:\/\/portaltela.pt\/?s={search_term_string}\"},\"query-input\":{\"@type\":\"PropertyValueSpecification\",\"valueRequired\":true,\"valueName\":\"search_term_string\"}}],\"inLanguage\":\"pt-PT\"},{\"@type\":\"Person\",\"@id\":\"https:\/\/portaltela.pt\/#\/schema\/person\/c4278d4a6028830caff9ee44b42d32ed\",\"name\":\"Telinha\",\"image\":{\"@type\":\"ImageObject\",\"inLanguage\":\"pt-PT\",\"@id\":\"https:\/\/portaltela.pt\/s.01k8rhncp4jt1\/2025\/11\/talking-bot-125x125.png\",\"url\":\"https:\/\/portaltela.pt\/s.01k8rhncp4jt1\/2025\/11\/talking-bot-125x125.png\",\"contentUrl\":\"https:\/\/portaltela.pt\/s.01k8rhncp4jt1\/2025\/11\/talking-bot-125x125.png\",\"caption\":\"Telinha\"},\"sameAs\":[\"https:\/\/portaltela.pt\/\"],\"url\":\"https:\/\/portaltela.pt\/por\/367410592786\/\"}]}<\/script>\n<!-- \/ Yoast SEO plugin. -->","yoast_head_json":{"title":"Crise energ\u00e9tica na UE aumenta o equil\u00edbrio entre nuclear, renov\u00e1veis e seguran\u00e7a - Portal Tela Portugal","robots":{"index":"index","follow":"follow","max-snippet":"max-snippet:-1","max-image-preview":"max-image-preview:large","max-video-preview":"max-video-preview:-1"},"og_locale":"pt_PT","og_type":"article","og_title":"Crise energ\u00e9tica na UE aumenta o equil\u00edbrio entre nuclear, renov\u00e1veis e seguran\u00e7a - Portal Tela Portugal","og_description":"A Uni\u00e3o Europeia est\u00e1 a refor\u00e7ar o papel da energia nuclear, em resposta \u00e0 crise energ\u00e9tica e \u00e0 limitabilidade das renov\u00e1veis em sustentar uma ind\u00fastria pesada. A Comiss\u00e3o lan\u00e7ou o AccelerateEU, com cinco pilares para aumentar a seguran\u00e7a energ\u00e9tica, incluindo armazenamento de g\u00e1s, observat\u00f3rio de combust\u00edveis, apoio aos governos e um Plano de Eletrifica\u00e7\u00e3o at\u00e9 2026. A energia nuclear dever\u00e1 representar 24% da eletricidade em 2026, com 98 reatores em 12 Estados-Membro; existe uma Alian\u00e7a Nuclear de 12 pa\u00edses que mira 150 gigawatts at\u00e9 2050 e apoio a pequenos reatores modulares (SMR) com investimento de 200 milh\u00f5es de euros. As energias renov\u00e1veis continuam a ganhar peso: objetivo de pelo menos 42,5% da energia verde at\u00e9 2030 (45% em 2030 no \u00e2mbito daREPowerEU) e aumento de cerca de 333,4 mil milh\u00f5es de euros em 2025 para a energia limpa. A rede el\u00e9trica europeia precisa de moderniza\u00e7\u00e3o para suportar a transi\u00e7\u00e3o. Al\u00e9m do nuclear e das renov\u00e1veis, a UE aposta no g\u00e1s natural liquefeito (GNL) e no hidrog\u00e9nio verde como op\u00e7\u00f5es complementares, com foco na redu\u00e7\u00e3o da depend\u00eancia de g\u00e1s russo e no apoio ao uso industrial do hidrog\u00e9nio.","og_url":"https:\/\/portaltela.pt\/noticias\/2026\/04\/28\/crise-energetica-na-ue-aumenta-o-equilibrio-entre-nuclear-renovaveis-e-seguranca\/","og_site_name":"Portal Tela Portugal","article_published_time":"2026-04-28T10:33:27+00:00","author":"Telinha","twitter_card":"summary_large_image","twitter_misc":{"Escrito por":"Telinha","Tempo estimado de leitura":"3 minutos"},"schema":{"@context":"https:\/\/schema.org","@graph":[{"@type":"Article","@id":"https:\/\/portaltela.pt\/noticias\/2026\/04\/28\/crise-energetica-na-ue-aumenta-o-equilibrio-entre-nuclear-renovaveis-e-seguranca\/#article","isPartOf":{"@id":"https:\/\/portaltela.pt\/noticias\/2026\/04\/28\/crise-energetica-na-ue-aumenta-o-equilibrio-entre-nuclear-renovaveis-e-seguranca\/"},"author":{"name":"Telinha","@id":"https:\/\/portaltela.pt\/#\/schema\/person\/c4278d4a6028830caff9ee44b42d32ed"},"headline":"Crise energ\u00e9tica na UE aumenta o equil\u00edbrio entre nuclear, renov\u00e1veis e seguran\u00e7a","datePublished":"2026-04-28T10:33:27+00:00","mainEntityOfPage":{"@id":"https:\/\/portaltela.pt\/noticias\/2026\/04\/28\/crise-energetica-na-ue-aumenta-o-equilibrio-entre-nuclear-renovaveis-e-seguranca\/"},"wordCount":698,"image":{"@id":"https:\/\/portaltela.pt\/noticias\/2026\/04\/28\/crise-energetica-na-ue-aumenta-o-equilibrio-entre-nuclear-renovaveis-e-seguranca\/#primaryimage"},"thumbnailUrl":"https:\/\/portaltela.pt\/s.01k8rhncp4jt1\/2026\/04\/1536x864_cmsv2_cd9721c7-e500-5fd9-ac47-a56375c2be29-9731790.jpg","keywords":["descarboniza\u00e7\u00e3o","energia","energias renov\u00e1veis","Portugal","Transi\u00e7\u00e3o Clim\u00e1tica","Uni\u00e3o Europeia"],"articleSection":["Energia","Not\u00edcias"],"inLanguage":"pt-PT"},{"@type":"WebPage","@id":"https:\/\/portaltela.pt\/noticias\/2026\/04\/28\/crise-energetica-na-ue-aumenta-o-equilibrio-entre-nuclear-renovaveis-e-seguranca\/","url":"https:\/\/portaltela.pt\/noticias\/2026\/04\/28\/crise-energetica-na-ue-aumenta-o-equilibrio-entre-nuclear-renovaveis-e-seguranca\/","name":"Crise energ\u00e9tica na UE aumenta o equil\u00edbrio entre nuclear, renov\u00e1veis e seguran\u00e7a - Portal Tela Portugal","isPartOf":{"@id":"https:\/\/portaltela.pt\/#website"},"primaryImageOfPage":{"@id":"https:\/\/portaltela.pt\/noticias\/2026\/04\/28\/crise-energetica-na-ue-aumenta-o-equilibrio-entre-nuclear-renovaveis-e-seguranca\/#primaryimage"},"image":{"@id":"https:\/\/portaltela.pt\/noticias\/2026\/04\/28\/crise-energetica-na-ue-aumenta-o-equilibrio-entre-nuclear-renovaveis-e-seguranca\/#primaryimage"},"thumbnailUrl":"https:\/\/portaltela.pt\/s.01k8rhncp4jt1\/2026\/04\/1536x864_cmsv2_cd9721c7-e500-5fd9-ac47-a56375c2be29-9731790.jpg","datePublished":"2026-04-28T10:33:27+00:00","author":{"@id":"https:\/\/portaltela.pt\/#\/schema\/person\/c4278d4a6028830caff9ee44b42d32ed"},"breadcrumb":{"@id":"https:\/\/portaltela.pt\/noticias\/2026\/04\/28\/crise-energetica-na-ue-aumenta-o-equilibrio-entre-nuclear-renovaveis-e-seguranca\/#breadcrumb"},"inLanguage":"pt-PT","potentialAction":[{"@type":"ReadAction","target":["https:\/\/portaltela.pt\/noticias\/2026\/04\/28\/crise-energetica-na-ue-aumenta-o-equilibrio-entre-nuclear-renovaveis-e-seguranca\/"]}]},{"@type":"ImageObject","inLanguage":"pt-PT","@id":"https:\/\/portaltela.pt\/noticias\/2026\/04\/28\/crise-energetica-na-ue-aumenta-o-equilibrio-entre-nuclear-renovaveis-e-seguranca\/#primaryimage","url":"https:\/\/portaltela.pt\/s.01k8rhncp4jt1\/2026\/04\/1536x864_cmsv2_cd9721c7-e500-5fd9-ac47-a56375c2be29-9731790.jpg","contentUrl":"https:\/\/portaltela.pt\/s.01k8rhncp4jt1\/2026\/04\/1536x864_cmsv2_cd9721c7-e500-5fd9-ac47-a56375c2be29-9731790.jpg","width":796,"height":448,"caption":"Um lado de aviso no exterior de uma central nuclear"},{"@type":"BreadcrumbList","@id":"https:\/\/portaltela.pt\/noticias\/2026\/04\/28\/crise-energetica-na-ue-aumenta-o-equilibrio-entre-nuclear-renovaveis-e-seguranca\/#breadcrumb","itemListElement":[{"@type":"ListItem","position":1,"name":"In\u00edcio","item":"https:\/\/portaltela.pt\/"},{"@type":"ListItem","position":2,"name":"Crise energ\u00e9tica na UE aumenta o equil\u00edbrio entre nuclear, renov\u00e1veis e seguran\u00e7a"}]},{"@type":"WebSite","@id":"https:\/\/portaltela.pt\/#website","url":"https:\/\/portaltela.pt\/","name":"Portal Tela Portugal","description":"","potentialAction":[{"@type":"SearchAction","target":{"@type":"EntryPoint","urlTemplate":"https:\/\/portaltela.pt\/?s={search_term_string}"},"query-input":{"@type":"PropertyValueSpecification","valueRequired":true,"valueName":"search_term_string"}}],"inLanguage":"pt-PT"},{"@type":"Person","@id":"https:\/\/portaltela.pt\/#\/schema\/person\/c4278d4a6028830caff9ee44b42d32ed","name":"Telinha","image":{"@type":"ImageObject","inLanguage":"pt-PT","@id":"https:\/\/portaltela.pt\/s.01k8rhncp4jt1\/2025\/11\/talking-bot-125x125.png","url":"https:\/\/portaltela.pt\/s.01k8rhncp4jt1\/2025\/11\/talking-bot-125x125.png","contentUrl":"https:\/\/portaltela.pt\/s.01k8rhncp4jt1\/2025\/11\/talking-bot-125x125.png","caption":"Telinha"},"sameAs":["https:\/\/portaltela.pt\/"],"url":"https:\/\/portaltela.pt\/por\/367410592786\/"}]}},"_links":{"self":[{"href":"https:\/\/portaltela.pt\/api\/wp\/v2\/posts\/459487","targetHints":{"allow":["GET"]}}],"collection":[{"href":"https:\/\/portaltela.pt\/api\/wp\/v2\/posts"}],"about":[{"href":"https:\/\/portaltela.pt\/api\/wp\/v2\/types\/post"}],"author":[{"embeddable":true,"href":"https:\/\/portaltela.pt\/api\/wp\/v2\/users\/2"}],"replies":[{"embeddable":true,"href":"https:\/\/portaltela.pt\/api\/wp\/v2\/comments?post=459487"}],"version-history":[{"count":0,"href":"https:\/\/portaltela.pt\/api\/wp\/v2\/posts\/459487\/revisions"}],"wp:featuredmedia":[{"embeddable":true,"href":"https:\/\/portaltela.pt\/api\/wp\/v2\/media\/459488"}],"wp:attachment":[{"href":"https:\/\/portaltela.pt\/api\/wp\/v2\/media?parent=459487"}],"wp:term":[{"taxonomy":"category","embeddable":true,"href":"https:\/\/portaltela.pt\/api\/wp\/v2\/categories?post=459487"},{"taxonomy":"post_tag","embeddable":true,"href":"https:\/\/portaltela.pt\/api\/wp\/v2\/tags?post=459487"}],"curies":[{"name":"wp","href":"https:\/\/api.w.org\/{rel}","templated":true}]}}