{"id":459484,"date":"2026-04-28T07:33:15","date_gmt":"2026-04-28T10:33:15","guid":{"rendered":"https:\/\/portaltela.pt\/noticias\/2026\/04\/28\/procuradora-pede-condenacao-de-catao-por-aliciamento-com-ilusao-de-carreira\/"},"modified":"2026-04-28T07:33:15","modified_gmt":"2026-04-28T10:33:15","slug":"procuradora-pede-condenacao-de-catao-por-aliciamento-com-ilusao-de-carreira","status":"publish","type":"post","link":"https:\/\/portaltela.pt\/justica\/2026\/04\/28\/procuradora-pede-condenacao-de-catao-por-aliciamento-com-ilusao-de-carreira\/","title":{"rendered":"Procuradora pede condena\u00e7\u00e3o de Cat\u00e3o por aliciamento com ilus\u00e3o de carreira"},"content":{"rendered":"<p>Minist\u00e9rio P\u00fablico pediu a condena\u00e7\u00e3o do treinador conhecido como Cat\u00e3o, alegando que 11 jogadores considerados ilegais foram encaminhados ao S\u00e3o Pedro da Cova com promessas de carreira profissional. A acusa\u00e7\u00e3o sustenta que houve aliciamento e explora\u00e7\u00e3o de falsas oportunidades.<\/p>\n<p>A Procuradora respons\u00e1vel descreve o caso como uma rede que utilizava a ilus\u00e3o de progresso para atrair jovens atletas. O objetivo, segundo a den\u00fancia, era obter vantagem desportiva por meio de contratos simulados.<\/p>\n<p>Entre as acusa\u00e7\u00f5es, o MP aponta que o treinador Cat\u00e3o ter\u00e1 tido papel ativo na gest\u00e3o de contactos e encaminhamentos. O processo tramita nos tribunais competentes, sem data de julgamento anunciada publicamente.<\/p>\n<h3>Detalhes do caso<\/h3>\n<p>O Minist\u00e9rio P\u00fablico explica que os 11 jogadores entraram no circuito associado ao clube, ap\u00f3s supostos convites que prometiam visibilidade e contratos no estrangeiro. O inqu\u00e9rito investiga a veracidade dessas promessas.<\/p>\n<p>Al\u00e9m da condena\u00e7\u00e3o do treinador, o MP solicita a responsabiliza\u00e7\u00e3o de eventuais intermedi\u00e1rios e entidades envolvidas. As alega\u00e7\u00f5es ainda carecem de confirma\u00e7\u00e3o formal em tribunal, conforme os autos do processo.<\/p>\n","protected":false},"excerpt":{"rendered":"<ul>\n<li>O Minist\u00e9rio P\u00fablico pediu a condena\u00e7\u00e3o de Cat\u00e3o, ap\u00f3s alega\u00e7\u00f5es de aliciamento com ilus\u00e3o de carreira profissional.<\/li>\n<li>Segundo o MP, onze jogadores ilegais chegaram ao S\u00e3o Pedro da Cova para integrarem a equipa.<\/li>\n<li>O procurador respons\u00e1vel requer tamb\u00e9m a puni\u00e7\u00e3o do treinador associado ao caso.<\/li>\n<li>A den\u00fancia aponta que os atletas teriam sido induzidos em erro quanto a oportunidades de carreira no futebol.<\/li>\n<\/ul>\n","protected":false},"author":2,"featured_media":459486,"comment_status":"closed","ping_status":"closed","sticky":false,"template":"","format":"standard","meta":{"footnotes":""},"categories":[6815],"tags":[8789,7902,9005,7755,8120,8080],"class_list":["post-459484","post","type-post","status-publish","format-standard","has-post-thumbnail","hentry","category-justica","tag-_aliciamento-de-menor","tag-_desporto","tag-_exploracao-de-menores","tag-_futebol","tag-_treinadores","tag-_tribunais"],"yoast_head":"<!-- This site is optimized with the Yoast SEO plugin v27.2 - https:\/\/yoast.com\/product\/yoast-seo-wordpress\/ -->\n<title>Procuradora pede condena\u00e7\u00e3o de Cat\u00e3o por aliciamento com ilus\u00e3o de carreira - Portal Tela Portugal<\/title>\n<meta name=\"robots\" content=\"index, follow, max-snippet:-1, max-image-preview:large, max-video-preview:-1\" \/>\n<meta property=\"og:locale\" content=\"pt_PT\" \/>\n<meta property=\"og:type\" content=\"article\" \/>\n<meta property=\"og:title\" content=\"Procuradora pede condena\u00e7\u00e3o de Cat\u00e3o por aliciamento com ilus\u00e3o de carreira - Portal Tela Portugal\" \/>\n<meta property=\"og:description\" content=\"O Minist\u00e9rio P\u00fablico pediu a condena\u00e7\u00e3o de Cat\u00e3o, ap\u00f3s alega\u00e7\u00f5es de aliciamento com ilus\u00e3o de carreira profissional. Segundo o MP, onze jogadores ilegais chegaram ao S\u00e3o Pedro da Cova para integrarem a equipa. O procurador respons\u00e1vel requer tamb\u00e9m a puni\u00e7\u00e3o do treinador associado ao caso. A den\u00fancia aponta que os atletas teriam sido induzidos em erro quanto a oportunidades de carreira no futebol.\" \/>\n<meta property=\"og:url\" content=\"https:\/\/portaltela.pt\/noticias\/2026\/04\/28\/procuradora-pede-condenacao-de-catao-por-aliciamento-com-ilusao-de-carreira\/\" \/>\n<meta property=\"og:site_name\" content=\"Portal Tela Portugal\" \/>\n<meta property=\"article:published_time\" content=\"2026-04-28T10:33:15+00:00\" \/>\n<meta name=\"author\" content=\"Telinha\" \/>\n<meta name=\"twitter:card\" content=\"summary_large_image\" \/>\n<meta name=\"twitter:label1\" content=\"Escrito por\" \/>\n\t<meta name=\"twitter:data1\" content=\"Telinha\" \/>\n\t<meta name=\"twitter:label2\" content=\"Tempo estimado de leitura\" \/>\n\t<meta name=\"twitter:data2\" content=\"1 minuto\" \/>\n<script type=\"application\/ld+json\" class=\"yoast-schema-graph\">{\"@context\":\"https:\/\/schema.org\",\"@graph\":[{\"@type\":\"Article\",\"@id\":\"https:\/\/portaltela.pt\/noticias\/2026\/04\/28\/procuradora-pede-condenacao-de-catao-por-aliciamento-com-ilusao-de-carreira\/#article\",\"isPartOf\":{\"@id\":\"https:\/\/portaltela.pt\/noticias\/2026\/04\/28\/procuradora-pede-condenacao-de-catao-por-aliciamento-com-ilusao-de-carreira\/\"},\"author\":{\"name\":\"Telinha\",\"@id\":\"https:\/\/portaltela.pt\/#\/schema\/person\/c4278d4a6028830caff9ee44b42d32ed\"},\"headline\":\"Procuradora pede condena\u00e7\u00e3o de Cat\u00e3o por aliciamento com ilus\u00e3o de carreira\",\"datePublished\":\"2026-04-28T10:33:15+00:00\",\"mainEntityOfPage\":{\"@id\":\"https:\/\/portaltela.pt\/noticias\/2026\/04\/28\/procuradora-pede-condenacao-de-catao-por-aliciamento-com-ilusao-de-carreira\/\"},\"wordCount\":203,\"image\":{\"@id\":\"https:\/\/portaltela.pt\/noticias\/2026\/04\/28\/procuradora-pede-condenacao-de-catao-por-aliciamento-com-ilusao-de-carreira\/#primaryimage\"},\"thumbnailUrl\":\"https:\/\/portaltela.pt\/s.01k8rhncp4jt1\/2026\/04\/img_1280x722uu2025-03-17-11-35-00-2198516.jpg\",\"keywords\":[\"_aliciamento de menor\",\"_desporto\",\"_explora\u00e7\u00e3o de menores\",\"_futebol\",\"_treinadores\",\"_Tribunais\"],\"articleSection\":[\"Justi\u00e7a\"],\"inLanguage\":\"pt-PT\"},{\"@type\":\"WebPage\",\"@id\":\"https:\/\/portaltela.pt\/noticias\/2026\/04\/28\/procuradora-pede-condenacao-de-catao-por-aliciamento-com-ilusao-de-carreira\/\",\"url\":\"https:\/\/portaltela.pt\/noticias\/2026\/04\/28\/procuradora-pede-condenacao-de-catao-por-aliciamento-com-ilusao-de-carreira\/\",\"name\":\"Procuradora pede condena\u00e7\u00e3o de Cat\u00e3o por aliciamento com ilus\u00e3o de carreira - Portal Tela Portugal\",\"isPartOf\":{\"@id\":\"https:\/\/portaltela.pt\/#website\"},\"primaryImageOfPage\":{\"@id\":\"https:\/\/portaltela.pt\/noticias\/2026\/04\/28\/procuradora-pede-condenacao-de-catao-por-aliciamento-com-ilusao-de-carreira\/#primaryimage\"},\"image\":{\"@id\":\"https:\/\/portaltela.pt\/noticias\/2026\/04\/28\/procuradora-pede-condenacao-de-catao-por-aliciamento-com-ilusao-de-carreira\/#primaryimage\"},\"thumbnailUrl\":\"https:\/\/portaltela.pt\/s.01k8rhncp4jt1\/2026\/04\/img_1280x722uu2025-03-17-11-35-00-2198516.jpg\",\"datePublished\":\"2026-04-28T10:33:15+00:00\",\"author\":{\"@id\":\"https:\/\/portaltela.pt\/#\/schema\/person\/c4278d4a6028830caff9ee44b42d32ed\"},\"breadcrumb\":{\"@id\":\"https:\/\/portaltela.pt\/noticias\/2026\/04\/28\/procuradora-pede-condenacao-de-catao-por-aliciamento-com-ilusao-de-carreira\/#breadcrumb\"},\"inLanguage\":\"pt-PT\",\"potentialAction\":[{\"@type\":\"ReadAction\",\"target\":[\"https:\/\/portaltela.pt\/noticias\/2026\/04\/28\/procuradora-pede-condenacao-de-catao-por-aliciamento-com-ilusao-de-carreira\/\"]}]},{\"@type\":\"ImageObject\",\"inLanguage\":\"pt-PT\",\"@id\":\"https:\/\/portaltela.pt\/noticias\/2026\/04\/28\/procuradora-pede-condenacao-de-catao-por-aliciamento-com-ilusao-de-carreira\/#primaryimage\",\"url\":\"https:\/\/portaltela.pt\/s.01k8rhncp4jt1\/2026\/04\/img_1280x722uu2025-03-17-11-35-00-2198516.jpg\",\"contentUrl\":\"https:\/\/portaltela.pt\/s.01k8rhncp4jt1\/2026\/04\/img_1280x722uu2025-03-17-11-35-00-2198516.jpg\",\"width\":796,\"height\":448,\"caption\":\"Photo\"},{\"@type\":\"BreadcrumbList\",\"@id\":\"https:\/\/portaltela.pt\/noticias\/2026\/04\/28\/procuradora-pede-condenacao-de-catao-por-aliciamento-com-ilusao-de-carreira\/#breadcrumb\",\"itemListElement\":[{\"@type\":\"ListItem\",\"position\":1,\"name\":\"In\u00edcio\",\"item\":\"https:\/\/portaltela.pt\/\"},{\"@type\":\"ListItem\",\"position\":2,\"name\":\"Procuradora pede condena\u00e7\u00e3o de Cat\u00e3o por aliciamento com ilus\u00e3o de carreira\"}]},{\"@type\":\"WebSite\",\"@id\":\"https:\/\/portaltela.pt\/#website\",\"url\":\"https:\/\/portaltela.pt\/\",\"name\":\"Portal Tela Portugal\",\"description\":\"\",\"potentialAction\":[{\"@type\":\"SearchAction\",\"target\":{\"@type\":\"EntryPoint\",\"urlTemplate\":\"https:\/\/portaltela.pt\/?s={search_term_string}\"},\"query-input\":{\"@type\":\"PropertyValueSpecification\",\"valueRequired\":true,\"valueName\":\"search_term_string\"}}],\"inLanguage\":\"pt-PT\"},{\"@type\":\"Person\",\"@id\":\"https:\/\/portaltela.pt\/#\/schema\/person\/c4278d4a6028830caff9ee44b42d32ed\",\"name\":\"Telinha\",\"image\":{\"@type\":\"ImageObject\",\"inLanguage\":\"pt-PT\",\"@id\":\"https:\/\/portaltela.pt\/s.01k8rhncp4jt1\/2025\/11\/talking-bot-125x125.png\",\"url\":\"https:\/\/portaltela.pt\/s.01k8rhncp4jt1\/2025\/11\/talking-bot-125x125.png\",\"contentUrl\":\"https:\/\/portaltela.pt\/s.01k8rhncp4jt1\/2025\/11\/talking-bot-125x125.png\",\"caption\":\"Telinha\"},\"sameAs\":[\"https:\/\/portaltela.pt\/\"],\"url\":\"https:\/\/portaltela.pt\/por\/367410592786\/\"}]}<\/script>\n<!-- \/ Yoast SEO plugin. -->","yoast_head_json":{"title":"Procuradora pede condena\u00e7\u00e3o de Cat\u00e3o por aliciamento com ilus\u00e3o de carreira - Portal Tela Portugal","robots":{"index":"index","follow":"follow","max-snippet":"max-snippet:-1","max-image-preview":"max-image-preview:large","max-video-preview":"max-video-preview:-1"},"og_locale":"pt_PT","og_type":"article","og_title":"Procuradora pede condena\u00e7\u00e3o de Cat\u00e3o por aliciamento com ilus\u00e3o de carreira - Portal Tela Portugal","og_description":"O Minist\u00e9rio P\u00fablico pediu a condena\u00e7\u00e3o de Cat\u00e3o, ap\u00f3s alega\u00e7\u00f5es de aliciamento com ilus\u00e3o de carreira profissional. Segundo o MP, onze jogadores ilegais chegaram ao S\u00e3o Pedro da Cova para integrarem a equipa. O procurador respons\u00e1vel requer tamb\u00e9m a puni\u00e7\u00e3o do treinador associado ao caso. A den\u00fancia aponta que os atletas teriam sido induzidos em erro quanto a oportunidades de carreira no futebol.","og_url":"https:\/\/portaltela.pt\/noticias\/2026\/04\/28\/procuradora-pede-condenacao-de-catao-por-aliciamento-com-ilusao-de-carreira\/","og_site_name":"Portal Tela Portugal","article_published_time":"2026-04-28T10:33:15+00:00","author":"Telinha","twitter_card":"summary_large_image","twitter_misc":{"Escrito por":"Telinha","Tempo estimado de leitura":"1 minuto"},"schema":{"@context":"https:\/\/schema.org","@graph":[{"@type":"Article","@id":"https:\/\/portaltela.pt\/noticias\/2026\/04\/28\/procuradora-pede-condenacao-de-catao-por-aliciamento-com-ilusao-de-carreira\/#article","isPartOf":{"@id":"https:\/\/portaltela.pt\/noticias\/2026\/04\/28\/procuradora-pede-condenacao-de-catao-por-aliciamento-com-ilusao-de-carreira\/"},"author":{"name":"Telinha","@id":"https:\/\/portaltela.pt\/#\/schema\/person\/c4278d4a6028830caff9ee44b42d32ed"},"headline":"Procuradora pede condena\u00e7\u00e3o de Cat\u00e3o por aliciamento com ilus\u00e3o de carreira","datePublished":"2026-04-28T10:33:15+00:00","mainEntityOfPage":{"@id":"https:\/\/portaltela.pt\/noticias\/2026\/04\/28\/procuradora-pede-condenacao-de-catao-por-aliciamento-com-ilusao-de-carreira\/"},"wordCount":203,"image":{"@id":"https:\/\/portaltela.pt\/noticias\/2026\/04\/28\/procuradora-pede-condenacao-de-catao-por-aliciamento-com-ilusao-de-carreira\/#primaryimage"},"thumbnailUrl":"https:\/\/portaltela.pt\/s.01k8rhncp4jt1\/2026\/04\/img_1280x722uu2025-03-17-11-35-00-2198516.jpg","keywords":["_aliciamento de menor","_desporto","_explora\u00e7\u00e3o de menores","_futebol","_treinadores","_Tribunais"],"articleSection":["Justi\u00e7a"],"inLanguage":"pt-PT"},{"@type":"WebPage","@id":"https:\/\/portaltela.pt\/noticias\/2026\/04\/28\/procuradora-pede-condenacao-de-catao-por-aliciamento-com-ilusao-de-carreira\/","url":"https:\/\/portaltela.pt\/noticias\/2026\/04\/28\/procuradora-pede-condenacao-de-catao-por-aliciamento-com-ilusao-de-carreira\/","name":"Procuradora pede condena\u00e7\u00e3o de Cat\u00e3o por aliciamento com ilus\u00e3o de carreira - Portal Tela Portugal","isPartOf":{"@id":"https:\/\/portaltela.pt\/#website"},"primaryImageOfPage":{"@id":"https:\/\/portaltela.pt\/noticias\/2026\/04\/28\/procuradora-pede-condenacao-de-catao-por-aliciamento-com-ilusao-de-carreira\/#primaryimage"},"image":{"@id":"https:\/\/portaltela.pt\/noticias\/2026\/04\/28\/procuradora-pede-condenacao-de-catao-por-aliciamento-com-ilusao-de-carreira\/#primaryimage"},"thumbnailUrl":"https:\/\/portaltela.pt\/s.01k8rhncp4jt1\/2026\/04\/img_1280x722uu2025-03-17-11-35-00-2198516.jpg","datePublished":"2026-04-28T10:33:15+00:00","author":{"@id":"https:\/\/portaltela.pt\/#\/schema\/person\/c4278d4a6028830caff9ee44b42d32ed"},"breadcrumb":{"@id":"https:\/\/portaltela.pt\/noticias\/2026\/04\/28\/procuradora-pede-condenacao-de-catao-por-aliciamento-com-ilusao-de-carreira\/#breadcrumb"},"inLanguage":"pt-PT","potentialAction":[{"@type":"ReadAction","target":["https:\/\/portaltela.pt\/noticias\/2026\/04\/28\/procuradora-pede-condenacao-de-catao-por-aliciamento-com-ilusao-de-carreira\/"]}]},{"@type":"ImageObject","inLanguage":"pt-PT","@id":"https:\/\/portaltela.pt\/noticias\/2026\/04\/28\/procuradora-pede-condenacao-de-catao-por-aliciamento-com-ilusao-de-carreira\/#primaryimage","url":"https:\/\/portaltela.pt\/s.01k8rhncp4jt1\/2026\/04\/img_1280x722uu2025-03-17-11-35-00-2198516.jpg","contentUrl":"https:\/\/portaltela.pt\/s.01k8rhncp4jt1\/2026\/04\/img_1280x722uu2025-03-17-11-35-00-2198516.jpg","width":796,"height":448,"caption":"Photo"},{"@type":"BreadcrumbList","@id":"https:\/\/portaltela.pt\/noticias\/2026\/04\/28\/procuradora-pede-condenacao-de-catao-por-aliciamento-com-ilusao-de-carreira\/#breadcrumb","itemListElement":[{"@type":"ListItem","position":1,"name":"In\u00edcio","item":"https:\/\/portaltela.pt\/"},{"@type":"ListItem","position":2,"name":"Procuradora pede condena\u00e7\u00e3o de Cat\u00e3o por aliciamento com ilus\u00e3o de carreira"}]},{"@type":"WebSite","@id":"https:\/\/portaltela.pt\/#website","url":"https:\/\/portaltela.pt\/","name":"Portal Tela Portugal","description":"","potentialAction":[{"@type":"SearchAction","target":{"@type":"EntryPoint","urlTemplate":"https:\/\/portaltela.pt\/?s={search_term_string}"},"query-input":{"@type":"PropertyValueSpecification","valueRequired":true,"valueName":"search_term_string"}}],"inLanguage":"pt-PT"},{"@type":"Person","@id":"https:\/\/portaltela.pt\/#\/schema\/person\/c4278d4a6028830caff9ee44b42d32ed","name":"Telinha","image":{"@type":"ImageObject","inLanguage":"pt-PT","@id":"https:\/\/portaltela.pt\/s.01k8rhncp4jt1\/2025\/11\/talking-bot-125x125.png","url":"https:\/\/portaltela.pt\/s.01k8rhncp4jt1\/2025\/11\/talking-bot-125x125.png","contentUrl":"https:\/\/portaltela.pt\/s.01k8rhncp4jt1\/2025\/11\/talking-bot-125x125.png","caption":"Telinha"},"sameAs":["https:\/\/portaltela.pt\/"],"url":"https:\/\/portaltela.pt\/por\/367410592786\/"}]}},"_links":{"self":[{"href":"https:\/\/portaltela.pt\/api\/wp\/v2\/posts\/459484","targetHints":{"allow":["GET"]}}],"collection":[{"href":"https:\/\/portaltela.pt\/api\/wp\/v2\/posts"}],"about":[{"href":"https:\/\/portaltela.pt\/api\/wp\/v2\/types\/post"}],"author":[{"embeddable":true,"href":"https:\/\/portaltela.pt\/api\/wp\/v2\/users\/2"}],"replies":[{"embeddable":true,"href":"https:\/\/portaltela.pt\/api\/wp\/v2\/comments?post=459484"}],"version-history":[{"count":0,"href":"https:\/\/portaltela.pt\/api\/wp\/v2\/posts\/459484\/revisions"}],"wp:featuredmedia":[{"embeddable":true,"href":"https:\/\/portaltela.pt\/api\/wp\/v2\/media\/459486"}],"wp:attachment":[{"href":"https:\/\/portaltela.pt\/api\/wp\/v2\/media?parent=459484"}],"wp:term":[{"taxonomy":"category","embeddable":true,"href":"https:\/\/portaltela.pt\/api\/wp\/v2\/categories?post=459484"},{"taxonomy":"post_tag","embeddable":true,"href":"https:\/\/portaltela.pt\/api\/wp\/v2\/tags?post=459484"}],"curies":[{"name":"wp","href":"https:\/\/api.w.org\/{rel}","templated":true}]}}