{"id":459461,"date":"2026-04-28T07:18:07","date_gmt":"2026-04-28T10:18:07","guid":{"rendered":"https:\/\/portaltela.pt\/noticias\/2026\/04\/28\/michel-deixa-moreirense-clube-avanca-com-rescisao-unilateral\/"},"modified":"2026-04-28T07:18:07","modified_gmt":"2026-04-28T10:18:07","slug":"michel-deixa-moreirense-clube-avanca-com-rescisao-unilateral","status":"publish","type":"post","link":"https:\/\/portaltela.pt\/desporto\/futebol\/2026\/04\/28\/michel-deixa-moreirense-clube-avanca-com-rescisao-unilateral\/","title":{"rendered":"Michel deixa Moreirense; clube avan\u00e7a com rescis\u00e3o unilateral"},"content":{"rendered":"<p>O defesa-central Michel deixou o plantel do Moreirense e vai regressar ao Brasil. A SAD decidiu rescindir unilateralmente o v\u00ednculo do jogador, cedido pelo Palmeiras, em decis\u00e3o ainda com processo em curso.<\/p>\n<p>A rescis\u00e3o deve-se a faltas reiteradas de Michel \u00e0s sess\u00f5es de treino sem justifica\u00e7\u00e3o. O caso est\u00e1 na \u00e1rea jur\u00eddica do clube, que n\u00e3o comentou oficialmente o assunto.<\/p>\n<p>Michel j\u00e1 n\u00e3o integra o plantel \u00e0s ordens de Vasco Botelho da Costa. O defesa-chegado em janeiro de 2025 teve um contrato de um ano e meio.<\/p>\n<p>Na temporada passada, Michel foi utilizado em cinco jogos; nesta \u00e9poca, em quatro. A \u00faltima presen\u00e7a aconteceu a 17 de janeiro, no jogo com o Alverca.<\/p>\n","protected":false},"excerpt":{"rendered":"<ul>\n<li>Michel, defesa-central cedido pelo Palmeiras, deixou o plantel do Moreirense e vai regressar ao Brasil.<\/li>\n<li>A SAD do Moreirense avan\u00e7ou com a rescis\u00e3o unilateral do contrato devido a faltas do jogador \u00e0s sess\u00f5es de treino sem justifica\u00e7\u00e3o.<\/li>\n<li>O processo est\u00e1 entregue ao departamento jur\u00eddico e o clube n\u00e3o se pronuncia sobre o caso enquanto n\u00e3o houver decis\u00e3o.<\/li>\n<li>Michel j\u00e1 n\u00e3o est\u00e1 integrado no plantel \u00e0s ordens de Vasco Botelho da Costa.<\/li>\n<li>O jogador chegou a Moreirense em janeiro de 2025, com contrato de um ano e meio; na \u00e9poca passada participou em cinco jogos e nesta temporada foi chamado em quatro, a \u00faltima vez a 17 de janeiro frente ao Alverca.<\/li>\n<\/ul>\n","protected":false},"author":2,"featured_media":459466,"comment_status":"closed","ping_status":"closed","sticky":false,"template":"","format":"standard","meta":{"footnotes":""},"categories":[21,24],"tags":[1125,32,242,50,5579,2050],"class_list":["post-459461","post","type-post","status-publish","format-standard","has-post-thumbnail","hentry","category-desporto","category-futebol","tag-contratos","tag-futebol","tag-jogadores","tag-mercado-da-bola","tag-moreirense","tag-transferencias"],"yoast_head":"<!-- This site is optimized with the Yoast SEO plugin v27.2 - https:\/\/yoast.com\/product\/yoast-seo-wordpress\/ -->\n<title>Michel deixa Moreirense; clube avan\u00e7a com rescis\u00e3o unilateral - Portal Tela Portugal<\/title>\n<meta name=\"robots\" content=\"index, follow, max-snippet:-1, max-image-preview:large, max-video-preview:-1\" \/>\n<meta property=\"og:locale\" content=\"pt_PT\" \/>\n<meta property=\"og:type\" content=\"article\" \/>\n<meta property=\"og:title\" content=\"Michel deixa Moreirense; clube avan\u00e7a com rescis\u00e3o unilateral - Portal Tela Portugal\" \/>\n<meta property=\"og:description\" content=\"Michel, defesa-central cedido pelo Palmeiras, deixou o plantel do Moreirense e vai regressar ao Brasil. A SAD do Moreirense avan\u00e7ou com a rescis\u00e3o unilateral do contrato devido a faltas do jogador \u00e0s sess\u00f5es de treino sem justifica\u00e7\u00e3o. O processo est\u00e1 entregue ao departamento jur\u00eddico e o clube n\u00e3o se pronuncia sobre o caso enquanto n\u00e3o houver decis\u00e3o. Michel j\u00e1 n\u00e3o est\u00e1 integrado no plantel \u00e0s ordens de Vasco Botelho da Costa. O jogador chegou a Moreirense em janeiro de 2025, com contrato de um ano e meio; na \u00e9poca passada participou em cinco jogos e nesta temporada foi chamado em quatro, a \u00faltima vez a 17 de janeiro frente ao Alverca.\" \/>\n<meta property=\"og:url\" content=\"https:\/\/portaltela.pt\/noticias\/2026\/04\/28\/michel-deixa-moreirense-clube-avanca-com-rescisao-unilateral\/\" \/>\n<meta property=\"og:site_name\" content=\"Portal Tela Portugal\" \/>\n<meta property=\"article:published_time\" content=\"2026-04-28T10:18:07+00:00\" \/>\n<meta name=\"author\" content=\"Telinha\" \/>\n<meta name=\"twitter:card\" content=\"summary_large_image\" \/>\n<meta name=\"twitter:label1\" content=\"Escrito por\" \/>\n\t<meta name=\"twitter:data1\" content=\"Telinha\" \/>\n\t<meta name=\"twitter:label2\" content=\"Tempo estimado de leitura\" \/>\n\t<meta name=\"twitter:data2\" content=\"1 minuto\" \/>\n<script type=\"application\/ld+json\" class=\"yoast-schema-graph\">{\"@context\":\"https:\/\/schema.org\",\"@graph\":[{\"@type\":\"Article\",\"@id\":\"https:\/\/portaltela.pt\/noticias\/2026\/04\/28\/michel-deixa-moreirense-clube-avanca-com-rescisao-unilateral\/#article\",\"isPartOf\":{\"@id\":\"https:\/\/portaltela.pt\/noticias\/2026\/04\/28\/michel-deixa-moreirense-clube-avanca-com-rescisao-unilateral\/\"},\"author\":{\"name\":\"Telinha\",\"@id\":\"https:\/\/portaltela.pt\/#\/schema\/person\/c4278d4a6028830caff9ee44b42d32ed\"},\"headline\":\"Michel deixa Moreirense; clube avan\u00e7a com rescis\u00e3o unilateral\",\"datePublished\":\"2026-04-28T10:18:07+00:00\",\"mainEntityOfPage\":{\"@id\":\"https:\/\/portaltela.pt\/noticias\/2026\/04\/28\/michel-deixa-moreirense-clube-avanca-com-rescisao-unilateral\/\"},\"wordCount\":130,\"image\":{\"@id\":\"https:\/\/portaltela.pt\/noticias\/2026\/04\/28\/michel-deixa-moreirense-clube-avanca-com-rescisao-unilateral\/#primaryimage\"},\"thumbnailUrl\":\"https:\/\/portaltela.pt\/s.01k8rhncp4jt1\/2026\/04\/img_920x518uu2026-04-28-11-03-09-2435700-im-639129710017117447.jpg\",\"keywords\":[\"contratos\",\"futebol\",\"jogadores\",\"mercado da bola\",\"Moreirense\",\"transfer\u00eancias\"],\"articleSection\":[\"Desporto\",\"Futebol\"],\"inLanguage\":\"pt-PT\"},{\"@type\":\"WebPage\",\"@id\":\"https:\/\/portaltela.pt\/noticias\/2026\/04\/28\/michel-deixa-moreirense-clube-avanca-com-rescisao-unilateral\/\",\"url\":\"https:\/\/portaltela.pt\/noticias\/2026\/04\/28\/michel-deixa-moreirense-clube-avanca-com-rescisao-unilateral\/\",\"name\":\"Michel deixa Moreirense; clube avan\u00e7a com rescis\u00e3o unilateral - Portal Tela Portugal\",\"isPartOf\":{\"@id\":\"https:\/\/portaltela.pt\/#website\"},\"primaryImageOfPage\":{\"@id\":\"https:\/\/portaltela.pt\/noticias\/2026\/04\/28\/michel-deixa-moreirense-clube-avanca-com-rescisao-unilateral\/#primaryimage\"},\"image\":{\"@id\":\"https:\/\/portaltela.pt\/noticias\/2026\/04\/28\/michel-deixa-moreirense-clube-avanca-com-rescisao-unilateral\/#primaryimage\"},\"thumbnailUrl\":\"https:\/\/portaltela.pt\/s.01k8rhncp4jt1\/2026\/04\/img_920x518uu2026-04-28-11-03-09-2435700-im-639129710017117447.jpg\",\"datePublished\":\"2026-04-28T10:18:07+00:00\",\"author\":{\"@id\":\"https:\/\/portaltela.pt\/#\/schema\/person\/c4278d4a6028830caff9ee44b42d32ed\"},\"breadcrumb\":{\"@id\":\"https:\/\/portaltela.pt\/noticias\/2026\/04\/28\/michel-deixa-moreirense-clube-avanca-com-rescisao-unilateral\/#breadcrumb\"},\"inLanguage\":\"pt-PT\",\"potentialAction\":[{\"@type\":\"ReadAction\",\"target\":[\"https:\/\/portaltela.pt\/noticias\/2026\/04\/28\/michel-deixa-moreirense-clube-avanca-com-rescisao-unilateral\/\"]}]},{\"@type\":\"ImageObject\",\"inLanguage\":\"pt-PT\",\"@id\":\"https:\/\/portaltela.pt\/noticias\/2026\/04\/28\/michel-deixa-moreirense-clube-avanca-com-rescisao-unilateral\/#primaryimage\",\"url\":\"https:\/\/portaltela.pt\/s.01k8rhncp4jt1\/2026\/04\/img_920x518uu2026-04-28-11-03-09-2435700-im-639129710017117447.jpg\",\"contentUrl\":\"https:\/\/portaltela.pt\/s.01k8rhncp4jt1\/2026\/04\/img_920x518uu2026-04-28-11-03-09-2435700-im-639129710017117447.jpg\",\"width\":920,\"height\":518,\"caption\":\"Michel (Moreirense)\"},{\"@type\":\"BreadcrumbList\",\"@id\":\"https:\/\/portaltela.pt\/noticias\/2026\/04\/28\/michel-deixa-moreirense-clube-avanca-com-rescisao-unilateral\/#breadcrumb\",\"itemListElement\":[{\"@type\":\"ListItem\",\"position\":1,\"name\":\"In\u00edcio\",\"item\":\"https:\/\/portaltela.pt\/\"},{\"@type\":\"ListItem\",\"position\":2,\"name\":\"Michel deixa Moreirense; clube avan\u00e7a com rescis\u00e3o unilateral\"}]},{\"@type\":\"WebSite\",\"@id\":\"https:\/\/portaltela.pt\/#website\",\"url\":\"https:\/\/portaltela.pt\/\",\"name\":\"Portal Tela Portugal\",\"description\":\"\",\"potentialAction\":[{\"@type\":\"SearchAction\",\"target\":{\"@type\":\"EntryPoint\",\"urlTemplate\":\"https:\/\/portaltela.pt\/?s={search_term_string}\"},\"query-input\":{\"@type\":\"PropertyValueSpecification\",\"valueRequired\":true,\"valueName\":\"search_term_string\"}}],\"inLanguage\":\"pt-PT\"},{\"@type\":\"Person\",\"@id\":\"https:\/\/portaltela.pt\/#\/schema\/person\/c4278d4a6028830caff9ee44b42d32ed\",\"name\":\"Telinha\",\"image\":{\"@type\":\"ImageObject\",\"inLanguage\":\"pt-PT\",\"@id\":\"https:\/\/portaltela.pt\/s.01k8rhncp4jt1\/2025\/11\/talking-bot-125x125.png\",\"url\":\"https:\/\/portaltela.pt\/s.01k8rhncp4jt1\/2025\/11\/talking-bot-125x125.png\",\"contentUrl\":\"https:\/\/portaltela.pt\/s.01k8rhncp4jt1\/2025\/11\/talking-bot-125x125.png\",\"caption\":\"Telinha\"},\"sameAs\":[\"https:\/\/portaltela.pt\/\"],\"url\":\"https:\/\/portaltela.pt\/por\/367410592786\/\"}]}<\/script>\n<!-- \/ Yoast SEO plugin. -->","yoast_head_json":{"title":"Michel deixa Moreirense; clube avan\u00e7a com rescis\u00e3o unilateral - Portal Tela Portugal","robots":{"index":"index","follow":"follow","max-snippet":"max-snippet:-1","max-image-preview":"max-image-preview:large","max-video-preview":"max-video-preview:-1"},"og_locale":"pt_PT","og_type":"article","og_title":"Michel deixa Moreirense; clube avan\u00e7a com rescis\u00e3o unilateral - Portal Tela Portugal","og_description":"Michel, defesa-central cedido pelo Palmeiras, deixou o plantel do Moreirense e vai regressar ao Brasil. A SAD do Moreirense avan\u00e7ou com a rescis\u00e3o unilateral do contrato devido a faltas do jogador \u00e0s sess\u00f5es de treino sem justifica\u00e7\u00e3o. O processo est\u00e1 entregue ao departamento jur\u00eddico e o clube n\u00e3o se pronuncia sobre o caso enquanto n\u00e3o houver decis\u00e3o. Michel j\u00e1 n\u00e3o est\u00e1 integrado no plantel \u00e0s ordens de Vasco Botelho da Costa. O jogador chegou a Moreirense em janeiro de 2025, com contrato de um ano e meio; na \u00e9poca passada participou em cinco jogos e nesta temporada foi chamado em quatro, a \u00faltima vez a 17 de janeiro frente ao Alverca.","og_url":"https:\/\/portaltela.pt\/noticias\/2026\/04\/28\/michel-deixa-moreirense-clube-avanca-com-rescisao-unilateral\/","og_site_name":"Portal Tela Portugal","article_published_time":"2026-04-28T10:18:07+00:00","author":"Telinha","twitter_card":"summary_large_image","twitter_misc":{"Escrito por":"Telinha","Tempo estimado de leitura":"1 minuto"},"schema":{"@context":"https:\/\/schema.org","@graph":[{"@type":"Article","@id":"https:\/\/portaltela.pt\/noticias\/2026\/04\/28\/michel-deixa-moreirense-clube-avanca-com-rescisao-unilateral\/#article","isPartOf":{"@id":"https:\/\/portaltela.pt\/noticias\/2026\/04\/28\/michel-deixa-moreirense-clube-avanca-com-rescisao-unilateral\/"},"author":{"name":"Telinha","@id":"https:\/\/portaltela.pt\/#\/schema\/person\/c4278d4a6028830caff9ee44b42d32ed"},"headline":"Michel deixa Moreirense; clube avan\u00e7a com rescis\u00e3o unilateral","datePublished":"2026-04-28T10:18:07+00:00","mainEntityOfPage":{"@id":"https:\/\/portaltela.pt\/noticias\/2026\/04\/28\/michel-deixa-moreirense-clube-avanca-com-rescisao-unilateral\/"},"wordCount":130,"image":{"@id":"https:\/\/portaltela.pt\/noticias\/2026\/04\/28\/michel-deixa-moreirense-clube-avanca-com-rescisao-unilateral\/#primaryimage"},"thumbnailUrl":"https:\/\/portaltela.pt\/s.01k8rhncp4jt1\/2026\/04\/img_920x518uu2026-04-28-11-03-09-2435700-im-639129710017117447.jpg","keywords":["contratos","futebol","jogadores","mercado da bola","Moreirense","transfer\u00eancias"],"articleSection":["Desporto","Futebol"],"inLanguage":"pt-PT"},{"@type":"WebPage","@id":"https:\/\/portaltela.pt\/noticias\/2026\/04\/28\/michel-deixa-moreirense-clube-avanca-com-rescisao-unilateral\/","url":"https:\/\/portaltela.pt\/noticias\/2026\/04\/28\/michel-deixa-moreirense-clube-avanca-com-rescisao-unilateral\/","name":"Michel deixa Moreirense; clube avan\u00e7a com rescis\u00e3o unilateral - Portal Tela Portugal","isPartOf":{"@id":"https:\/\/portaltela.pt\/#website"},"primaryImageOfPage":{"@id":"https:\/\/portaltela.pt\/noticias\/2026\/04\/28\/michel-deixa-moreirense-clube-avanca-com-rescisao-unilateral\/#primaryimage"},"image":{"@id":"https:\/\/portaltela.pt\/noticias\/2026\/04\/28\/michel-deixa-moreirense-clube-avanca-com-rescisao-unilateral\/#primaryimage"},"thumbnailUrl":"https:\/\/portaltela.pt\/s.01k8rhncp4jt1\/2026\/04\/img_920x518uu2026-04-28-11-03-09-2435700-im-639129710017117447.jpg","datePublished":"2026-04-28T10:18:07+00:00","author":{"@id":"https:\/\/portaltela.pt\/#\/schema\/person\/c4278d4a6028830caff9ee44b42d32ed"},"breadcrumb":{"@id":"https:\/\/portaltela.pt\/noticias\/2026\/04\/28\/michel-deixa-moreirense-clube-avanca-com-rescisao-unilateral\/#breadcrumb"},"inLanguage":"pt-PT","potentialAction":[{"@type":"ReadAction","target":["https:\/\/portaltela.pt\/noticias\/2026\/04\/28\/michel-deixa-moreirense-clube-avanca-com-rescisao-unilateral\/"]}]},{"@type":"ImageObject","inLanguage":"pt-PT","@id":"https:\/\/portaltela.pt\/noticias\/2026\/04\/28\/michel-deixa-moreirense-clube-avanca-com-rescisao-unilateral\/#primaryimage","url":"https:\/\/portaltela.pt\/s.01k8rhncp4jt1\/2026\/04\/img_920x518uu2026-04-28-11-03-09-2435700-im-639129710017117447.jpg","contentUrl":"https:\/\/portaltela.pt\/s.01k8rhncp4jt1\/2026\/04\/img_920x518uu2026-04-28-11-03-09-2435700-im-639129710017117447.jpg","width":920,"height":518,"caption":"Michel (Moreirense)"},{"@type":"BreadcrumbList","@id":"https:\/\/portaltela.pt\/noticias\/2026\/04\/28\/michel-deixa-moreirense-clube-avanca-com-rescisao-unilateral\/#breadcrumb","itemListElement":[{"@type":"ListItem","position":1,"name":"In\u00edcio","item":"https:\/\/portaltela.pt\/"},{"@type":"ListItem","position":2,"name":"Michel deixa Moreirense; clube avan\u00e7a com rescis\u00e3o unilateral"}]},{"@type":"WebSite","@id":"https:\/\/portaltela.pt\/#website","url":"https:\/\/portaltela.pt\/","name":"Portal Tela Portugal","description":"","potentialAction":[{"@type":"SearchAction","target":{"@type":"EntryPoint","urlTemplate":"https:\/\/portaltela.pt\/?s={search_term_string}"},"query-input":{"@type":"PropertyValueSpecification","valueRequired":true,"valueName":"search_term_string"}}],"inLanguage":"pt-PT"},{"@type":"Person","@id":"https:\/\/portaltela.pt\/#\/schema\/person\/c4278d4a6028830caff9ee44b42d32ed","name":"Telinha","image":{"@type":"ImageObject","inLanguage":"pt-PT","@id":"https:\/\/portaltela.pt\/s.01k8rhncp4jt1\/2025\/11\/talking-bot-125x125.png","url":"https:\/\/portaltela.pt\/s.01k8rhncp4jt1\/2025\/11\/talking-bot-125x125.png","contentUrl":"https:\/\/portaltela.pt\/s.01k8rhncp4jt1\/2025\/11\/talking-bot-125x125.png","caption":"Telinha"},"sameAs":["https:\/\/portaltela.pt\/"],"url":"https:\/\/portaltela.pt\/por\/367410592786\/"}]}},"_links":{"self":[{"href":"https:\/\/portaltela.pt\/api\/wp\/v2\/posts\/459461","targetHints":{"allow":["GET"]}}],"collection":[{"href":"https:\/\/portaltela.pt\/api\/wp\/v2\/posts"}],"about":[{"href":"https:\/\/portaltela.pt\/api\/wp\/v2\/types\/post"}],"author":[{"embeddable":true,"href":"https:\/\/portaltela.pt\/api\/wp\/v2\/users\/2"}],"replies":[{"embeddable":true,"href":"https:\/\/portaltela.pt\/api\/wp\/v2\/comments?post=459461"}],"version-history":[{"count":0,"href":"https:\/\/portaltela.pt\/api\/wp\/v2\/posts\/459461\/revisions"}],"wp:featuredmedia":[{"embeddable":true,"href":"https:\/\/portaltela.pt\/api\/wp\/v2\/media\/459466"}],"wp:attachment":[{"href":"https:\/\/portaltela.pt\/api\/wp\/v2\/media?parent=459461"}],"wp:term":[{"taxonomy":"category","embeddable":true,"href":"https:\/\/portaltela.pt\/api\/wp\/v2\/categories?post=459461"},{"taxonomy":"post_tag","embeddable":true,"href":"https:\/\/portaltela.pt\/api\/wp\/v2\/tags?post=459461"}],"curies":[{"name":"wp","href":"https:\/\/api.w.org\/{rel}","templated":true}]}}