{"id":459458,"date":"2026-04-28T07:18:01","date_gmt":"2026-04-28T10:18:01","guid":{"rendered":"https:\/\/portaltela.pt\/noticias\/2026\/04\/28\/luis-figo-celebra-83-o-aniversario-do-pai-em-portugal\/"},"modified":"2026-04-28T07:18:01","modified_gmt":"2026-04-28T10:18:01","slug":"luis-figo-celebra-83-o-aniversario-do-pai-em-portugal","status":"publish","type":"post","link":"https:\/\/portaltela.pt\/celebridades\/2026\/04\/28\/luis-figo-celebra-83-o-aniversario-do-pai-em-portugal\/","title":{"rendered":"Lu\u00eds Figo celebra 83.\u00ba anivers\u00e1rio do pai em Portugal"},"content":{"rendered":"<p>Lu\u00eds Figo celebrou o 83\u00ba anivers\u00e1rio do pai em Portugal, numa comemora\u00e7\u00e3o familiar junto ao mar. O ex-jogador viajou de Espanha para o nosso pa\u00eds especificamente para esta ocasi\u00e3o, acompanhado pela mulher, Helen Svedin.<\/p>\n<p>A festa decorreu num restaurante \u00e0 beira-mar em Fonte da Telha, com a presen\u00e7a do pai, do filho de Figo, da nora e de outros familiares pr\u00f3ximos. A reuni\u00e3o manteve o tom familiar que tem marcado as publica\u00e7\u00f5es do antigo internacional.<\/p>\n<p>Nas redes sociais, Figo partilhou registos da tarde, mostrando o momentos de conv\u00edvio entre pai e filho, al\u00e9m de imagens da fam\u00edlia reunida. Helen Svedin surge, em v\u00e1rias fotografias, com o<strong> panam\u00e1 do av\u00f4 Ant\u00f4nio Figo<\/strong>.<\/p>\n<p>O bolo de anivers\u00e1rio foi tamb\u00e9m partilhado, com uma mensagem simples dirigida ao progenitor, assinada pelo filho, pela nora e pelas netas. A publica\u00e7\u00e3o refor\u00e7ou o esp\u00edrito de reuni\u00e3o familiar naquela data.<\/p>\n","protected":false},"excerpt":{"rendered":"<ul>\n<li>Lu\u00eds Figo viajou de Espanha para Portugal para celebrar o 83\u00ba anivers\u00e1rio do pai, Ant\u00f3nio Caeiro Figo, acompanhado pela mulher, Helen Svedin.<\/li>\n<li>A cerim\u00f3nia decorreu junto ao mar, num restaurante na Fonte da Telha, com a presen\u00e7a de familiares pr\u00f3ximos.<\/li>\n<li>Nas redes sociais, Figo partilhou registos do momento, mostrando a cumplicidade com o pai e a legenda &#8220;Celebrando a vida&#8221;.<\/li>\n<li>Helen Svedin surge nas fotos com o panam\u00e1 do sogro.<\/li>\n<li>O bolo, tamb\u00e9m partilhado, trazia a dedicat\u00f3ria: &#8220;Parab\u00e9ns Ant\u00f3nio Figo. Do filho, nora e netas&#8221;.<\/li>\n<\/ul>\n","protected":false},"author":2,"featured_media":459462,"comment_status":"closed","ping_status":"closed","sticky":false,"template":"","format":"standard","meta":{"footnotes":""},"categories":[6675],"tags":[3259,64,148,32,7221,1014],"class_list":["post-459458","post","type-post","status-publish","format-standard","has-post-thumbnail","hentry","category-celebridades","tag-celebidades","tag-familia","tag-familias","tag-futebol","tag-noticias","tag-portugal"],"yoast_head":"<!-- This site is optimized with the Yoast SEO plugin v27.2 - https:\/\/yoast.com\/product\/yoast-seo-wordpress\/ -->\n<title>Lu\u00eds Figo celebra 83.\u00ba anivers\u00e1rio do pai em Portugal - Portal Tela Portugal<\/title>\n<meta name=\"robots\" content=\"index, follow, max-snippet:-1, max-image-preview:large, max-video-preview:-1\" \/>\n<meta property=\"og:locale\" content=\"pt_PT\" \/>\n<meta property=\"og:type\" content=\"article\" \/>\n<meta property=\"og:title\" content=\"Lu\u00eds Figo celebra 83.\u00ba anivers\u00e1rio do pai em Portugal - Portal Tela Portugal\" \/>\n<meta property=\"og:description\" content=\"Lu\u00eds Figo viajou de Espanha para Portugal para celebrar o 83\u00ba anivers\u00e1rio do pai, Ant\u00f3nio Caeiro Figo, acompanhado pela mulher, Helen Svedin. A cerim\u00f3nia decorreu junto ao mar, num restaurante na Fonte da Telha, com a presen\u00e7a de familiares pr\u00f3ximos. Nas redes sociais, Figo partilhou registos do momento, mostrando a cumplicidade com o pai e a legenda &quot;Celebrando a vida&quot;. Helen Svedin surge nas fotos com o panam\u00e1 do sogro. O bolo, tamb\u00e9m partilhado, trazia a dedicat\u00f3ria: &quot;Parab\u00e9ns Ant\u00f3nio Figo. Do filho, nora e netas&quot;.\" \/>\n<meta property=\"og:url\" content=\"https:\/\/portaltela.pt\/noticias\/2026\/04\/28\/luis-figo-celebra-83-o-aniversario-do-pai-em-portugal\/\" \/>\n<meta property=\"og:site_name\" content=\"Portal Tela Portugal\" \/>\n<meta property=\"article:published_time\" content=\"2026-04-28T10:18:01+00:00\" \/>\n<meta name=\"author\" content=\"Telinha\" \/>\n<meta name=\"twitter:card\" content=\"summary_large_image\" \/>\n<meta name=\"twitter:label1\" content=\"Escrito por\" \/>\n\t<meta name=\"twitter:data1\" content=\"Telinha\" \/>\n\t<meta name=\"twitter:label2\" content=\"Tempo estimado de leitura\" \/>\n\t<meta name=\"twitter:data2\" content=\"1 minuto\" \/>\n<script type=\"application\/ld+json\" class=\"yoast-schema-graph\">{\"@context\":\"https:\/\/schema.org\",\"@graph\":[{\"@type\":\"Article\",\"@id\":\"https:\/\/portaltela.pt\/noticias\/2026\/04\/28\/luis-figo-celebra-83-o-aniversario-do-pai-em-portugal\/#article\",\"isPartOf\":{\"@id\":\"https:\/\/portaltela.pt\/noticias\/2026\/04\/28\/luis-figo-celebra-83-o-aniversario-do-pai-em-portugal\/\"},\"author\":{\"name\":\"Telinha\",\"@id\":\"https:\/\/portaltela.pt\/#\/schema\/person\/c4278d4a6028830caff9ee44b42d32ed\"},\"headline\":\"Lu\u00eds Figo celebra 83.\u00ba anivers\u00e1rio do pai em Portugal\",\"datePublished\":\"2026-04-28T10:18:01+00:00\",\"mainEntityOfPage\":{\"@id\":\"https:\/\/portaltela.pt\/noticias\/2026\/04\/28\/luis-figo-celebra-83-o-aniversario-do-pai-em-portugal\/\"},\"wordCount\":171,\"image\":{\"@id\":\"https:\/\/portaltela.pt\/noticias\/2026\/04\/28\/luis-figo-celebra-83-o-aniversario-do-pai-em-portugal\/#primaryimage\"},\"thumbnailUrl\":\"https:\/\/portaltela.pt\/s.01k8rhncp4jt1\/2026\/04\/img_1280x718uu2024-08-14-12-00-36-1725209.jpg\",\"keywords\":[\"celebidades\",\"fam\u00edlia\",\"fam\u00edlias\",\"futebol\",\"not\u00edcias\",\"Portugal\"],\"articleSection\":[\"Celebridades\"],\"inLanguage\":\"pt-PT\"},{\"@type\":\"WebPage\",\"@id\":\"https:\/\/portaltela.pt\/noticias\/2026\/04\/28\/luis-figo-celebra-83-o-aniversario-do-pai-em-portugal\/\",\"url\":\"https:\/\/portaltela.pt\/noticias\/2026\/04\/28\/luis-figo-celebra-83-o-aniversario-do-pai-em-portugal\/\",\"name\":\"Lu\u00eds Figo celebra 83.\u00ba anivers\u00e1rio do pai em Portugal - Portal Tela Portugal\",\"isPartOf\":{\"@id\":\"https:\/\/portaltela.pt\/#website\"},\"primaryImageOfPage\":{\"@id\":\"https:\/\/portaltela.pt\/noticias\/2026\/04\/28\/luis-figo-celebra-83-o-aniversario-do-pai-em-portugal\/#primaryimage\"},\"image\":{\"@id\":\"https:\/\/portaltela.pt\/noticias\/2026\/04\/28\/luis-figo-celebra-83-o-aniversario-do-pai-em-portugal\/#primaryimage\"},\"thumbnailUrl\":\"https:\/\/portaltela.pt\/s.01k8rhncp4jt1\/2026\/04\/img_1280x718uu2024-08-14-12-00-36-1725209.jpg\",\"datePublished\":\"2026-04-28T10:18:01+00:00\",\"author\":{\"@id\":\"https:\/\/portaltela.pt\/#\/schema\/person\/c4278d4a6028830caff9ee44b42d32ed\"},\"breadcrumb\":{\"@id\":\"https:\/\/portaltela.pt\/noticias\/2026\/04\/28\/luis-figo-celebra-83-o-aniversario-do-pai-em-portugal\/#breadcrumb\"},\"inLanguage\":\"pt-PT\",\"potentialAction\":[{\"@type\":\"ReadAction\",\"target\":[\"https:\/\/portaltela.pt\/noticias\/2026\/04\/28\/luis-figo-celebra-83-o-aniversario-do-pai-em-portugal\/\"]}]},{\"@type\":\"ImageObject\",\"inLanguage\":\"pt-PT\",\"@id\":\"https:\/\/portaltela.pt\/noticias\/2026\/04\/28\/luis-figo-celebra-83-o-aniversario-do-pai-em-portugal\/#primaryimage\",\"url\":\"https:\/\/portaltela.pt\/s.01k8rhncp4jt1\/2026\/04\/img_1280x718uu2024-08-14-12-00-36-1725209.jpg\",\"contentUrl\":\"https:\/\/portaltela.pt\/s.01k8rhncp4jt1\/2026\/04\/img_1280x718uu2024-08-14-12-00-36-1725209.jpg\",\"width\":796,\"height\":448,\"caption\":\"Lu\u00eds Figo\"},{\"@type\":\"BreadcrumbList\",\"@id\":\"https:\/\/portaltela.pt\/noticias\/2026\/04\/28\/luis-figo-celebra-83-o-aniversario-do-pai-em-portugal\/#breadcrumb\",\"itemListElement\":[{\"@type\":\"ListItem\",\"position\":1,\"name\":\"In\u00edcio\",\"item\":\"https:\/\/portaltela.pt\/\"},{\"@type\":\"ListItem\",\"position\":2,\"name\":\"Lu\u00eds Figo celebra 83.\u00ba anivers\u00e1rio do pai em Portugal\"}]},{\"@type\":\"WebSite\",\"@id\":\"https:\/\/portaltela.pt\/#website\",\"url\":\"https:\/\/portaltela.pt\/\",\"name\":\"Portal Tela Portugal\",\"description\":\"\",\"potentialAction\":[{\"@type\":\"SearchAction\",\"target\":{\"@type\":\"EntryPoint\",\"urlTemplate\":\"https:\/\/portaltela.pt\/?s={search_term_string}\"},\"query-input\":{\"@type\":\"PropertyValueSpecification\",\"valueRequired\":true,\"valueName\":\"search_term_string\"}}],\"inLanguage\":\"pt-PT\"},{\"@type\":\"Person\",\"@id\":\"https:\/\/portaltela.pt\/#\/schema\/person\/c4278d4a6028830caff9ee44b42d32ed\",\"name\":\"Telinha\",\"image\":{\"@type\":\"ImageObject\",\"inLanguage\":\"pt-PT\",\"@id\":\"https:\/\/portaltela.pt\/s.01k8rhncp4jt1\/2025\/11\/talking-bot-125x125.png\",\"url\":\"https:\/\/portaltela.pt\/s.01k8rhncp4jt1\/2025\/11\/talking-bot-125x125.png\",\"contentUrl\":\"https:\/\/portaltela.pt\/s.01k8rhncp4jt1\/2025\/11\/talking-bot-125x125.png\",\"caption\":\"Telinha\"},\"sameAs\":[\"https:\/\/portaltela.pt\/\"],\"url\":\"https:\/\/portaltela.pt\/por\/367410592786\/\"}]}<\/script>\n<!-- \/ Yoast SEO plugin. -->","yoast_head_json":{"title":"Lu\u00eds Figo celebra 83.\u00ba anivers\u00e1rio do pai em Portugal - Portal Tela Portugal","robots":{"index":"index","follow":"follow","max-snippet":"max-snippet:-1","max-image-preview":"max-image-preview:large","max-video-preview":"max-video-preview:-1"},"og_locale":"pt_PT","og_type":"article","og_title":"Lu\u00eds Figo celebra 83.\u00ba anivers\u00e1rio do pai em Portugal - Portal Tela Portugal","og_description":"Lu\u00eds Figo viajou de Espanha para Portugal para celebrar o 83\u00ba anivers\u00e1rio do pai, Ant\u00f3nio Caeiro Figo, acompanhado pela mulher, Helen Svedin. A cerim\u00f3nia decorreu junto ao mar, num restaurante na Fonte da Telha, com a presen\u00e7a de familiares pr\u00f3ximos. Nas redes sociais, Figo partilhou registos do momento, mostrando a cumplicidade com o pai e a legenda \"Celebrando a vida\". Helen Svedin surge nas fotos com o panam\u00e1 do sogro. O bolo, tamb\u00e9m partilhado, trazia a dedicat\u00f3ria: \"Parab\u00e9ns Ant\u00f3nio Figo. Do filho, nora e netas\".","og_url":"https:\/\/portaltela.pt\/noticias\/2026\/04\/28\/luis-figo-celebra-83-o-aniversario-do-pai-em-portugal\/","og_site_name":"Portal Tela Portugal","article_published_time":"2026-04-28T10:18:01+00:00","author":"Telinha","twitter_card":"summary_large_image","twitter_misc":{"Escrito por":"Telinha","Tempo estimado de leitura":"1 minuto"},"schema":{"@context":"https:\/\/schema.org","@graph":[{"@type":"Article","@id":"https:\/\/portaltela.pt\/noticias\/2026\/04\/28\/luis-figo-celebra-83-o-aniversario-do-pai-em-portugal\/#article","isPartOf":{"@id":"https:\/\/portaltela.pt\/noticias\/2026\/04\/28\/luis-figo-celebra-83-o-aniversario-do-pai-em-portugal\/"},"author":{"name":"Telinha","@id":"https:\/\/portaltela.pt\/#\/schema\/person\/c4278d4a6028830caff9ee44b42d32ed"},"headline":"Lu\u00eds Figo celebra 83.\u00ba anivers\u00e1rio do pai em Portugal","datePublished":"2026-04-28T10:18:01+00:00","mainEntityOfPage":{"@id":"https:\/\/portaltela.pt\/noticias\/2026\/04\/28\/luis-figo-celebra-83-o-aniversario-do-pai-em-portugal\/"},"wordCount":171,"image":{"@id":"https:\/\/portaltela.pt\/noticias\/2026\/04\/28\/luis-figo-celebra-83-o-aniversario-do-pai-em-portugal\/#primaryimage"},"thumbnailUrl":"https:\/\/portaltela.pt\/s.01k8rhncp4jt1\/2026\/04\/img_1280x718uu2024-08-14-12-00-36-1725209.jpg","keywords":["celebidades","fam\u00edlia","fam\u00edlias","futebol","not\u00edcias","Portugal"],"articleSection":["Celebridades"],"inLanguage":"pt-PT"},{"@type":"WebPage","@id":"https:\/\/portaltela.pt\/noticias\/2026\/04\/28\/luis-figo-celebra-83-o-aniversario-do-pai-em-portugal\/","url":"https:\/\/portaltela.pt\/noticias\/2026\/04\/28\/luis-figo-celebra-83-o-aniversario-do-pai-em-portugal\/","name":"Lu\u00eds Figo celebra 83.\u00ba anivers\u00e1rio do pai em Portugal - Portal Tela Portugal","isPartOf":{"@id":"https:\/\/portaltela.pt\/#website"},"primaryImageOfPage":{"@id":"https:\/\/portaltela.pt\/noticias\/2026\/04\/28\/luis-figo-celebra-83-o-aniversario-do-pai-em-portugal\/#primaryimage"},"image":{"@id":"https:\/\/portaltela.pt\/noticias\/2026\/04\/28\/luis-figo-celebra-83-o-aniversario-do-pai-em-portugal\/#primaryimage"},"thumbnailUrl":"https:\/\/portaltela.pt\/s.01k8rhncp4jt1\/2026\/04\/img_1280x718uu2024-08-14-12-00-36-1725209.jpg","datePublished":"2026-04-28T10:18:01+00:00","author":{"@id":"https:\/\/portaltela.pt\/#\/schema\/person\/c4278d4a6028830caff9ee44b42d32ed"},"breadcrumb":{"@id":"https:\/\/portaltela.pt\/noticias\/2026\/04\/28\/luis-figo-celebra-83-o-aniversario-do-pai-em-portugal\/#breadcrumb"},"inLanguage":"pt-PT","potentialAction":[{"@type":"ReadAction","target":["https:\/\/portaltela.pt\/noticias\/2026\/04\/28\/luis-figo-celebra-83-o-aniversario-do-pai-em-portugal\/"]}]},{"@type":"ImageObject","inLanguage":"pt-PT","@id":"https:\/\/portaltela.pt\/noticias\/2026\/04\/28\/luis-figo-celebra-83-o-aniversario-do-pai-em-portugal\/#primaryimage","url":"https:\/\/portaltela.pt\/s.01k8rhncp4jt1\/2026\/04\/img_1280x718uu2024-08-14-12-00-36-1725209.jpg","contentUrl":"https:\/\/portaltela.pt\/s.01k8rhncp4jt1\/2026\/04\/img_1280x718uu2024-08-14-12-00-36-1725209.jpg","width":796,"height":448,"caption":"Lu\u00eds Figo"},{"@type":"BreadcrumbList","@id":"https:\/\/portaltela.pt\/noticias\/2026\/04\/28\/luis-figo-celebra-83-o-aniversario-do-pai-em-portugal\/#breadcrumb","itemListElement":[{"@type":"ListItem","position":1,"name":"In\u00edcio","item":"https:\/\/portaltela.pt\/"},{"@type":"ListItem","position":2,"name":"Lu\u00eds Figo celebra 83.\u00ba anivers\u00e1rio do pai em Portugal"}]},{"@type":"WebSite","@id":"https:\/\/portaltela.pt\/#website","url":"https:\/\/portaltela.pt\/","name":"Portal Tela Portugal","description":"","potentialAction":[{"@type":"SearchAction","target":{"@type":"EntryPoint","urlTemplate":"https:\/\/portaltela.pt\/?s={search_term_string}"},"query-input":{"@type":"PropertyValueSpecification","valueRequired":true,"valueName":"search_term_string"}}],"inLanguage":"pt-PT"},{"@type":"Person","@id":"https:\/\/portaltela.pt\/#\/schema\/person\/c4278d4a6028830caff9ee44b42d32ed","name":"Telinha","image":{"@type":"ImageObject","inLanguage":"pt-PT","@id":"https:\/\/portaltela.pt\/s.01k8rhncp4jt1\/2025\/11\/talking-bot-125x125.png","url":"https:\/\/portaltela.pt\/s.01k8rhncp4jt1\/2025\/11\/talking-bot-125x125.png","contentUrl":"https:\/\/portaltela.pt\/s.01k8rhncp4jt1\/2025\/11\/talking-bot-125x125.png","caption":"Telinha"},"sameAs":["https:\/\/portaltela.pt\/"],"url":"https:\/\/portaltela.pt\/por\/367410592786\/"}]}},"_links":{"self":[{"href":"https:\/\/portaltela.pt\/api\/wp\/v2\/posts\/459458","targetHints":{"allow":["GET"]}}],"collection":[{"href":"https:\/\/portaltela.pt\/api\/wp\/v2\/posts"}],"about":[{"href":"https:\/\/portaltela.pt\/api\/wp\/v2\/types\/post"}],"author":[{"embeddable":true,"href":"https:\/\/portaltela.pt\/api\/wp\/v2\/users\/2"}],"replies":[{"embeddable":true,"href":"https:\/\/portaltela.pt\/api\/wp\/v2\/comments?post=459458"}],"version-history":[{"count":0,"href":"https:\/\/portaltela.pt\/api\/wp\/v2\/posts\/459458\/revisions"}],"wp:featuredmedia":[{"embeddable":true,"href":"https:\/\/portaltela.pt\/api\/wp\/v2\/media\/459462"}],"wp:attachment":[{"href":"https:\/\/portaltela.pt\/api\/wp\/v2\/media?parent=459458"}],"wp:term":[{"taxonomy":"category","embeddable":true,"href":"https:\/\/portaltela.pt\/api\/wp\/v2\/categories?post=459458"},{"taxonomy":"post_tag","embeddable":true,"href":"https:\/\/portaltela.pt\/api\/wp\/v2\/tags?post=459458"}],"curies":[{"name":"wp","href":"https:\/\/api.w.org\/{rel}","templated":true}]}}