{"id":459455,"date":"2026-04-28T07:18:00","date_gmt":"2026-04-28T10:18:00","guid":{"rendered":"https:\/\/portaltela.pt\/noticias\/2026\/04\/28\/deputados-pedem-subsidio-aos-transportes-em-macau-devido-a-subida-do-petroleo\/"},"modified":"2026-04-28T07:18:00","modified_gmt":"2026-04-28T10:18:00","slug":"deputados-pedem-subsidio-aos-transportes-em-macau-devido-a-subida-do-petroleo","status":"publish","type":"post","link":"https:\/\/portaltela.pt\/noticias\/economia\/2026\/04\/28\/deputados-pedem-subsidio-aos-transportes-em-macau-devido-a-subida-do-petroleo\/","title":{"rendered":"Deputados pedem subs\u00eddio aos transportes em Macau devido \u00e0 subida do petr\u00f3leo"},"content":{"rendered":"<p>Os deputados de Macau apelaram hoje ao Governo para agir rapidamente face ao aumento dos pre\u00e7os dos combust\u00edveis. Prop\u00f5em medidas urgentes, como subs\u00eddios tempor\u00e1rios e uma monitoriza\u00e7\u00e3o mais eficaz dos custos.<\/p>\n<p>A interven\u00e7\u00e3o visa proteger o setor dos transportes, que pode sofrer com a subida do petr\u00f3leo, e reduzir o peso financeiro sobre empresas e utilizadores.<\/p>\n<p>O pedido foi apresentado por deputados de Macau, que exortam o Executivo a esclarecer a evolu\u00e7\u00e3o dos pre\u00e7os e a preparar respostas r\u00e1pidas a altera\u00e7\u00f5es de mercado.<\/p>\n","protected":false},"excerpt":{"rendered":"<ul>\n<li>Os deputados de Macau apelaram ao Governo para tomar medidas urgentes em rela\u00e7\u00e3o aos pre\u00e7os dos combust\u00edveis.<\/li>\n<li>Prop\u00f5em subs\u00eddios tempor\u00e1rios para o setor dos transportes.<\/li>\n<li>Defendem uma melhor monitoriza\u00e7\u00e3o dos pre\u00e7os dos combust\u00edveis.<\/li>\n<li>O objetivo \u00e9 proteger o setor dos transportes face \u00e0 subida do petr\u00f3leo.<\/li>\n<\/ul>\n","protected":false},"author":2,"featured_media":459460,"comment_status":"closed","ping_status":"closed","sticky":false,"template":"","format":"standard","meta":{"footnotes":""},"categories":[2,6735],"tags":[7465,5386,7296,1251,192],"class_list":["post-459455","post","type-post","status-publish","format-standard","has-post-thumbnail","hentry","category-economia","category-negocios","tag-combustiveis","tag-macau","tag-precos","tag-subsidios","tag-transporte"],"yoast_head":"<!-- This site is optimized with the Yoast SEO plugin v27.2 - https:\/\/yoast.com\/product\/yoast-seo-wordpress\/ -->\n<title>Deputados pedem subs\u00eddio aos transportes em Macau devido \u00e0 subida do petr\u00f3leo - Portal Tela Portugal<\/title>\n<meta name=\"robots\" content=\"index, follow, max-snippet:-1, max-image-preview:large, max-video-preview:-1\" \/>\n<meta property=\"og:locale\" content=\"pt_PT\" \/>\n<meta property=\"og:type\" content=\"article\" \/>\n<meta property=\"og:title\" content=\"Deputados pedem subs\u00eddio aos transportes em Macau devido \u00e0 subida do petr\u00f3leo - Portal Tela Portugal\" \/>\n<meta property=\"og:description\" content=\"Os deputados de Macau apelaram ao Governo para tomar medidas urgentes em rela\u00e7\u00e3o aos pre\u00e7os dos combust\u00edveis. Prop\u00f5em subs\u00eddios tempor\u00e1rios para o setor dos transportes. Defendem uma melhor monitoriza\u00e7\u00e3o dos pre\u00e7os dos combust\u00edveis. O objetivo \u00e9 proteger o setor dos transportes face \u00e0 subida do petr\u00f3leo.\" \/>\n<meta property=\"og:url\" content=\"https:\/\/portaltela.pt\/noticias\/2026\/04\/28\/deputados-pedem-subsidio-aos-transportes-em-macau-devido-a-subida-do-petroleo\/\" \/>\n<meta property=\"og:site_name\" content=\"Portal Tela Portugal\" \/>\n<meta property=\"article:published_time\" content=\"2026-04-28T10:18:00+00:00\" \/>\n<meta name=\"author\" content=\"Telinha\" \/>\n<meta name=\"twitter:card\" content=\"summary_large_image\" \/>\n<meta name=\"twitter:label1\" content=\"Escrito por\" \/>\n\t<meta name=\"twitter:data1\" content=\"Telinha\" \/>\n<script type=\"application\/ld+json\" class=\"yoast-schema-graph\">{\"@context\":\"https:\/\/schema.org\",\"@graph\":[{\"@type\":\"Article\",\"@id\":\"https:\/\/portaltela.pt\/noticias\/2026\/04\/28\/deputados-pedem-subsidio-aos-transportes-em-macau-devido-a-subida-do-petroleo\/#article\",\"isPartOf\":{\"@id\":\"https:\/\/portaltela.pt\/noticias\/2026\/04\/28\/deputados-pedem-subsidio-aos-transportes-em-macau-devido-a-subida-do-petroleo\/\"},\"author\":{\"name\":\"Telinha\",\"@id\":\"https:\/\/portaltela.pt\/#\/schema\/person\/c4278d4a6028830caff9ee44b42d32ed\"},\"headline\":\"Deputados pedem subs\u00eddio aos transportes em Macau devido \u00e0 subida do petr\u00f3leo\",\"datePublished\":\"2026-04-28T10:18:00+00:00\",\"mainEntityOfPage\":{\"@id\":\"https:\/\/portaltela.pt\/noticias\/2026\/04\/28\/deputados-pedem-subsidio-aos-transportes-em-macau-devido-a-subida-do-petroleo\/\"},\"wordCount\":108,\"image\":{\"@id\":\"https:\/\/portaltela.pt\/noticias\/2026\/04\/28\/deputados-pedem-subsidio-aos-transportes-em-macau-devido-a-subida-do-petroleo\/#primaryimage\"},\"thumbnailUrl\":\"https:\/\/portaltela.pt\/s.01k8rhncp4jt1\/2026\/04\/CACHE_780X1200_ANALOG_WATERMARKED_25018380_7283813_06032019103414.jpg\",\"keywords\":[\"combust\u00edveis\",\"Macau\",\"pre\u00e7os\",\"subs\u00eddios\",\"transporte\"],\"articleSection\":[\"Economia\",\"Neg\u00f3cios\"],\"inLanguage\":\"pt-PT\"},{\"@type\":\"WebPage\",\"@id\":\"https:\/\/portaltela.pt\/noticias\/2026\/04\/28\/deputados-pedem-subsidio-aos-transportes-em-macau-devido-a-subida-do-petroleo\/\",\"url\":\"https:\/\/portaltela.pt\/noticias\/2026\/04\/28\/deputados-pedem-subsidio-aos-transportes-em-macau-devido-a-subida-do-petroleo\/\",\"name\":\"Deputados pedem subs\u00eddio aos transportes em Macau devido \u00e0 subida do petr\u00f3leo - Portal Tela Portugal\",\"isPartOf\":{\"@id\":\"https:\/\/portaltela.pt\/#website\"},\"primaryImageOfPage\":{\"@id\":\"https:\/\/portaltela.pt\/noticias\/2026\/04\/28\/deputados-pedem-subsidio-aos-transportes-em-macau-devido-a-subida-do-petroleo\/#primaryimage\"},\"image\":{\"@id\":\"https:\/\/portaltela.pt\/noticias\/2026\/04\/28\/deputados-pedem-subsidio-aos-transportes-em-macau-devido-a-subida-do-petroleo\/#primaryimage\"},\"thumbnailUrl\":\"https:\/\/portaltela.pt\/s.01k8rhncp4jt1\/2026\/04\/CACHE_780X1200_ANALOG_WATERMARKED_25018380_7283813_06032019103414.jpg\",\"datePublished\":\"2026-04-28T10:18:00+00:00\",\"author\":{\"@id\":\"https:\/\/portaltela.pt\/#\/schema\/person\/c4278d4a6028830caff9ee44b42d32ed\"},\"breadcrumb\":{\"@id\":\"https:\/\/portaltela.pt\/noticias\/2026\/04\/28\/deputados-pedem-subsidio-aos-transportes-em-macau-devido-a-subida-do-petroleo\/#breadcrumb\"},\"inLanguage\":\"pt-PT\",\"potentialAction\":[{\"@type\":\"ReadAction\",\"target\":[\"https:\/\/portaltela.pt\/noticias\/2026\/04\/28\/deputados-pedem-subsidio-aos-transportes-em-macau-devido-a-subida-do-petroleo\/\"]}]},{\"@type\":\"ImageObject\",\"inLanguage\":\"pt-PT\",\"@id\":\"https:\/\/portaltela.pt\/noticias\/2026\/04\/28\/deputados-pedem-subsidio-aos-transportes-em-macau-devido-a-subida-do-petroleo\/#primaryimage\",\"url\":\"https:\/\/portaltela.pt\/s.01k8rhncp4jt1\/2026\/04\/CACHE_780X1200_ANALOG_WATERMARKED_25018380_7283813_06032019103414.jpg\",\"contentUrl\":\"https:\/\/portaltela.pt\/s.01k8rhncp4jt1\/2026\/04\/CACHE_780X1200_ANALOG_WATERMARKED_25018380_7283813_06032019103414.jpg\",\"width\":768,\"height\":512,\"caption\":\"Deputados pedem que Macau subsidie transportes face \u00e0 subida do petr\u00f3leo\"},{\"@type\":\"BreadcrumbList\",\"@id\":\"https:\/\/portaltela.pt\/noticias\/2026\/04\/28\/deputados-pedem-subsidio-aos-transportes-em-macau-devido-a-subida-do-petroleo\/#breadcrumb\",\"itemListElement\":[{\"@type\":\"ListItem\",\"position\":1,\"name\":\"In\u00edcio\",\"item\":\"https:\/\/portaltela.pt\/\"},{\"@type\":\"ListItem\",\"position\":2,\"name\":\"Deputados pedem subs\u00eddio aos transportes em Macau devido \u00e0 subida do petr\u00f3leo\"}]},{\"@type\":\"WebSite\",\"@id\":\"https:\/\/portaltela.pt\/#website\",\"url\":\"https:\/\/portaltela.pt\/\",\"name\":\"Portal Tela Portugal\",\"description\":\"\",\"potentialAction\":[{\"@type\":\"SearchAction\",\"target\":{\"@type\":\"EntryPoint\",\"urlTemplate\":\"https:\/\/portaltela.pt\/?s={search_term_string}\"},\"query-input\":{\"@type\":\"PropertyValueSpecification\",\"valueRequired\":true,\"valueName\":\"search_term_string\"}}],\"inLanguage\":\"pt-PT\"},{\"@type\":\"Person\",\"@id\":\"https:\/\/portaltela.pt\/#\/schema\/person\/c4278d4a6028830caff9ee44b42d32ed\",\"name\":\"Telinha\",\"image\":{\"@type\":\"ImageObject\",\"inLanguage\":\"pt-PT\",\"@id\":\"https:\/\/portaltela.pt\/s.01k8rhncp4jt1\/2025\/11\/talking-bot-125x125.png\",\"url\":\"https:\/\/portaltela.pt\/s.01k8rhncp4jt1\/2025\/11\/talking-bot-125x125.png\",\"contentUrl\":\"https:\/\/portaltela.pt\/s.01k8rhncp4jt1\/2025\/11\/talking-bot-125x125.png\",\"caption\":\"Telinha\"},\"sameAs\":[\"https:\/\/portaltela.pt\/\"],\"url\":\"https:\/\/portaltela.pt\/por\/367410592786\/\"}]}<\/script>\n<!-- \/ Yoast SEO plugin. -->","yoast_head_json":{"title":"Deputados pedem subs\u00eddio aos transportes em Macau devido \u00e0 subida do petr\u00f3leo - Portal Tela Portugal","robots":{"index":"index","follow":"follow","max-snippet":"max-snippet:-1","max-image-preview":"max-image-preview:large","max-video-preview":"max-video-preview:-1"},"og_locale":"pt_PT","og_type":"article","og_title":"Deputados pedem subs\u00eddio aos transportes em Macau devido \u00e0 subida do petr\u00f3leo - Portal Tela Portugal","og_description":"Os deputados de Macau apelaram ao Governo para tomar medidas urgentes em rela\u00e7\u00e3o aos pre\u00e7os dos combust\u00edveis. Prop\u00f5em subs\u00eddios tempor\u00e1rios para o setor dos transportes. Defendem uma melhor monitoriza\u00e7\u00e3o dos pre\u00e7os dos combust\u00edveis. O objetivo \u00e9 proteger o setor dos transportes face \u00e0 subida do petr\u00f3leo.","og_url":"https:\/\/portaltela.pt\/noticias\/2026\/04\/28\/deputados-pedem-subsidio-aos-transportes-em-macau-devido-a-subida-do-petroleo\/","og_site_name":"Portal Tela Portugal","article_published_time":"2026-04-28T10:18:00+00:00","author":"Telinha","twitter_card":"summary_large_image","twitter_misc":{"Escrito por":"Telinha"},"schema":{"@context":"https:\/\/schema.org","@graph":[{"@type":"Article","@id":"https:\/\/portaltela.pt\/noticias\/2026\/04\/28\/deputados-pedem-subsidio-aos-transportes-em-macau-devido-a-subida-do-petroleo\/#article","isPartOf":{"@id":"https:\/\/portaltela.pt\/noticias\/2026\/04\/28\/deputados-pedem-subsidio-aos-transportes-em-macau-devido-a-subida-do-petroleo\/"},"author":{"name":"Telinha","@id":"https:\/\/portaltela.pt\/#\/schema\/person\/c4278d4a6028830caff9ee44b42d32ed"},"headline":"Deputados pedem subs\u00eddio aos transportes em Macau devido \u00e0 subida do petr\u00f3leo","datePublished":"2026-04-28T10:18:00+00:00","mainEntityOfPage":{"@id":"https:\/\/portaltela.pt\/noticias\/2026\/04\/28\/deputados-pedem-subsidio-aos-transportes-em-macau-devido-a-subida-do-petroleo\/"},"wordCount":108,"image":{"@id":"https:\/\/portaltela.pt\/noticias\/2026\/04\/28\/deputados-pedem-subsidio-aos-transportes-em-macau-devido-a-subida-do-petroleo\/#primaryimage"},"thumbnailUrl":"https:\/\/portaltela.pt\/s.01k8rhncp4jt1\/2026\/04\/CACHE_780X1200_ANALOG_WATERMARKED_25018380_7283813_06032019103414.jpg","keywords":["combust\u00edveis","Macau","pre\u00e7os","subs\u00eddios","transporte"],"articleSection":["Economia","Neg\u00f3cios"],"inLanguage":"pt-PT"},{"@type":"WebPage","@id":"https:\/\/portaltela.pt\/noticias\/2026\/04\/28\/deputados-pedem-subsidio-aos-transportes-em-macau-devido-a-subida-do-petroleo\/","url":"https:\/\/portaltela.pt\/noticias\/2026\/04\/28\/deputados-pedem-subsidio-aos-transportes-em-macau-devido-a-subida-do-petroleo\/","name":"Deputados pedem subs\u00eddio aos transportes em Macau devido \u00e0 subida do petr\u00f3leo - Portal Tela Portugal","isPartOf":{"@id":"https:\/\/portaltela.pt\/#website"},"primaryImageOfPage":{"@id":"https:\/\/portaltela.pt\/noticias\/2026\/04\/28\/deputados-pedem-subsidio-aos-transportes-em-macau-devido-a-subida-do-petroleo\/#primaryimage"},"image":{"@id":"https:\/\/portaltela.pt\/noticias\/2026\/04\/28\/deputados-pedem-subsidio-aos-transportes-em-macau-devido-a-subida-do-petroleo\/#primaryimage"},"thumbnailUrl":"https:\/\/portaltela.pt\/s.01k8rhncp4jt1\/2026\/04\/CACHE_780X1200_ANALOG_WATERMARKED_25018380_7283813_06032019103414.jpg","datePublished":"2026-04-28T10:18:00+00:00","author":{"@id":"https:\/\/portaltela.pt\/#\/schema\/person\/c4278d4a6028830caff9ee44b42d32ed"},"breadcrumb":{"@id":"https:\/\/portaltela.pt\/noticias\/2026\/04\/28\/deputados-pedem-subsidio-aos-transportes-em-macau-devido-a-subida-do-petroleo\/#breadcrumb"},"inLanguage":"pt-PT","potentialAction":[{"@type":"ReadAction","target":["https:\/\/portaltela.pt\/noticias\/2026\/04\/28\/deputados-pedem-subsidio-aos-transportes-em-macau-devido-a-subida-do-petroleo\/"]}]},{"@type":"ImageObject","inLanguage":"pt-PT","@id":"https:\/\/portaltela.pt\/noticias\/2026\/04\/28\/deputados-pedem-subsidio-aos-transportes-em-macau-devido-a-subida-do-petroleo\/#primaryimage","url":"https:\/\/portaltela.pt\/s.01k8rhncp4jt1\/2026\/04\/CACHE_780X1200_ANALOG_WATERMARKED_25018380_7283813_06032019103414.jpg","contentUrl":"https:\/\/portaltela.pt\/s.01k8rhncp4jt1\/2026\/04\/CACHE_780X1200_ANALOG_WATERMARKED_25018380_7283813_06032019103414.jpg","width":768,"height":512,"caption":"Deputados pedem que Macau subsidie transportes face \u00e0 subida do petr\u00f3leo"},{"@type":"BreadcrumbList","@id":"https:\/\/portaltela.pt\/noticias\/2026\/04\/28\/deputados-pedem-subsidio-aos-transportes-em-macau-devido-a-subida-do-petroleo\/#breadcrumb","itemListElement":[{"@type":"ListItem","position":1,"name":"In\u00edcio","item":"https:\/\/portaltela.pt\/"},{"@type":"ListItem","position":2,"name":"Deputados pedem subs\u00eddio aos transportes em Macau devido \u00e0 subida do petr\u00f3leo"}]},{"@type":"WebSite","@id":"https:\/\/portaltela.pt\/#website","url":"https:\/\/portaltela.pt\/","name":"Portal Tela Portugal","description":"","potentialAction":[{"@type":"SearchAction","target":{"@type":"EntryPoint","urlTemplate":"https:\/\/portaltela.pt\/?s={search_term_string}"},"query-input":{"@type":"PropertyValueSpecification","valueRequired":true,"valueName":"search_term_string"}}],"inLanguage":"pt-PT"},{"@type":"Person","@id":"https:\/\/portaltela.pt\/#\/schema\/person\/c4278d4a6028830caff9ee44b42d32ed","name":"Telinha","image":{"@type":"ImageObject","inLanguage":"pt-PT","@id":"https:\/\/portaltela.pt\/s.01k8rhncp4jt1\/2025\/11\/talking-bot-125x125.png","url":"https:\/\/portaltela.pt\/s.01k8rhncp4jt1\/2025\/11\/talking-bot-125x125.png","contentUrl":"https:\/\/portaltela.pt\/s.01k8rhncp4jt1\/2025\/11\/talking-bot-125x125.png","caption":"Telinha"},"sameAs":["https:\/\/portaltela.pt\/"],"url":"https:\/\/portaltela.pt\/por\/367410592786\/"}]}},"_links":{"self":[{"href":"https:\/\/portaltela.pt\/api\/wp\/v2\/posts\/459455","targetHints":{"allow":["GET"]}}],"collection":[{"href":"https:\/\/portaltela.pt\/api\/wp\/v2\/posts"}],"about":[{"href":"https:\/\/portaltela.pt\/api\/wp\/v2\/types\/post"}],"author":[{"embeddable":true,"href":"https:\/\/portaltela.pt\/api\/wp\/v2\/users\/2"}],"replies":[{"embeddable":true,"href":"https:\/\/portaltela.pt\/api\/wp\/v2\/comments?post=459455"}],"version-history":[{"count":0,"href":"https:\/\/portaltela.pt\/api\/wp\/v2\/posts\/459455\/revisions"}],"wp:featuredmedia":[{"embeddable":true,"href":"https:\/\/portaltela.pt\/api\/wp\/v2\/media\/459460"}],"wp:attachment":[{"href":"https:\/\/portaltela.pt\/api\/wp\/v2\/media?parent=459455"}],"wp:term":[{"taxonomy":"category","embeddable":true,"href":"https:\/\/portaltela.pt\/api\/wp\/v2\/categories?post=459455"},{"taxonomy":"post_tag","embeddable":true,"href":"https:\/\/portaltela.pt\/api\/wp\/v2\/tags?post=459455"}],"curies":[{"name":"wp","href":"https:\/\/api.w.org\/{rel}","templated":true}]}}