{"id":459443,"date":"2026-04-28T07:03:34","date_gmt":"2026-04-28T10:03:34","guid":{"rendered":"https:\/\/portaltela.pt\/noticias\/2026\/04\/28\/homem-armado-atira-em-atenas-deixando-varias-pessoas-feridas\/"},"modified":"2026-04-28T07:03:34","modified_gmt":"2026-04-28T10:03:34","slug":"homem-armado-atira-em-atenas-deixando-varias-pessoas-feridas","status":"publish","type":"post","link":"https:\/\/portaltela.pt\/justica\/2026\/04\/28\/homem-armado-atira-em-atenas-deixando-varias-pessoas-feridas\/","title":{"rendered":"Homem armado atira em Atenas, deixando v\u00e1rias pessoas feridas"},"content":{"rendered":"<p>Um homem armado com uma espingarda, de 89 anos, abriu fogo num escrit\u00f3rio da Seguran\u00e7a Social e num tribunal no centro de Atenas, na Gr\u00e9cia. O incidente ocorreu nesta ter\u00e7a-feira, deixando v\u00e1rias pessoas feridas e causando onda de choque na cidade.<\/p>\n<p>De acordo com a Associated Press, o suspeito feriu um funcion\u00e1rio do escrit\u00f3rio da Seguran\u00e7a Social, que recebeu atendimento no local, antes de fugir. O mesmo suspeito \u00e9 tamb\u00e9m apontado como respons\u00e1vel pelos disparos no tribunal.<\/p>\n<p>Imagens da ERT News mostram socorristas a transportar pelo menos tr\u00eas feridos do edif\u00edcio do tribunal para ambul\u00e2ncias. As autoridades gregas encontraram a arma utilizada no local.<\/p>\n<p>Embora o motivo permane\u00e7a sem confirma\u00e7\u00e3o, a ag\u00eancia noticiou que o suspeito atirou envelopes com documentos para o ch\u00e3o quando terminou o tiroteio, sugerindo que os ficheiros continham as raz\u00f5es do crime.<\/p>\n<h3>Investiga\u00e7\u00e3o em curso<\/h3>\n<p>A pol\u00edcia continua a recolher provas e a interrogar testemunhas para esclarecer o que motivou o ataque. N\u00e3o foram divulgadas informa\u00e7\u00f5es sobre a identidade das v\u00edtimas nem sobre o estado de sa\u00fade de cada uma.<\/p>\n","protected":false},"excerpt":{"rendered":"<ul>\n<li>Um homem armado com uma espingarda, de 89 anos, abriu fogo num escrit\u00f3rio da seguran\u00e7a social e num tribunal no centro de Atenas, Gr\u00e9cia.<\/li>\n<li>Feriu pelo menos um funcion\u00e1rio do escrit\u00f3rio da seguran\u00e7a social e, no tribunal, houve v\u00e1rias pessoas feridas, com socorristas a transportar os feridos.<\/li>\n<li>O suspeito fugiu ap\u00f3s os ataques; a arma utilizada foi encontrada no local.<\/li>\n<li>Imagens da emissora estatal mostram equipas de socorro a transportar feridos para ambul\u00e2ncias.<\/li>\n<li>Parte da investiga\u00e7\u00e3o indica que o homem atirou envelopes com documentos ao ch\u00e3o no final, sugerindo que esses pap\u00e9is podem conter as raz\u00f5es do crime.<\/li>\n<\/ul>\n","protected":false},"author":2,"featured_media":459444,"comment_status":"closed","ping_status":"closed","sticky":false,"template":"","format":"standard","meta":{"footnotes":""},"categories":[6907,6815],"tags":[1533,5267,1820,147,3137,250],"class_list":["post-459443","post","type-post","status-publish","format-standard","has-post-thumbnail","hentry","category-crime","category-justica","tag-armas-de-fogo","tag-ataques","tag-atenas","tag-crime","tag-grecia","tag-seguranca-publica"],"yoast_head":"<!-- This site is optimized with the Yoast SEO plugin v27.2 - https:\/\/yoast.com\/product\/yoast-seo-wordpress\/ -->\n<title>Homem armado atira em Atenas, deixando v\u00e1rias pessoas feridas - Portal Tela Portugal<\/title>\n<meta name=\"robots\" content=\"index, follow, max-snippet:-1, max-image-preview:large, max-video-preview:-1\" \/>\n<meta property=\"og:locale\" content=\"pt_PT\" \/>\n<meta property=\"og:type\" content=\"article\" \/>\n<meta property=\"og:title\" content=\"Homem armado atira em Atenas, deixando v\u00e1rias pessoas feridas - Portal Tela Portugal\" \/>\n<meta property=\"og:description\" content=\"Um homem armado com uma espingarda, de 89 anos, abriu fogo num escrit\u00f3rio da seguran\u00e7a social e num tribunal no centro de Atenas, Gr\u00e9cia. Feriu pelo menos um funcion\u00e1rio do escrit\u00f3rio da seguran\u00e7a social e, no tribunal, houve v\u00e1rias pessoas feridas, com socorristas a transportar os feridos. O suspeito fugiu ap\u00f3s os ataques; a arma utilizada foi encontrada no local. Imagens da emissora estatal mostram equipas de socorro a transportar feridos para ambul\u00e2ncias. Parte da investiga\u00e7\u00e3o indica que o homem atirou envelopes com documentos ao ch\u00e3o no final, sugerindo que esses pap\u00e9is podem conter as raz\u00f5es do crime.\" \/>\n<meta property=\"og:url\" content=\"https:\/\/portaltela.pt\/noticias\/2026\/04\/28\/homem-armado-atira-em-atenas-deixando-varias-pessoas-feridas\/\" \/>\n<meta property=\"og:site_name\" content=\"Portal Tela Portugal\" \/>\n<meta property=\"article:published_time\" content=\"2026-04-28T10:03:34+00:00\" \/>\n<meta name=\"author\" content=\"Telinha\" \/>\n<meta name=\"twitter:card\" content=\"summary_large_image\" \/>\n<meta name=\"twitter:label1\" content=\"Escrito por\" \/>\n\t<meta name=\"twitter:data1\" content=\"Telinha\" \/>\n\t<meta name=\"twitter:label2\" content=\"Tempo estimado de leitura\" \/>\n\t<meta name=\"twitter:data2\" content=\"1 minuto\" \/>\n<script type=\"application\/ld+json\" class=\"yoast-schema-graph\">{\"@context\":\"https:\/\/schema.org\",\"@graph\":[{\"@type\":\"Article\",\"@id\":\"https:\/\/portaltela.pt\/noticias\/2026\/04\/28\/homem-armado-atira-em-atenas-deixando-varias-pessoas-feridas\/#article\",\"isPartOf\":{\"@id\":\"https:\/\/portaltela.pt\/noticias\/2026\/04\/28\/homem-armado-atira-em-atenas-deixando-varias-pessoas-feridas\/\"},\"author\":{\"name\":\"Telinha\",\"@id\":\"https:\/\/portaltela.pt\/#\/schema\/person\/c4278d4a6028830caff9ee44b42d32ed\"},\"headline\":\"Homem armado atira em Atenas, deixando v\u00e1rias pessoas feridas\",\"datePublished\":\"2026-04-28T10:03:34+00:00\",\"mainEntityOfPage\":{\"@id\":\"https:\/\/portaltela.pt\/noticias\/2026\/04\/28\/homem-armado-atira-em-atenas-deixando-varias-pessoas-feridas\/\"},\"wordCount\":206,\"image\":{\"@id\":\"https:\/\/portaltela.pt\/noticias\/2026\/04\/28\/homem-armado-atira-em-atenas-deixando-varias-pessoas-feridas\/#primaryimage\"},\"thumbnailUrl\":\"https:\/\/portaltela.pt\/s.01k8rhncp4jt1\/2026\/04\/img_1500x1000uu2018-03-12-07-45-00-718014.jpg\",\"keywords\":[\"armas de fogo\",\"ataques\",\"Atenas\",\"crime\",\"Gr\u00e9cia\",\"seguran\u00e7a p\u00fablica\"],\"articleSection\":[\"Crime\",\"Justi\u00e7a\"],\"inLanguage\":\"pt-PT\"},{\"@type\":\"WebPage\",\"@id\":\"https:\/\/portaltela.pt\/noticias\/2026\/04\/28\/homem-armado-atira-em-atenas-deixando-varias-pessoas-feridas\/\",\"url\":\"https:\/\/portaltela.pt\/noticias\/2026\/04\/28\/homem-armado-atira-em-atenas-deixando-varias-pessoas-feridas\/\",\"name\":\"Homem armado atira em Atenas, deixando v\u00e1rias pessoas feridas - Portal Tela Portugal\",\"isPartOf\":{\"@id\":\"https:\/\/portaltela.pt\/#website\"},\"primaryImageOfPage\":{\"@id\":\"https:\/\/portaltela.pt\/noticias\/2026\/04\/28\/homem-armado-atira-em-atenas-deixando-varias-pessoas-feridas\/#primaryimage\"},\"image\":{\"@id\":\"https:\/\/portaltela.pt\/noticias\/2026\/04\/28\/homem-armado-atira-em-atenas-deixando-varias-pessoas-feridas\/#primaryimage\"},\"thumbnailUrl\":\"https:\/\/portaltela.pt\/s.01k8rhncp4jt1\/2026\/04\/img_1500x1000uu2018-03-12-07-45-00-718014.jpg\",\"datePublished\":\"2026-04-28T10:03:34+00:00\",\"author\":{\"@id\":\"https:\/\/portaltela.pt\/#\/schema\/person\/c4278d4a6028830caff9ee44b42d32ed\"},\"breadcrumb\":{\"@id\":\"https:\/\/portaltela.pt\/noticias\/2026\/04\/28\/homem-armado-atira-em-atenas-deixando-varias-pessoas-feridas\/#breadcrumb\"},\"inLanguage\":\"pt-PT\",\"potentialAction\":[{\"@type\":\"ReadAction\",\"target\":[\"https:\/\/portaltela.pt\/noticias\/2026\/04\/28\/homem-armado-atira-em-atenas-deixando-varias-pessoas-feridas\/\"]}]},{\"@type\":\"ImageObject\",\"inLanguage\":\"pt-PT\",\"@id\":\"https:\/\/portaltela.pt\/noticias\/2026\/04\/28\/homem-armado-atira-em-atenas-deixando-varias-pessoas-feridas\/#primaryimage\",\"url\":\"https:\/\/portaltela.pt\/s.01k8rhncp4jt1\/2026\/04\/img_1500x1000uu2018-03-12-07-45-00-718014.jpg\",\"contentUrl\":\"https:\/\/portaltela.pt\/s.01k8rhncp4jt1\/2026\/04\/img_1500x1000uu2018-03-12-07-45-00-718014.jpg\",\"width\":1500,\"height\":1000,\"caption\":\"Atenas, Gr\u00e9cia\"},{\"@type\":\"BreadcrumbList\",\"@id\":\"https:\/\/portaltela.pt\/noticias\/2026\/04\/28\/homem-armado-atira-em-atenas-deixando-varias-pessoas-feridas\/#breadcrumb\",\"itemListElement\":[{\"@type\":\"ListItem\",\"position\":1,\"name\":\"In\u00edcio\",\"item\":\"https:\/\/portaltela.pt\/\"},{\"@type\":\"ListItem\",\"position\":2,\"name\":\"Homem armado atira em Atenas, deixando v\u00e1rias pessoas feridas\"}]},{\"@type\":\"WebSite\",\"@id\":\"https:\/\/portaltela.pt\/#website\",\"url\":\"https:\/\/portaltela.pt\/\",\"name\":\"Portal Tela Portugal\",\"description\":\"\",\"potentialAction\":[{\"@type\":\"SearchAction\",\"target\":{\"@type\":\"EntryPoint\",\"urlTemplate\":\"https:\/\/portaltela.pt\/?s={search_term_string}\"},\"query-input\":{\"@type\":\"PropertyValueSpecification\",\"valueRequired\":true,\"valueName\":\"search_term_string\"}}],\"inLanguage\":\"pt-PT\"},{\"@type\":\"Person\",\"@id\":\"https:\/\/portaltela.pt\/#\/schema\/person\/c4278d4a6028830caff9ee44b42d32ed\",\"name\":\"Telinha\",\"image\":{\"@type\":\"ImageObject\",\"inLanguage\":\"pt-PT\",\"@id\":\"https:\/\/portaltela.pt\/s.01k8rhncp4jt1\/2025\/11\/talking-bot-125x125.png\",\"url\":\"https:\/\/portaltela.pt\/s.01k8rhncp4jt1\/2025\/11\/talking-bot-125x125.png\",\"contentUrl\":\"https:\/\/portaltela.pt\/s.01k8rhncp4jt1\/2025\/11\/talking-bot-125x125.png\",\"caption\":\"Telinha\"},\"sameAs\":[\"https:\/\/portaltela.pt\/\"],\"url\":\"https:\/\/portaltela.pt\/por\/367410592786\/\"}]}<\/script>\n<!-- \/ Yoast SEO plugin. -->","yoast_head_json":{"title":"Homem armado atira em Atenas, deixando v\u00e1rias pessoas feridas - Portal Tela Portugal","robots":{"index":"index","follow":"follow","max-snippet":"max-snippet:-1","max-image-preview":"max-image-preview:large","max-video-preview":"max-video-preview:-1"},"og_locale":"pt_PT","og_type":"article","og_title":"Homem armado atira em Atenas, deixando v\u00e1rias pessoas feridas - Portal Tela Portugal","og_description":"Um homem armado com uma espingarda, de 89 anos, abriu fogo num escrit\u00f3rio da seguran\u00e7a social e num tribunal no centro de Atenas, Gr\u00e9cia. Feriu pelo menos um funcion\u00e1rio do escrit\u00f3rio da seguran\u00e7a social e, no tribunal, houve v\u00e1rias pessoas feridas, com socorristas a transportar os feridos. O suspeito fugiu ap\u00f3s os ataques; a arma utilizada foi encontrada no local. Imagens da emissora estatal mostram equipas de socorro a transportar feridos para ambul\u00e2ncias. Parte da investiga\u00e7\u00e3o indica que o homem atirou envelopes com documentos ao ch\u00e3o no final, sugerindo que esses pap\u00e9is podem conter as raz\u00f5es do crime.","og_url":"https:\/\/portaltela.pt\/noticias\/2026\/04\/28\/homem-armado-atira-em-atenas-deixando-varias-pessoas-feridas\/","og_site_name":"Portal Tela Portugal","article_published_time":"2026-04-28T10:03:34+00:00","author":"Telinha","twitter_card":"summary_large_image","twitter_misc":{"Escrito por":"Telinha","Tempo estimado de leitura":"1 minuto"},"schema":{"@context":"https:\/\/schema.org","@graph":[{"@type":"Article","@id":"https:\/\/portaltela.pt\/noticias\/2026\/04\/28\/homem-armado-atira-em-atenas-deixando-varias-pessoas-feridas\/#article","isPartOf":{"@id":"https:\/\/portaltela.pt\/noticias\/2026\/04\/28\/homem-armado-atira-em-atenas-deixando-varias-pessoas-feridas\/"},"author":{"name":"Telinha","@id":"https:\/\/portaltela.pt\/#\/schema\/person\/c4278d4a6028830caff9ee44b42d32ed"},"headline":"Homem armado atira em Atenas, deixando v\u00e1rias pessoas feridas","datePublished":"2026-04-28T10:03:34+00:00","mainEntityOfPage":{"@id":"https:\/\/portaltela.pt\/noticias\/2026\/04\/28\/homem-armado-atira-em-atenas-deixando-varias-pessoas-feridas\/"},"wordCount":206,"image":{"@id":"https:\/\/portaltela.pt\/noticias\/2026\/04\/28\/homem-armado-atira-em-atenas-deixando-varias-pessoas-feridas\/#primaryimage"},"thumbnailUrl":"https:\/\/portaltela.pt\/s.01k8rhncp4jt1\/2026\/04\/img_1500x1000uu2018-03-12-07-45-00-718014.jpg","keywords":["armas de fogo","ataques","Atenas","crime","Gr\u00e9cia","seguran\u00e7a p\u00fablica"],"articleSection":["Crime","Justi\u00e7a"],"inLanguage":"pt-PT"},{"@type":"WebPage","@id":"https:\/\/portaltela.pt\/noticias\/2026\/04\/28\/homem-armado-atira-em-atenas-deixando-varias-pessoas-feridas\/","url":"https:\/\/portaltela.pt\/noticias\/2026\/04\/28\/homem-armado-atira-em-atenas-deixando-varias-pessoas-feridas\/","name":"Homem armado atira em Atenas, deixando v\u00e1rias pessoas feridas - Portal Tela Portugal","isPartOf":{"@id":"https:\/\/portaltela.pt\/#website"},"primaryImageOfPage":{"@id":"https:\/\/portaltela.pt\/noticias\/2026\/04\/28\/homem-armado-atira-em-atenas-deixando-varias-pessoas-feridas\/#primaryimage"},"image":{"@id":"https:\/\/portaltela.pt\/noticias\/2026\/04\/28\/homem-armado-atira-em-atenas-deixando-varias-pessoas-feridas\/#primaryimage"},"thumbnailUrl":"https:\/\/portaltela.pt\/s.01k8rhncp4jt1\/2026\/04\/img_1500x1000uu2018-03-12-07-45-00-718014.jpg","datePublished":"2026-04-28T10:03:34+00:00","author":{"@id":"https:\/\/portaltela.pt\/#\/schema\/person\/c4278d4a6028830caff9ee44b42d32ed"},"breadcrumb":{"@id":"https:\/\/portaltela.pt\/noticias\/2026\/04\/28\/homem-armado-atira-em-atenas-deixando-varias-pessoas-feridas\/#breadcrumb"},"inLanguage":"pt-PT","potentialAction":[{"@type":"ReadAction","target":["https:\/\/portaltela.pt\/noticias\/2026\/04\/28\/homem-armado-atira-em-atenas-deixando-varias-pessoas-feridas\/"]}]},{"@type":"ImageObject","inLanguage":"pt-PT","@id":"https:\/\/portaltela.pt\/noticias\/2026\/04\/28\/homem-armado-atira-em-atenas-deixando-varias-pessoas-feridas\/#primaryimage","url":"https:\/\/portaltela.pt\/s.01k8rhncp4jt1\/2026\/04\/img_1500x1000uu2018-03-12-07-45-00-718014.jpg","contentUrl":"https:\/\/portaltela.pt\/s.01k8rhncp4jt1\/2026\/04\/img_1500x1000uu2018-03-12-07-45-00-718014.jpg","width":1500,"height":1000,"caption":"Atenas, Gr\u00e9cia"},{"@type":"BreadcrumbList","@id":"https:\/\/portaltela.pt\/noticias\/2026\/04\/28\/homem-armado-atira-em-atenas-deixando-varias-pessoas-feridas\/#breadcrumb","itemListElement":[{"@type":"ListItem","position":1,"name":"In\u00edcio","item":"https:\/\/portaltela.pt\/"},{"@type":"ListItem","position":2,"name":"Homem armado atira em Atenas, deixando v\u00e1rias pessoas feridas"}]},{"@type":"WebSite","@id":"https:\/\/portaltela.pt\/#website","url":"https:\/\/portaltela.pt\/","name":"Portal Tela Portugal","description":"","potentialAction":[{"@type":"SearchAction","target":{"@type":"EntryPoint","urlTemplate":"https:\/\/portaltela.pt\/?s={search_term_string}"},"query-input":{"@type":"PropertyValueSpecification","valueRequired":true,"valueName":"search_term_string"}}],"inLanguage":"pt-PT"},{"@type":"Person","@id":"https:\/\/portaltela.pt\/#\/schema\/person\/c4278d4a6028830caff9ee44b42d32ed","name":"Telinha","image":{"@type":"ImageObject","inLanguage":"pt-PT","@id":"https:\/\/portaltela.pt\/s.01k8rhncp4jt1\/2025\/11\/talking-bot-125x125.png","url":"https:\/\/portaltela.pt\/s.01k8rhncp4jt1\/2025\/11\/talking-bot-125x125.png","contentUrl":"https:\/\/portaltela.pt\/s.01k8rhncp4jt1\/2025\/11\/talking-bot-125x125.png","caption":"Telinha"},"sameAs":["https:\/\/portaltela.pt\/"],"url":"https:\/\/portaltela.pt\/por\/367410592786\/"}]}},"_links":{"self":[{"href":"https:\/\/portaltela.pt\/api\/wp\/v2\/posts\/459443","targetHints":{"allow":["GET"]}}],"collection":[{"href":"https:\/\/portaltela.pt\/api\/wp\/v2\/posts"}],"about":[{"href":"https:\/\/portaltela.pt\/api\/wp\/v2\/types\/post"}],"author":[{"embeddable":true,"href":"https:\/\/portaltela.pt\/api\/wp\/v2\/users\/2"}],"replies":[{"embeddable":true,"href":"https:\/\/portaltela.pt\/api\/wp\/v2\/comments?post=459443"}],"version-history":[{"count":0,"href":"https:\/\/portaltela.pt\/api\/wp\/v2\/posts\/459443\/revisions"}],"wp:featuredmedia":[{"embeddable":true,"href":"https:\/\/portaltela.pt\/api\/wp\/v2\/media\/459444"}],"wp:attachment":[{"href":"https:\/\/portaltela.pt\/api\/wp\/v2\/media?parent=459443"}],"wp:term":[{"taxonomy":"category","embeddable":true,"href":"https:\/\/portaltela.pt\/api\/wp\/v2\/categories?post=459443"},{"taxonomy":"post_tag","embeddable":true,"href":"https:\/\/portaltela.pt\/api\/wp\/v2\/tags?post=459443"}],"curies":[{"name":"wp","href":"https:\/\/api.w.org\/{rel}","templated":true}]}}