{"id":459429,"date":"2026-04-28T06:12:00","date_gmt":"2026-04-28T09:12:00","guid":{"rendered":"https:\/\/portaltela.pt\/noticias\/2026\/04\/28\/bruxelas-pressiona-eurodeputados-e-estados-membros-para-orcamento-da-ue\/"},"modified":"2026-04-28T06:12:00","modified_gmt":"2026-04-28T09:12:00","slug":"bruxelas-pressiona-eurodeputados-e-estados-membros-para-orcamento-da-ue","status":"publish","type":"post","link":"https:\/\/portaltela.pt\/noticias\/economia\/2026\/04\/28\/bruxelas-pressiona-eurodeputados-e-estados-membros-para-orcamento-da-ue\/","title":{"rendered":"Bruxelas pressiona eurodeputados e Estados-membros para or\u00e7amento da UE"},"content":{"rendered":"<p>Bruxelas est\u00e1 a exercer press\u00e3o sobre eurodeputados e Estados-Membros para chegar a um acordo sobre o or\u00e7amento da UE para o pr\u00f3ximo ciclo. A Uni\u00e3o pretende desbloquear recursos e evitar atrasos na execu\u00e7\u00e3o de programas.<\/p>\n<p>A abordagem visa consolidar um entendimento entre o Parlamento Europeu e o Conselho, com a participa\u00e7\u00e3o da Comiss\u00e3o Europeia. As negocia\u00e7\u00f5es observam-se como priorit\u00e1rias para manter a previsibilidade financeira.<\/p>\n<p>Entre os intervenientes est\u00e3o os eurodeputados, as delega\u00e7\u00f5es dos Estados-Membros e a Comiss\u00e3o Europeia, que coordena as propostas e as mudan\u00e7as necess\u00e1rias. O objetivo \u00e9 um texto est\u00e1vel e aplic\u00e1vel.<\/p>\n<p>As raz\u00f5es apontadas incluem assegurar financiamento suficiente para programas-chave e responder a desafios econ\u00f3micos, sociais e de seguran\u00e7a. O foco recai sobre a continuidade e a efici\u00eancia da execu\u00e7\u00e3o or\u00e7amental.<\/p>\n<p>As autoridades procuram manter o ritmo das negocia\u00e7\u00f5es e evitar rupturas que possam atrasar a aprova\u00e7\u00e3o final. O desenrolar das conversa\u00e7\u00f5es permanece em reserva, com atualiza\u00e7\u00f5es pendentes conforme as&#8221;, &#8220;situaciones evoluem.<\/p>\n","protected":false},"excerpt":{"rendered":"<ul>\n<li>Bruxelas est\u00e1 a pressionar eurodeputados e pa\u00edses-membros para chegar a acordo sobre o or\u00e7amento da Uni\u00e3o Europeia.<\/li>\n<li>O conte\u00fado completo est\u00e1 dispon\u00edvel apenas para subscritores.<\/li>\n<li>O excerto n\u00e3o traz detalhes adicionais sobre datas ou etapas do processo.<\/li>\n<\/ul>\n","protected":false},"author":2,"featured_media":459432,"comment_status":"closed","ping_status":"closed","sticky":false,"template":"","format":"standard","meta":{"footnotes":""},"categories":[2,7383],"tags":[1638,151,733,6000,7153,2055],"class_list":["post-459429","post","type-post","status-publish","format-standard","has-post-thumbnail","hentry","category-economia","category-orcamento","tag-comissao-europeia","tag-conselho","tag-financas-publicas","tag-orcamento","tag-parlamento-europeu","tag-uniao-europeia"],"yoast_head":"<!-- This site is optimized with the Yoast SEO plugin v27.2 - https:\/\/yoast.com\/product\/yoast-seo-wordpress\/ -->\n<title>Bruxelas pressiona eurodeputados e Estados-membros para or\u00e7amento da UE - Portal Tela Portugal<\/title>\n<meta name=\"robots\" content=\"index, follow, max-snippet:-1, max-image-preview:large, max-video-preview:-1\" \/>\n<meta property=\"og:locale\" content=\"pt_PT\" \/>\n<meta property=\"og:type\" content=\"article\" \/>\n<meta property=\"og:title\" content=\"Bruxelas pressiona eurodeputados e Estados-membros para or\u00e7amento da UE - Portal Tela Portugal\" \/>\n<meta property=\"og:description\" content=\"Bruxelas est\u00e1 a pressionar eurodeputados e pa\u00edses-membros para chegar a acordo sobre o or\u00e7amento da Uni\u00e3o Europeia. O conte\u00fado completo est\u00e1 dispon\u00edvel apenas para subscritores. O excerto n\u00e3o traz detalhes adicionais sobre datas ou etapas do processo.\" \/>\n<meta property=\"og:url\" content=\"https:\/\/portaltela.pt\/noticias\/2026\/04\/28\/bruxelas-pressiona-eurodeputados-e-estados-membros-para-orcamento-da-ue\/\" \/>\n<meta property=\"og:site_name\" content=\"Portal Tela Portugal\" \/>\n<meta property=\"article:published_time\" content=\"2026-04-28T09:12:00+00:00\" \/>\n<meta name=\"author\" content=\"Telinha\" \/>\n<meta name=\"twitter:card\" content=\"summary_large_image\" \/>\n<meta name=\"twitter:label1\" content=\"Escrito por\" \/>\n\t<meta name=\"twitter:data1\" content=\"Telinha\" \/>\n\t<meta name=\"twitter:label2\" content=\"Tempo estimado de leitura\" \/>\n\t<meta name=\"twitter:data2\" content=\"1 minuto\" \/>\n<script type=\"application\/ld+json\" class=\"yoast-schema-graph\">{\"@context\":\"https:\/\/schema.org\",\"@graph\":[{\"@type\":\"Article\",\"@id\":\"https:\/\/portaltela.pt\/noticias\/2026\/04\/28\/bruxelas-pressiona-eurodeputados-e-estados-membros-para-orcamento-da-ue\/#article\",\"isPartOf\":{\"@id\":\"https:\/\/portaltela.pt\/noticias\/2026\/04\/28\/bruxelas-pressiona-eurodeputados-e-estados-membros-para-orcamento-da-ue\/\"},\"author\":{\"name\":\"Telinha\",\"@id\":\"https:\/\/portaltela.pt\/#\/schema\/person\/c4278d4a6028830caff9ee44b42d32ed\"},\"headline\":\"Bruxelas pressiona eurodeputados e Estados-membros para or\u00e7amento da UE\",\"datePublished\":\"2026-04-28T09:12:00+00:00\",\"mainEntityOfPage\":{\"@id\":\"https:\/\/portaltela.pt\/noticias\/2026\/04\/28\/bruxelas-pressiona-eurodeputados-e-estados-membros-para-orcamento-da-ue\/\"},\"wordCount\":190,\"image\":{\"@id\":\"https:\/\/portaltela.pt\/noticias\/2026\/04\/28\/bruxelas-pressiona-eurodeputados-e-estados-membros-para-orcamento-da-ue\/#primaryimage\"},\"thumbnailUrl\":\"https:\/\/portaltela.pt\/s.01k8rhncp4jt1\/2026\/04\/CACHE_780X1200_ANALOG_WATERMARKED_35870255_19520665374304.jpg\",\"keywords\":[\"Comiss\u00e3o Europeia\",\"conselho\",\"finan\u00e7as p\u00fablicas\",\"or\u00e7amento\",\"Parlamento Europeu\",\"Uni\u00e3o Europeia\"],\"articleSection\":[\"Economia\",\"Or\u00e7amento\"],\"inLanguage\":\"pt-PT\"},{\"@type\":\"WebPage\",\"@id\":\"https:\/\/portaltela.pt\/noticias\/2026\/04\/28\/bruxelas-pressiona-eurodeputados-e-estados-membros-para-orcamento-da-ue\/\",\"url\":\"https:\/\/portaltela.pt\/noticias\/2026\/04\/28\/bruxelas-pressiona-eurodeputados-e-estados-membros-para-orcamento-da-ue\/\",\"name\":\"Bruxelas pressiona eurodeputados e Estados-membros para or\u00e7amento da UE - Portal Tela Portugal\",\"isPartOf\":{\"@id\":\"https:\/\/portaltela.pt\/#website\"},\"primaryImageOfPage\":{\"@id\":\"https:\/\/portaltela.pt\/noticias\/2026\/04\/28\/bruxelas-pressiona-eurodeputados-e-estados-membros-para-orcamento-da-ue\/#primaryimage\"},\"image\":{\"@id\":\"https:\/\/portaltela.pt\/noticias\/2026\/04\/28\/bruxelas-pressiona-eurodeputados-e-estados-membros-para-orcamento-da-ue\/#primaryimage\"},\"thumbnailUrl\":\"https:\/\/portaltela.pt\/s.01k8rhncp4jt1\/2026\/04\/CACHE_780X1200_ANALOG_WATERMARKED_35870255_19520665374304.jpg\",\"datePublished\":\"2026-04-28T09:12:00+00:00\",\"author\":{\"@id\":\"https:\/\/portaltela.pt\/#\/schema\/person\/c4278d4a6028830caff9ee44b42d32ed\"},\"breadcrumb\":{\"@id\":\"https:\/\/portaltela.pt\/noticias\/2026\/04\/28\/bruxelas-pressiona-eurodeputados-e-estados-membros-para-orcamento-da-ue\/#breadcrumb\"},\"inLanguage\":\"pt-PT\",\"potentialAction\":[{\"@type\":\"ReadAction\",\"target\":[\"https:\/\/portaltela.pt\/noticias\/2026\/04\/28\/bruxelas-pressiona-eurodeputados-e-estados-membros-para-orcamento-da-ue\/\"]}]},{\"@type\":\"ImageObject\",\"inLanguage\":\"pt-PT\",\"@id\":\"https:\/\/portaltela.pt\/noticias\/2026\/04\/28\/bruxelas-pressiona-eurodeputados-e-estados-membros-para-orcamento-da-ue\/#primaryimage\",\"url\":\"https:\/\/portaltela.pt\/s.01k8rhncp4jt1\/2026\/04\/CACHE_780X1200_ANALOG_WATERMARKED_35870255_19520665374304.jpg\",\"contentUrl\":\"https:\/\/portaltela.pt\/s.01k8rhncp4jt1\/2026\/04\/CACHE_780X1200_ANALOG_WATERMARKED_35870255_19520665374304.jpg\",\"width\":796,\"height\":448,\"caption\":\"Bruxelas pressiona eurodeputados e pa\u00edses a acordo sobre or\u00e7amento da UE\"},{\"@type\":\"BreadcrumbList\",\"@id\":\"https:\/\/portaltela.pt\/noticias\/2026\/04\/28\/bruxelas-pressiona-eurodeputados-e-estados-membros-para-orcamento-da-ue\/#breadcrumb\",\"itemListElement\":[{\"@type\":\"ListItem\",\"position\":1,\"name\":\"In\u00edcio\",\"item\":\"https:\/\/portaltela.pt\/\"},{\"@type\":\"ListItem\",\"position\":2,\"name\":\"Bruxelas pressiona eurodeputados e Estados-membros para or\u00e7amento da UE\"}]},{\"@type\":\"WebSite\",\"@id\":\"https:\/\/portaltela.pt\/#website\",\"url\":\"https:\/\/portaltela.pt\/\",\"name\":\"Portal Tela Portugal\",\"description\":\"\",\"potentialAction\":[{\"@type\":\"SearchAction\",\"target\":{\"@type\":\"EntryPoint\",\"urlTemplate\":\"https:\/\/portaltela.pt\/?s={search_term_string}\"},\"query-input\":{\"@type\":\"PropertyValueSpecification\",\"valueRequired\":true,\"valueName\":\"search_term_string\"}}],\"inLanguage\":\"pt-PT\"},{\"@type\":\"Person\",\"@id\":\"https:\/\/portaltela.pt\/#\/schema\/person\/c4278d4a6028830caff9ee44b42d32ed\",\"name\":\"Telinha\",\"image\":{\"@type\":\"ImageObject\",\"inLanguage\":\"pt-PT\",\"@id\":\"https:\/\/portaltela.pt\/s.01k8rhncp4jt1\/2025\/11\/talking-bot-125x125.png\",\"url\":\"https:\/\/portaltela.pt\/s.01k8rhncp4jt1\/2025\/11\/talking-bot-125x125.png\",\"contentUrl\":\"https:\/\/portaltela.pt\/s.01k8rhncp4jt1\/2025\/11\/talking-bot-125x125.png\",\"caption\":\"Telinha\"},\"sameAs\":[\"https:\/\/portaltela.pt\/\"],\"url\":\"https:\/\/portaltela.pt\/por\/367410592786\/\"}]}<\/script>\n<!-- \/ Yoast SEO plugin. -->","yoast_head_json":{"title":"Bruxelas pressiona eurodeputados e Estados-membros para or\u00e7amento da UE - Portal Tela Portugal","robots":{"index":"index","follow":"follow","max-snippet":"max-snippet:-1","max-image-preview":"max-image-preview:large","max-video-preview":"max-video-preview:-1"},"og_locale":"pt_PT","og_type":"article","og_title":"Bruxelas pressiona eurodeputados e Estados-membros para or\u00e7amento da UE - Portal Tela Portugal","og_description":"Bruxelas est\u00e1 a pressionar eurodeputados e pa\u00edses-membros para chegar a acordo sobre o or\u00e7amento da Uni\u00e3o Europeia. O conte\u00fado completo est\u00e1 dispon\u00edvel apenas para subscritores. O excerto n\u00e3o traz detalhes adicionais sobre datas ou etapas do processo.","og_url":"https:\/\/portaltela.pt\/noticias\/2026\/04\/28\/bruxelas-pressiona-eurodeputados-e-estados-membros-para-orcamento-da-ue\/","og_site_name":"Portal Tela Portugal","article_published_time":"2026-04-28T09:12:00+00:00","author":"Telinha","twitter_card":"summary_large_image","twitter_misc":{"Escrito por":"Telinha","Tempo estimado de leitura":"1 minuto"},"schema":{"@context":"https:\/\/schema.org","@graph":[{"@type":"Article","@id":"https:\/\/portaltela.pt\/noticias\/2026\/04\/28\/bruxelas-pressiona-eurodeputados-e-estados-membros-para-orcamento-da-ue\/#article","isPartOf":{"@id":"https:\/\/portaltela.pt\/noticias\/2026\/04\/28\/bruxelas-pressiona-eurodeputados-e-estados-membros-para-orcamento-da-ue\/"},"author":{"name":"Telinha","@id":"https:\/\/portaltela.pt\/#\/schema\/person\/c4278d4a6028830caff9ee44b42d32ed"},"headline":"Bruxelas pressiona eurodeputados e Estados-membros para or\u00e7amento da UE","datePublished":"2026-04-28T09:12:00+00:00","mainEntityOfPage":{"@id":"https:\/\/portaltela.pt\/noticias\/2026\/04\/28\/bruxelas-pressiona-eurodeputados-e-estados-membros-para-orcamento-da-ue\/"},"wordCount":190,"image":{"@id":"https:\/\/portaltela.pt\/noticias\/2026\/04\/28\/bruxelas-pressiona-eurodeputados-e-estados-membros-para-orcamento-da-ue\/#primaryimage"},"thumbnailUrl":"https:\/\/portaltela.pt\/s.01k8rhncp4jt1\/2026\/04\/CACHE_780X1200_ANALOG_WATERMARKED_35870255_19520665374304.jpg","keywords":["Comiss\u00e3o Europeia","conselho","finan\u00e7as p\u00fablicas","or\u00e7amento","Parlamento Europeu","Uni\u00e3o Europeia"],"articleSection":["Economia","Or\u00e7amento"],"inLanguage":"pt-PT"},{"@type":"WebPage","@id":"https:\/\/portaltela.pt\/noticias\/2026\/04\/28\/bruxelas-pressiona-eurodeputados-e-estados-membros-para-orcamento-da-ue\/","url":"https:\/\/portaltela.pt\/noticias\/2026\/04\/28\/bruxelas-pressiona-eurodeputados-e-estados-membros-para-orcamento-da-ue\/","name":"Bruxelas pressiona eurodeputados e Estados-membros para or\u00e7amento da UE - Portal Tela Portugal","isPartOf":{"@id":"https:\/\/portaltela.pt\/#website"},"primaryImageOfPage":{"@id":"https:\/\/portaltela.pt\/noticias\/2026\/04\/28\/bruxelas-pressiona-eurodeputados-e-estados-membros-para-orcamento-da-ue\/#primaryimage"},"image":{"@id":"https:\/\/portaltela.pt\/noticias\/2026\/04\/28\/bruxelas-pressiona-eurodeputados-e-estados-membros-para-orcamento-da-ue\/#primaryimage"},"thumbnailUrl":"https:\/\/portaltela.pt\/s.01k8rhncp4jt1\/2026\/04\/CACHE_780X1200_ANALOG_WATERMARKED_35870255_19520665374304.jpg","datePublished":"2026-04-28T09:12:00+00:00","author":{"@id":"https:\/\/portaltela.pt\/#\/schema\/person\/c4278d4a6028830caff9ee44b42d32ed"},"breadcrumb":{"@id":"https:\/\/portaltela.pt\/noticias\/2026\/04\/28\/bruxelas-pressiona-eurodeputados-e-estados-membros-para-orcamento-da-ue\/#breadcrumb"},"inLanguage":"pt-PT","potentialAction":[{"@type":"ReadAction","target":["https:\/\/portaltela.pt\/noticias\/2026\/04\/28\/bruxelas-pressiona-eurodeputados-e-estados-membros-para-orcamento-da-ue\/"]}]},{"@type":"ImageObject","inLanguage":"pt-PT","@id":"https:\/\/portaltela.pt\/noticias\/2026\/04\/28\/bruxelas-pressiona-eurodeputados-e-estados-membros-para-orcamento-da-ue\/#primaryimage","url":"https:\/\/portaltela.pt\/s.01k8rhncp4jt1\/2026\/04\/CACHE_780X1200_ANALOG_WATERMARKED_35870255_19520665374304.jpg","contentUrl":"https:\/\/portaltela.pt\/s.01k8rhncp4jt1\/2026\/04\/CACHE_780X1200_ANALOG_WATERMARKED_35870255_19520665374304.jpg","width":796,"height":448,"caption":"Bruxelas pressiona eurodeputados e pa\u00edses a acordo sobre or\u00e7amento da UE"},{"@type":"BreadcrumbList","@id":"https:\/\/portaltela.pt\/noticias\/2026\/04\/28\/bruxelas-pressiona-eurodeputados-e-estados-membros-para-orcamento-da-ue\/#breadcrumb","itemListElement":[{"@type":"ListItem","position":1,"name":"In\u00edcio","item":"https:\/\/portaltela.pt\/"},{"@type":"ListItem","position":2,"name":"Bruxelas pressiona eurodeputados e Estados-membros para or\u00e7amento da UE"}]},{"@type":"WebSite","@id":"https:\/\/portaltela.pt\/#website","url":"https:\/\/portaltela.pt\/","name":"Portal Tela Portugal","description":"","potentialAction":[{"@type":"SearchAction","target":{"@type":"EntryPoint","urlTemplate":"https:\/\/portaltela.pt\/?s={search_term_string}"},"query-input":{"@type":"PropertyValueSpecification","valueRequired":true,"valueName":"search_term_string"}}],"inLanguage":"pt-PT"},{"@type":"Person","@id":"https:\/\/portaltela.pt\/#\/schema\/person\/c4278d4a6028830caff9ee44b42d32ed","name":"Telinha","image":{"@type":"ImageObject","inLanguage":"pt-PT","@id":"https:\/\/portaltela.pt\/s.01k8rhncp4jt1\/2025\/11\/talking-bot-125x125.png","url":"https:\/\/portaltela.pt\/s.01k8rhncp4jt1\/2025\/11\/talking-bot-125x125.png","contentUrl":"https:\/\/portaltela.pt\/s.01k8rhncp4jt1\/2025\/11\/talking-bot-125x125.png","caption":"Telinha"},"sameAs":["https:\/\/portaltela.pt\/"],"url":"https:\/\/portaltela.pt\/por\/367410592786\/"}]}},"_links":{"self":[{"href":"https:\/\/portaltela.pt\/api\/wp\/v2\/posts\/459429","targetHints":{"allow":["GET"]}}],"collection":[{"href":"https:\/\/portaltela.pt\/api\/wp\/v2\/posts"}],"about":[{"href":"https:\/\/portaltela.pt\/api\/wp\/v2\/types\/post"}],"author":[{"embeddable":true,"href":"https:\/\/portaltela.pt\/api\/wp\/v2\/users\/2"}],"replies":[{"embeddable":true,"href":"https:\/\/portaltela.pt\/api\/wp\/v2\/comments?post=459429"}],"version-history":[{"count":0,"href":"https:\/\/portaltela.pt\/api\/wp\/v2\/posts\/459429\/revisions"}],"wp:featuredmedia":[{"embeddable":true,"href":"https:\/\/portaltela.pt\/api\/wp\/v2\/media\/459432"}],"wp:attachment":[{"href":"https:\/\/portaltela.pt\/api\/wp\/v2\/media?parent=459429"}],"wp:term":[{"taxonomy":"category","embeddable":true,"href":"https:\/\/portaltela.pt\/api\/wp\/v2\/categories?post=459429"},{"taxonomy":"post_tag","embeddable":true,"href":"https:\/\/portaltela.pt\/api\/wp\/v2\/tags?post=459429"}],"curies":[{"name":"wp","href":"https:\/\/api.w.org\/{rel}","templated":true}]}}