{"id":459413,"date":"2026-04-28T06:33:30","date_gmt":"2026-04-28T09:33:30","guid":{"rendered":"https:\/\/portaltela.pt\/noticias\/2026\/04\/28\/nuno-homem-de-sa-critica-a-saida-do-tribunal-e-o-ministerio-publico\/"},"modified":"2026-04-28T06:33:30","modified_gmt":"2026-04-28T09:33:30","slug":"nuno-homem-de-sa-critica-a-saida-do-tribunal-e-o-ministerio-publico","status":"publish","type":"post","link":"https:\/\/portaltela.pt\/celebridades\/2026\/04\/28\/nuno-homem-de-sa-critica-a-saida-do-tribunal-e-o-ministerio-publico\/","title":{"rendered":"Nuno Homem de S\u00e1 critica a sa\u00edda do tribunal e o Minist\u00e9rio P\u00fablico"},"content":{"rendered":"<p>O ator Nuno Homem de S\u00e1 criticou publicamente a atua\u00e7\u00e3o do Minist\u00e9rio P\u00fablico ap\u00f3s a leitura da senten\u00e7a ter sido adiada no Tribunal de Torres Vedras. O artista, 64 anos, expressou a sua insatisfa\u00e7\u00e3o com a decis\u00e3o.<\/p>\n<p>A audi\u00eancia decorreu no mesmo tribunal, mas a leitura da senten\u00e7a n\u00e3o foi conclu\u00edda na data marcada. A comunica\u00e7\u00e3o oficial sobre o adiamento n\u00e3o detalhou os motivos apresentados pela justi\u00e7a.<\/p>\n<p>O caso n\u00e3o encerrou ainda os seus tr\u00e2mites processuais. Nuno Homem de S\u00e1 volta ao Tribunal de Torres Vedras no pr\u00f3ximo dia 18 para futuras dilig\u00eancias relacionadas com o processo.<\/p>\n","protected":false},"excerpt":{"rendered":"<ul>\n<li>O processo teve a leitura da senten\u00e7a adiada.<\/li>\n<li>O ator Nuno Homem de S\u00e1, de 64 anos, criticou a decis\u00e3o e a atua\u00e7\u00e3o do Minist\u00e9rio P\u00fablico aquando da sa\u00edda do tribunal.<\/li>\n<li>O artista volta ao Tribunal de Torres Vedras no pr\u00f3ximo dia 18.<\/li>\n<li>O tom da cr\u00edtica visa a forma como o Minist\u00e9rio P\u00fablico se manteve durante o desenrolar do processo.<\/li>\n<\/ul>\n","protected":false},"author":2,"featured_media":459415,"comment_status":"closed","ping_status":"closed","sticky":false,"template":"","format":"standard","meta":{"footnotes":""},"categories":[6675],"tags":[803,2613,5661,3667,1835,6208],"class_list":["post-459413","post","type-post","status-publish","format-standard","has-post-thumbnail","hentry","category-celebridades","tag-justica","tag-ministerio-publico","tag-pessoas-publicas","tag-processos","tag-torres-vedras","tag-tribunais"],"yoast_head":"<!-- This site is optimized with the Yoast SEO plugin v27.2 - https:\/\/yoast.com\/product\/yoast-seo-wordpress\/ -->\n<title>Nuno Homem de S\u00e1 critica a sa\u00edda do tribunal e o Minist\u00e9rio P\u00fablico - Portal Tela Portugal<\/title>\n<meta name=\"robots\" content=\"index, follow, max-snippet:-1, max-image-preview:large, max-video-preview:-1\" \/>\n<meta property=\"og:locale\" content=\"pt_PT\" \/>\n<meta property=\"og:type\" content=\"article\" \/>\n<meta property=\"og:title\" content=\"Nuno Homem de S\u00e1 critica a sa\u00edda do tribunal e o Minist\u00e9rio P\u00fablico - Portal Tela Portugal\" \/>\n<meta property=\"og:description\" content=\"O processo teve a leitura da senten\u00e7a adiada. O ator Nuno Homem de S\u00e1, de 64 anos, criticou a decis\u00e3o e a atua\u00e7\u00e3o do Minist\u00e9rio P\u00fablico aquando da sa\u00edda do tribunal. O artista volta ao Tribunal de Torres Vedras no pr\u00f3ximo dia 18. O tom da cr\u00edtica visa a forma como o Minist\u00e9rio P\u00fablico se manteve durante o desenrolar do processo.\" \/>\n<meta property=\"og:url\" content=\"https:\/\/portaltela.pt\/noticias\/2026\/04\/28\/nuno-homem-de-sa-critica-a-saida-do-tribunal-e-o-ministerio-publico\/\" \/>\n<meta property=\"og:site_name\" content=\"Portal Tela Portugal\" \/>\n<meta property=\"article:published_time\" content=\"2026-04-28T09:33:30+00:00\" \/>\n<meta name=\"author\" content=\"Telinha\" \/>\n<meta name=\"twitter:card\" content=\"summary_large_image\" \/>\n<meta name=\"twitter:label1\" content=\"Escrito por\" \/>\n\t<meta name=\"twitter:data1\" content=\"Telinha\" \/>\n\t<meta name=\"twitter:label2\" content=\"Tempo estimado de leitura\" \/>\n\t<meta name=\"twitter:data2\" content=\"1 minuto\" \/>\n<script type=\"application\/ld+json\" class=\"yoast-schema-graph\">{\"@context\":\"https:\/\/schema.org\",\"@graph\":[{\"@type\":\"Article\",\"@id\":\"https:\/\/portaltela.pt\/noticias\/2026\/04\/28\/nuno-homem-de-sa-critica-a-saida-do-tribunal-e-o-ministerio-publico\/#article\",\"isPartOf\":{\"@id\":\"https:\/\/portaltela.pt\/noticias\/2026\/04\/28\/nuno-homem-de-sa-critica-a-saida-do-tribunal-e-o-ministerio-publico\/\"},\"author\":{\"name\":\"Telinha\",\"@id\":\"https:\/\/portaltela.pt\/#\/schema\/person\/c4278d4a6028830caff9ee44b42d32ed\"},\"headline\":\"Nuno Homem de S\u00e1 critica a sa\u00edda do tribunal e o Minist\u00e9rio P\u00fablico\",\"datePublished\":\"2026-04-28T09:33:30+00:00\",\"mainEntityOfPage\":{\"@id\":\"https:\/\/portaltela.pt\/noticias\/2026\/04\/28\/nuno-homem-de-sa-critica-a-saida-do-tribunal-e-o-ministerio-publico\/\"},\"wordCount\":129,\"image\":{\"@id\":\"https:\/\/portaltela.pt\/noticias\/2026\/04\/28\/nuno-homem-de-sa-critica-a-saida-do-tribunal-e-o-ministerio-publico\/#primaryimage\"},\"thumbnailUrl\":\"https:\/\/portaltela.pt\/s.01k8rhncp4jt1\/2026\/04\/img_1280x722uu2026-04-28-00-20-50-2281507-im-639129686321623700.jpg\",\"keywords\":[\"justi\u00e7a\",\"Minist\u00e9rio P\u00fablico\",\"pessoas p\u00fablicas\",\"processos\",\"Torres Vedras\",\"Tribunais\"],\"articleSection\":[\"Celebridades\"],\"inLanguage\":\"pt-PT\"},{\"@type\":\"WebPage\",\"@id\":\"https:\/\/portaltela.pt\/noticias\/2026\/04\/28\/nuno-homem-de-sa-critica-a-saida-do-tribunal-e-o-ministerio-publico\/\",\"url\":\"https:\/\/portaltela.pt\/noticias\/2026\/04\/28\/nuno-homem-de-sa-critica-a-saida-do-tribunal-e-o-ministerio-publico\/\",\"name\":\"Nuno Homem de S\u00e1 critica a sa\u00edda do tribunal e o Minist\u00e9rio P\u00fablico - Portal Tela Portugal\",\"isPartOf\":{\"@id\":\"https:\/\/portaltela.pt\/#website\"},\"primaryImageOfPage\":{\"@id\":\"https:\/\/portaltela.pt\/noticias\/2026\/04\/28\/nuno-homem-de-sa-critica-a-saida-do-tribunal-e-o-ministerio-publico\/#primaryimage\"},\"image\":{\"@id\":\"https:\/\/portaltela.pt\/noticias\/2026\/04\/28\/nuno-homem-de-sa-critica-a-saida-do-tribunal-e-o-ministerio-publico\/#primaryimage\"},\"thumbnailUrl\":\"https:\/\/portaltela.pt\/s.01k8rhncp4jt1\/2026\/04\/img_1280x722uu2026-04-28-00-20-50-2281507-im-639129686321623700.jpg\",\"datePublished\":\"2026-04-28T09:33:30+00:00\",\"author\":{\"@id\":\"https:\/\/portaltela.pt\/#\/schema\/person\/c4278d4a6028830caff9ee44b42d32ed\"},\"breadcrumb\":{\"@id\":\"https:\/\/portaltela.pt\/noticias\/2026\/04\/28\/nuno-homem-de-sa-critica-a-saida-do-tribunal-e-o-ministerio-publico\/#breadcrumb\"},\"inLanguage\":\"pt-PT\",\"potentialAction\":[{\"@type\":\"ReadAction\",\"target\":[\"https:\/\/portaltela.pt\/noticias\/2026\/04\/28\/nuno-homem-de-sa-critica-a-saida-do-tribunal-e-o-ministerio-publico\/\"]}]},{\"@type\":\"ImageObject\",\"inLanguage\":\"pt-PT\",\"@id\":\"https:\/\/portaltela.pt\/noticias\/2026\/04\/28\/nuno-homem-de-sa-critica-a-saida-do-tribunal-e-o-ministerio-publico\/#primaryimage\",\"url\":\"https:\/\/portaltela.pt\/s.01k8rhncp4jt1\/2026\/04\/img_1280x722uu2026-04-28-00-20-50-2281507-im-639129686321623700.jpg\",\"contentUrl\":\"https:\/\/portaltela.pt\/s.01k8rhncp4jt1\/2026\/04\/img_1280x722uu2026-04-28-00-20-50-2281507-im-639129686321623700.jpg\",\"width\":796,\"height\":448,\"caption\":\"Photo\"},{\"@type\":\"BreadcrumbList\",\"@id\":\"https:\/\/portaltela.pt\/noticias\/2026\/04\/28\/nuno-homem-de-sa-critica-a-saida-do-tribunal-e-o-ministerio-publico\/#breadcrumb\",\"itemListElement\":[{\"@type\":\"ListItem\",\"position\":1,\"name\":\"In\u00edcio\",\"item\":\"https:\/\/portaltela.pt\/\"},{\"@type\":\"ListItem\",\"position\":2,\"name\":\"Nuno Homem de S\u00e1 critica a sa\u00edda do tribunal e o Minist\u00e9rio P\u00fablico\"}]},{\"@type\":\"WebSite\",\"@id\":\"https:\/\/portaltela.pt\/#website\",\"url\":\"https:\/\/portaltela.pt\/\",\"name\":\"Portal Tela Portugal\",\"description\":\"\",\"potentialAction\":[{\"@type\":\"SearchAction\",\"target\":{\"@type\":\"EntryPoint\",\"urlTemplate\":\"https:\/\/portaltela.pt\/?s={search_term_string}\"},\"query-input\":{\"@type\":\"PropertyValueSpecification\",\"valueRequired\":true,\"valueName\":\"search_term_string\"}}],\"inLanguage\":\"pt-PT\"},{\"@type\":\"Person\",\"@id\":\"https:\/\/portaltela.pt\/#\/schema\/person\/c4278d4a6028830caff9ee44b42d32ed\",\"name\":\"Telinha\",\"image\":{\"@type\":\"ImageObject\",\"inLanguage\":\"pt-PT\",\"@id\":\"https:\/\/portaltela.pt\/s.01k8rhncp4jt1\/2025\/11\/talking-bot-125x125.png\",\"url\":\"https:\/\/portaltela.pt\/s.01k8rhncp4jt1\/2025\/11\/talking-bot-125x125.png\",\"contentUrl\":\"https:\/\/portaltela.pt\/s.01k8rhncp4jt1\/2025\/11\/talking-bot-125x125.png\",\"caption\":\"Telinha\"},\"sameAs\":[\"https:\/\/portaltela.pt\/\"],\"url\":\"https:\/\/portaltela.pt\/por\/367410592786\/\"}]}<\/script>\n<!-- \/ Yoast SEO plugin. -->","yoast_head_json":{"title":"Nuno Homem de S\u00e1 critica a sa\u00edda do tribunal e o Minist\u00e9rio P\u00fablico - Portal Tela Portugal","robots":{"index":"index","follow":"follow","max-snippet":"max-snippet:-1","max-image-preview":"max-image-preview:large","max-video-preview":"max-video-preview:-1"},"og_locale":"pt_PT","og_type":"article","og_title":"Nuno Homem de S\u00e1 critica a sa\u00edda do tribunal e o Minist\u00e9rio P\u00fablico - Portal Tela Portugal","og_description":"O processo teve a leitura da senten\u00e7a adiada. O ator Nuno Homem de S\u00e1, de 64 anos, criticou a decis\u00e3o e a atua\u00e7\u00e3o do Minist\u00e9rio P\u00fablico aquando da sa\u00edda do tribunal. O artista volta ao Tribunal de Torres Vedras no pr\u00f3ximo dia 18. O tom da cr\u00edtica visa a forma como o Minist\u00e9rio P\u00fablico se manteve durante o desenrolar do processo.","og_url":"https:\/\/portaltela.pt\/noticias\/2026\/04\/28\/nuno-homem-de-sa-critica-a-saida-do-tribunal-e-o-ministerio-publico\/","og_site_name":"Portal Tela Portugal","article_published_time":"2026-04-28T09:33:30+00:00","author":"Telinha","twitter_card":"summary_large_image","twitter_misc":{"Escrito por":"Telinha","Tempo estimado de leitura":"1 minuto"},"schema":{"@context":"https:\/\/schema.org","@graph":[{"@type":"Article","@id":"https:\/\/portaltela.pt\/noticias\/2026\/04\/28\/nuno-homem-de-sa-critica-a-saida-do-tribunal-e-o-ministerio-publico\/#article","isPartOf":{"@id":"https:\/\/portaltela.pt\/noticias\/2026\/04\/28\/nuno-homem-de-sa-critica-a-saida-do-tribunal-e-o-ministerio-publico\/"},"author":{"name":"Telinha","@id":"https:\/\/portaltela.pt\/#\/schema\/person\/c4278d4a6028830caff9ee44b42d32ed"},"headline":"Nuno Homem de S\u00e1 critica a sa\u00edda do tribunal e o Minist\u00e9rio P\u00fablico","datePublished":"2026-04-28T09:33:30+00:00","mainEntityOfPage":{"@id":"https:\/\/portaltela.pt\/noticias\/2026\/04\/28\/nuno-homem-de-sa-critica-a-saida-do-tribunal-e-o-ministerio-publico\/"},"wordCount":129,"image":{"@id":"https:\/\/portaltela.pt\/noticias\/2026\/04\/28\/nuno-homem-de-sa-critica-a-saida-do-tribunal-e-o-ministerio-publico\/#primaryimage"},"thumbnailUrl":"https:\/\/portaltela.pt\/s.01k8rhncp4jt1\/2026\/04\/img_1280x722uu2026-04-28-00-20-50-2281507-im-639129686321623700.jpg","keywords":["justi\u00e7a","Minist\u00e9rio P\u00fablico","pessoas p\u00fablicas","processos","Torres Vedras","Tribunais"],"articleSection":["Celebridades"],"inLanguage":"pt-PT"},{"@type":"WebPage","@id":"https:\/\/portaltela.pt\/noticias\/2026\/04\/28\/nuno-homem-de-sa-critica-a-saida-do-tribunal-e-o-ministerio-publico\/","url":"https:\/\/portaltela.pt\/noticias\/2026\/04\/28\/nuno-homem-de-sa-critica-a-saida-do-tribunal-e-o-ministerio-publico\/","name":"Nuno Homem de S\u00e1 critica a sa\u00edda do tribunal e o Minist\u00e9rio P\u00fablico - Portal Tela Portugal","isPartOf":{"@id":"https:\/\/portaltela.pt\/#website"},"primaryImageOfPage":{"@id":"https:\/\/portaltela.pt\/noticias\/2026\/04\/28\/nuno-homem-de-sa-critica-a-saida-do-tribunal-e-o-ministerio-publico\/#primaryimage"},"image":{"@id":"https:\/\/portaltela.pt\/noticias\/2026\/04\/28\/nuno-homem-de-sa-critica-a-saida-do-tribunal-e-o-ministerio-publico\/#primaryimage"},"thumbnailUrl":"https:\/\/portaltela.pt\/s.01k8rhncp4jt1\/2026\/04\/img_1280x722uu2026-04-28-00-20-50-2281507-im-639129686321623700.jpg","datePublished":"2026-04-28T09:33:30+00:00","author":{"@id":"https:\/\/portaltela.pt\/#\/schema\/person\/c4278d4a6028830caff9ee44b42d32ed"},"breadcrumb":{"@id":"https:\/\/portaltela.pt\/noticias\/2026\/04\/28\/nuno-homem-de-sa-critica-a-saida-do-tribunal-e-o-ministerio-publico\/#breadcrumb"},"inLanguage":"pt-PT","potentialAction":[{"@type":"ReadAction","target":["https:\/\/portaltela.pt\/noticias\/2026\/04\/28\/nuno-homem-de-sa-critica-a-saida-do-tribunal-e-o-ministerio-publico\/"]}]},{"@type":"ImageObject","inLanguage":"pt-PT","@id":"https:\/\/portaltela.pt\/noticias\/2026\/04\/28\/nuno-homem-de-sa-critica-a-saida-do-tribunal-e-o-ministerio-publico\/#primaryimage","url":"https:\/\/portaltela.pt\/s.01k8rhncp4jt1\/2026\/04\/img_1280x722uu2026-04-28-00-20-50-2281507-im-639129686321623700.jpg","contentUrl":"https:\/\/portaltela.pt\/s.01k8rhncp4jt1\/2026\/04\/img_1280x722uu2026-04-28-00-20-50-2281507-im-639129686321623700.jpg","width":796,"height":448,"caption":"Photo"},{"@type":"BreadcrumbList","@id":"https:\/\/portaltela.pt\/noticias\/2026\/04\/28\/nuno-homem-de-sa-critica-a-saida-do-tribunal-e-o-ministerio-publico\/#breadcrumb","itemListElement":[{"@type":"ListItem","position":1,"name":"In\u00edcio","item":"https:\/\/portaltela.pt\/"},{"@type":"ListItem","position":2,"name":"Nuno Homem de S\u00e1 critica a sa\u00edda do tribunal e o Minist\u00e9rio P\u00fablico"}]},{"@type":"WebSite","@id":"https:\/\/portaltela.pt\/#website","url":"https:\/\/portaltela.pt\/","name":"Portal Tela Portugal","description":"","potentialAction":[{"@type":"SearchAction","target":{"@type":"EntryPoint","urlTemplate":"https:\/\/portaltela.pt\/?s={search_term_string}"},"query-input":{"@type":"PropertyValueSpecification","valueRequired":true,"valueName":"search_term_string"}}],"inLanguage":"pt-PT"},{"@type":"Person","@id":"https:\/\/portaltela.pt\/#\/schema\/person\/c4278d4a6028830caff9ee44b42d32ed","name":"Telinha","image":{"@type":"ImageObject","inLanguage":"pt-PT","@id":"https:\/\/portaltela.pt\/s.01k8rhncp4jt1\/2025\/11\/talking-bot-125x125.png","url":"https:\/\/portaltela.pt\/s.01k8rhncp4jt1\/2025\/11\/talking-bot-125x125.png","contentUrl":"https:\/\/portaltela.pt\/s.01k8rhncp4jt1\/2025\/11\/talking-bot-125x125.png","caption":"Telinha"},"sameAs":["https:\/\/portaltela.pt\/"],"url":"https:\/\/portaltela.pt\/por\/367410592786\/"}]}},"_links":{"self":[{"href":"https:\/\/portaltela.pt\/api\/wp\/v2\/posts\/459413","targetHints":{"allow":["GET"]}}],"collection":[{"href":"https:\/\/portaltela.pt\/api\/wp\/v2\/posts"}],"about":[{"href":"https:\/\/portaltela.pt\/api\/wp\/v2\/types\/post"}],"author":[{"embeddable":true,"href":"https:\/\/portaltela.pt\/api\/wp\/v2\/users\/2"}],"replies":[{"embeddable":true,"href":"https:\/\/portaltela.pt\/api\/wp\/v2\/comments?post=459413"}],"version-history":[{"count":0,"href":"https:\/\/portaltela.pt\/api\/wp\/v2\/posts\/459413\/revisions"}],"wp:featuredmedia":[{"embeddable":true,"href":"https:\/\/portaltela.pt\/api\/wp\/v2\/media\/459415"}],"wp:attachment":[{"href":"https:\/\/portaltela.pt\/api\/wp\/v2\/media?parent=459413"}],"wp:term":[{"taxonomy":"category","embeddable":true,"href":"https:\/\/portaltela.pt\/api\/wp\/v2\/categories?post=459413"},{"taxonomy":"post_tag","embeddable":true,"href":"https:\/\/portaltela.pt\/api\/wp\/v2\/tags?post=459413"}],"curies":[{"name":"wp","href":"https:\/\/api.w.org\/{rel}","templated":true}]}}