{"id":459396,"date":"2026-04-28T06:33:07","date_gmt":"2026-04-28T09:33:07","guid":{"rendered":"https:\/\/portaltela.pt\/noticias\/2026\/04\/28\/arguidos-negam-integrar-organizacao-internacional-de-trafico-em-leiria\/"},"modified":"2026-04-28T06:33:07","modified_gmt":"2026-04-28T09:33:07","slug":"arguidos-negam-integrar-organizacao-internacional-de-trafico-em-leiria","status":"publish","type":"post","link":"https:\/\/portaltela.pt\/justica\/2026\/04\/28\/arguidos-negam-integrar-organizacao-internacional-de-trafico-em-leiria\/","title":{"rendered":"Arguidos negam integrar organiza\u00e7\u00e3o internacional de tr\u00e1fico em Leiria"},"content":{"rendered":"<p>Dois arguidos, tio e sobrinho, s\u00e3o acusados em coautoria de tr\u00e1fico de droga agravado, com more de seis toneladas de coca\u00edna. O processo decorre no Tribunal de Leiria, onde a leitura da senten\u00e7a foi adiada por quest\u00f5es processuais. A acusa\u00e7\u00e3o aponta organiza\u00e7\u00e3o criminosa internacional como contexto do il\u00edcito.<\/p>\n<p>Os arguidos negam a integra\u00e7\u00e3o na organiza\u00e7\u00e3o internacional de tr\u00e1fico de droga, mantendo que n\u00e3o participam de qualquer grupo criminoso. O Minist\u00e9rio P\u00fablico sustenta a gravidade da acusa\u00e7\u00e3o e a rela\u00e7\u00e3o entre os suspeitos e o esquema.<\/p>\n<h3>Arguidos negam participa\u00e7\u00e3o em organiza\u00e7\u00e3o internacional<\/h3>\n<p>O advogado de uma das defesas afirmou que a leitura da senten\u00e7a foi adiada por quest\u00f5es processuais, reiterando a inoc\u00eancia do cliente. A defesa sublinha que n\u00e3o houve prova suficiente de integrantes da organiza\u00e7\u00e3o.<\/p>\n<h3>Inc\u00eandio destr\u00f3i casas devolutas em Santo Tirso<\/h3>\n<p>Um inc\u00eandio atingiu tr\u00eas casas devolutas na cidade de Santo Tirso, sem registar v\u00edtimas. Peritos ainda trabalham para determinar as causas do fogo.<\/p>\n<h3>Cr\u00edticas ao Minist\u00e9rio P\u00fablico<\/h3>\n<p>Nuno Homem de S\u00e1 reclamou da atua\u00e7\u00e3o do Minist\u00e9rio P\u00fablico, dizendo que houve desvio de atua\u00e7\u00e3o. O caso faz parte de um conjunto de recursos movidos ao longo do processo.<\/p>\n<h3>Som semelhante a explos\u00e3o em Figueira da Foz<\/h3>\n<p>Foi ouvido um forte estoiro na Figueira da Foz, descrito por testemunhas como semelhante a uma explos\u00e3o. N\u00e3o h\u00e1 registo de feridos at\u00e9 ao momento.<\/p>\n<h3>Detidos no Algarve ap\u00f3s persegui\u00e7\u00e3o a lancha<\/h3>\n<p>A Pol\u00edcia Mar\u00edtima deteve tr\u00eas indiv\u00edduos ap\u00f3s perseguirem uma lancha suspeita de narcotr\u00e1fico no Algarve. As autoridades continuam a averiguar a origem da embarca\u00e7\u00e3o e o destino da carga.<\/p>\n","protected":false},"excerpt":{"rendered":"<ul>\n<li>Arguidos, tio e sobrinho, est\u00e3o acusados em coautoria de tr\u00e1fico de droga agravado, por mais de seis toneladas de coca\u00edna.<\/li>\n<li>Os arguidos negam integrar uma organiza\u00e7\u00e3o internacional de tr\u00e1fico de droga.<\/li>\n<li>A leitura da senten\u00e7a de Nuno Homem de S\u00e1 foi adiada por quest\u00f5es processuais, mantendo-se a inoc\u00eancia da defesa.<\/li>\n<li>Um inc\u00eandio destruiu tr\u00eas casas devolutas na cidade de Santo Tirso, sem v\u00edtimas.<\/li>\n<li>A Pol\u00edcia Mar\u00edtima deteve tr\u00eas homens ap\u00f3s persegui\u00e7\u00e3o a uma lancha suspeita de narcotr\u00e1fico no Algarve.<\/li>\n<\/ul>\n","protected":false},"author":2,"featured_media":459402,"comment_status":"closed","ping_status":"closed","sticky":false,"template":"","format":"standard","meta":{"footnotes":""},"categories":[6907,6815],"tags":[928,1417,1385,352,1146,96],"class_list":["post-459396","post","type-post","status-publish","format-standard","has-post-thumbnail","hentry","category-crime","category-justica","tag-algarve","tag-figueira-da-foz","tag-leiria","tag-organizacao-criminosa","tag-santo-tirso","tag-trafico-de-droga"],"yoast_head":"<!-- This site is optimized with the Yoast SEO plugin v27.2 - https:\/\/yoast.com\/product\/yoast-seo-wordpress\/ -->\n<title>Arguidos negam integrar organiza\u00e7\u00e3o internacional de tr\u00e1fico em Leiria - Portal Tela Portugal<\/title>\n<meta name=\"robots\" content=\"index, follow, max-snippet:-1, max-image-preview:large, max-video-preview:-1\" \/>\n<meta property=\"og:locale\" content=\"pt_PT\" \/>\n<meta property=\"og:type\" content=\"article\" \/>\n<meta property=\"og:title\" content=\"Arguidos negam integrar organiza\u00e7\u00e3o internacional de tr\u00e1fico em Leiria - Portal Tela Portugal\" \/>\n<meta property=\"og:description\" content=\"Arguidos, tio e sobrinho, est\u00e3o acusados em coautoria de tr\u00e1fico de droga agravado, por mais de seis toneladas de coca\u00edna. Os arguidos negam integrar uma organiza\u00e7\u00e3o internacional de tr\u00e1fico de droga. A leitura da senten\u00e7a de Nuno Homem de S\u00e1 foi adiada por quest\u00f5es processuais, mantendo-se a inoc\u00eancia da defesa. Um inc\u00eandio destruiu tr\u00eas casas devolutas na cidade de Santo Tirso, sem v\u00edtimas. A Pol\u00edcia Mar\u00edtima deteve tr\u00eas homens ap\u00f3s persegui\u00e7\u00e3o a uma lancha suspeita de narcotr\u00e1fico no Algarve.\" \/>\n<meta property=\"og:url\" content=\"https:\/\/portaltela.pt\/noticias\/2026\/04\/28\/arguidos-negam-integrar-organizacao-internacional-de-trafico-em-leiria\/\" \/>\n<meta property=\"og:site_name\" content=\"Portal Tela Portugal\" \/>\n<meta property=\"article:published_time\" content=\"2026-04-28T09:33:07+00:00\" \/>\n<meta name=\"author\" content=\"Telinha\" \/>\n<meta name=\"twitter:card\" content=\"summary_large_image\" \/>\n<meta name=\"twitter:label1\" content=\"Escrito por\" \/>\n\t<meta name=\"twitter:data1\" content=\"Telinha\" \/>\n\t<meta name=\"twitter:label2\" content=\"Tempo estimado de leitura\" \/>\n\t<meta name=\"twitter:data2\" content=\"2 minutos\" \/>\n<script type=\"application\/ld+json\" class=\"yoast-schema-graph\">{\"@context\":\"https:\/\/schema.org\",\"@graph\":[{\"@type\":\"Article\",\"@id\":\"https:\/\/portaltela.pt\/noticias\/2026\/04\/28\/arguidos-negam-integrar-organizacao-internacional-de-trafico-em-leiria\/#article\",\"isPartOf\":{\"@id\":\"https:\/\/portaltela.pt\/noticias\/2026\/04\/28\/arguidos-negam-integrar-organizacao-internacional-de-trafico-em-leiria\/\"},\"author\":{\"name\":\"Telinha\",\"@id\":\"https:\/\/portaltela.pt\/#\/schema\/person\/c4278d4a6028830caff9ee44b42d32ed\"},\"headline\":\"Arguidos negam integrar organiza\u00e7\u00e3o internacional de tr\u00e1fico em Leiria\",\"datePublished\":\"2026-04-28T09:33:07+00:00\",\"mainEntityOfPage\":{\"@id\":\"https:\/\/portaltela.pt\/noticias\/2026\/04\/28\/arguidos-negam-integrar-organizacao-internacional-de-trafico-em-leiria\/\"},\"wordCount\":316,\"image\":{\"@id\":\"https:\/\/portaltela.pt\/noticias\/2026\/04\/28\/arguidos-negam-integrar-organizacao-internacional-de-trafico-em-leiria\/#primaryimage\"},\"thumbnailUrl\":\"https:\/\/portaltela.pt\/s.01k8rhncp4jt1\/2026\/04\/img_1280x722uu2026-04-28-10-27-58-2281524.jpg\",\"keywords\":[\"Algarve\",\"Figueira da Foz\",\"Leiria\",\"organiza\u00e7\u00e3o criminosa\",\"Santo Tirso\",\"tr\u00e1fico de droga\"],\"articleSection\":[\"Crime\",\"Justi\u00e7a\"],\"inLanguage\":\"pt-PT\"},{\"@type\":\"WebPage\",\"@id\":\"https:\/\/portaltela.pt\/noticias\/2026\/04\/28\/arguidos-negam-integrar-organizacao-internacional-de-trafico-em-leiria\/\",\"url\":\"https:\/\/portaltela.pt\/noticias\/2026\/04\/28\/arguidos-negam-integrar-organizacao-internacional-de-trafico-em-leiria\/\",\"name\":\"Arguidos negam integrar organiza\u00e7\u00e3o internacional de tr\u00e1fico em Leiria - Portal Tela Portugal\",\"isPartOf\":{\"@id\":\"https:\/\/portaltela.pt\/#website\"},\"primaryImageOfPage\":{\"@id\":\"https:\/\/portaltela.pt\/noticias\/2026\/04\/28\/arguidos-negam-integrar-organizacao-internacional-de-trafico-em-leiria\/#primaryimage\"},\"image\":{\"@id\":\"https:\/\/portaltela.pt\/noticias\/2026\/04\/28\/arguidos-negam-integrar-organizacao-internacional-de-trafico-em-leiria\/#primaryimage\"},\"thumbnailUrl\":\"https:\/\/portaltela.pt\/s.01k8rhncp4jt1\/2026\/04\/img_1280x722uu2026-04-28-10-27-58-2281524.jpg\",\"datePublished\":\"2026-04-28T09:33:07+00:00\",\"author\":{\"@id\":\"https:\/\/portaltela.pt\/#\/schema\/person\/c4278d4a6028830caff9ee44b42d32ed\"},\"breadcrumb\":{\"@id\":\"https:\/\/portaltela.pt\/noticias\/2026\/04\/28\/arguidos-negam-integrar-organizacao-internacional-de-trafico-em-leiria\/#breadcrumb\"},\"inLanguage\":\"pt-PT\",\"potentialAction\":[{\"@type\":\"ReadAction\",\"target\":[\"https:\/\/portaltela.pt\/noticias\/2026\/04\/28\/arguidos-negam-integrar-organizacao-internacional-de-trafico-em-leiria\/\"]}]},{\"@type\":\"ImageObject\",\"inLanguage\":\"pt-PT\",\"@id\":\"https:\/\/portaltela.pt\/noticias\/2026\/04\/28\/arguidos-negam-integrar-organizacao-internacional-de-trafico-em-leiria\/#primaryimage\",\"url\":\"https:\/\/portaltela.pt\/s.01k8rhncp4jt1\/2026\/04\/img_1280x722uu2026-04-28-10-27-58-2281524.jpg\",\"contentUrl\":\"https:\/\/portaltela.pt\/s.01k8rhncp4jt1\/2026\/04\/img_1280x722uu2026-04-28-10-27-58-2281524.jpg\",\"width\":796,\"height\":448,\"caption\":\"Photo\"},{\"@type\":\"BreadcrumbList\",\"@id\":\"https:\/\/portaltela.pt\/noticias\/2026\/04\/28\/arguidos-negam-integrar-organizacao-internacional-de-trafico-em-leiria\/#breadcrumb\",\"itemListElement\":[{\"@type\":\"ListItem\",\"position\":1,\"name\":\"In\u00edcio\",\"item\":\"https:\/\/portaltela.pt\/\"},{\"@type\":\"ListItem\",\"position\":2,\"name\":\"Arguidos negam integrar organiza\u00e7\u00e3o internacional de tr\u00e1fico em Leiria\"}]},{\"@type\":\"WebSite\",\"@id\":\"https:\/\/portaltela.pt\/#website\",\"url\":\"https:\/\/portaltela.pt\/\",\"name\":\"Portal Tela Portugal\",\"description\":\"\",\"potentialAction\":[{\"@type\":\"SearchAction\",\"target\":{\"@type\":\"EntryPoint\",\"urlTemplate\":\"https:\/\/portaltela.pt\/?s={search_term_string}\"},\"query-input\":{\"@type\":\"PropertyValueSpecification\",\"valueRequired\":true,\"valueName\":\"search_term_string\"}}],\"inLanguage\":\"pt-PT\"},{\"@type\":\"Person\",\"@id\":\"https:\/\/portaltela.pt\/#\/schema\/person\/c4278d4a6028830caff9ee44b42d32ed\",\"name\":\"Telinha\",\"image\":{\"@type\":\"ImageObject\",\"inLanguage\":\"pt-PT\",\"@id\":\"https:\/\/portaltela.pt\/s.01k8rhncp4jt1\/2025\/11\/talking-bot-125x125.png\",\"url\":\"https:\/\/portaltela.pt\/s.01k8rhncp4jt1\/2025\/11\/talking-bot-125x125.png\",\"contentUrl\":\"https:\/\/portaltela.pt\/s.01k8rhncp4jt1\/2025\/11\/talking-bot-125x125.png\",\"caption\":\"Telinha\"},\"sameAs\":[\"https:\/\/portaltela.pt\/\"],\"url\":\"https:\/\/portaltela.pt\/por\/367410592786\/\"}]}<\/script>\n<!-- \/ Yoast SEO plugin. -->","yoast_head_json":{"title":"Arguidos negam integrar organiza\u00e7\u00e3o internacional de tr\u00e1fico em Leiria - Portal Tela Portugal","robots":{"index":"index","follow":"follow","max-snippet":"max-snippet:-1","max-image-preview":"max-image-preview:large","max-video-preview":"max-video-preview:-1"},"og_locale":"pt_PT","og_type":"article","og_title":"Arguidos negam integrar organiza\u00e7\u00e3o internacional de tr\u00e1fico em Leiria - Portal Tela Portugal","og_description":"Arguidos, tio e sobrinho, est\u00e3o acusados em coautoria de tr\u00e1fico de droga agravado, por mais de seis toneladas de coca\u00edna. Os arguidos negam integrar uma organiza\u00e7\u00e3o internacional de tr\u00e1fico de droga. A leitura da senten\u00e7a de Nuno Homem de S\u00e1 foi adiada por quest\u00f5es processuais, mantendo-se a inoc\u00eancia da defesa. Um inc\u00eandio destruiu tr\u00eas casas devolutas na cidade de Santo Tirso, sem v\u00edtimas. A Pol\u00edcia Mar\u00edtima deteve tr\u00eas homens ap\u00f3s persegui\u00e7\u00e3o a uma lancha suspeita de narcotr\u00e1fico no Algarve.","og_url":"https:\/\/portaltela.pt\/noticias\/2026\/04\/28\/arguidos-negam-integrar-organizacao-internacional-de-trafico-em-leiria\/","og_site_name":"Portal Tela Portugal","article_published_time":"2026-04-28T09:33:07+00:00","author":"Telinha","twitter_card":"summary_large_image","twitter_misc":{"Escrito por":"Telinha","Tempo estimado de leitura":"2 minutos"},"schema":{"@context":"https:\/\/schema.org","@graph":[{"@type":"Article","@id":"https:\/\/portaltela.pt\/noticias\/2026\/04\/28\/arguidos-negam-integrar-organizacao-internacional-de-trafico-em-leiria\/#article","isPartOf":{"@id":"https:\/\/portaltela.pt\/noticias\/2026\/04\/28\/arguidos-negam-integrar-organizacao-internacional-de-trafico-em-leiria\/"},"author":{"name":"Telinha","@id":"https:\/\/portaltela.pt\/#\/schema\/person\/c4278d4a6028830caff9ee44b42d32ed"},"headline":"Arguidos negam integrar organiza\u00e7\u00e3o internacional de tr\u00e1fico em Leiria","datePublished":"2026-04-28T09:33:07+00:00","mainEntityOfPage":{"@id":"https:\/\/portaltela.pt\/noticias\/2026\/04\/28\/arguidos-negam-integrar-organizacao-internacional-de-trafico-em-leiria\/"},"wordCount":316,"image":{"@id":"https:\/\/portaltela.pt\/noticias\/2026\/04\/28\/arguidos-negam-integrar-organizacao-internacional-de-trafico-em-leiria\/#primaryimage"},"thumbnailUrl":"https:\/\/portaltela.pt\/s.01k8rhncp4jt1\/2026\/04\/img_1280x722uu2026-04-28-10-27-58-2281524.jpg","keywords":["Algarve","Figueira da Foz","Leiria","organiza\u00e7\u00e3o criminosa","Santo Tirso","tr\u00e1fico de droga"],"articleSection":["Crime","Justi\u00e7a"],"inLanguage":"pt-PT"},{"@type":"WebPage","@id":"https:\/\/portaltela.pt\/noticias\/2026\/04\/28\/arguidos-negam-integrar-organizacao-internacional-de-trafico-em-leiria\/","url":"https:\/\/portaltela.pt\/noticias\/2026\/04\/28\/arguidos-negam-integrar-organizacao-internacional-de-trafico-em-leiria\/","name":"Arguidos negam integrar organiza\u00e7\u00e3o internacional de tr\u00e1fico em Leiria - Portal Tela Portugal","isPartOf":{"@id":"https:\/\/portaltela.pt\/#website"},"primaryImageOfPage":{"@id":"https:\/\/portaltela.pt\/noticias\/2026\/04\/28\/arguidos-negam-integrar-organizacao-internacional-de-trafico-em-leiria\/#primaryimage"},"image":{"@id":"https:\/\/portaltela.pt\/noticias\/2026\/04\/28\/arguidos-negam-integrar-organizacao-internacional-de-trafico-em-leiria\/#primaryimage"},"thumbnailUrl":"https:\/\/portaltela.pt\/s.01k8rhncp4jt1\/2026\/04\/img_1280x722uu2026-04-28-10-27-58-2281524.jpg","datePublished":"2026-04-28T09:33:07+00:00","author":{"@id":"https:\/\/portaltela.pt\/#\/schema\/person\/c4278d4a6028830caff9ee44b42d32ed"},"breadcrumb":{"@id":"https:\/\/portaltela.pt\/noticias\/2026\/04\/28\/arguidos-negam-integrar-organizacao-internacional-de-trafico-em-leiria\/#breadcrumb"},"inLanguage":"pt-PT","potentialAction":[{"@type":"ReadAction","target":["https:\/\/portaltela.pt\/noticias\/2026\/04\/28\/arguidos-negam-integrar-organizacao-internacional-de-trafico-em-leiria\/"]}]},{"@type":"ImageObject","inLanguage":"pt-PT","@id":"https:\/\/portaltela.pt\/noticias\/2026\/04\/28\/arguidos-negam-integrar-organizacao-internacional-de-trafico-em-leiria\/#primaryimage","url":"https:\/\/portaltela.pt\/s.01k8rhncp4jt1\/2026\/04\/img_1280x722uu2026-04-28-10-27-58-2281524.jpg","contentUrl":"https:\/\/portaltela.pt\/s.01k8rhncp4jt1\/2026\/04\/img_1280x722uu2026-04-28-10-27-58-2281524.jpg","width":796,"height":448,"caption":"Photo"},{"@type":"BreadcrumbList","@id":"https:\/\/portaltela.pt\/noticias\/2026\/04\/28\/arguidos-negam-integrar-organizacao-internacional-de-trafico-em-leiria\/#breadcrumb","itemListElement":[{"@type":"ListItem","position":1,"name":"In\u00edcio","item":"https:\/\/portaltela.pt\/"},{"@type":"ListItem","position":2,"name":"Arguidos negam integrar organiza\u00e7\u00e3o internacional de tr\u00e1fico em Leiria"}]},{"@type":"WebSite","@id":"https:\/\/portaltela.pt\/#website","url":"https:\/\/portaltela.pt\/","name":"Portal Tela Portugal","description":"","potentialAction":[{"@type":"SearchAction","target":{"@type":"EntryPoint","urlTemplate":"https:\/\/portaltela.pt\/?s={search_term_string}"},"query-input":{"@type":"PropertyValueSpecification","valueRequired":true,"valueName":"search_term_string"}}],"inLanguage":"pt-PT"},{"@type":"Person","@id":"https:\/\/portaltela.pt\/#\/schema\/person\/c4278d4a6028830caff9ee44b42d32ed","name":"Telinha","image":{"@type":"ImageObject","inLanguage":"pt-PT","@id":"https:\/\/portaltela.pt\/s.01k8rhncp4jt1\/2025\/11\/talking-bot-125x125.png","url":"https:\/\/portaltela.pt\/s.01k8rhncp4jt1\/2025\/11\/talking-bot-125x125.png","contentUrl":"https:\/\/portaltela.pt\/s.01k8rhncp4jt1\/2025\/11\/talking-bot-125x125.png","caption":"Telinha"},"sameAs":["https:\/\/portaltela.pt\/"],"url":"https:\/\/portaltela.pt\/por\/367410592786\/"}]}},"_links":{"self":[{"href":"https:\/\/portaltela.pt\/api\/wp\/v2\/posts\/459396","targetHints":{"allow":["GET"]}}],"collection":[{"href":"https:\/\/portaltela.pt\/api\/wp\/v2\/posts"}],"about":[{"href":"https:\/\/portaltela.pt\/api\/wp\/v2\/types\/post"}],"author":[{"embeddable":true,"href":"https:\/\/portaltela.pt\/api\/wp\/v2\/users\/2"}],"replies":[{"embeddable":true,"href":"https:\/\/portaltela.pt\/api\/wp\/v2\/comments?post=459396"}],"version-history":[{"count":0,"href":"https:\/\/portaltela.pt\/api\/wp\/v2\/posts\/459396\/revisions"}],"wp:featuredmedia":[{"embeddable":true,"href":"https:\/\/portaltela.pt\/api\/wp\/v2\/media\/459402"}],"wp:attachment":[{"href":"https:\/\/portaltela.pt\/api\/wp\/v2\/media?parent=459396"}],"wp:term":[{"taxonomy":"category","embeddable":true,"href":"https:\/\/portaltela.pt\/api\/wp\/v2\/categories?post=459396"},{"taxonomy":"post_tag","embeddable":true,"href":"https:\/\/portaltela.pt\/api\/wp\/v2\/tags?post=459396"}],"curies":[{"name":"wp","href":"https:\/\/api.w.org\/{rel}","templated":true}]}}