{"id":459395,"date":"2026-04-28T06:33:16","date_gmt":"2026-04-28T09:33:16","guid":{"rendered":"https:\/\/portaltela.pt\/noticias\/2026\/04\/28\/austria-inicia-julgamento-de-homem-por-plano-de-ataque-a-concerto-de-taylor-swift\/"},"modified":"2026-04-28T06:33:16","modified_gmt":"2026-04-28T09:33:16","slug":"austria-inicia-julgamento-de-homem-por-plano-de-ataque-a-concerto-de-taylor-swift","status":"publish","type":"post","link":"https:\/\/portaltela.pt\/noticias\/2026\/04\/28\/austria-inicia-julgamento-de-homem-por-plano-de-ataque-a-concerto-de-taylor-swift\/","title":{"rendered":"\u00c1ustria inicia julgamento de homem por plano de ataque a concerto de Taylor Swift"},"content":{"rendered":"<p>O julgamento de Beran A., 21 anos, come\u00e7ou hoje em Wiener Neustadt, \u00c1ustria. Ele \u00e9 acusado de planeamento de ataque a um concerto de Taylor Swift em Viena, em agosto de 2024, e de terrorismo. O alvo seria o Est\u00e1dio Ernst Happel, com at\u00e9 30 mil pessoas do lado de fora e 65 mil no interior.<\/p>\n<p>O plano foi frustrado, o que levou as autoridades a cancelarem as tr\u00eas atua\u00e7\u00f5es da digress\u00e3o Eras Tour. As informa\u00e7\u00f5es vieram, em parte, de servi\u00e7os secretos dos EUA, que contribu\u00edram para a decis\u00e3o das autoridades austr\u00edacas.<\/p>\n<p>Beran A. arrisca at\u00e9 20 anos de pris\u00e3o. A defesa, representada pela advogada Anna Mair, indicou que o cliente pode declarar-se culpado na maioria das acusa\u00e7\u00f5es, sem especificar quais.<\/p>\n<h3>Desdobramentos<\/h3>\n<p>Al\u00e9m da acusa\u00e7\u00e3o principal, os procuradores apresentaram casos relacionados com terrorismo envolvendo Arda K. e Hasan E. Alega-se que Beran A. e Arda K., juntamente com Hasan E., planeavam ataques simult\u00e2neos na Ar\u00e1bia Saudita, Turquia e Emirados \u00c1rabes Unidos durante o Ramad\u00e3o de 2024, em nome do Estado Isl\u00e2mico.<\/p>\n<p>Hasan E. \u00e9 acusado de ter esfaqueado um seguran\u00e7a na Grande Mesquita de Meca, em 11 de mar\u00e7o de 2024, encontrando-se detido em pris\u00e3o preventiva na Ar\u00e1bia Saudita. Beran A. e Arda K. n\u00e3o teriam concretizado os planos na Turquia e nos Emirados.<\/p>\n","protected":false},"excerpt":{"rendered":"<ul>\n<li>O julgamento de um homem austr\u00edaco de 21 anos, identificado apenas como Beran A., come\u00e7ou em Wiener Neustadt por suspeitas de planear um ataque a um concerto de Taylor Swift em Viena, em agosto de 2024, o que levou \u00e0 suspens\u00e3o das tr\u00eas atua\u00e7\u00f5es da digress\u00e3o Eras Tour.<\/li>\n<li>Beran A. \u00e9 acusado de terrorismo e filia\u00e7\u00e3o a uma organiza\u00e7\u00e3o terrorista, alegando ter contactado membros do Estado Isl\u00e2mico antes do ataque, que visava espectadores no exterior do Est\u00e1dio Ernst Happel (at\u00e9 30 mil) e no interior (at\u00e9 65 mil).<\/li>\n<li>As autoridades disseram que o objetivo era matar o maior n\u00famero poss\u00edvel de pessoas; as informa\u00e7\u00f5es dos servi\u00e7os secretos dos Estados Unidos contribu\u00edram para cancelar os concertos.<\/li>\n<li>A advogada de defesa, Anna Mair, afirmou que Beran A. pretende declarar-se culpado da maioria das acusa\u00e7\u00f5es, com pena potencial de at\u00e9 20 anos de pris\u00e3o.<\/li>\n<li>Paralelamente, surgem acusa\u00e7\u00f5es ligadas a Arda K. e Hasan E. por planos de ataques na Ar\u00e1bia Saudita, Turquia e Emirados \u00c1rabes Unidos durante o Ramad\u00e3o de 2024; Hasan E. ter\u00e1 esfaqueado um seguran\u00e7a na Grande Mesquita de Meca a 11 de mar\u00e7o de 2024, e Beran A. e Arda K. n\u00e3o chegaram a concretizar esses planos.<\/li>\n<\/ul>\n","protected":false},"author":2,"featured_media":459400,"comment_status":"closed","ping_status":"closed","sticky":false,"template":"","format":"standard","meta":{"footnotes":""},"categories":[6815,1],"tags":[9813,9150,9812,8482,9078],"class_list":["post-459395","post","type-post","status-publish","format-standard","has-post-thumbnail","hentry","category-justica","category-noticias","tag-_arabia-saudita","tag-_emirados-arabes-unidos","tag-_estado-islamico","tag-_terrorismo","tag-_turquia"],"yoast_head":"<!-- This site is optimized with the Yoast SEO plugin v27.2 - https:\/\/yoast.com\/product\/yoast-seo-wordpress\/ -->\n<title>\u00c1ustria inicia julgamento de homem por plano de ataque a concerto de Taylor Swift - Portal Tela Portugal<\/title>\n<meta name=\"robots\" content=\"index, follow, max-snippet:-1, max-image-preview:large, max-video-preview:-1\" \/>\n<meta property=\"og:locale\" content=\"pt_PT\" \/>\n<meta property=\"og:type\" content=\"article\" \/>\n<meta property=\"og:title\" content=\"\u00c1ustria inicia julgamento de homem por plano de ataque a concerto de Taylor Swift - Portal Tela Portugal\" \/>\n<meta property=\"og:description\" content=\"O julgamento de um homem austr\u00edaco de 21 anos, identificado apenas como Beran A., come\u00e7ou em Wiener Neustadt por suspeitas de planear um ataque a um concerto de Taylor Swift em Viena, em agosto de 2024, o que levou \u00e0 suspens\u00e3o das tr\u00eas atua\u00e7\u00f5es da digress\u00e3o Eras Tour. Beran A. \u00e9 acusado de terrorismo e filia\u00e7\u00e3o a uma organiza\u00e7\u00e3o terrorista, alegando ter contactado membros do Estado Isl\u00e2mico antes do ataque, que visava espectadores no exterior do Est\u00e1dio Ernst Happel (at\u00e9 30 mil) e no interior (at\u00e9 65 mil). As autoridades disseram que o objetivo era matar o maior n\u00famero poss\u00edvel de pessoas; as informa\u00e7\u00f5es dos servi\u00e7os secretos dos Estados Unidos contribu\u00edram para cancelar os concertos. A advogada de defesa, Anna Mair, afirmou que Beran A. pretende declarar-se culpado da maioria das acusa\u00e7\u00f5es, com pena potencial de at\u00e9 20 anos de pris\u00e3o. Paralelamente, surgem acusa\u00e7\u00f5es ligadas a Arda K. e Hasan E. por planos de ataques na Ar\u00e1bia Saudita, Turquia e Emirados \u00c1rabes Unidos durante o Ramad\u00e3o de 2024; Hasan E. ter\u00e1 esfaqueado um seguran\u00e7a na Grande Mesquita de Meca a 11 de mar\u00e7o de 2024, e Beran A. e Arda K. n\u00e3o chegaram a concretizar esses planos.\" \/>\n<meta property=\"og:url\" content=\"https:\/\/portaltela.pt\/noticias\/2026\/04\/28\/austria-inicia-julgamento-de-homem-por-plano-de-ataque-a-concerto-de-taylor-swift\/\" \/>\n<meta property=\"og:site_name\" content=\"Portal Tela Portugal\" \/>\n<meta property=\"article:published_time\" content=\"2026-04-28T09:33:16+00:00\" \/>\n<meta name=\"author\" content=\"Telinha\" \/>\n<meta name=\"twitter:card\" content=\"summary_large_image\" \/>\n<meta name=\"twitter:label1\" content=\"Escrito por\" \/>\n\t<meta name=\"twitter:data1\" content=\"Telinha\" \/>\n\t<meta name=\"twitter:label2\" content=\"Tempo estimado de leitura\" \/>\n\t<meta name=\"twitter:data2\" content=\"1 minuto\" \/>\n<script type=\"application\/ld+json\" class=\"yoast-schema-graph\">{\"@context\":\"https:\/\/schema.org\",\"@graph\":[{\"@type\":\"Article\",\"@id\":\"https:\/\/portaltela.pt\/noticias\/2026\/04\/28\/austria-inicia-julgamento-de-homem-por-plano-de-ataque-a-concerto-de-taylor-swift\/#article\",\"isPartOf\":{\"@id\":\"https:\/\/portaltela.pt\/noticias\/2026\/04\/28\/austria-inicia-julgamento-de-homem-por-plano-de-ataque-a-concerto-de-taylor-swift\/\"},\"author\":{\"name\":\"Telinha\",\"@id\":\"https:\/\/portaltela.pt\/#\/schema\/person\/c4278d4a6028830caff9ee44b42d32ed\"},\"headline\":\"\u00c1ustria inicia julgamento de homem por plano de ataque a concerto de Taylor Swift\",\"datePublished\":\"2026-04-28T09:33:16+00:00\",\"mainEntityOfPage\":{\"@id\":\"https:\/\/portaltela.pt\/noticias\/2026\/04\/28\/austria-inicia-julgamento-de-homem-por-plano-de-ataque-a-concerto-de-taylor-swift\/\"},\"wordCount\":241,\"image\":{\"@id\":\"https:\/\/portaltela.pt\/noticias\/2026\/04\/28\/austria-inicia-julgamento-de-homem-por-plano-de-ataque-a-concerto-de-taylor-swift\/#primaryimage\"},\"thumbnailUrl\":\"https:\/\/portaltela.pt\/s.01k8rhncp4jt1\/2026\/04\/1536x864_cmsv2_3f2ee3e8-7ff9-534d-abb2-4a8848279cc0-9738523.jpg\",\"keywords\":[\"_Ar\u00e1bia Saudita\",\"_Emirados \u00c1rabes Unidos\",\"_Estado Isl\u00e2mico\",\"_terrorismo\",\"_Turquia\"],\"articleSection\":[\"Justi\u00e7a\",\"Not\u00edcias\"],\"inLanguage\":\"pt-PT\"},{\"@type\":\"WebPage\",\"@id\":\"https:\/\/portaltela.pt\/noticias\/2026\/04\/28\/austria-inicia-julgamento-de-homem-por-plano-de-ataque-a-concerto-de-taylor-swift\/\",\"url\":\"https:\/\/portaltela.pt\/noticias\/2026\/04\/28\/austria-inicia-julgamento-de-homem-por-plano-de-ataque-a-concerto-de-taylor-swift\/\",\"name\":\"\u00c1ustria inicia julgamento de homem por plano de ataque a concerto de Taylor Swift - Portal Tela Portugal\",\"isPartOf\":{\"@id\":\"https:\/\/portaltela.pt\/#website\"},\"primaryImageOfPage\":{\"@id\":\"https:\/\/portaltela.pt\/noticias\/2026\/04\/28\/austria-inicia-julgamento-de-homem-por-plano-de-ataque-a-concerto-de-taylor-swift\/#primaryimage\"},\"image\":{\"@id\":\"https:\/\/portaltela.pt\/noticias\/2026\/04\/28\/austria-inicia-julgamento-de-homem-por-plano-de-ataque-a-concerto-de-taylor-swift\/#primaryimage\"},\"thumbnailUrl\":\"https:\/\/portaltela.pt\/s.01k8rhncp4jt1\/2026\/04\/1536x864_cmsv2_3f2ee3e8-7ff9-534d-abb2-4a8848279cc0-9738523.jpg\",\"datePublished\":\"2026-04-28T09:33:16+00:00\",\"author\":{\"@id\":\"https:\/\/portaltela.pt\/#\/schema\/person\/c4278d4a6028830caff9ee44b42d32ed\"},\"breadcrumb\":{\"@id\":\"https:\/\/portaltela.pt\/noticias\/2026\/04\/28\/austria-inicia-julgamento-de-homem-por-plano-de-ataque-a-concerto-de-taylor-swift\/#breadcrumb\"},\"inLanguage\":\"pt-PT\",\"potentialAction\":[{\"@type\":\"ReadAction\",\"target\":[\"https:\/\/portaltela.pt\/noticias\/2026\/04\/28\/austria-inicia-julgamento-de-homem-por-plano-de-ataque-a-concerto-de-taylor-swift\/\"]}]},{\"@type\":\"ImageObject\",\"inLanguage\":\"pt-PT\",\"@id\":\"https:\/\/portaltela.pt\/noticias\/2026\/04\/28\/austria-inicia-julgamento-de-homem-por-plano-de-ataque-a-concerto-de-taylor-swift\/#primaryimage\",\"url\":\"https:\/\/portaltela.pt\/s.01k8rhncp4jt1\/2026\/04\/1536x864_cmsv2_3f2ee3e8-7ff9-534d-abb2-4a8848279cc0-9738523.jpg\",\"contentUrl\":\"https:\/\/portaltela.pt\/s.01k8rhncp4jt1\/2026\/04\/1536x864_cmsv2_3f2ee3e8-7ff9-534d-abb2-4a8848279cc0-9738523.jpg\",\"width\":796,\"height\":448,\"caption\":\"Come\u00e7a julgamento de austr\u00edaco acusado de planear ataque a concerto de Taylor Swift\"},{\"@type\":\"BreadcrumbList\",\"@id\":\"https:\/\/portaltela.pt\/noticias\/2026\/04\/28\/austria-inicia-julgamento-de-homem-por-plano-de-ataque-a-concerto-de-taylor-swift\/#breadcrumb\",\"itemListElement\":[{\"@type\":\"ListItem\",\"position\":1,\"name\":\"In\u00edcio\",\"item\":\"https:\/\/portaltela.pt\/\"},{\"@type\":\"ListItem\",\"position\":2,\"name\":\"\u00c1ustria inicia julgamento de homem por plano de ataque a concerto de Taylor Swift\"}]},{\"@type\":\"WebSite\",\"@id\":\"https:\/\/portaltela.pt\/#website\",\"url\":\"https:\/\/portaltela.pt\/\",\"name\":\"Portal Tela Portugal\",\"description\":\"\",\"potentialAction\":[{\"@type\":\"SearchAction\",\"target\":{\"@type\":\"EntryPoint\",\"urlTemplate\":\"https:\/\/portaltela.pt\/?s={search_term_string}\"},\"query-input\":{\"@type\":\"PropertyValueSpecification\",\"valueRequired\":true,\"valueName\":\"search_term_string\"}}],\"inLanguage\":\"pt-PT\"},{\"@type\":\"Person\",\"@id\":\"https:\/\/portaltela.pt\/#\/schema\/person\/c4278d4a6028830caff9ee44b42d32ed\",\"name\":\"Telinha\",\"image\":{\"@type\":\"ImageObject\",\"inLanguage\":\"pt-PT\",\"@id\":\"https:\/\/portaltela.pt\/s.01k8rhncp4jt1\/2025\/11\/talking-bot-125x125.png\",\"url\":\"https:\/\/portaltela.pt\/s.01k8rhncp4jt1\/2025\/11\/talking-bot-125x125.png\",\"contentUrl\":\"https:\/\/portaltela.pt\/s.01k8rhncp4jt1\/2025\/11\/talking-bot-125x125.png\",\"caption\":\"Telinha\"},\"sameAs\":[\"https:\/\/portaltela.pt\/\"],\"url\":\"https:\/\/portaltela.pt\/por\/367410592786\/\"}]}<\/script>\n<!-- \/ Yoast SEO plugin. -->","yoast_head_json":{"title":"\u00c1ustria inicia julgamento de homem por plano de ataque a concerto de Taylor Swift - Portal Tela Portugal","robots":{"index":"index","follow":"follow","max-snippet":"max-snippet:-1","max-image-preview":"max-image-preview:large","max-video-preview":"max-video-preview:-1"},"og_locale":"pt_PT","og_type":"article","og_title":"\u00c1ustria inicia julgamento de homem por plano de ataque a concerto de Taylor Swift - Portal Tela Portugal","og_description":"O julgamento de um homem austr\u00edaco de 21 anos, identificado apenas como Beran A., come\u00e7ou em Wiener Neustadt por suspeitas de planear um ataque a um concerto de Taylor Swift em Viena, em agosto de 2024, o que levou \u00e0 suspens\u00e3o das tr\u00eas atua\u00e7\u00f5es da digress\u00e3o Eras Tour. Beran A. \u00e9 acusado de terrorismo e filia\u00e7\u00e3o a uma organiza\u00e7\u00e3o terrorista, alegando ter contactado membros do Estado Isl\u00e2mico antes do ataque, que visava espectadores no exterior do Est\u00e1dio Ernst Happel (at\u00e9 30 mil) e no interior (at\u00e9 65 mil). As autoridades disseram que o objetivo era matar o maior n\u00famero poss\u00edvel de pessoas; as informa\u00e7\u00f5es dos servi\u00e7os secretos dos Estados Unidos contribu\u00edram para cancelar os concertos. A advogada de defesa, Anna Mair, afirmou que Beran A. pretende declarar-se culpado da maioria das acusa\u00e7\u00f5es, com pena potencial de at\u00e9 20 anos de pris\u00e3o. Paralelamente, surgem acusa\u00e7\u00f5es ligadas a Arda K. e Hasan E. por planos de ataques na Ar\u00e1bia Saudita, Turquia e Emirados \u00c1rabes Unidos durante o Ramad\u00e3o de 2024; Hasan E. ter\u00e1 esfaqueado um seguran\u00e7a na Grande Mesquita de Meca a 11 de mar\u00e7o de 2024, e Beran A. e Arda K. n\u00e3o chegaram a concretizar esses planos.","og_url":"https:\/\/portaltela.pt\/noticias\/2026\/04\/28\/austria-inicia-julgamento-de-homem-por-plano-de-ataque-a-concerto-de-taylor-swift\/","og_site_name":"Portal Tela Portugal","article_published_time":"2026-04-28T09:33:16+00:00","author":"Telinha","twitter_card":"summary_large_image","twitter_misc":{"Escrito por":"Telinha","Tempo estimado de leitura":"1 minuto"},"schema":{"@context":"https:\/\/schema.org","@graph":[{"@type":"Article","@id":"https:\/\/portaltela.pt\/noticias\/2026\/04\/28\/austria-inicia-julgamento-de-homem-por-plano-de-ataque-a-concerto-de-taylor-swift\/#article","isPartOf":{"@id":"https:\/\/portaltela.pt\/noticias\/2026\/04\/28\/austria-inicia-julgamento-de-homem-por-plano-de-ataque-a-concerto-de-taylor-swift\/"},"author":{"name":"Telinha","@id":"https:\/\/portaltela.pt\/#\/schema\/person\/c4278d4a6028830caff9ee44b42d32ed"},"headline":"\u00c1ustria inicia julgamento de homem por plano de ataque a concerto de Taylor Swift","datePublished":"2026-04-28T09:33:16+00:00","mainEntityOfPage":{"@id":"https:\/\/portaltela.pt\/noticias\/2026\/04\/28\/austria-inicia-julgamento-de-homem-por-plano-de-ataque-a-concerto-de-taylor-swift\/"},"wordCount":241,"image":{"@id":"https:\/\/portaltela.pt\/noticias\/2026\/04\/28\/austria-inicia-julgamento-de-homem-por-plano-de-ataque-a-concerto-de-taylor-swift\/#primaryimage"},"thumbnailUrl":"https:\/\/portaltela.pt\/s.01k8rhncp4jt1\/2026\/04\/1536x864_cmsv2_3f2ee3e8-7ff9-534d-abb2-4a8848279cc0-9738523.jpg","keywords":["_Ar\u00e1bia Saudita","_Emirados \u00c1rabes Unidos","_Estado Isl\u00e2mico","_terrorismo","_Turquia"],"articleSection":["Justi\u00e7a","Not\u00edcias"],"inLanguage":"pt-PT"},{"@type":"WebPage","@id":"https:\/\/portaltela.pt\/noticias\/2026\/04\/28\/austria-inicia-julgamento-de-homem-por-plano-de-ataque-a-concerto-de-taylor-swift\/","url":"https:\/\/portaltela.pt\/noticias\/2026\/04\/28\/austria-inicia-julgamento-de-homem-por-plano-de-ataque-a-concerto-de-taylor-swift\/","name":"\u00c1ustria inicia julgamento de homem por plano de ataque a concerto de Taylor Swift - Portal Tela Portugal","isPartOf":{"@id":"https:\/\/portaltela.pt\/#website"},"primaryImageOfPage":{"@id":"https:\/\/portaltela.pt\/noticias\/2026\/04\/28\/austria-inicia-julgamento-de-homem-por-plano-de-ataque-a-concerto-de-taylor-swift\/#primaryimage"},"image":{"@id":"https:\/\/portaltela.pt\/noticias\/2026\/04\/28\/austria-inicia-julgamento-de-homem-por-plano-de-ataque-a-concerto-de-taylor-swift\/#primaryimage"},"thumbnailUrl":"https:\/\/portaltela.pt\/s.01k8rhncp4jt1\/2026\/04\/1536x864_cmsv2_3f2ee3e8-7ff9-534d-abb2-4a8848279cc0-9738523.jpg","datePublished":"2026-04-28T09:33:16+00:00","author":{"@id":"https:\/\/portaltela.pt\/#\/schema\/person\/c4278d4a6028830caff9ee44b42d32ed"},"breadcrumb":{"@id":"https:\/\/portaltela.pt\/noticias\/2026\/04\/28\/austria-inicia-julgamento-de-homem-por-plano-de-ataque-a-concerto-de-taylor-swift\/#breadcrumb"},"inLanguage":"pt-PT","potentialAction":[{"@type":"ReadAction","target":["https:\/\/portaltela.pt\/noticias\/2026\/04\/28\/austria-inicia-julgamento-de-homem-por-plano-de-ataque-a-concerto-de-taylor-swift\/"]}]},{"@type":"ImageObject","inLanguage":"pt-PT","@id":"https:\/\/portaltela.pt\/noticias\/2026\/04\/28\/austria-inicia-julgamento-de-homem-por-plano-de-ataque-a-concerto-de-taylor-swift\/#primaryimage","url":"https:\/\/portaltela.pt\/s.01k8rhncp4jt1\/2026\/04\/1536x864_cmsv2_3f2ee3e8-7ff9-534d-abb2-4a8848279cc0-9738523.jpg","contentUrl":"https:\/\/portaltela.pt\/s.01k8rhncp4jt1\/2026\/04\/1536x864_cmsv2_3f2ee3e8-7ff9-534d-abb2-4a8848279cc0-9738523.jpg","width":796,"height":448,"caption":"Come\u00e7a julgamento de austr\u00edaco acusado de planear ataque a concerto de Taylor Swift"},{"@type":"BreadcrumbList","@id":"https:\/\/portaltela.pt\/noticias\/2026\/04\/28\/austria-inicia-julgamento-de-homem-por-plano-de-ataque-a-concerto-de-taylor-swift\/#breadcrumb","itemListElement":[{"@type":"ListItem","position":1,"name":"In\u00edcio","item":"https:\/\/portaltela.pt\/"},{"@type":"ListItem","position":2,"name":"\u00c1ustria inicia julgamento de homem por plano de ataque a concerto de Taylor Swift"}]},{"@type":"WebSite","@id":"https:\/\/portaltela.pt\/#website","url":"https:\/\/portaltela.pt\/","name":"Portal Tela Portugal","description":"","potentialAction":[{"@type":"SearchAction","target":{"@type":"EntryPoint","urlTemplate":"https:\/\/portaltela.pt\/?s={search_term_string}"},"query-input":{"@type":"PropertyValueSpecification","valueRequired":true,"valueName":"search_term_string"}}],"inLanguage":"pt-PT"},{"@type":"Person","@id":"https:\/\/portaltela.pt\/#\/schema\/person\/c4278d4a6028830caff9ee44b42d32ed","name":"Telinha","image":{"@type":"ImageObject","inLanguage":"pt-PT","@id":"https:\/\/portaltela.pt\/s.01k8rhncp4jt1\/2025\/11\/talking-bot-125x125.png","url":"https:\/\/portaltela.pt\/s.01k8rhncp4jt1\/2025\/11\/talking-bot-125x125.png","contentUrl":"https:\/\/portaltela.pt\/s.01k8rhncp4jt1\/2025\/11\/talking-bot-125x125.png","caption":"Telinha"},"sameAs":["https:\/\/portaltela.pt\/"],"url":"https:\/\/portaltela.pt\/por\/367410592786\/"}]}},"_links":{"self":[{"href":"https:\/\/portaltela.pt\/api\/wp\/v2\/posts\/459395","targetHints":{"allow":["GET"]}}],"collection":[{"href":"https:\/\/portaltela.pt\/api\/wp\/v2\/posts"}],"about":[{"href":"https:\/\/portaltela.pt\/api\/wp\/v2\/types\/post"}],"author":[{"embeddable":true,"href":"https:\/\/portaltela.pt\/api\/wp\/v2\/users\/2"}],"replies":[{"embeddable":true,"href":"https:\/\/portaltela.pt\/api\/wp\/v2\/comments?post=459395"}],"version-history":[{"count":0,"href":"https:\/\/portaltela.pt\/api\/wp\/v2\/posts\/459395\/revisions"}],"wp:featuredmedia":[{"embeddable":true,"href":"https:\/\/portaltela.pt\/api\/wp\/v2\/media\/459400"}],"wp:attachment":[{"href":"https:\/\/portaltela.pt\/api\/wp\/v2\/media?parent=459395"}],"wp:term":[{"taxonomy":"category","embeddable":true,"href":"https:\/\/portaltela.pt\/api\/wp\/v2\/categories?post=459395"},{"taxonomy":"post_tag","embeddable":true,"href":"https:\/\/portaltela.pt\/api\/wp\/v2\/tags?post=459395"}],"curies":[{"name":"wp","href":"https:\/\/api.w.org\/{rel}","templated":true}]}}