{"id":459389,"date":"2026-04-28T06:32:46","date_gmt":"2026-04-28T09:32:46","guid":{"rendered":"https:\/\/portaltela.pt\/noticias\/2026\/04\/28\/la-fenice-despede-diretora-musical-beatrice-venezi-por-comentarios-ofensivos\/"},"modified":"2026-04-28T06:32:46","modified_gmt":"2026-04-28T09:32:46","slug":"la-fenice-despede-diretora-musical-beatrice-venezi-por-comentarios-ofensivos","status":"publish","type":"post","link":"https:\/\/portaltela.pt\/musica\/2026\/04\/28\/la-fenice-despede-diretora-musical-beatrice-venezi-por-comentarios-ofensivos\/","title":{"rendered":"La Fenice despede diretora musical Beatrice Venezi por coment\u00e1rios ofensivos"},"content":{"rendered":"<p>O Teatro La Fenice de Veneza anunciou a demiss\u00e3o de Beatrice Venezi, designada para Diretora Musical Permanente, ap\u00f3s meses de protestos e declara\u00e7\u00f5es p\u00fablicas consideradas ofensivas e prejudiciais para a institui\u00e7\u00e3o. A decis\u00e3o encerra uma controv\u00e9rsia que se arrastava desde o an\u00fancio da nomea\u00e7\u00e3o.<\/p>\n<p>Venezi foi escolhida para o cargo em setembro de 2025. No m\u00eas seguinte, os sindicatos do teatro pediram a demiss\u00e3o, alegando que aos 36 anos faltava-lhe experi\u00eancia para liderar a orquestra. Surgiram tamb\u00e9m preocupa\u00e7\u00f5es sobre as liga\u00e7\u00f5es da maestrina ao governo de extrema-direita de Giorgia Meloni.<\/p>\n<p>A pol\u00e9mica ganhou for\u00e7a ap\u00f3s Venezi acusar a orquestra de nepotismo numa entrevista ao jornal argentino La Naci\u00f3n, publicada a 23 de abril. A maestrina afirmou ainda que os m\u00fasicos da orquestra estavam fixos na ilha de Veneza, sem modo de chegar ao p\u00fablico mais jovem, e acusou resist\u00eancia \u00e0 mudan\u00e7a.<\/p>\n<h3>Repercuss\u00f5es e rea\u00e7\u00f5es<\/h3>\n<p>O diretor-geral Nicola Colabianchi justificar a decis\u00e3o com declara\u00e7\u00f5es p\u00fablicas reiteradas e graves, que considerou ofensivas e prejudiciais ao teatro e \u00e0 sua orquestra. Os sindicatos saudaram a dispensa, designando-a como necess\u00e1ria para manter o profissionalismo da institui\u00e7\u00e3o.<\/p>\n<p>O gabinete de Giorgia Meloni negou ter autorizado a sa\u00edda de Venezi, desmentindo uma not\u00edcia publicada pelo Corriere della Sera. O ministro da Cultura, Alessandro Giuli, expressou apoio \u00e0 decis\u00e3o, afirmando que ela pode eliminar mal-entendidos e tens\u00f5es, no interesse do teatro e de Veneza.<\/p>\n","protected":false},"excerpt":{"rendered":"<ul>\n<li>O Teatro La Fenice, em Veneza, demitiu Beatrice Venezi, que tinha sido nomeada diretora musical permanente em setembro de 2025, depois de meses de protestos e declara\u00e7\u00f5es consideradas ofensivas para o prest\u00edgio da institui\u00e7\u00e3o.<\/li>\n<li>Os syndicatos pediram a demiss\u00e3o de Venezi, aos 36 anos, alegando falta de experi\u00eancia para dirigir a orquestra e levantando preocupa\u00e7\u00f5es sobre as liga\u00e7\u00f5es da maestrina ao governo de Giorgia Meloni.<\/li>\n<li>Venezi \u00e9 filha de um antigo membro do neofascista Forza Nuova e tornou-se conselheira do ministro da Cultura ap\u00f3s a chegada de Meloni ao poder, em 2022.<\/li>\n<li>Em entrevista \u00e0 La Naci\u00f3n, a 23 de abril, Venezi afirmou que a orquestra \u201cpassa lugares de pais para filhos\u201d e que n\u00e3o chega ao p\u00fablico jovem, criticando o nepotismo e a resist\u00eancia \u00e0 mudan\u00e7a.<\/li>\n<li>O diretor-geral Nicola Colabianchi justificou a decis\u00e3o com declara\u00e7\u00f5es p\u00fablicas reiteradas que seriam ofensivas e prejudiciais; o gabinete de Meloni desmentiu ter autorizado o despedimento, enquanto o ministro da Cultura, Alessandro Giuli, apoiou a medida.<\/li>\n<\/ul>\n","protected":false},"author":2,"featured_media":459390,"comment_status":"closed","ping_status":"closed","sticky":false,"template":"","format":"standard","meta":{"footnotes":""},"categories":[7375,6676],"tags":[8290,145,1857,122,2832,119],"class_list":["post-459389","post","type-post","status-publish","format-standard","has-post-thumbnail","hentry","category-cultura","category-musica","tag-_extrema-direita","tag-cultura","tag-italia","tag-musica","tag-politica","tag-teatro"],"yoast_head":"<!-- This site is optimized with the Yoast SEO plugin v27.2 - https:\/\/yoast.com\/product\/yoast-seo-wordpress\/ -->\n<title>La Fenice despede diretora musical Beatrice Venezi por coment\u00e1rios ofensivos - Portal Tela Portugal<\/title>\n<meta name=\"robots\" content=\"index, follow, max-snippet:-1, max-image-preview:large, max-video-preview:-1\" \/>\n<meta property=\"og:locale\" content=\"pt_PT\" \/>\n<meta property=\"og:type\" content=\"article\" \/>\n<meta property=\"og:title\" content=\"La Fenice despede diretora musical Beatrice Venezi por coment\u00e1rios ofensivos - Portal Tela Portugal\" \/>\n<meta property=\"og:description\" content=\"O Teatro La Fenice, em Veneza, demitiu Beatrice Venezi, que tinha sido nomeada diretora musical permanente em setembro de 2025, depois de meses de protestos e declara\u00e7\u00f5es consideradas ofensivas para o prest\u00edgio da institui\u00e7\u00e3o. Os syndicatos pediram a demiss\u00e3o de Venezi, aos 36 anos, alegando falta de experi\u00eancia para dirigir a orquestra e levantando preocupa\u00e7\u00f5es sobre as liga\u00e7\u00f5es da maestrina ao governo de Giorgia Meloni. Venezi \u00e9 filha de um antigo membro do neofascista Forza Nuova e tornou-se conselheira do ministro da Cultura ap\u00f3s a chegada de Meloni ao poder, em 2022. Em entrevista \u00e0 La Naci\u00f3n, a 23 de abril, Venezi afirmou que a orquestra \u201cpassa lugares de pais para filhos\u201d e que n\u00e3o chega ao p\u00fablico jovem, criticando o nepotismo e a resist\u00eancia \u00e0 mudan\u00e7a. O diretor-geral Nicola Colabianchi justificou a decis\u00e3o com declara\u00e7\u00f5es p\u00fablicas reiteradas que seriam ofensivas e prejudiciais; o gabinete de Meloni desmentiu ter autorizado o despedimento, enquanto o ministro da Cultura, Alessandro Giuli, apoiou a medida.\" \/>\n<meta property=\"og:url\" content=\"https:\/\/portaltela.pt\/noticias\/2026\/04\/28\/la-fenice-despede-diretora-musical-beatrice-venezi-por-comentarios-ofensivos\/\" \/>\n<meta property=\"og:site_name\" content=\"Portal Tela Portugal\" \/>\n<meta property=\"article:published_time\" content=\"2026-04-28T09:32:46+00:00\" \/>\n<meta name=\"author\" content=\"Telinha\" \/>\n<meta name=\"twitter:card\" content=\"summary_large_image\" \/>\n<meta name=\"twitter:label1\" content=\"Escrito por\" \/>\n\t<meta name=\"twitter:data1\" content=\"Telinha\" \/>\n\t<meta name=\"twitter:label2\" content=\"Tempo estimado de leitura\" \/>\n\t<meta name=\"twitter:data2\" content=\"1 minuto\" \/>\n<script type=\"application\/ld+json\" class=\"yoast-schema-graph\">{\"@context\":\"https:\/\/schema.org\",\"@graph\":[{\"@type\":\"Article\",\"@id\":\"https:\/\/portaltela.pt\/noticias\/2026\/04\/28\/la-fenice-despede-diretora-musical-beatrice-venezi-por-comentarios-ofensivos\/#article\",\"isPartOf\":{\"@id\":\"https:\/\/portaltela.pt\/noticias\/2026\/04\/28\/la-fenice-despede-diretora-musical-beatrice-venezi-por-comentarios-ofensivos\/\"},\"author\":{\"name\":\"Telinha\",\"@id\":\"https:\/\/portaltela.pt\/#\/schema\/person\/c4278d4a6028830caff9ee44b42d32ed\"},\"headline\":\"La Fenice despede diretora musical Beatrice Venezi por coment\u00e1rios ofensivos\",\"datePublished\":\"2026-04-28T09:32:46+00:00\",\"mainEntityOfPage\":{\"@id\":\"https:\/\/portaltela.pt\/noticias\/2026\/04\/28\/la-fenice-despede-diretora-musical-beatrice-venezi-por-comentarios-ofensivos\/\"},\"wordCount\":266,\"image\":{\"@id\":\"https:\/\/portaltela.pt\/noticias\/2026\/04\/28\/la-fenice-despede-diretora-musical-beatrice-venezi-por-comentarios-ofensivos\/#primaryimage\"},\"thumbnailUrl\":\"https:\/\/portaltela.pt\/s.01k8rhncp4jt1\/2026\/04\/1536x864_cmsv2_7ac0152c-7f70-5ce4-ab0a-bd4c9bb3f146-9738696.jpg\",\"keywords\":[\"_extrema-direita\",\"cultura\",\"It\u00e1lia\",\"m\u00fasica\",\"pol\u00edtica\",\"teatro\"],\"articleSection\":[\"Cultura\",\"M\u00fasica\"],\"inLanguage\":\"pt-PT\"},{\"@type\":\"WebPage\",\"@id\":\"https:\/\/portaltela.pt\/noticias\/2026\/04\/28\/la-fenice-despede-diretora-musical-beatrice-venezi-por-comentarios-ofensivos\/\",\"url\":\"https:\/\/portaltela.pt\/noticias\/2026\/04\/28\/la-fenice-despede-diretora-musical-beatrice-venezi-por-comentarios-ofensivos\/\",\"name\":\"La Fenice despede diretora musical Beatrice Venezi por coment\u00e1rios ofensivos - Portal Tela Portugal\",\"isPartOf\":{\"@id\":\"https:\/\/portaltela.pt\/#website\"},\"primaryImageOfPage\":{\"@id\":\"https:\/\/portaltela.pt\/noticias\/2026\/04\/28\/la-fenice-despede-diretora-musical-beatrice-venezi-por-comentarios-ofensivos\/#primaryimage\"},\"image\":{\"@id\":\"https:\/\/portaltela.pt\/noticias\/2026\/04\/28\/la-fenice-despede-diretora-musical-beatrice-venezi-por-comentarios-ofensivos\/#primaryimage\"},\"thumbnailUrl\":\"https:\/\/portaltela.pt\/s.01k8rhncp4jt1\/2026\/04\/1536x864_cmsv2_7ac0152c-7f70-5ce4-ab0a-bd4c9bb3f146-9738696.jpg\",\"datePublished\":\"2026-04-28T09:32:46+00:00\",\"author\":{\"@id\":\"https:\/\/portaltela.pt\/#\/schema\/person\/c4278d4a6028830caff9ee44b42d32ed\"},\"breadcrumb\":{\"@id\":\"https:\/\/portaltela.pt\/noticias\/2026\/04\/28\/la-fenice-despede-diretora-musical-beatrice-venezi-por-comentarios-ofensivos\/#breadcrumb\"},\"inLanguage\":\"pt-PT\",\"potentialAction\":[{\"@type\":\"ReadAction\",\"target\":[\"https:\/\/portaltela.pt\/noticias\/2026\/04\/28\/la-fenice-despede-diretora-musical-beatrice-venezi-por-comentarios-ofensivos\/\"]}]},{\"@type\":\"ImageObject\",\"inLanguage\":\"pt-PT\",\"@id\":\"https:\/\/portaltela.pt\/noticias\/2026\/04\/28\/la-fenice-despede-diretora-musical-beatrice-venezi-por-comentarios-ofensivos\/#primaryimage\",\"url\":\"https:\/\/portaltela.pt\/s.01k8rhncp4jt1\/2026\/04\/1536x864_cmsv2_7ac0152c-7f70-5ce4-ab0a-bd4c9bb3f146-9738696.jpg\",\"contentUrl\":\"https:\/\/portaltela.pt\/s.01k8rhncp4jt1\/2026\/04\/1536x864_cmsv2_7ac0152c-7f70-5ce4-ab0a-bd4c9bb3f146-9738696.jpg\",\"width\":1536,\"height\":864,\"caption\":\"Teatro La Fenice de Veneza afasta futuro diretor musical ap\u00f3s protestos\"},{\"@type\":\"BreadcrumbList\",\"@id\":\"https:\/\/portaltela.pt\/noticias\/2026\/04\/28\/la-fenice-despede-diretora-musical-beatrice-venezi-por-comentarios-ofensivos\/#breadcrumb\",\"itemListElement\":[{\"@type\":\"ListItem\",\"position\":1,\"name\":\"In\u00edcio\",\"item\":\"https:\/\/portaltela.pt\/\"},{\"@type\":\"ListItem\",\"position\":2,\"name\":\"La Fenice despede diretora musical Beatrice Venezi por coment\u00e1rios ofensivos\"}]},{\"@type\":\"WebSite\",\"@id\":\"https:\/\/portaltela.pt\/#website\",\"url\":\"https:\/\/portaltela.pt\/\",\"name\":\"Portal Tela Portugal\",\"description\":\"\",\"potentialAction\":[{\"@type\":\"SearchAction\",\"target\":{\"@type\":\"EntryPoint\",\"urlTemplate\":\"https:\/\/portaltela.pt\/?s={search_term_string}\"},\"query-input\":{\"@type\":\"PropertyValueSpecification\",\"valueRequired\":true,\"valueName\":\"search_term_string\"}}],\"inLanguage\":\"pt-PT\"},{\"@type\":\"Person\",\"@id\":\"https:\/\/portaltela.pt\/#\/schema\/person\/c4278d4a6028830caff9ee44b42d32ed\",\"name\":\"Telinha\",\"image\":{\"@type\":\"ImageObject\",\"inLanguage\":\"pt-PT\",\"@id\":\"https:\/\/portaltela.pt\/s.01k8rhncp4jt1\/2025\/11\/talking-bot-125x125.png\",\"url\":\"https:\/\/portaltela.pt\/s.01k8rhncp4jt1\/2025\/11\/talking-bot-125x125.png\",\"contentUrl\":\"https:\/\/portaltela.pt\/s.01k8rhncp4jt1\/2025\/11\/talking-bot-125x125.png\",\"caption\":\"Telinha\"},\"sameAs\":[\"https:\/\/portaltela.pt\/\"],\"url\":\"https:\/\/portaltela.pt\/por\/367410592786\/\"}]}<\/script>\n<!-- \/ Yoast SEO plugin. -->","yoast_head_json":{"title":"La Fenice despede diretora musical Beatrice Venezi por coment\u00e1rios ofensivos - Portal Tela Portugal","robots":{"index":"index","follow":"follow","max-snippet":"max-snippet:-1","max-image-preview":"max-image-preview:large","max-video-preview":"max-video-preview:-1"},"og_locale":"pt_PT","og_type":"article","og_title":"La Fenice despede diretora musical Beatrice Venezi por coment\u00e1rios ofensivos - Portal Tela Portugal","og_description":"O Teatro La Fenice, em Veneza, demitiu Beatrice Venezi, que tinha sido nomeada diretora musical permanente em setembro de 2025, depois de meses de protestos e declara\u00e7\u00f5es consideradas ofensivas para o prest\u00edgio da institui\u00e7\u00e3o. Os syndicatos pediram a demiss\u00e3o de Venezi, aos 36 anos, alegando falta de experi\u00eancia para dirigir a orquestra e levantando preocupa\u00e7\u00f5es sobre as liga\u00e7\u00f5es da maestrina ao governo de Giorgia Meloni. Venezi \u00e9 filha de um antigo membro do neofascista Forza Nuova e tornou-se conselheira do ministro da Cultura ap\u00f3s a chegada de Meloni ao poder, em 2022. Em entrevista \u00e0 La Naci\u00f3n, a 23 de abril, Venezi afirmou que a orquestra \u201cpassa lugares de pais para filhos\u201d e que n\u00e3o chega ao p\u00fablico jovem, criticando o nepotismo e a resist\u00eancia \u00e0 mudan\u00e7a. O diretor-geral Nicola Colabianchi justificou a decis\u00e3o com declara\u00e7\u00f5es p\u00fablicas reiteradas que seriam ofensivas e prejudiciais; o gabinete de Meloni desmentiu ter autorizado o despedimento, enquanto o ministro da Cultura, Alessandro Giuli, apoiou a medida.","og_url":"https:\/\/portaltela.pt\/noticias\/2026\/04\/28\/la-fenice-despede-diretora-musical-beatrice-venezi-por-comentarios-ofensivos\/","og_site_name":"Portal Tela Portugal","article_published_time":"2026-04-28T09:32:46+00:00","author":"Telinha","twitter_card":"summary_large_image","twitter_misc":{"Escrito por":"Telinha","Tempo estimado de leitura":"1 minuto"},"schema":{"@context":"https:\/\/schema.org","@graph":[{"@type":"Article","@id":"https:\/\/portaltela.pt\/noticias\/2026\/04\/28\/la-fenice-despede-diretora-musical-beatrice-venezi-por-comentarios-ofensivos\/#article","isPartOf":{"@id":"https:\/\/portaltela.pt\/noticias\/2026\/04\/28\/la-fenice-despede-diretora-musical-beatrice-venezi-por-comentarios-ofensivos\/"},"author":{"name":"Telinha","@id":"https:\/\/portaltela.pt\/#\/schema\/person\/c4278d4a6028830caff9ee44b42d32ed"},"headline":"La Fenice despede diretora musical Beatrice Venezi por coment\u00e1rios ofensivos","datePublished":"2026-04-28T09:32:46+00:00","mainEntityOfPage":{"@id":"https:\/\/portaltela.pt\/noticias\/2026\/04\/28\/la-fenice-despede-diretora-musical-beatrice-venezi-por-comentarios-ofensivos\/"},"wordCount":266,"image":{"@id":"https:\/\/portaltela.pt\/noticias\/2026\/04\/28\/la-fenice-despede-diretora-musical-beatrice-venezi-por-comentarios-ofensivos\/#primaryimage"},"thumbnailUrl":"https:\/\/portaltela.pt\/s.01k8rhncp4jt1\/2026\/04\/1536x864_cmsv2_7ac0152c-7f70-5ce4-ab0a-bd4c9bb3f146-9738696.jpg","keywords":["_extrema-direita","cultura","It\u00e1lia","m\u00fasica","pol\u00edtica","teatro"],"articleSection":["Cultura","M\u00fasica"],"inLanguage":"pt-PT"},{"@type":"WebPage","@id":"https:\/\/portaltela.pt\/noticias\/2026\/04\/28\/la-fenice-despede-diretora-musical-beatrice-venezi-por-comentarios-ofensivos\/","url":"https:\/\/portaltela.pt\/noticias\/2026\/04\/28\/la-fenice-despede-diretora-musical-beatrice-venezi-por-comentarios-ofensivos\/","name":"La Fenice despede diretora musical Beatrice Venezi por coment\u00e1rios ofensivos - Portal Tela Portugal","isPartOf":{"@id":"https:\/\/portaltela.pt\/#website"},"primaryImageOfPage":{"@id":"https:\/\/portaltela.pt\/noticias\/2026\/04\/28\/la-fenice-despede-diretora-musical-beatrice-venezi-por-comentarios-ofensivos\/#primaryimage"},"image":{"@id":"https:\/\/portaltela.pt\/noticias\/2026\/04\/28\/la-fenice-despede-diretora-musical-beatrice-venezi-por-comentarios-ofensivos\/#primaryimage"},"thumbnailUrl":"https:\/\/portaltela.pt\/s.01k8rhncp4jt1\/2026\/04\/1536x864_cmsv2_7ac0152c-7f70-5ce4-ab0a-bd4c9bb3f146-9738696.jpg","datePublished":"2026-04-28T09:32:46+00:00","author":{"@id":"https:\/\/portaltela.pt\/#\/schema\/person\/c4278d4a6028830caff9ee44b42d32ed"},"breadcrumb":{"@id":"https:\/\/portaltela.pt\/noticias\/2026\/04\/28\/la-fenice-despede-diretora-musical-beatrice-venezi-por-comentarios-ofensivos\/#breadcrumb"},"inLanguage":"pt-PT","potentialAction":[{"@type":"ReadAction","target":["https:\/\/portaltela.pt\/noticias\/2026\/04\/28\/la-fenice-despede-diretora-musical-beatrice-venezi-por-comentarios-ofensivos\/"]}]},{"@type":"ImageObject","inLanguage":"pt-PT","@id":"https:\/\/portaltela.pt\/noticias\/2026\/04\/28\/la-fenice-despede-diretora-musical-beatrice-venezi-por-comentarios-ofensivos\/#primaryimage","url":"https:\/\/portaltela.pt\/s.01k8rhncp4jt1\/2026\/04\/1536x864_cmsv2_7ac0152c-7f70-5ce4-ab0a-bd4c9bb3f146-9738696.jpg","contentUrl":"https:\/\/portaltela.pt\/s.01k8rhncp4jt1\/2026\/04\/1536x864_cmsv2_7ac0152c-7f70-5ce4-ab0a-bd4c9bb3f146-9738696.jpg","width":1536,"height":864,"caption":"Teatro La Fenice de Veneza afasta futuro diretor musical ap\u00f3s protestos"},{"@type":"BreadcrumbList","@id":"https:\/\/portaltela.pt\/noticias\/2026\/04\/28\/la-fenice-despede-diretora-musical-beatrice-venezi-por-comentarios-ofensivos\/#breadcrumb","itemListElement":[{"@type":"ListItem","position":1,"name":"In\u00edcio","item":"https:\/\/portaltela.pt\/"},{"@type":"ListItem","position":2,"name":"La Fenice despede diretora musical Beatrice Venezi por coment\u00e1rios ofensivos"}]},{"@type":"WebSite","@id":"https:\/\/portaltela.pt\/#website","url":"https:\/\/portaltela.pt\/","name":"Portal Tela Portugal","description":"","potentialAction":[{"@type":"SearchAction","target":{"@type":"EntryPoint","urlTemplate":"https:\/\/portaltela.pt\/?s={search_term_string}"},"query-input":{"@type":"PropertyValueSpecification","valueRequired":true,"valueName":"search_term_string"}}],"inLanguage":"pt-PT"},{"@type":"Person","@id":"https:\/\/portaltela.pt\/#\/schema\/person\/c4278d4a6028830caff9ee44b42d32ed","name":"Telinha","image":{"@type":"ImageObject","inLanguage":"pt-PT","@id":"https:\/\/portaltela.pt\/s.01k8rhncp4jt1\/2025\/11\/talking-bot-125x125.png","url":"https:\/\/portaltela.pt\/s.01k8rhncp4jt1\/2025\/11\/talking-bot-125x125.png","contentUrl":"https:\/\/portaltela.pt\/s.01k8rhncp4jt1\/2025\/11\/talking-bot-125x125.png","caption":"Telinha"},"sameAs":["https:\/\/portaltela.pt\/"],"url":"https:\/\/portaltela.pt\/por\/367410592786\/"}]}},"_links":{"self":[{"href":"https:\/\/portaltela.pt\/api\/wp\/v2\/posts\/459389","targetHints":{"allow":["GET"]}}],"collection":[{"href":"https:\/\/portaltela.pt\/api\/wp\/v2\/posts"}],"about":[{"href":"https:\/\/portaltela.pt\/api\/wp\/v2\/types\/post"}],"author":[{"embeddable":true,"href":"https:\/\/portaltela.pt\/api\/wp\/v2\/users\/2"}],"replies":[{"embeddable":true,"href":"https:\/\/portaltela.pt\/api\/wp\/v2\/comments?post=459389"}],"version-history":[{"count":0,"href":"https:\/\/portaltela.pt\/api\/wp\/v2\/posts\/459389\/revisions"}],"wp:featuredmedia":[{"embeddable":true,"href":"https:\/\/portaltela.pt\/api\/wp\/v2\/media\/459390"}],"wp:attachment":[{"href":"https:\/\/portaltela.pt\/api\/wp\/v2\/media?parent=459389"}],"wp:term":[{"taxonomy":"category","embeddable":true,"href":"https:\/\/portaltela.pt\/api\/wp\/v2\/categories?post=459389"},{"taxonomy":"post_tag","embeddable":true,"href":"https:\/\/portaltela.pt\/api\/wp\/v2\/tags?post=459389"}],"curies":[{"name":"wp","href":"https:\/\/api.w.org\/{rel}","templated":true}]}}