{"id":459381,"date":"2026-04-28T06:17:35","date_gmt":"2026-04-28T09:17:35","guid":{"rendered":"https:\/\/portaltela.pt\/noticias\/2026\/04\/28\/indie-music-fest-regressa-em-setembro-com-dia-totalmente-gratuito\/"},"modified":"2026-04-28T06:17:35","modified_gmt":"2026-04-28T09:17:35","slug":"indie-music-fest-regressa-em-setembro-com-dia-totalmente-gratuito","status":"publish","type":"post","link":"https:\/\/portaltela.pt\/noticias\/2026\/04\/28\/indie-music-fest-regressa-em-setembro-com-dia-totalmente-gratuito\/","title":{"rendered":"Indie Music Fest regressa em setembro com dia totalmente gratuito"},"content":{"rendered":"<p>Ao Indie Music Fest est\u00e1 de regresso a Baltar, em Paredes, entre 3 e 5 de setembro. A edi\u00e7\u00e3o de 2026 mant\u00e9m o foco na m\u00fasica independente nacional, anunciando j\u00e1 os primeiros nomes do cartaz, incluindo Beatriz Pessoa, Ela Jaguar, Evols, Femme Falafel e outros. Uma das principais novidades \u00e9 a cria\u00e7\u00e3o de um dia totalmente gratuito.<\/p>\n<p>Entre os artistas confirmados destacam-se 10 nomes: Beatriz Pessoa, Ela Jaguar, Evols, Femme Falafel, Jepards, Nunca Mates o Mandarim, Rapaz Ego, Them Flying Monkeys, Vaiapraia e Warout. O cartaz refor\u00e7a a aposta em talentos nacionais, com o festival a manter a estrutura de palco j\u00e1 conhecida.<\/p>\n<h3>Indie Talents e novidades<\/h3>\n<p>A abertura, no dia 3 de setembro, ser\u00e1 dedicada ao projecto Indie Talents. Quatro bandas ser\u00e3o selecionadas para atuar, com direito a um pr\u00e9mio de 500 euros e a uma oportunidade de gravar um tema no Stone Sound Studios. A organiza\u00e7\u00e3o aponta o objetivo de promover novos artistas, mantendo o evento com um novo palco e o regresso do Mercado Indie.<\/p>\n<p>A organiza\u00e7\u00e3o pretende manter o crescimento do festival, que recebeu cerca de 8 mil pessoas em 2025 e mira 9.500 visitantes este ano. Tiago Nalha convoca jovens a inscreverem-se online para a participa\u00e7\u00e3o no Indie Talents, dentro de uma iniciativa que visa ampliar a representatividade da m\u00fasica independente nacional.<\/p>\n","protected":false},"excerpt":{"rendered":"<ul>\n<li>O Indie Music Fest regressa a Baltar, em Paredes, entre 3 e 5 de setembro de 2026, com os primeiros dez nomes anunciados.<\/li>\n<li>Confirmam-se Beatriz Pessoa, Ela Jaguar, Evols, Femme Falafel, Jepards, Nunca Mates o Mandarim, Rapaz Ego, Them Flying Monkeys, Vaiapraia e Warout.<\/li>\n<li>A grande novidade \u00e9 a abertura de um dia totalmente gratuito para a edi\u00e7\u00e3o de 2026.<\/li>\n<li>No 3 de setembro, o Indie Talents seleciona quatro bandas para atuar; o vencedor recebe 500 euros e a grava\u00e7\u00e3o de um tema no Stone Sound Studios.<\/li>\n<li>A organiza\u00e7\u00e3o prev\u00ea aumentar a aflu\u00eancia para 9.500 pessoas, com novo palco e o regresso do Mercado Indie.<\/li>\n<\/ul>\n","protected":false},"author":2,"featured_media":459387,"comment_status":"closed","ping_status":"closed","sticky":false,"template":"","format":"standard","meta":{"footnotes":""},"categories":[6676,1],"tags":[762,3259,3674,9811,122,1014],"class_list":["post-459381","post","type-post","status-publish","format-standard","has-post-thumbnail","hentry","category-musica","category-noticias","tag-artistas","tag-celebidades","tag-festival","tag-indie-talents","tag-musica","tag-portugal"],"yoast_head":"<!-- This site is optimized with the Yoast SEO plugin v27.2 - https:\/\/yoast.com\/product\/yoast-seo-wordpress\/ -->\n<title>Indie Music Fest regressa em setembro com dia totalmente gratuito - Portal Tela Portugal<\/title>\n<meta name=\"robots\" content=\"index, follow, max-snippet:-1, max-image-preview:large, max-video-preview:-1\" \/>\n<meta property=\"og:locale\" content=\"pt_PT\" \/>\n<meta property=\"og:type\" content=\"article\" \/>\n<meta property=\"og:title\" content=\"Indie Music Fest regressa em setembro com dia totalmente gratuito - Portal Tela Portugal\" \/>\n<meta property=\"og:description\" content=\"O Indie Music Fest regressa a Baltar, em Paredes, entre 3 e 5 de setembro de 2026, com os primeiros dez nomes anunciados. Confirmam-se Beatriz Pessoa, Ela Jaguar, Evols, Femme Falafel, Jepards, Nunca Mates o Mandarim, Rapaz Ego, Them Flying Monkeys, Vaiapraia e Warout. A grande novidade \u00e9 a abertura de um dia totalmente gratuito para a edi\u00e7\u00e3o de 2026. No 3 de setembro, o Indie Talents seleciona quatro bandas para atuar; o vencedor recebe 500 euros e a grava\u00e7\u00e3o de um tema no Stone Sound Studios. A organiza\u00e7\u00e3o prev\u00ea aumentar a aflu\u00eancia para 9.500 pessoas, com novo palco e o regresso do Mercado Indie.\" \/>\n<meta property=\"og:url\" content=\"https:\/\/portaltela.pt\/noticias\/2026\/04\/28\/indie-music-fest-regressa-em-setembro-com-dia-totalmente-gratuito\/\" \/>\n<meta property=\"og:site_name\" content=\"Portal Tela Portugal\" \/>\n<meta property=\"article:published_time\" content=\"2026-04-28T09:17:35+00:00\" \/>\n<meta name=\"author\" content=\"Telinha\" \/>\n<meta name=\"twitter:card\" content=\"summary_large_image\" \/>\n<meta name=\"twitter:label1\" content=\"Escrito por\" \/>\n\t<meta name=\"twitter:data1\" content=\"Telinha\" \/>\n\t<meta name=\"twitter:label2\" content=\"Tempo estimado de leitura\" \/>\n\t<meta name=\"twitter:data2\" content=\"1 minuto\" \/>\n<script type=\"application\/ld+json\" class=\"yoast-schema-graph\">{\"@context\":\"https:\/\/schema.org\",\"@graph\":[{\"@type\":\"Article\",\"@id\":\"https:\/\/portaltela.pt\/noticias\/2026\/04\/28\/indie-music-fest-regressa-em-setembro-com-dia-totalmente-gratuito\/#article\",\"isPartOf\":{\"@id\":\"https:\/\/portaltela.pt\/noticias\/2026\/04\/28\/indie-music-fest-regressa-em-setembro-com-dia-totalmente-gratuito\/\"},\"author\":{\"name\":\"Telinha\",\"@id\":\"https:\/\/portaltela.pt\/#\/schema\/person\/c4278d4a6028830caff9ee44b42d32ed\"},\"headline\":\"Indie Music Fest regressa em setembro com dia totalmente gratuito\",\"datePublished\":\"2026-04-28T09:17:35+00:00\",\"mainEntityOfPage\":{\"@id\":\"https:\/\/portaltela.pt\/noticias\/2026\/04\/28\/indie-music-fest-regressa-em-setembro-com-dia-totalmente-gratuito\/\"},\"wordCount\":228,\"image\":{\"@id\":\"https:\/\/portaltela.pt\/noticias\/2026\/04\/28\/indie-music-fest-regressa-em-setembro-com-dia-totalmente-gratuito\/#primaryimage\"},\"thumbnailUrl\":\"https:\/\/portaltela.pt\/s.01k8rhncp4jt1\/2026\/04\/image-1581.jpg\",\"keywords\":[\"artistas\",\"celebidades\",\"festival\",\"Indie Talents\",\"m\u00fasica\",\"Portugal\"],\"articleSection\":[\"M\u00fasica\",\"Not\u00edcias\"],\"inLanguage\":\"pt-PT\"},{\"@type\":\"WebPage\",\"@id\":\"https:\/\/portaltela.pt\/noticias\/2026\/04\/28\/indie-music-fest-regressa-em-setembro-com-dia-totalmente-gratuito\/\",\"url\":\"https:\/\/portaltela.pt\/noticias\/2026\/04\/28\/indie-music-fest-regressa-em-setembro-com-dia-totalmente-gratuito\/\",\"name\":\"Indie Music Fest regressa em setembro com dia totalmente gratuito - Portal Tela Portugal\",\"isPartOf\":{\"@id\":\"https:\/\/portaltela.pt\/#website\"},\"primaryImageOfPage\":{\"@id\":\"https:\/\/portaltela.pt\/noticias\/2026\/04\/28\/indie-music-fest-regressa-em-setembro-com-dia-totalmente-gratuito\/#primaryimage\"},\"image\":{\"@id\":\"https:\/\/portaltela.pt\/noticias\/2026\/04\/28\/indie-music-fest-regressa-em-setembro-com-dia-totalmente-gratuito\/#primaryimage\"},\"thumbnailUrl\":\"https:\/\/portaltela.pt\/s.01k8rhncp4jt1\/2026\/04\/image-1581.jpg\",\"datePublished\":\"2026-04-28T09:17:35+00:00\",\"author\":{\"@id\":\"https:\/\/portaltela.pt\/#\/schema\/person\/c4278d4a6028830caff9ee44b42d32ed\"},\"breadcrumb\":{\"@id\":\"https:\/\/portaltela.pt\/noticias\/2026\/04\/28\/indie-music-fest-regressa-em-setembro-com-dia-totalmente-gratuito\/#breadcrumb\"},\"inLanguage\":\"pt-PT\",\"potentialAction\":[{\"@type\":\"ReadAction\",\"target\":[\"https:\/\/portaltela.pt\/noticias\/2026\/04\/28\/indie-music-fest-regressa-em-setembro-com-dia-totalmente-gratuito\/\"]}]},{\"@type\":\"ImageObject\",\"inLanguage\":\"pt-PT\",\"@id\":\"https:\/\/portaltela.pt\/noticias\/2026\/04\/28\/indie-music-fest-regressa-em-setembro-com-dia-totalmente-gratuito\/#primaryimage\",\"url\":\"https:\/\/portaltela.pt\/s.01k8rhncp4jt1\/2026\/04\/image-1581.jpg\",\"contentUrl\":\"https:\/\/portaltela.pt\/s.01k8rhncp4jt1\/2026\/04\/image-1581.jpg\",\"width\":796,\"height\":448,\"caption\":\"Indie Music Fest regressa entre 3 e 5 de setembro\"},{\"@type\":\"BreadcrumbList\",\"@id\":\"https:\/\/portaltela.pt\/noticias\/2026\/04\/28\/indie-music-fest-regressa-em-setembro-com-dia-totalmente-gratuito\/#breadcrumb\",\"itemListElement\":[{\"@type\":\"ListItem\",\"position\":1,\"name\":\"In\u00edcio\",\"item\":\"https:\/\/portaltela.pt\/\"},{\"@type\":\"ListItem\",\"position\":2,\"name\":\"Indie Music Fest regressa em setembro com dia totalmente gratuito\"}]},{\"@type\":\"WebSite\",\"@id\":\"https:\/\/portaltela.pt\/#website\",\"url\":\"https:\/\/portaltela.pt\/\",\"name\":\"Portal Tela Portugal\",\"description\":\"\",\"potentialAction\":[{\"@type\":\"SearchAction\",\"target\":{\"@type\":\"EntryPoint\",\"urlTemplate\":\"https:\/\/portaltela.pt\/?s={search_term_string}\"},\"query-input\":{\"@type\":\"PropertyValueSpecification\",\"valueRequired\":true,\"valueName\":\"search_term_string\"}}],\"inLanguage\":\"pt-PT\"},{\"@type\":\"Person\",\"@id\":\"https:\/\/portaltela.pt\/#\/schema\/person\/c4278d4a6028830caff9ee44b42d32ed\",\"name\":\"Telinha\",\"image\":{\"@type\":\"ImageObject\",\"inLanguage\":\"pt-PT\",\"@id\":\"https:\/\/portaltela.pt\/s.01k8rhncp4jt1\/2025\/11\/talking-bot-125x125.png\",\"url\":\"https:\/\/portaltela.pt\/s.01k8rhncp4jt1\/2025\/11\/talking-bot-125x125.png\",\"contentUrl\":\"https:\/\/portaltela.pt\/s.01k8rhncp4jt1\/2025\/11\/talking-bot-125x125.png\",\"caption\":\"Telinha\"},\"sameAs\":[\"https:\/\/portaltela.pt\/\"],\"url\":\"https:\/\/portaltela.pt\/por\/367410592786\/\"}]}<\/script>\n<!-- \/ Yoast SEO plugin. -->","yoast_head_json":{"title":"Indie Music Fest regressa em setembro com dia totalmente gratuito - Portal Tela Portugal","robots":{"index":"index","follow":"follow","max-snippet":"max-snippet:-1","max-image-preview":"max-image-preview:large","max-video-preview":"max-video-preview:-1"},"og_locale":"pt_PT","og_type":"article","og_title":"Indie Music Fest regressa em setembro com dia totalmente gratuito - Portal Tela Portugal","og_description":"O Indie Music Fest regressa a Baltar, em Paredes, entre 3 e 5 de setembro de 2026, com os primeiros dez nomes anunciados. Confirmam-se Beatriz Pessoa, Ela Jaguar, Evols, Femme Falafel, Jepards, Nunca Mates o Mandarim, Rapaz Ego, Them Flying Monkeys, Vaiapraia e Warout. A grande novidade \u00e9 a abertura de um dia totalmente gratuito para a edi\u00e7\u00e3o de 2026. No 3 de setembro, o Indie Talents seleciona quatro bandas para atuar; o vencedor recebe 500 euros e a grava\u00e7\u00e3o de um tema no Stone Sound Studios. A organiza\u00e7\u00e3o prev\u00ea aumentar a aflu\u00eancia para 9.500 pessoas, com novo palco e o regresso do Mercado Indie.","og_url":"https:\/\/portaltela.pt\/noticias\/2026\/04\/28\/indie-music-fest-regressa-em-setembro-com-dia-totalmente-gratuito\/","og_site_name":"Portal Tela Portugal","article_published_time":"2026-04-28T09:17:35+00:00","author":"Telinha","twitter_card":"summary_large_image","twitter_misc":{"Escrito por":"Telinha","Tempo estimado de leitura":"1 minuto"},"schema":{"@context":"https:\/\/schema.org","@graph":[{"@type":"Article","@id":"https:\/\/portaltela.pt\/noticias\/2026\/04\/28\/indie-music-fest-regressa-em-setembro-com-dia-totalmente-gratuito\/#article","isPartOf":{"@id":"https:\/\/portaltela.pt\/noticias\/2026\/04\/28\/indie-music-fest-regressa-em-setembro-com-dia-totalmente-gratuito\/"},"author":{"name":"Telinha","@id":"https:\/\/portaltela.pt\/#\/schema\/person\/c4278d4a6028830caff9ee44b42d32ed"},"headline":"Indie Music Fest regressa em setembro com dia totalmente gratuito","datePublished":"2026-04-28T09:17:35+00:00","mainEntityOfPage":{"@id":"https:\/\/portaltela.pt\/noticias\/2026\/04\/28\/indie-music-fest-regressa-em-setembro-com-dia-totalmente-gratuito\/"},"wordCount":228,"image":{"@id":"https:\/\/portaltela.pt\/noticias\/2026\/04\/28\/indie-music-fest-regressa-em-setembro-com-dia-totalmente-gratuito\/#primaryimage"},"thumbnailUrl":"https:\/\/portaltela.pt\/s.01k8rhncp4jt1\/2026\/04\/image-1581.jpg","keywords":["artistas","celebidades","festival","Indie Talents","m\u00fasica","Portugal"],"articleSection":["M\u00fasica","Not\u00edcias"],"inLanguage":"pt-PT"},{"@type":"WebPage","@id":"https:\/\/portaltela.pt\/noticias\/2026\/04\/28\/indie-music-fest-regressa-em-setembro-com-dia-totalmente-gratuito\/","url":"https:\/\/portaltela.pt\/noticias\/2026\/04\/28\/indie-music-fest-regressa-em-setembro-com-dia-totalmente-gratuito\/","name":"Indie Music Fest regressa em setembro com dia totalmente gratuito - Portal Tela Portugal","isPartOf":{"@id":"https:\/\/portaltela.pt\/#website"},"primaryImageOfPage":{"@id":"https:\/\/portaltela.pt\/noticias\/2026\/04\/28\/indie-music-fest-regressa-em-setembro-com-dia-totalmente-gratuito\/#primaryimage"},"image":{"@id":"https:\/\/portaltela.pt\/noticias\/2026\/04\/28\/indie-music-fest-regressa-em-setembro-com-dia-totalmente-gratuito\/#primaryimage"},"thumbnailUrl":"https:\/\/portaltela.pt\/s.01k8rhncp4jt1\/2026\/04\/image-1581.jpg","datePublished":"2026-04-28T09:17:35+00:00","author":{"@id":"https:\/\/portaltela.pt\/#\/schema\/person\/c4278d4a6028830caff9ee44b42d32ed"},"breadcrumb":{"@id":"https:\/\/portaltela.pt\/noticias\/2026\/04\/28\/indie-music-fest-regressa-em-setembro-com-dia-totalmente-gratuito\/#breadcrumb"},"inLanguage":"pt-PT","potentialAction":[{"@type":"ReadAction","target":["https:\/\/portaltela.pt\/noticias\/2026\/04\/28\/indie-music-fest-regressa-em-setembro-com-dia-totalmente-gratuito\/"]}]},{"@type":"ImageObject","inLanguage":"pt-PT","@id":"https:\/\/portaltela.pt\/noticias\/2026\/04\/28\/indie-music-fest-regressa-em-setembro-com-dia-totalmente-gratuito\/#primaryimage","url":"https:\/\/portaltela.pt\/s.01k8rhncp4jt1\/2026\/04\/image-1581.jpg","contentUrl":"https:\/\/portaltela.pt\/s.01k8rhncp4jt1\/2026\/04\/image-1581.jpg","width":796,"height":448,"caption":"Indie Music Fest regressa entre 3 e 5 de setembro"},{"@type":"BreadcrumbList","@id":"https:\/\/portaltela.pt\/noticias\/2026\/04\/28\/indie-music-fest-regressa-em-setembro-com-dia-totalmente-gratuito\/#breadcrumb","itemListElement":[{"@type":"ListItem","position":1,"name":"In\u00edcio","item":"https:\/\/portaltela.pt\/"},{"@type":"ListItem","position":2,"name":"Indie Music Fest regressa em setembro com dia totalmente gratuito"}]},{"@type":"WebSite","@id":"https:\/\/portaltela.pt\/#website","url":"https:\/\/portaltela.pt\/","name":"Portal Tela Portugal","description":"","potentialAction":[{"@type":"SearchAction","target":{"@type":"EntryPoint","urlTemplate":"https:\/\/portaltela.pt\/?s={search_term_string}"},"query-input":{"@type":"PropertyValueSpecification","valueRequired":true,"valueName":"search_term_string"}}],"inLanguage":"pt-PT"},{"@type":"Person","@id":"https:\/\/portaltela.pt\/#\/schema\/person\/c4278d4a6028830caff9ee44b42d32ed","name":"Telinha","image":{"@type":"ImageObject","inLanguage":"pt-PT","@id":"https:\/\/portaltela.pt\/s.01k8rhncp4jt1\/2025\/11\/talking-bot-125x125.png","url":"https:\/\/portaltela.pt\/s.01k8rhncp4jt1\/2025\/11\/talking-bot-125x125.png","contentUrl":"https:\/\/portaltela.pt\/s.01k8rhncp4jt1\/2025\/11\/talking-bot-125x125.png","caption":"Telinha"},"sameAs":["https:\/\/portaltela.pt\/"],"url":"https:\/\/portaltela.pt\/por\/367410592786\/"}]}},"_links":{"self":[{"href":"https:\/\/portaltela.pt\/api\/wp\/v2\/posts\/459381","targetHints":{"allow":["GET"]}}],"collection":[{"href":"https:\/\/portaltela.pt\/api\/wp\/v2\/posts"}],"about":[{"href":"https:\/\/portaltela.pt\/api\/wp\/v2\/types\/post"}],"author":[{"embeddable":true,"href":"https:\/\/portaltela.pt\/api\/wp\/v2\/users\/2"}],"replies":[{"embeddable":true,"href":"https:\/\/portaltela.pt\/api\/wp\/v2\/comments?post=459381"}],"version-history":[{"count":0,"href":"https:\/\/portaltela.pt\/api\/wp\/v2\/posts\/459381\/revisions"}],"wp:featuredmedia":[{"embeddable":true,"href":"https:\/\/portaltela.pt\/api\/wp\/v2\/media\/459387"}],"wp:attachment":[{"href":"https:\/\/portaltela.pt\/api\/wp\/v2\/media?parent=459381"}],"wp:term":[{"taxonomy":"category","embeddable":true,"href":"https:\/\/portaltela.pt\/api\/wp\/v2\/categories?post=459381"},{"taxonomy":"post_tag","embeddable":true,"href":"https:\/\/portaltela.pt\/api\/wp\/v2\/tags?post=459381"}],"curies":[{"name":"wp","href":"https:\/\/api.w.org\/{rel}","templated":true}]}}