{"id":459369,"date":"2026-04-28T06:06:19","date_gmt":"2026-04-28T09:06:19","guid":{"rendered":"https:\/\/portaltela.pt\/noticias\/2026\/04\/28\/gnr-multa-57-condutores-por-uso-do-telemovel-por-dia\/"},"modified":"2026-04-28T06:06:19","modified_gmt":"2026-04-28T09:06:19","slug":"gnr-multa-57-condutores-por-uso-do-telemovel-por-dia","status":"publish","type":"post","link":"https:\/\/portaltela.pt\/seguranca\/2026\/04\/28\/gnr-multa-57-condutores-por-uso-do-telemovel-por-dia\/","title":{"rendered":"GNR multa 57 condutores por uso do telem\u00f3vel por dia"},"content":{"rendered":"<p>Na \u00faltima d\u00e9cada, o uso do telem\u00f3vel ao volante tornou-se um comportamento de risco amplamente difundido em Portugal. Dados da GNR indicam 208 mil infra\u00e7\u00f5es entre 2015 e 2025, com uma m\u00e9dia de 57 condutores por dia, e uma tend\u00eancia de queda gradual. A PSP regista 33.882 infra\u00e7\u00f5es entre 2021 e 2025, com o pico em 2021.<\/p>\n<p>Segundo as autoridades, este fen\u00f3meno persiste em zonas urbanas como Porto e Lisboa, e envolve condutores que consultam redes sociais, respondem a mensagens ou utilizam o GPS com o ve\u00edculo em andamento. Em 2026, os registos j\u00e1 ultrapassaram 4 mil infra\u00e7\u00f5es nos primeiros tr\u00eas meses.<\/p>\n<p>Especialistas destacam que a distra\u00e7\u00e3o provocada pelo telem\u00f3vel aumenta a distrac\u00e7\u00e3o cognitiva, reduz a aten\u00e7\u00e3o e diminui o tempo de reac\u00e7\u00e3o. A leitura de mensagens a 50 km\/h pode traduzir-se em dist\u00e2ncias de travagem insuficientes perante pe\u00f5es ou carros \u00e0 frente, elevando o risco de acidentes graves.<\/p>\n<h3>Perigos e impactos<\/h3>\n<p>A distrac\u00e7\u00e3o digital implica v\u00e1rias altera\u00e7\u00f5es no funcionamento executivo do c\u00e9rebro, afectando a mem\u00f3ria, aten\u00e7\u00e3o e destreza manual. Ao olhar para o telem\u00f3vel, o condutor pode perder informa\u00e7\u00e3o relevante e perder tempo de reac\u00e7\u00e3o cr\u00edtico em situa\u00e7\u00f5es de tr\u00e2nsito.<\/p>\n<p>Entre 2023 e 2025, o uso do telem\u00f3vel ao volante esteve na origem de mais de 12 mil acidentes de via\u00e7\u00e3o, com pelo menos um condutor distra\u00eddo durante a ocorr\u00eancia. Em termos de preven\u00e7\u00e3o, a GNR considera os n\u00fameros preocupantes e continua a refor\u00e7ar campanhas de sensibiliza\u00e7\u00e3o e fiscaliza\u00e7\u00e3o.<\/p>\n<p>Ainda que haja uma perce\u00e7\u00e3o de alta incid\u00eancia entre utilizadores jovens, entidades como a Preven\u00e7\u00e3o Rodovi\u00e1ria Portuguesa defendem que o n\u00famero real de condutores que utilizam telem\u00f3vel \u00e0 condu\u00e7\u00e3o \u00e9 superior aos registos oficiais. A situa\u00e7\u00e3o atual exige resposta cont\u00ednua das autoridades e campanhas de educa\u00e7\u00e3o rodovi\u00e1ria para reduzir comportamentos de risco.<\/p>\n","protected":false},"excerpt":{"rendered":"<ul>\n<li>Numa an\u00e1lise a vinte e dois pa\u00edses europeus, Portugal \u00e9 o quarto pa\u00eds onde mais condutores admitem usar redes sociais ou ler mensagens ao volante.<\/li>\n<li>A GNR registou duzentos e oito mil infra\u00e7\u00f5es por uso indevido de telem\u00f3vel ao volante entre dois mil e quinze e dois mil e vinte e cinco, uma m\u00e9dia de cinquenta e sete condutores por dia; nos \u00faltimos tr\u00eas anos houve mais de quarenta mil infra\u00e7\u00f5es.<\/li>\n<li>A PSP registou trinta e tr\u00eas mil oitocentos e oitenta e dois casos entre dois mil e vinte e um e dois mil e vinte e cinco; no primeiro trimestre de dois mil e vinte e seis houve cento e quarenta e tr\u00eas zero infra\u00e7\u00f5es.<\/li>\n<li>O uso do telem\u00f3vel ao volante esteve na origem de mais de doze mil acidentes de via\u00e7\u00e3o entre dois mil e vinte e tr\u00eas e dois mil e vinte e cinco.<\/li>\n<li>Especialistas alertam para distrac\u00e7\u00e3o cognitiva profunda, com redu\u00e7\u00e3o da aten\u00e7\u00e3o, tempo de reac\u00e7\u00e3o e campo visual; o telem\u00f3vel ao volante pode ser t\u00e3o perigoso quanto conduzir sob influ\u00eancia de \u00e1lcool.<\/li>\n<\/ul>\n","protected":false},"author":2,"featured_media":459374,"comment_status":"closed","ping_status":"closed","sticky":false,"template":"","format":"standard","meta":{"footnotes":""},"categories":[1,6779],"tags":[7958,7959,7878,7981,8751,1852],"class_list":["post-459369","post","type-post","status-publish","format-standard","has-post-thumbnail","hentry","category-noticias","category-seguranca","tag-_acidente-rodoviario","tag-_acidentes-rodoviarios","tag-_seguranca-publica","tag-_seguranca-rodoviaria","tag-_transito","tag-telemovel"],"yoast_head":"<!-- This site is optimized with the Yoast SEO plugin v27.2 - https:\/\/yoast.com\/product\/yoast-seo-wordpress\/ -->\n<title>GNR multa 57 condutores por uso do telem\u00f3vel por dia - Portal Tela Portugal<\/title>\n<meta name=\"robots\" content=\"index, follow, max-snippet:-1, max-image-preview:large, max-video-preview:-1\" \/>\n<meta property=\"og:locale\" content=\"pt_PT\" \/>\n<meta property=\"og:type\" content=\"article\" \/>\n<meta property=\"og:title\" content=\"GNR multa 57 condutores por uso do telem\u00f3vel por dia - Portal Tela Portugal\" \/>\n<meta property=\"og:description\" content=\"Numa an\u00e1lise a vinte e dois pa\u00edses europeus, Portugal \u00e9 o quarto pa\u00eds onde mais condutores admitem usar redes sociais ou ler mensagens ao volante. A GNR registou duzentos e oito mil infra\u00e7\u00f5es por uso indevido de telem\u00f3vel ao volante entre dois mil e quinze e dois mil e vinte e cinco, uma m\u00e9dia de cinquenta e sete condutores por dia; nos \u00faltimos tr\u00eas anos houve mais de quarenta mil infra\u00e7\u00f5es. A PSP registou trinta e tr\u00eas mil oitocentos e oitenta e dois casos entre dois mil e vinte e um e dois mil e vinte e cinco; no primeiro trimestre de dois mil e vinte e seis houve cento e quarenta e tr\u00eas zero infra\u00e7\u00f5es. O uso do telem\u00f3vel ao volante esteve na origem de mais de doze mil acidentes de via\u00e7\u00e3o entre dois mil e vinte e tr\u00eas e dois mil e vinte e cinco. Especialistas alertam para distrac\u00e7\u00e3o cognitiva profunda, com redu\u00e7\u00e3o da aten\u00e7\u00e3o, tempo de reac\u00e7\u00e3o e campo visual; o telem\u00f3vel ao volante pode ser t\u00e3o perigoso quanto conduzir sob influ\u00eancia de \u00e1lcool.\" \/>\n<meta property=\"og:url\" content=\"https:\/\/portaltela.pt\/noticias\/2026\/04\/28\/gnr-multa-57-condutores-por-uso-do-telemovel-por-dia\/\" \/>\n<meta property=\"og:site_name\" content=\"Portal Tela Portugal\" \/>\n<meta property=\"article:published_time\" content=\"2026-04-28T09:06:19+00:00\" \/>\n<meta name=\"author\" content=\"Telinha\" \/>\n<meta name=\"twitter:card\" content=\"summary_large_image\" \/>\n<meta name=\"twitter:label1\" content=\"Escrito por\" \/>\n\t<meta name=\"twitter:data1\" content=\"Telinha\" \/>\n\t<meta name=\"twitter:label2\" content=\"Tempo estimado de leitura\" \/>\n\t<meta name=\"twitter:data2\" content=\"2 minutos\" \/>\n<script type=\"application\/ld+json\" class=\"yoast-schema-graph\">{\"@context\":\"https:\/\/schema.org\",\"@graph\":[{\"@type\":\"Article\",\"@id\":\"https:\/\/portaltela.pt\/noticias\/2026\/04\/28\/gnr-multa-57-condutores-por-uso-do-telemovel-por-dia\/#article\",\"isPartOf\":{\"@id\":\"https:\/\/portaltela.pt\/noticias\/2026\/04\/28\/gnr-multa-57-condutores-por-uso-do-telemovel-por-dia\/\"},\"author\":{\"name\":\"Telinha\",\"@id\":\"https:\/\/portaltela.pt\/#\/schema\/person\/c4278d4a6028830caff9ee44b42d32ed\"},\"headline\":\"GNR multa 57 condutores por uso do telem\u00f3vel por dia\",\"datePublished\":\"2026-04-28T09:06:19+00:00\",\"mainEntityOfPage\":{\"@id\":\"https:\/\/portaltela.pt\/noticias\/2026\/04\/28\/gnr-multa-57-condutores-por-uso-do-telemovel-por-dia\/\"},\"wordCount\":335,\"image\":{\"@id\":\"https:\/\/portaltela.pt\/noticias\/2026\/04\/28\/gnr-multa-57-condutores-por-uso-do-telemovel-por-dia\/#primaryimage\"},\"thumbnailUrl\":\"https:\/\/portaltela.pt\/s.01k8rhncp4jt1\/2026\/04\/tpUHdbIMAGENStypeJPGshare1oBarraFacebook_P3-3.jpg\",\"keywords\":[\"_acidente rodovi\u00e1rio\",\"_acidentes rodovi\u00e1rios\",\"_seguran\u00e7a p\u00fablica\",\"_seguran\u00e7a rodovi\u00e1ria\",\"_tr\u00e2nsito\",\"telem\u00f3vel\"],\"articleSection\":[\"Not\u00edcias\",\"Seguran\u00e7a\"],\"inLanguage\":\"pt-PT\"},{\"@type\":\"WebPage\",\"@id\":\"https:\/\/portaltela.pt\/noticias\/2026\/04\/28\/gnr-multa-57-condutores-por-uso-do-telemovel-por-dia\/\",\"url\":\"https:\/\/portaltela.pt\/noticias\/2026\/04\/28\/gnr-multa-57-condutores-por-uso-do-telemovel-por-dia\/\",\"name\":\"GNR multa 57 condutores por uso do telem\u00f3vel por dia - Portal Tela Portugal\",\"isPartOf\":{\"@id\":\"https:\/\/portaltela.pt\/#website\"},\"primaryImageOfPage\":{\"@id\":\"https:\/\/portaltela.pt\/noticias\/2026\/04\/28\/gnr-multa-57-condutores-por-uso-do-telemovel-por-dia\/#primaryimage\"},\"image\":{\"@id\":\"https:\/\/portaltela.pt\/noticias\/2026\/04\/28\/gnr-multa-57-condutores-por-uso-do-telemovel-por-dia\/#primaryimage\"},\"thumbnailUrl\":\"https:\/\/portaltela.pt\/s.01k8rhncp4jt1\/2026\/04\/tpUHdbIMAGENStypeJPGshare1oBarraFacebook_P3-3.jpg\",\"datePublished\":\"2026-04-28T09:06:19+00:00\",\"author\":{\"@id\":\"https:\/\/portaltela.pt\/#\/schema\/person\/c4278d4a6028830caff9ee44b42d32ed\"},\"breadcrumb\":{\"@id\":\"https:\/\/portaltela.pt\/noticias\/2026\/04\/28\/gnr-multa-57-condutores-por-uso-do-telemovel-por-dia\/#breadcrumb\"},\"inLanguage\":\"pt-PT\",\"potentialAction\":[{\"@type\":\"ReadAction\",\"target\":[\"https:\/\/portaltela.pt\/noticias\/2026\/04\/28\/gnr-multa-57-condutores-por-uso-do-telemovel-por-dia\/\"]}]},{\"@type\":\"ImageObject\",\"inLanguage\":\"pt-PT\",\"@id\":\"https:\/\/portaltela.pt\/noticias\/2026\/04\/28\/gnr-multa-57-condutores-por-uso-do-telemovel-por-dia\/#primaryimage\",\"url\":\"https:\/\/portaltela.pt\/s.01k8rhncp4jt1\/2026\/04\/tpUHdbIMAGENStypeJPGshare1oBarraFacebook_P3-3.jpg\",\"contentUrl\":\"https:\/\/portaltela.pt\/s.01k8rhncp4jt1\/2026\/04\/tpUHdbIMAGENStypeJPGshare1oBarraFacebook_P3-3.jpg\",\"width\":1200,\"height\":630,\"caption\":\"Usar o telem\u00f3vel ao volante aumenta o risco de acidentes. Falar com o telem\u00f3vel em modo m\u00e3os-livres tamb\u00e9m\"},{\"@type\":\"BreadcrumbList\",\"@id\":\"https:\/\/portaltela.pt\/noticias\/2026\/04\/28\/gnr-multa-57-condutores-por-uso-do-telemovel-por-dia\/#breadcrumb\",\"itemListElement\":[{\"@type\":\"ListItem\",\"position\":1,\"name\":\"In\u00edcio\",\"item\":\"https:\/\/portaltela.pt\/\"},{\"@type\":\"ListItem\",\"position\":2,\"name\":\"GNR multa 57 condutores por uso do telem\u00f3vel por dia\"}]},{\"@type\":\"WebSite\",\"@id\":\"https:\/\/portaltela.pt\/#website\",\"url\":\"https:\/\/portaltela.pt\/\",\"name\":\"Portal Tela Portugal\",\"description\":\"\",\"potentialAction\":[{\"@type\":\"SearchAction\",\"target\":{\"@type\":\"EntryPoint\",\"urlTemplate\":\"https:\/\/portaltela.pt\/?s={search_term_string}\"},\"query-input\":{\"@type\":\"PropertyValueSpecification\",\"valueRequired\":true,\"valueName\":\"search_term_string\"}}],\"inLanguage\":\"pt-PT\"},{\"@type\":\"Person\",\"@id\":\"https:\/\/portaltela.pt\/#\/schema\/person\/c4278d4a6028830caff9ee44b42d32ed\",\"name\":\"Telinha\",\"image\":{\"@type\":\"ImageObject\",\"inLanguage\":\"pt-PT\",\"@id\":\"https:\/\/portaltela.pt\/s.01k8rhncp4jt1\/2025\/11\/talking-bot-125x125.png\",\"url\":\"https:\/\/portaltela.pt\/s.01k8rhncp4jt1\/2025\/11\/talking-bot-125x125.png\",\"contentUrl\":\"https:\/\/portaltela.pt\/s.01k8rhncp4jt1\/2025\/11\/talking-bot-125x125.png\",\"caption\":\"Telinha\"},\"sameAs\":[\"https:\/\/portaltela.pt\/\"],\"url\":\"https:\/\/portaltela.pt\/por\/367410592786\/\"}]}<\/script>\n<!-- \/ Yoast SEO plugin. -->","yoast_head_json":{"title":"GNR multa 57 condutores por uso do telem\u00f3vel por dia - Portal Tela Portugal","robots":{"index":"index","follow":"follow","max-snippet":"max-snippet:-1","max-image-preview":"max-image-preview:large","max-video-preview":"max-video-preview:-1"},"og_locale":"pt_PT","og_type":"article","og_title":"GNR multa 57 condutores por uso do telem\u00f3vel por dia - Portal Tela Portugal","og_description":"Numa an\u00e1lise a vinte e dois pa\u00edses europeus, Portugal \u00e9 o quarto pa\u00eds onde mais condutores admitem usar redes sociais ou ler mensagens ao volante. A GNR registou duzentos e oito mil infra\u00e7\u00f5es por uso indevido de telem\u00f3vel ao volante entre dois mil e quinze e dois mil e vinte e cinco, uma m\u00e9dia de cinquenta e sete condutores por dia; nos \u00faltimos tr\u00eas anos houve mais de quarenta mil infra\u00e7\u00f5es. A PSP registou trinta e tr\u00eas mil oitocentos e oitenta e dois casos entre dois mil e vinte e um e dois mil e vinte e cinco; no primeiro trimestre de dois mil e vinte e seis houve cento e quarenta e tr\u00eas zero infra\u00e7\u00f5es. O uso do telem\u00f3vel ao volante esteve na origem de mais de doze mil acidentes de via\u00e7\u00e3o entre dois mil e vinte e tr\u00eas e dois mil e vinte e cinco. Especialistas alertam para distrac\u00e7\u00e3o cognitiva profunda, com redu\u00e7\u00e3o da aten\u00e7\u00e3o, tempo de reac\u00e7\u00e3o e campo visual; o telem\u00f3vel ao volante pode ser t\u00e3o perigoso quanto conduzir sob influ\u00eancia de \u00e1lcool.","og_url":"https:\/\/portaltela.pt\/noticias\/2026\/04\/28\/gnr-multa-57-condutores-por-uso-do-telemovel-por-dia\/","og_site_name":"Portal Tela Portugal","article_published_time":"2026-04-28T09:06:19+00:00","author":"Telinha","twitter_card":"summary_large_image","twitter_misc":{"Escrito por":"Telinha","Tempo estimado de leitura":"2 minutos"},"schema":{"@context":"https:\/\/schema.org","@graph":[{"@type":"Article","@id":"https:\/\/portaltela.pt\/noticias\/2026\/04\/28\/gnr-multa-57-condutores-por-uso-do-telemovel-por-dia\/#article","isPartOf":{"@id":"https:\/\/portaltela.pt\/noticias\/2026\/04\/28\/gnr-multa-57-condutores-por-uso-do-telemovel-por-dia\/"},"author":{"name":"Telinha","@id":"https:\/\/portaltela.pt\/#\/schema\/person\/c4278d4a6028830caff9ee44b42d32ed"},"headline":"GNR multa 57 condutores por uso do telem\u00f3vel por dia","datePublished":"2026-04-28T09:06:19+00:00","mainEntityOfPage":{"@id":"https:\/\/portaltela.pt\/noticias\/2026\/04\/28\/gnr-multa-57-condutores-por-uso-do-telemovel-por-dia\/"},"wordCount":335,"image":{"@id":"https:\/\/portaltela.pt\/noticias\/2026\/04\/28\/gnr-multa-57-condutores-por-uso-do-telemovel-por-dia\/#primaryimage"},"thumbnailUrl":"https:\/\/portaltela.pt\/s.01k8rhncp4jt1\/2026\/04\/tpUHdbIMAGENStypeJPGshare1oBarraFacebook_P3-3.jpg","keywords":["_acidente rodovi\u00e1rio","_acidentes rodovi\u00e1rios","_seguran\u00e7a p\u00fablica","_seguran\u00e7a rodovi\u00e1ria","_tr\u00e2nsito","telem\u00f3vel"],"articleSection":["Not\u00edcias","Seguran\u00e7a"],"inLanguage":"pt-PT"},{"@type":"WebPage","@id":"https:\/\/portaltela.pt\/noticias\/2026\/04\/28\/gnr-multa-57-condutores-por-uso-do-telemovel-por-dia\/","url":"https:\/\/portaltela.pt\/noticias\/2026\/04\/28\/gnr-multa-57-condutores-por-uso-do-telemovel-por-dia\/","name":"GNR multa 57 condutores por uso do telem\u00f3vel por dia - Portal Tela Portugal","isPartOf":{"@id":"https:\/\/portaltela.pt\/#website"},"primaryImageOfPage":{"@id":"https:\/\/portaltela.pt\/noticias\/2026\/04\/28\/gnr-multa-57-condutores-por-uso-do-telemovel-por-dia\/#primaryimage"},"image":{"@id":"https:\/\/portaltela.pt\/noticias\/2026\/04\/28\/gnr-multa-57-condutores-por-uso-do-telemovel-por-dia\/#primaryimage"},"thumbnailUrl":"https:\/\/portaltela.pt\/s.01k8rhncp4jt1\/2026\/04\/tpUHdbIMAGENStypeJPGshare1oBarraFacebook_P3-3.jpg","datePublished":"2026-04-28T09:06:19+00:00","author":{"@id":"https:\/\/portaltela.pt\/#\/schema\/person\/c4278d4a6028830caff9ee44b42d32ed"},"breadcrumb":{"@id":"https:\/\/portaltela.pt\/noticias\/2026\/04\/28\/gnr-multa-57-condutores-por-uso-do-telemovel-por-dia\/#breadcrumb"},"inLanguage":"pt-PT","potentialAction":[{"@type":"ReadAction","target":["https:\/\/portaltela.pt\/noticias\/2026\/04\/28\/gnr-multa-57-condutores-por-uso-do-telemovel-por-dia\/"]}]},{"@type":"ImageObject","inLanguage":"pt-PT","@id":"https:\/\/portaltela.pt\/noticias\/2026\/04\/28\/gnr-multa-57-condutores-por-uso-do-telemovel-por-dia\/#primaryimage","url":"https:\/\/portaltela.pt\/s.01k8rhncp4jt1\/2026\/04\/tpUHdbIMAGENStypeJPGshare1oBarraFacebook_P3-3.jpg","contentUrl":"https:\/\/portaltela.pt\/s.01k8rhncp4jt1\/2026\/04\/tpUHdbIMAGENStypeJPGshare1oBarraFacebook_P3-3.jpg","width":1200,"height":630,"caption":"Usar o telem\u00f3vel ao volante aumenta o risco de acidentes. Falar com o telem\u00f3vel em modo m\u00e3os-livres tamb\u00e9m"},{"@type":"BreadcrumbList","@id":"https:\/\/portaltela.pt\/noticias\/2026\/04\/28\/gnr-multa-57-condutores-por-uso-do-telemovel-por-dia\/#breadcrumb","itemListElement":[{"@type":"ListItem","position":1,"name":"In\u00edcio","item":"https:\/\/portaltela.pt\/"},{"@type":"ListItem","position":2,"name":"GNR multa 57 condutores por uso do telem\u00f3vel por dia"}]},{"@type":"WebSite","@id":"https:\/\/portaltela.pt\/#website","url":"https:\/\/portaltela.pt\/","name":"Portal Tela Portugal","description":"","potentialAction":[{"@type":"SearchAction","target":{"@type":"EntryPoint","urlTemplate":"https:\/\/portaltela.pt\/?s={search_term_string}"},"query-input":{"@type":"PropertyValueSpecification","valueRequired":true,"valueName":"search_term_string"}}],"inLanguage":"pt-PT"},{"@type":"Person","@id":"https:\/\/portaltela.pt\/#\/schema\/person\/c4278d4a6028830caff9ee44b42d32ed","name":"Telinha","image":{"@type":"ImageObject","inLanguage":"pt-PT","@id":"https:\/\/portaltela.pt\/s.01k8rhncp4jt1\/2025\/11\/talking-bot-125x125.png","url":"https:\/\/portaltela.pt\/s.01k8rhncp4jt1\/2025\/11\/talking-bot-125x125.png","contentUrl":"https:\/\/portaltela.pt\/s.01k8rhncp4jt1\/2025\/11\/talking-bot-125x125.png","caption":"Telinha"},"sameAs":["https:\/\/portaltela.pt\/"],"url":"https:\/\/portaltela.pt\/por\/367410592786\/"}]}},"_links":{"self":[{"href":"https:\/\/portaltela.pt\/api\/wp\/v2\/posts\/459369","targetHints":{"allow":["GET"]}}],"collection":[{"href":"https:\/\/portaltela.pt\/api\/wp\/v2\/posts"}],"about":[{"href":"https:\/\/portaltela.pt\/api\/wp\/v2\/types\/post"}],"author":[{"embeddable":true,"href":"https:\/\/portaltela.pt\/api\/wp\/v2\/users\/2"}],"replies":[{"embeddable":true,"href":"https:\/\/portaltela.pt\/api\/wp\/v2\/comments?post=459369"}],"version-history":[{"count":0,"href":"https:\/\/portaltela.pt\/api\/wp\/v2\/posts\/459369\/revisions"}],"wp:featuredmedia":[{"embeddable":true,"href":"https:\/\/portaltela.pt\/api\/wp\/v2\/media\/459374"}],"wp:attachment":[{"href":"https:\/\/portaltela.pt\/api\/wp\/v2\/media?parent=459369"}],"wp:term":[{"taxonomy":"category","embeddable":true,"href":"https:\/\/portaltela.pt\/api\/wp\/v2\/categories?post=459369"},{"taxonomy":"post_tag","embeddable":true,"href":"https:\/\/portaltela.pt\/api\/wp\/v2\/tags?post=459369"}],"curies":[{"name":"wp","href":"https:\/\/api.w.org\/{rel}","templated":true}]}}