{"id":459364,"date":"2026-04-28T06:06:07","date_gmt":"2026-04-28T09:06:07","guid":{"rendered":"https:\/\/portaltela.pt\/noticias\/2026\/04\/28\/rios-recorda-vitoria-memoravel-frente-ao-real-madrid\/"},"modified":"2026-04-28T06:06:07","modified_gmt":"2026-04-28T09:06:07","slug":"rios-recorda-vitoria-memoravel-frente-ao-real-madrid","status":"publish","type":"post","link":"https:\/\/portaltela.pt\/desporto\/futebol\/2026\/04\/28\/rios-recorda-vitoria-memoravel-frente-ao-real-madrid\/","title":{"rendered":"R\u00edos recorda vit\u00f3ria memor\u00e1vel frente ao Real Madrid"},"content":{"rendered":"<p>Richard R\u00edos faz balan\u00e7o \u00e0 \u00e9poca de estreia no Benfica ap\u00f3s a vit\u00f3ria frente ao Real Madrid.<\/p>\n<p>O m\u00e9dio colombiano destacou a estreia na Liga dos Campe\u00f5es como um sonho realizado, e a temporada a terminar serviu para guardar uma mem\u00f3ria inesquec\u00edvel: a vit\u00f3ria por 4-2 sobre o Real Madrid, com o golo do guarda-redes Trubin nos descontos, que garantiu o apuramento para o playoff. O momento ficou marcado como uma vit\u00f3ria de equipa, que permitiu chegar aos playoffs da competi\u00e7\u00e3o.<\/p>\n<p>R\u00edos descreveu o embate como altamente motivador e salientou que o grupo terminou a jogar de forma empenhada, saindo de campo de cabe\u00e7a erguida. A entrevista foi partilhada ao jornal As, onde o jogador de 25 anos refor\u00e7ou que, desde crian\u00e7a, sonhava com jogos desse n\u00edvel no futebol profissional, independentemente do resultado das eliminat\u00f3rias.<\/p>\n<p>O neg\u00f3cio com o Benfica, segundo o jogador, envolve o contributo de toda a estrutura do clube, n\u00e3o apenas dos nomes mais vis\u00edveis, para manter o balanceio e o desempenho que ajudaram a manter o clube invicto nas cinco grandes ligas. A equipa continua a apostar na consist\u00eancia e no esfor\u00e7o cotidiano de quem trabalha nos bastidores para apoiar o plantel.<\/p>\n<h3>Balan\u00e7o da temporada<\/h3>\n<p>A temporada de estreia de R\u00edos em Portugal fica marcada pela estreia na Liga dos Campe\u00f5es e pela conquista do playoff frente ao Real Madrid. O jogador sublinha o protagonismo do grupo e a continuidade de um ciclo de resultados positivos que consolidou o desempenho do Benfica.<\/p>\n","protected":false},"excerpt":{"rendered":"<ul>\n<li>Richard R\u00edos, m\u00e9dio colombiano de 25 anos, faz balan\u00e7o da \u00e9poca de estreia no Benfica.<\/li>\n<li>A vit\u00f3ria por 4-2 frente ao Real Madrid, com golo de Trubin nos descontos, garantiu o apuramento para o playoff.<\/li>\n<li>O jogador descreve o jogo da fase de liga como motivador e afirma que sa\u00edram de p\u00e9 como guerreiros.<\/li>\n<li>Acredita que, nos playoffs, o desempenho foi bom independentemente do resultado, com vontade de vingan\u00e7a.<\/li>\n<li>O Benfica \u00e9 a \u00fanica equipa sem derrotas nas cinco grandes ligas, visto como motiva\u00e7\u00e3o fruto do trabalho de toda a equipa.<\/li>\n<\/ul>\n","protected":false},"author":2,"featured_media":459365,"comment_status":"closed","ping_status":"closed","sticky":false,"template":"","format":"standard","meta":{"footnotes":""},"categories":[21,24],"tags":[1946,3577,32,242,125,2714],"class_list":["post-459364","post","type-post","status-publish","format-standard","has-post-thumbnail","hentry","category-desporto","category-futebol","tag-benfica","tag-champions-league","tag-futebol","tag-jogadores","tag-playoffs","tag-real-madrid"],"yoast_head":"<!-- This site is optimized with the Yoast SEO plugin v27.2 - https:\/\/yoast.com\/product\/yoast-seo-wordpress\/ -->\n<title>R\u00edos recorda vit\u00f3ria memor\u00e1vel frente ao Real Madrid - Portal Tela Portugal<\/title>\n<meta name=\"robots\" content=\"index, follow, max-snippet:-1, max-image-preview:large, max-video-preview:-1\" \/>\n<meta property=\"og:locale\" content=\"pt_PT\" \/>\n<meta property=\"og:type\" content=\"article\" \/>\n<meta property=\"og:title\" content=\"R\u00edos recorda vit\u00f3ria memor\u00e1vel frente ao Real Madrid - Portal Tela Portugal\" \/>\n<meta property=\"og:description\" content=\"Richard R\u00edos, m\u00e9dio colombiano de 25 anos, faz balan\u00e7o da \u00e9poca de estreia no Benfica. A vit\u00f3ria por 4-2 frente ao Real Madrid, com golo de Trubin nos descontos, garantiu o apuramento para o playoff. O jogador descreve o jogo da fase de liga como motivador e afirma que sa\u00edram de p\u00e9 como guerreiros. Acredita que, nos playoffs, o desempenho foi bom independentemente do resultado, com vontade de vingan\u00e7a. O Benfica \u00e9 a \u00fanica equipa sem derrotas nas cinco grandes ligas, visto como motiva\u00e7\u00e3o fruto do trabalho de toda a equipa.\" \/>\n<meta property=\"og:url\" content=\"https:\/\/portaltela.pt\/noticias\/2026\/04\/28\/rios-recorda-vitoria-memoravel-frente-ao-real-madrid\/\" \/>\n<meta property=\"og:site_name\" content=\"Portal Tela Portugal\" \/>\n<meta property=\"article:published_time\" content=\"2026-04-28T09:06:07+00:00\" \/>\n<meta name=\"author\" content=\"Telinha\" \/>\n<meta name=\"twitter:card\" content=\"summary_large_image\" \/>\n<meta name=\"twitter:label1\" content=\"Escrito por\" \/>\n\t<meta name=\"twitter:data1\" content=\"Telinha\" \/>\n\t<meta name=\"twitter:label2\" content=\"Tempo estimado de leitura\" \/>\n\t<meta name=\"twitter:data2\" content=\"1 minuto\" \/>\n<script type=\"application\/ld+json\" class=\"yoast-schema-graph\">{\"@context\":\"https:\/\/schema.org\",\"@graph\":[{\"@type\":\"Article\",\"@id\":\"https:\/\/portaltela.pt\/noticias\/2026\/04\/28\/rios-recorda-vitoria-memoravel-frente-ao-real-madrid\/#article\",\"isPartOf\":{\"@id\":\"https:\/\/portaltela.pt\/noticias\/2026\/04\/28\/rios-recorda-vitoria-memoravel-frente-ao-real-madrid\/\"},\"author\":{\"name\":\"Telinha\",\"@id\":\"https:\/\/portaltela.pt\/#\/schema\/person\/c4278d4a6028830caff9ee44b42d32ed\"},\"headline\":\"R\u00edos recorda vit\u00f3ria memor\u00e1vel frente ao Real Madrid\",\"datePublished\":\"2026-04-28T09:06:07+00:00\",\"mainEntityOfPage\":{\"@id\":\"https:\/\/portaltela.pt\/noticias\/2026\/04\/28\/rios-recorda-vitoria-memoravel-frente-ao-real-madrid\/\"},\"wordCount\":280,\"image\":{\"@id\":\"https:\/\/portaltela.pt\/noticias\/2026\/04\/28\/rios-recorda-vitoria-memoravel-frente-ao-real-madrid\/#primaryimage\"},\"thumbnailUrl\":\"https:\/\/portaltela.pt\/s.01k8rhncp4jt1\/2026\/04\/img_920x518uu2026-02-26-01-16-21-2423751.jpg\",\"keywords\":[\"Benfica\",\"Champions League\",\"futebol\",\"jogadores\",\"playoffs\",\"Real Madrid\"],\"articleSection\":[\"Desporto\",\"Futebol\"],\"inLanguage\":\"pt-PT\"},{\"@type\":\"WebPage\",\"@id\":\"https:\/\/portaltela.pt\/noticias\/2026\/04\/28\/rios-recorda-vitoria-memoravel-frente-ao-real-madrid\/\",\"url\":\"https:\/\/portaltela.pt\/noticias\/2026\/04\/28\/rios-recorda-vitoria-memoravel-frente-ao-real-madrid\/\",\"name\":\"R\u00edos recorda vit\u00f3ria memor\u00e1vel frente ao Real Madrid - Portal Tela Portugal\",\"isPartOf\":{\"@id\":\"https:\/\/portaltela.pt\/#website\"},\"primaryImageOfPage\":{\"@id\":\"https:\/\/portaltela.pt\/noticias\/2026\/04\/28\/rios-recorda-vitoria-memoravel-frente-ao-real-madrid\/#primaryimage\"},\"image\":{\"@id\":\"https:\/\/portaltela.pt\/noticias\/2026\/04\/28\/rios-recorda-vitoria-memoravel-frente-ao-real-madrid\/#primaryimage\"},\"thumbnailUrl\":\"https:\/\/portaltela.pt\/s.01k8rhncp4jt1\/2026\/04\/img_920x518uu2026-02-26-01-16-21-2423751.jpg\",\"datePublished\":\"2026-04-28T09:06:07+00:00\",\"author\":{\"@id\":\"https:\/\/portaltela.pt\/#\/schema\/person\/c4278d4a6028830caff9ee44b42d32ed\"},\"breadcrumb\":{\"@id\":\"https:\/\/portaltela.pt\/noticias\/2026\/04\/28\/rios-recorda-vitoria-memoravel-frente-ao-real-madrid\/#breadcrumb\"},\"inLanguage\":\"pt-PT\",\"potentialAction\":[{\"@type\":\"ReadAction\",\"target\":[\"https:\/\/portaltela.pt\/noticias\/2026\/04\/28\/rios-recorda-vitoria-memoravel-frente-ao-real-madrid\/\"]}]},{\"@type\":\"ImageObject\",\"inLanguage\":\"pt-PT\",\"@id\":\"https:\/\/portaltela.pt\/noticias\/2026\/04\/28\/rios-recorda-vitoria-memoravel-frente-ao-real-madrid\/#primaryimage\",\"url\":\"https:\/\/portaltela.pt\/s.01k8rhncp4jt1\/2026\/04\/img_920x518uu2026-02-26-01-16-21-2423751.jpg\",\"contentUrl\":\"https:\/\/portaltela.pt\/s.01k8rhncp4jt1\/2026\/04\/img_920x518uu2026-02-26-01-16-21-2423751.jpg\",\"width\":796,\"height\":448,\"caption\":\"Richard R\u00edos no Real Madrid-Benfica\"},{\"@type\":\"BreadcrumbList\",\"@id\":\"https:\/\/portaltela.pt\/noticias\/2026\/04\/28\/rios-recorda-vitoria-memoravel-frente-ao-real-madrid\/#breadcrumb\",\"itemListElement\":[{\"@type\":\"ListItem\",\"position\":1,\"name\":\"In\u00edcio\",\"item\":\"https:\/\/portaltela.pt\/\"},{\"@type\":\"ListItem\",\"position\":2,\"name\":\"R\u00edos recorda vit\u00f3ria memor\u00e1vel frente ao Real Madrid\"}]},{\"@type\":\"WebSite\",\"@id\":\"https:\/\/portaltela.pt\/#website\",\"url\":\"https:\/\/portaltela.pt\/\",\"name\":\"Portal Tela Portugal\",\"description\":\"\",\"potentialAction\":[{\"@type\":\"SearchAction\",\"target\":{\"@type\":\"EntryPoint\",\"urlTemplate\":\"https:\/\/portaltela.pt\/?s={search_term_string}\"},\"query-input\":{\"@type\":\"PropertyValueSpecification\",\"valueRequired\":true,\"valueName\":\"search_term_string\"}}],\"inLanguage\":\"pt-PT\"},{\"@type\":\"Person\",\"@id\":\"https:\/\/portaltela.pt\/#\/schema\/person\/c4278d4a6028830caff9ee44b42d32ed\",\"name\":\"Telinha\",\"image\":{\"@type\":\"ImageObject\",\"inLanguage\":\"pt-PT\",\"@id\":\"https:\/\/portaltela.pt\/s.01k8rhncp4jt1\/2025\/11\/talking-bot-125x125.png\",\"url\":\"https:\/\/portaltela.pt\/s.01k8rhncp4jt1\/2025\/11\/talking-bot-125x125.png\",\"contentUrl\":\"https:\/\/portaltela.pt\/s.01k8rhncp4jt1\/2025\/11\/talking-bot-125x125.png\",\"caption\":\"Telinha\"},\"sameAs\":[\"https:\/\/portaltela.pt\/\"],\"url\":\"https:\/\/portaltela.pt\/por\/367410592786\/\"}]}<\/script>\n<!-- \/ Yoast SEO plugin. -->","yoast_head_json":{"title":"R\u00edos recorda vit\u00f3ria memor\u00e1vel frente ao Real Madrid - Portal Tela Portugal","robots":{"index":"index","follow":"follow","max-snippet":"max-snippet:-1","max-image-preview":"max-image-preview:large","max-video-preview":"max-video-preview:-1"},"og_locale":"pt_PT","og_type":"article","og_title":"R\u00edos recorda vit\u00f3ria memor\u00e1vel frente ao Real Madrid - Portal Tela Portugal","og_description":"Richard R\u00edos, m\u00e9dio colombiano de 25 anos, faz balan\u00e7o da \u00e9poca de estreia no Benfica. A vit\u00f3ria por 4-2 frente ao Real Madrid, com golo de Trubin nos descontos, garantiu o apuramento para o playoff. O jogador descreve o jogo da fase de liga como motivador e afirma que sa\u00edram de p\u00e9 como guerreiros. Acredita que, nos playoffs, o desempenho foi bom independentemente do resultado, com vontade de vingan\u00e7a. O Benfica \u00e9 a \u00fanica equipa sem derrotas nas cinco grandes ligas, visto como motiva\u00e7\u00e3o fruto do trabalho de toda a equipa.","og_url":"https:\/\/portaltela.pt\/noticias\/2026\/04\/28\/rios-recorda-vitoria-memoravel-frente-ao-real-madrid\/","og_site_name":"Portal Tela Portugal","article_published_time":"2026-04-28T09:06:07+00:00","author":"Telinha","twitter_card":"summary_large_image","twitter_misc":{"Escrito por":"Telinha","Tempo estimado de leitura":"1 minuto"},"schema":{"@context":"https:\/\/schema.org","@graph":[{"@type":"Article","@id":"https:\/\/portaltela.pt\/noticias\/2026\/04\/28\/rios-recorda-vitoria-memoravel-frente-ao-real-madrid\/#article","isPartOf":{"@id":"https:\/\/portaltela.pt\/noticias\/2026\/04\/28\/rios-recorda-vitoria-memoravel-frente-ao-real-madrid\/"},"author":{"name":"Telinha","@id":"https:\/\/portaltela.pt\/#\/schema\/person\/c4278d4a6028830caff9ee44b42d32ed"},"headline":"R\u00edos recorda vit\u00f3ria memor\u00e1vel frente ao Real Madrid","datePublished":"2026-04-28T09:06:07+00:00","mainEntityOfPage":{"@id":"https:\/\/portaltela.pt\/noticias\/2026\/04\/28\/rios-recorda-vitoria-memoravel-frente-ao-real-madrid\/"},"wordCount":280,"image":{"@id":"https:\/\/portaltela.pt\/noticias\/2026\/04\/28\/rios-recorda-vitoria-memoravel-frente-ao-real-madrid\/#primaryimage"},"thumbnailUrl":"https:\/\/portaltela.pt\/s.01k8rhncp4jt1\/2026\/04\/img_920x518uu2026-02-26-01-16-21-2423751.jpg","keywords":["Benfica","Champions League","futebol","jogadores","playoffs","Real Madrid"],"articleSection":["Desporto","Futebol"],"inLanguage":"pt-PT"},{"@type":"WebPage","@id":"https:\/\/portaltela.pt\/noticias\/2026\/04\/28\/rios-recorda-vitoria-memoravel-frente-ao-real-madrid\/","url":"https:\/\/portaltela.pt\/noticias\/2026\/04\/28\/rios-recorda-vitoria-memoravel-frente-ao-real-madrid\/","name":"R\u00edos recorda vit\u00f3ria memor\u00e1vel frente ao Real Madrid - Portal Tela Portugal","isPartOf":{"@id":"https:\/\/portaltela.pt\/#website"},"primaryImageOfPage":{"@id":"https:\/\/portaltela.pt\/noticias\/2026\/04\/28\/rios-recorda-vitoria-memoravel-frente-ao-real-madrid\/#primaryimage"},"image":{"@id":"https:\/\/portaltela.pt\/noticias\/2026\/04\/28\/rios-recorda-vitoria-memoravel-frente-ao-real-madrid\/#primaryimage"},"thumbnailUrl":"https:\/\/portaltela.pt\/s.01k8rhncp4jt1\/2026\/04\/img_920x518uu2026-02-26-01-16-21-2423751.jpg","datePublished":"2026-04-28T09:06:07+00:00","author":{"@id":"https:\/\/portaltela.pt\/#\/schema\/person\/c4278d4a6028830caff9ee44b42d32ed"},"breadcrumb":{"@id":"https:\/\/portaltela.pt\/noticias\/2026\/04\/28\/rios-recorda-vitoria-memoravel-frente-ao-real-madrid\/#breadcrumb"},"inLanguage":"pt-PT","potentialAction":[{"@type":"ReadAction","target":["https:\/\/portaltela.pt\/noticias\/2026\/04\/28\/rios-recorda-vitoria-memoravel-frente-ao-real-madrid\/"]}]},{"@type":"ImageObject","inLanguage":"pt-PT","@id":"https:\/\/portaltela.pt\/noticias\/2026\/04\/28\/rios-recorda-vitoria-memoravel-frente-ao-real-madrid\/#primaryimage","url":"https:\/\/portaltela.pt\/s.01k8rhncp4jt1\/2026\/04\/img_920x518uu2026-02-26-01-16-21-2423751.jpg","contentUrl":"https:\/\/portaltela.pt\/s.01k8rhncp4jt1\/2026\/04\/img_920x518uu2026-02-26-01-16-21-2423751.jpg","width":796,"height":448,"caption":"Richard R\u00edos no Real Madrid-Benfica"},{"@type":"BreadcrumbList","@id":"https:\/\/portaltela.pt\/noticias\/2026\/04\/28\/rios-recorda-vitoria-memoravel-frente-ao-real-madrid\/#breadcrumb","itemListElement":[{"@type":"ListItem","position":1,"name":"In\u00edcio","item":"https:\/\/portaltela.pt\/"},{"@type":"ListItem","position":2,"name":"R\u00edos recorda vit\u00f3ria memor\u00e1vel frente ao Real Madrid"}]},{"@type":"WebSite","@id":"https:\/\/portaltela.pt\/#website","url":"https:\/\/portaltela.pt\/","name":"Portal Tela Portugal","description":"","potentialAction":[{"@type":"SearchAction","target":{"@type":"EntryPoint","urlTemplate":"https:\/\/portaltela.pt\/?s={search_term_string}"},"query-input":{"@type":"PropertyValueSpecification","valueRequired":true,"valueName":"search_term_string"}}],"inLanguage":"pt-PT"},{"@type":"Person","@id":"https:\/\/portaltela.pt\/#\/schema\/person\/c4278d4a6028830caff9ee44b42d32ed","name":"Telinha","image":{"@type":"ImageObject","inLanguage":"pt-PT","@id":"https:\/\/portaltela.pt\/s.01k8rhncp4jt1\/2025\/11\/talking-bot-125x125.png","url":"https:\/\/portaltela.pt\/s.01k8rhncp4jt1\/2025\/11\/talking-bot-125x125.png","contentUrl":"https:\/\/portaltela.pt\/s.01k8rhncp4jt1\/2025\/11\/talking-bot-125x125.png","caption":"Telinha"},"sameAs":["https:\/\/portaltela.pt\/"],"url":"https:\/\/portaltela.pt\/por\/367410592786\/"}]}},"_links":{"self":[{"href":"https:\/\/portaltela.pt\/api\/wp\/v2\/posts\/459364","targetHints":{"allow":["GET"]}}],"collection":[{"href":"https:\/\/portaltela.pt\/api\/wp\/v2\/posts"}],"about":[{"href":"https:\/\/portaltela.pt\/api\/wp\/v2\/types\/post"}],"author":[{"embeddable":true,"href":"https:\/\/portaltela.pt\/api\/wp\/v2\/users\/2"}],"replies":[{"embeddable":true,"href":"https:\/\/portaltela.pt\/api\/wp\/v2\/comments?post=459364"}],"version-history":[{"count":0,"href":"https:\/\/portaltela.pt\/api\/wp\/v2\/posts\/459364\/revisions"}],"wp:featuredmedia":[{"embeddable":true,"href":"https:\/\/portaltela.pt\/api\/wp\/v2\/media\/459365"}],"wp:attachment":[{"href":"https:\/\/portaltela.pt\/api\/wp\/v2\/media?parent=459364"}],"wp:term":[{"taxonomy":"category","embeddable":true,"href":"https:\/\/portaltela.pt\/api\/wp\/v2\/categories?post=459364"},{"taxonomy":"post_tag","embeddable":true,"href":"https:\/\/portaltela.pt\/api\/wp\/v2\/tags?post=459364"}],"curies":[{"name":"wp","href":"https:\/\/api.w.org\/{rel}","templated":true}]}}