{"id":459363,"date":"2026-04-28T06:06:08","date_gmt":"2026-04-28T09:06:08","guid":{"rendered":"https:\/\/portaltela.pt\/noticias\/2026\/04\/28\/audio-mostra-telemovel-de-comentador-interrompendo-relato-do-sporting-avs\/"},"modified":"2026-04-28T06:06:08","modified_gmt":"2026-04-28T09:06:08","slug":"audio-mostra-telemovel-de-comentador-interrompendo-relato-do-sporting-avs","status":"publish","type":"post","link":"https:\/\/portaltela.pt\/desporto\/futebol\/2026\/04\/28\/audio-mostra-telemovel-de-comentador-interrompendo-relato-do-sporting-avs\/","title":{"rendered":"\u00c1udio mostra telem\u00f3vel de comentador interrompendo relato do Sporting-AVS"},"content":{"rendered":"<p>A grava\u00e7\u00e3o mostra o momento em que o \u00e1udio do telem\u00f3vel do comentador Jorge Amaral interrompe o relato do jogo Sporting-AVS, transmitido pela CMTV. O epis\u00f3dio tornou-se viral nas redes sociais. V\u00e1rias vers\u00f5es com \u00e1udio adulterado circularam antes da confirma\u00e7\u00e3o.<\/p>\n<p>Segundo a CMTV, a grava\u00e7\u00e3o apresentada \u00e9 a origem real do momento, n\u00e3o uma montagem. O incidente ocorreu durante a transmiss\u00e3o do encontro entre Sporting e AVS, em contexto de cobertura televisiva desportiva. A esta\u00e7\u00e3o destacou a autenticidade do material.<\/p>\n<p>A evid\u00eancia surge numa altura em que circulam conte\u00fados contradit\u00f3rios. A CMTV comprometeu-se a divulgar apenas o material verificado para evitar desinforma\u00e7\u00e3o entre os f\u00e3s e espectadores.<\/p>\n<h3>Verifica\u00e7\u00e3o do \u00e1udio<\/h3>\n<ul>\n<li>A CMTV disponibiliza a grava\u00e7\u00e3o aut\u00eantica do momento.<\/li>\n<li>N\u00e3o foram anunciadas altera\u00e7\u00f5es formais no relato do jogo.<\/li>\n<li>O epis\u00f3dio continua a ser objeto de escrut\u00ednio nas redes sociais.<\/li>\n<\/ul>\n","protected":false},"excerpt":{"rendered":"<ul>\n<li>A CMTV transmitiu a grava\u00e7\u00e3o real do momento em que o som do telem\u00f3vel do comentador Jorge Amaral interrompe o relato do jogo entre Sporting e AVS.<\/li>\n<li>O epis\u00f3dio tornou-se viral nas redes sociais.<\/li>\n<li>Est\u00e3o a circular vers\u00f5es com \u00e1udio adulterado da ocorr\u00eancia.<\/li>\n<li>A CMTV j\u00e1 mostrou a grava\u00e7\u00e3o aut\u00eantica do momento.<\/li>\n<\/ul>\n","protected":false},"author":2,"featured_media":459366,"comment_status":"closed","ping_status":"closed","sticky":false,"template":"","format":"standard","meta":{"footnotes":""},"categories":[21,24],"tags":[8916,9597,8231,8952,32,1652],"class_list":["post-459363","post","type-post","status-publish","format-standard","has-post-thumbnail","hentry","category-desporto","category-futebol","tag-_audio","tag-_cmtv","tag-_desinformacao","tag-_televisao","tag-futebol","tag-sporting"],"yoast_head":"<!-- This site is optimized with the Yoast SEO plugin v27.2 - https:\/\/yoast.com\/product\/yoast-seo-wordpress\/ -->\n<title>\u00c1udio mostra telem\u00f3vel de comentador interrompendo relato do Sporting-AVS - Portal Tela Portugal<\/title>\n<meta name=\"robots\" content=\"index, follow, max-snippet:-1, max-image-preview:large, max-video-preview:-1\" \/>\n<meta property=\"og:locale\" content=\"pt_PT\" \/>\n<meta property=\"og:type\" content=\"article\" \/>\n<meta property=\"og:title\" content=\"\u00c1udio mostra telem\u00f3vel de comentador interrompendo relato do Sporting-AVS - Portal Tela Portugal\" \/>\n<meta property=\"og:description\" content=\"A CMTV transmitiu a grava\u00e7\u00e3o real do momento em que o som do telem\u00f3vel do comentador Jorge Amaral interrompe o relato do jogo entre Sporting e AVS. O epis\u00f3dio tornou-se viral nas redes sociais. Est\u00e3o a circular vers\u00f5es com \u00e1udio adulterado da ocorr\u00eancia. A CMTV j\u00e1 mostrou a grava\u00e7\u00e3o aut\u00eantica do momento.\" \/>\n<meta property=\"og:url\" content=\"https:\/\/portaltela.pt\/noticias\/2026\/04\/28\/audio-mostra-telemovel-de-comentador-interrompendo-relato-do-sporting-avs\/\" \/>\n<meta property=\"og:site_name\" content=\"Portal Tela Portugal\" \/>\n<meta property=\"article:published_time\" content=\"2026-04-28T09:06:08+00:00\" \/>\n<meta name=\"author\" content=\"Telinha\" \/>\n<meta name=\"twitter:card\" content=\"summary_large_image\" \/>\n<meta name=\"twitter:label1\" content=\"Escrito por\" \/>\n\t<meta name=\"twitter:data1\" content=\"Telinha\" \/>\n\t<meta name=\"twitter:label2\" content=\"Tempo estimado de leitura\" \/>\n\t<meta name=\"twitter:data2\" content=\"1 minuto\" \/>\n<script type=\"application\/ld+json\" class=\"yoast-schema-graph\">{\"@context\":\"https:\/\/schema.org\",\"@graph\":[{\"@type\":\"Article\",\"@id\":\"https:\/\/portaltela.pt\/noticias\/2026\/04\/28\/audio-mostra-telemovel-de-comentador-interrompendo-relato-do-sporting-avs\/#article\",\"isPartOf\":{\"@id\":\"https:\/\/portaltela.pt\/noticias\/2026\/04\/28\/audio-mostra-telemovel-de-comentador-interrompendo-relato-do-sporting-avs\/\"},\"author\":{\"name\":\"Telinha\",\"@id\":\"https:\/\/portaltela.pt\/#\/schema\/person\/c4278d4a6028830caff9ee44b42d32ed\"},\"headline\":\"\u00c1udio mostra telem\u00f3vel de comentador interrompendo relato do Sporting-AVS\",\"datePublished\":\"2026-04-28T09:06:08+00:00\",\"mainEntityOfPage\":{\"@id\":\"https:\/\/portaltela.pt\/noticias\/2026\/04\/28\/audio-mostra-telemovel-de-comentador-interrompendo-relato-do-sporting-avs\/\"},\"wordCount\":169,\"image\":{\"@id\":\"https:\/\/portaltela.pt\/noticias\/2026\/04\/28\/audio-mostra-telemovel-de-comentador-interrompendo-relato-do-sporting-avs\/#primaryimage\"},\"thumbnailUrl\":\"https:\/\/portaltela.pt\/s.01k8rhncp4jt1\/2026\/04\/img_293x165uu2026-04-28-09-49-15-2435691.jpg\",\"keywords\":[\"_\u00e1udio\",\"_CMTV\",\"_desinforma\u00e7\u00e3o\",\"_televis\u00e3o\",\"futebol\",\"Sporting\"],\"articleSection\":[\"Desporto\",\"Futebol\"],\"inLanguage\":\"pt-PT\"},{\"@type\":\"WebPage\",\"@id\":\"https:\/\/portaltela.pt\/noticias\/2026\/04\/28\/audio-mostra-telemovel-de-comentador-interrompendo-relato-do-sporting-avs\/\",\"url\":\"https:\/\/portaltela.pt\/noticias\/2026\/04\/28\/audio-mostra-telemovel-de-comentador-interrompendo-relato-do-sporting-avs\/\",\"name\":\"\u00c1udio mostra telem\u00f3vel de comentador interrompendo relato do Sporting-AVS - Portal Tela Portugal\",\"isPartOf\":{\"@id\":\"https:\/\/portaltela.pt\/#website\"},\"primaryImageOfPage\":{\"@id\":\"https:\/\/portaltela.pt\/noticias\/2026\/04\/28\/audio-mostra-telemovel-de-comentador-interrompendo-relato-do-sporting-avs\/#primaryimage\"},\"image\":{\"@id\":\"https:\/\/portaltela.pt\/noticias\/2026\/04\/28\/audio-mostra-telemovel-de-comentador-interrompendo-relato-do-sporting-avs\/#primaryimage\"},\"thumbnailUrl\":\"https:\/\/portaltela.pt\/s.01k8rhncp4jt1\/2026\/04\/img_293x165uu2026-04-28-09-49-15-2435691.jpg\",\"datePublished\":\"2026-04-28T09:06:08+00:00\",\"author\":{\"@id\":\"https:\/\/portaltela.pt\/#\/schema\/person\/c4278d4a6028830caff9ee44b42d32ed\"},\"breadcrumb\":{\"@id\":\"https:\/\/portaltela.pt\/noticias\/2026\/04\/28\/audio-mostra-telemovel-de-comentador-interrompendo-relato-do-sporting-avs\/#breadcrumb\"},\"inLanguage\":\"pt-PT\",\"potentialAction\":[{\"@type\":\"ReadAction\",\"target\":[\"https:\/\/portaltela.pt\/noticias\/2026\/04\/28\/audio-mostra-telemovel-de-comentador-interrompendo-relato-do-sporting-avs\/\"]}]},{\"@type\":\"ImageObject\",\"inLanguage\":\"pt-PT\",\"@id\":\"https:\/\/portaltela.pt\/noticias\/2026\/04\/28\/audio-mostra-telemovel-de-comentador-interrompendo-relato-do-sporting-avs\/#primaryimage\",\"url\":\"https:\/\/portaltela.pt\/s.01k8rhncp4jt1\/2026\/04\/img_293x165uu2026-04-28-09-49-15-2435691.jpg\",\"contentUrl\":\"https:\/\/portaltela.pt\/s.01k8rhncp4jt1\/2026\/04\/img_293x165uu2026-04-28-09-49-15-2435691.jpg\",\"width\":796,\"height\":448,\"caption\":\"CMTV mostra \u00e1udio do momento viral em que telem\u00f3vel de comentador interrompe relato do Sporting-AVS\"},{\"@type\":\"BreadcrumbList\",\"@id\":\"https:\/\/portaltela.pt\/noticias\/2026\/04\/28\/audio-mostra-telemovel-de-comentador-interrompendo-relato-do-sporting-avs\/#breadcrumb\",\"itemListElement\":[{\"@type\":\"ListItem\",\"position\":1,\"name\":\"In\u00edcio\",\"item\":\"https:\/\/portaltela.pt\/\"},{\"@type\":\"ListItem\",\"position\":2,\"name\":\"\u00c1udio mostra telem\u00f3vel de comentador interrompendo relato do Sporting-AVS\"}]},{\"@type\":\"WebSite\",\"@id\":\"https:\/\/portaltela.pt\/#website\",\"url\":\"https:\/\/portaltela.pt\/\",\"name\":\"Portal Tela Portugal\",\"description\":\"\",\"potentialAction\":[{\"@type\":\"SearchAction\",\"target\":{\"@type\":\"EntryPoint\",\"urlTemplate\":\"https:\/\/portaltela.pt\/?s={search_term_string}\"},\"query-input\":{\"@type\":\"PropertyValueSpecification\",\"valueRequired\":true,\"valueName\":\"search_term_string\"}}],\"inLanguage\":\"pt-PT\"},{\"@type\":\"Person\",\"@id\":\"https:\/\/portaltela.pt\/#\/schema\/person\/c4278d4a6028830caff9ee44b42d32ed\",\"name\":\"Telinha\",\"image\":{\"@type\":\"ImageObject\",\"inLanguage\":\"pt-PT\",\"@id\":\"https:\/\/portaltela.pt\/s.01k8rhncp4jt1\/2025\/11\/talking-bot-125x125.png\",\"url\":\"https:\/\/portaltela.pt\/s.01k8rhncp4jt1\/2025\/11\/talking-bot-125x125.png\",\"contentUrl\":\"https:\/\/portaltela.pt\/s.01k8rhncp4jt1\/2025\/11\/talking-bot-125x125.png\",\"caption\":\"Telinha\"},\"sameAs\":[\"https:\/\/portaltela.pt\/\"],\"url\":\"https:\/\/portaltela.pt\/por\/367410592786\/\"}]}<\/script>\n<!-- \/ Yoast SEO plugin. -->","yoast_head_json":{"title":"\u00c1udio mostra telem\u00f3vel de comentador interrompendo relato do Sporting-AVS - Portal Tela Portugal","robots":{"index":"index","follow":"follow","max-snippet":"max-snippet:-1","max-image-preview":"max-image-preview:large","max-video-preview":"max-video-preview:-1"},"og_locale":"pt_PT","og_type":"article","og_title":"\u00c1udio mostra telem\u00f3vel de comentador interrompendo relato do Sporting-AVS - Portal Tela Portugal","og_description":"A CMTV transmitiu a grava\u00e7\u00e3o real do momento em que o som do telem\u00f3vel do comentador Jorge Amaral interrompe o relato do jogo entre Sporting e AVS. O epis\u00f3dio tornou-se viral nas redes sociais. Est\u00e3o a circular vers\u00f5es com \u00e1udio adulterado da ocorr\u00eancia. A CMTV j\u00e1 mostrou a grava\u00e7\u00e3o aut\u00eantica do momento.","og_url":"https:\/\/portaltela.pt\/noticias\/2026\/04\/28\/audio-mostra-telemovel-de-comentador-interrompendo-relato-do-sporting-avs\/","og_site_name":"Portal Tela Portugal","article_published_time":"2026-04-28T09:06:08+00:00","author":"Telinha","twitter_card":"summary_large_image","twitter_misc":{"Escrito por":"Telinha","Tempo estimado de leitura":"1 minuto"},"schema":{"@context":"https:\/\/schema.org","@graph":[{"@type":"Article","@id":"https:\/\/portaltela.pt\/noticias\/2026\/04\/28\/audio-mostra-telemovel-de-comentador-interrompendo-relato-do-sporting-avs\/#article","isPartOf":{"@id":"https:\/\/portaltela.pt\/noticias\/2026\/04\/28\/audio-mostra-telemovel-de-comentador-interrompendo-relato-do-sporting-avs\/"},"author":{"name":"Telinha","@id":"https:\/\/portaltela.pt\/#\/schema\/person\/c4278d4a6028830caff9ee44b42d32ed"},"headline":"\u00c1udio mostra telem\u00f3vel de comentador interrompendo relato do Sporting-AVS","datePublished":"2026-04-28T09:06:08+00:00","mainEntityOfPage":{"@id":"https:\/\/portaltela.pt\/noticias\/2026\/04\/28\/audio-mostra-telemovel-de-comentador-interrompendo-relato-do-sporting-avs\/"},"wordCount":169,"image":{"@id":"https:\/\/portaltela.pt\/noticias\/2026\/04\/28\/audio-mostra-telemovel-de-comentador-interrompendo-relato-do-sporting-avs\/#primaryimage"},"thumbnailUrl":"https:\/\/portaltela.pt\/s.01k8rhncp4jt1\/2026\/04\/img_293x165uu2026-04-28-09-49-15-2435691.jpg","keywords":["_\u00e1udio","_CMTV","_desinforma\u00e7\u00e3o","_televis\u00e3o","futebol","Sporting"],"articleSection":["Desporto","Futebol"],"inLanguage":"pt-PT"},{"@type":"WebPage","@id":"https:\/\/portaltela.pt\/noticias\/2026\/04\/28\/audio-mostra-telemovel-de-comentador-interrompendo-relato-do-sporting-avs\/","url":"https:\/\/portaltela.pt\/noticias\/2026\/04\/28\/audio-mostra-telemovel-de-comentador-interrompendo-relato-do-sporting-avs\/","name":"\u00c1udio mostra telem\u00f3vel de comentador interrompendo relato do Sporting-AVS - Portal Tela Portugal","isPartOf":{"@id":"https:\/\/portaltela.pt\/#website"},"primaryImageOfPage":{"@id":"https:\/\/portaltela.pt\/noticias\/2026\/04\/28\/audio-mostra-telemovel-de-comentador-interrompendo-relato-do-sporting-avs\/#primaryimage"},"image":{"@id":"https:\/\/portaltela.pt\/noticias\/2026\/04\/28\/audio-mostra-telemovel-de-comentador-interrompendo-relato-do-sporting-avs\/#primaryimage"},"thumbnailUrl":"https:\/\/portaltela.pt\/s.01k8rhncp4jt1\/2026\/04\/img_293x165uu2026-04-28-09-49-15-2435691.jpg","datePublished":"2026-04-28T09:06:08+00:00","author":{"@id":"https:\/\/portaltela.pt\/#\/schema\/person\/c4278d4a6028830caff9ee44b42d32ed"},"breadcrumb":{"@id":"https:\/\/portaltela.pt\/noticias\/2026\/04\/28\/audio-mostra-telemovel-de-comentador-interrompendo-relato-do-sporting-avs\/#breadcrumb"},"inLanguage":"pt-PT","potentialAction":[{"@type":"ReadAction","target":["https:\/\/portaltela.pt\/noticias\/2026\/04\/28\/audio-mostra-telemovel-de-comentador-interrompendo-relato-do-sporting-avs\/"]}]},{"@type":"ImageObject","inLanguage":"pt-PT","@id":"https:\/\/portaltela.pt\/noticias\/2026\/04\/28\/audio-mostra-telemovel-de-comentador-interrompendo-relato-do-sporting-avs\/#primaryimage","url":"https:\/\/portaltela.pt\/s.01k8rhncp4jt1\/2026\/04\/img_293x165uu2026-04-28-09-49-15-2435691.jpg","contentUrl":"https:\/\/portaltela.pt\/s.01k8rhncp4jt1\/2026\/04\/img_293x165uu2026-04-28-09-49-15-2435691.jpg","width":796,"height":448,"caption":"CMTV mostra \u00e1udio do momento viral em que telem\u00f3vel de comentador interrompe relato do Sporting-AVS"},{"@type":"BreadcrumbList","@id":"https:\/\/portaltela.pt\/noticias\/2026\/04\/28\/audio-mostra-telemovel-de-comentador-interrompendo-relato-do-sporting-avs\/#breadcrumb","itemListElement":[{"@type":"ListItem","position":1,"name":"In\u00edcio","item":"https:\/\/portaltela.pt\/"},{"@type":"ListItem","position":2,"name":"\u00c1udio mostra telem\u00f3vel de comentador interrompendo relato do Sporting-AVS"}]},{"@type":"WebSite","@id":"https:\/\/portaltela.pt\/#website","url":"https:\/\/portaltela.pt\/","name":"Portal Tela Portugal","description":"","potentialAction":[{"@type":"SearchAction","target":{"@type":"EntryPoint","urlTemplate":"https:\/\/portaltela.pt\/?s={search_term_string}"},"query-input":{"@type":"PropertyValueSpecification","valueRequired":true,"valueName":"search_term_string"}}],"inLanguage":"pt-PT"},{"@type":"Person","@id":"https:\/\/portaltela.pt\/#\/schema\/person\/c4278d4a6028830caff9ee44b42d32ed","name":"Telinha","image":{"@type":"ImageObject","inLanguage":"pt-PT","@id":"https:\/\/portaltela.pt\/s.01k8rhncp4jt1\/2025\/11\/talking-bot-125x125.png","url":"https:\/\/portaltela.pt\/s.01k8rhncp4jt1\/2025\/11\/talking-bot-125x125.png","contentUrl":"https:\/\/portaltela.pt\/s.01k8rhncp4jt1\/2025\/11\/talking-bot-125x125.png","caption":"Telinha"},"sameAs":["https:\/\/portaltela.pt\/"],"url":"https:\/\/portaltela.pt\/por\/367410592786\/"}]}},"_links":{"self":[{"href":"https:\/\/portaltela.pt\/api\/wp\/v2\/posts\/459363","targetHints":{"allow":["GET"]}}],"collection":[{"href":"https:\/\/portaltela.pt\/api\/wp\/v2\/posts"}],"about":[{"href":"https:\/\/portaltela.pt\/api\/wp\/v2\/types\/post"}],"author":[{"embeddable":true,"href":"https:\/\/portaltela.pt\/api\/wp\/v2\/users\/2"}],"replies":[{"embeddable":true,"href":"https:\/\/portaltela.pt\/api\/wp\/v2\/comments?post=459363"}],"version-history":[{"count":0,"href":"https:\/\/portaltela.pt\/api\/wp\/v2\/posts\/459363\/revisions"}],"wp:featuredmedia":[{"embeddable":true,"href":"https:\/\/portaltela.pt\/api\/wp\/v2\/media\/459366"}],"wp:attachment":[{"href":"https:\/\/portaltela.pt\/api\/wp\/v2\/media?parent=459363"}],"wp:term":[{"taxonomy":"category","embeddable":true,"href":"https:\/\/portaltela.pt\/api\/wp\/v2\/categories?post=459363"},{"taxonomy":"post_tag","embeddable":true,"href":"https:\/\/portaltela.pt\/api\/wp\/v2\/tags?post=459363"}],"curies":[{"name":"wp","href":"https:\/\/api.w.org\/{rel}","templated":true}]}}