{"id":459349,"date":"2026-04-28T05:48:08","date_gmt":"2026-04-28T08:48:08","guid":{"rendered":"https:\/\/portaltela.pt\/noticias\/2026\/04\/28\/miguel-garcia-ve-braga-eliminar-friburgo-e-volta-a-10-11\/"},"modified":"2026-04-28T05:48:08","modified_gmt":"2026-04-28T08:48:08","slug":"miguel-garcia-ve-braga-eliminar-friburgo-e-volta-a-10-11","status":"publish","type":"post","link":"https:\/\/portaltela.pt\/desporto\/futebol\/2026\/04\/28\/miguel-garcia-ve-braga-eliminar-friburgo-e-volta-a-10-11\/","title":{"rendered":"Miguel Garcia v\u00ea Braga eliminar Friburgo e volta a 10\/11"},"content":{"rendered":"<p>Miguel Garcia, antigo jogador do Sporting e do Sp. Braga, acredita que o clube bracarense pode eliminar o Friburgo na meia-final e vencer a Liga Europa. A aposta foi feita numa entrevista \u00e0 Lusa, nesta ter\u00e7a-feira.<\/p>\n<p>O ex-lateral direito afirma que, desde os oitavos de final, n\u00e3o h\u00e1 favoritos na competi\u00e7\u00e3o. Diz que o Friburgo \u00e9 uma equipa bem organizada e que o Braga j\u00e1 mostrou compet\u00eancia frente a advers\u00e1rios fortes.<\/p>\n<p>Aten\u00e7\u00e3o \u00e0 eliminat\u00f3ria: o Sp. Braga recebe o Friburgo na primeira m\u00e3o das meias-finais, em casa, depois de ter eliminado o Betis com uma remontada de 4-2. Garcia recorda fases anteriores da caminhada europeia do clube.<\/p>\n<h3>Meias-finais da Liga Europa<\/h3>\n<p>Segundo Garcia, o duelo \u00e9 50\/50 e o Braga pode chegar \u00e0 final se manter o desempenho demonstrado frente ao Betis. O ex-jogador recorda ainda que o Braga j\u00e1 ultrapassou advers\u00e1rios considerados favoritos em \u00e9pocas anteriores.<\/p>\n<p>Na outra meia-final, o Aston Villa defronta o Nottingham Forest, com os ingleses como favoritos na opini\u00e3o comum, mas o ex-jogador alerta que or\u00e7amentos n\u00e3o garantem t\u00edtulos. Todas as equipas ainda em prova t\u00eam possibilidades.<\/p>\n<p>Acarreta ainda que o Braga j\u00e1 esteve em situa\u00e7\u00f5es semelhantes, n\u00e3o sendo favorito frente a equipas de grande or\u00e7amento. Em 2010\/11, o clube chegou \u00e0 final da Liga Europa, perdida para o FC Porto.<\/p>\n<p>O encontro entre Sp. Braga e Friburgo realiza-se na quinta-feira, \u00e0s 20H, no Est\u00e1dio Municipal de Braga. A segunda m\u00e3o est\u00e1 agendada para 7 de maio, na Alemanha.<\/p>\n","protected":false},"excerpt":{"rendered":"<ul>\n<li>Miguel Garcia, antigo jogador do Sp. Braga, disse que a equipa pode eliminar o Friburgo na meia-final da Liga Europa e at\u00e9 vencer a competi\u00e7\u00e3o.<\/li>\n<li>O Friburgo recebe a primeira m\u00e3o na quinta-feira, \u00e0s 20h, no Est\u00e1dio Municipal de Braga; a segunda m\u00e3o est\u00e1 marcada para 7 de maio na Alemanha.<\/li>\n<li>Garcia considera que n\u00e3o h\u00e1 favoritos na eliminat\u00f3ria e que o Braga, tal como noutras onde surpreendeu, pode seguir em frente se manter o n\u00edvel mostrado frente ao Betis.<\/li>\n<li>O antigo jogador enfatiza que os or\u00e7amentos n\u00e3o ganham t\u00edtulos e que todas as equipas nas meias-finais podem vencer a Liga Europa.<\/li>\n<li>Recorda ainda a caminhada europeia do Braga em 2010\/11, quando chegou \u00e0 final, e compara-a com o momento atual, sublinhando o papel hist\u00f3rico do clube na \u00faltima d\u00e9cada.<\/li>\n<\/ul>\n","protected":false},"author":2,"featured_media":459350,"comment_status":"closed","ping_status":"closed","sticky":false,"template":"","format":"standard","meta":{"footnotes":""},"categories":[21,24],"tags":[7550,1207,5544,32,7221,1652],"class_list":["post-459349","post","type-post","status-publish","format-standard","has-post-thumbnail","hentry","category-desporto","category-futebol","tag-betis","tag-braga","tag-europa-league","tag-futebol","tag-noticias","tag-sporting"],"yoast_head":"<!-- This site is optimized with the Yoast SEO plugin v27.2 - https:\/\/yoast.com\/product\/yoast-seo-wordpress\/ -->\n<title>Miguel Garcia v\u00ea Braga eliminar Friburgo e volta a 10\/11 - Portal Tela Portugal<\/title>\n<meta name=\"robots\" content=\"index, follow, max-snippet:-1, max-image-preview:large, max-video-preview:-1\" \/>\n<meta property=\"og:locale\" content=\"pt_PT\" \/>\n<meta property=\"og:type\" content=\"article\" \/>\n<meta property=\"og:title\" content=\"Miguel Garcia v\u00ea Braga eliminar Friburgo e volta a 10\/11 - Portal Tela Portugal\" \/>\n<meta property=\"og:description\" content=\"Miguel Garcia, antigo jogador do Sp. Braga, disse que a equipa pode eliminar o Friburgo na meia-final da Liga Europa e at\u00e9 vencer a competi\u00e7\u00e3o. O Friburgo recebe a primeira m\u00e3o na quinta-feira, \u00e0s 20h, no Est\u00e1dio Municipal de Braga; a segunda m\u00e3o est\u00e1 marcada para 7 de maio na Alemanha. Garcia considera que n\u00e3o h\u00e1 favoritos na eliminat\u00f3ria e que o Braga, tal como noutras onde surpreendeu, pode seguir em frente se manter o n\u00edvel mostrado frente ao Betis. O antigo jogador enfatiza que os or\u00e7amentos n\u00e3o ganham t\u00edtulos e que todas as equipas nas meias-finais podem vencer a Liga Europa. Recorda ainda a caminhada europeia do Braga em 2010\/11, quando chegou \u00e0 final, e compara-a com o momento atual, sublinhando o papel hist\u00f3rico do clube na \u00faltima d\u00e9cada.\" \/>\n<meta property=\"og:url\" content=\"https:\/\/portaltela.pt\/noticias\/2026\/04\/28\/miguel-garcia-ve-braga-eliminar-friburgo-e-volta-a-10-11\/\" \/>\n<meta property=\"og:site_name\" content=\"Portal Tela Portugal\" \/>\n<meta property=\"article:published_time\" content=\"2026-04-28T08:48:08+00:00\" \/>\n<meta name=\"author\" content=\"Telinha\" \/>\n<meta name=\"twitter:card\" content=\"summary_large_image\" \/>\n<meta name=\"twitter:label1\" content=\"Escrito por\" \/>\n\t<meta name=\"twitter:data1\" content=\"Telinha\" \/>\n\t<meta name=\"twitter:label2\" content=\"Tempo estimado de leitura\" \/>\n\t<meta name=\"twitter:data2\" content=\"1 minuto\" \/>\n<script type=\"application\/ld+json\" class=\"yoast-schema-graph\">{\"@context\":\"https:\/\/schema.org\",\"@graph\":[{\"@type\":\"Article\",\"@id\":\"https:\/\/portaltela.pt\/noticias\/2026\/04\/28\/miguel-garcia-ve-braga-eliminar-friburgo-e-volta-a-10-11\/#article\",\"isPartOf\":{\"@id\":\"https:\/\/portaltela.pt\/noticias\/2026\/04\/28\/miguel-garcia-ve-braga-eliminar-friburgo-e-volta-a-10-11\/\"},\"author\":{\"name\":\"Telinha\",\"@id\":\"https:\/\/portaltela.pt\/#\/schema\/person\/c4278d4a6028830caff9ee44b42d32ed\"},\"headline\":\"Miguel Garcia v\u00ea Braga eliminar Friburgo e volta a 10\/11\",\"datePublished\":\"2026-04-28T08:48:08+00:00\",\"mainEntityOfPage\":{\"@id\":\"https:\/\/portaltela.pt\/noticias\/2026\/04\/28\/miguel-garcia-ve-braga-eliminar-friburgo-e-volta-a-10-11\/\"},\"wordCount\":263,\"image\":{\"@id\":\"https:\/\/portaltela.pt\/noticias\/2026\/04\/28\/miguel-garcia-ve-braga-eliminar-friburgo-e-volta-a-10-11\/#primaryimage\"},\"thumbnailUrl\":\"https:\/\/portaltela.pt\/s.01k8rhncp4jt1\/2026\/04\/img_920x518uu2026-04-28-09-42-40-2435690-im-639129661769118775.jpg\",\"keywords\":[\"Betis\",\"Braga\",\"Europa League\",\"futebol\",\"not\u00edcias\",\"Sporting\"],\"articleSection\":[\"Desporto\",\"Futebol\"],\"inLanguage\":\"pt-PT\"},{\"@type\":\"WebPage\",\"@id\":\"https:\/\/portaltela.pt\/noticias\/2026\/04\/28\/miguel-garcia-ve-braga-eliminar-friburgo-e-volta-a-10-11\/\",\"url\":\"https:\/\/portaltela.pt\/noticias\/2026\/04\/28\/miguel-garcia-ve-braga-eliminar-friburgo-e-volta-a-10-11\/\",\"name\":\"Miguel Garcia v\u00ea Braga eliminar Friburgo e volta a 10\/11 - Portal Tela Portugal\",\"isPartOf\":{\"@id\":\"https:\/\/portaltela.pt\/#website\"},\"primaryImageOfPage\":{\"@id\":\"https:\/\/portaltela.pt\/noticias\/2026\/04\/28\/miguel-garcia-ve-braga-eliminar-friburgo-e-volta-a-10-11\/#primaryimage\"},\"image\":{\"@id\":\"https:\/\/portaltela.pt\/noticias\/2026\/04\/28\/miguel-garcia-ve-braga-eliminar-friburgo-e-volta-a-10-11\/#primaryimage\"},\"thumbnailUrl\":\"https:\/\/portaltela.pt\/s.01k8rhncp4jt1\/2026\/04\/img_920x518uu2026-04-28-09-42-40-2435690-im-639129661769118775.jpg\",\"datePublished\":\"2026-04-28T08:48:08+00:00\",\"author\":{\"@id\":\"https:\/\/portaltela.pt\/#\/schema\/person\/c4278d4a6028830caff9ee44b42d32ed\"},\"breadcrumb\":{\"@id\":\"https:\/\/portaltela.pt\/noticias\/2026\/04\/28\/miguel-garcia-ve-braga-eliminar-friburgo-e-volta-a-10-11\/#breadcrumb\"},\"inLanguage\":\"pt-PT\",\"potentialAction\":[{\"@type\":\"ReadAction\",\"target\":[\"https:\/\/portaltela.pt\/noticias\/2026\/04\/28\/miguel-garcia-ve-braga-eliminar-friburgo-e-volta-a-10-11\/\"]}]},{\"@type\":\"ImageObject\",\"inLanguage\":\"pt-PT\",\"@id\":\"https:\/\/portaltela.pt\/noticias\/2026\/04\/28\/miguel-garcia-ve-braga-eliminar-friburgo-e-volta-a-10-11\/#primaryimage\",\"url\":\"https:\/\/portaltela.pt\/s.01k8rhncp4jt1\/2026\/04\/img_920x518uu2026-04-28-09-42-40-2435690-im-639129661769118775.jpg\",\"contentUrl\":\"https:\/\/portaltela.pt\/s.01k8rhncp4jt1\/2026\/04\/img_920x518uu2026-04-28-09-42-40-2435690-im-639129661769118775.jpg\",\"width\":796,\"height\":448,\"caption\":\"Miguel Garcia no Sp. Braga em 2010\/2011\"},{\"@type\":\"BreadcrumbList\",\"@id\":\"https:\/\/portaltela.pt\/noticias\/2026\/04\/28\/miguel-garcia-ve-braga-eliminar-friburgo-e-volta-a-10-11\/#breadcrumb\",\"itemListElement\":[{\"@type\":\"ListItem\",\"position\":1,\"name\":\"In\u00edcio\",\"item\":\"https:\/\/portaltela.pt\/\"},{\"@type\":\"ListItem\",\"position\":2,\"name\":\"Miguel Garcia v\u00ea Braga eliminar Friburgo e volta a 10\/11\"}]},{\"@type\":\"WebSite\",\"@id\":\"https:\/\/portaltela.pt\/#website\",\"url\":\"https:\/\/portaltela.pt\/\",\"name\":\"Portal Tela Portugal\",\"description\":\"\",\"potentialAction\":[{\"@type\":\"SearchAction\",\"target\":{\"@type\":\"EntryPoint\",\"urlTemplate\":\"https:\/\/portaltela.pt\/?s={search_term_string}\"},\"query-input\":{\"@type\":\"PropertyValueSpecification\",\"valueRequired\":true,\"valueName\":\"search_term_string\"}}],\"inLanguage\":\"pt-PT\"},{\"@type\":\"Person\",\"@id\":\"https:\/\/portaltela.pt\/#\/schema\/person\/c4278d4a6028830caff9ee44b42d32ed\",\"name\":\"Telinha\",\"image\":{\"@type\":\"ImageObject\",\"inLanguage\":\"pt-PT\",\"@id\":\"https:\/\/portaltela.pt\/s.01k8rhncp4jt1\/2025\/11\/talking-bot-125x125.png\",\"url\":\"https:\/\/portaltela.pt\/s.01k8rhncp4jt1\/2025\/11\/talking-bot-125x125.png\",\"contentUrl\":\"https:\/\/portaltela.pt\/s.01k8rhncp4jt1\/2025\/11\/talking-bot-125x125.png\",\"caption\":\"Telinha\"},\"sameAs\":[\"https:\/\/portaltela.pt\/\"],\"url\":\"https:\/\/portaltela.pt\/por\/367410592786\/\"}]}<\/script>\n<!-- \/ Yoast SEO plugin. -->","yoast_head_json":{"title":"Miguel Garcia v\u00ea Braga eliminar Friburgo e volta a 10\/11 - Portal Tela Portugal","robots":{"index":"index","follow":"follow","max-snippet":"max-snippet:-1","max-image-preview":"max-image-preview:large","max-video-preview":"max-video-preview:-1"},"og_locale":"pt_PT","og_type":"article","og_title":"Miguel Garcia v\u00ea Braga eliminar Friburgo e volta a 10\/11 - Portal Tela Portugal","og_description":"Miguel Garcia, antigo jogador do Sp. Braga, disse que a equipa pode eliminar o Friburgo na meia-final da Liga Europa e at\u00e9 vencer a competi\u00e7\u00e3o. O Friburgo recebe a primeira m\u00e3o na quinta-feira, \u00e0s 20h, no Est\u00e1dio Municipal de Braga; a segunda m\u00e3o est\u00e1 marcada para 7 de maio na Alemanha. Garcia considera que n\u00e3o h\u00e1 favoritos na eliminat\u00f3ria e que o Braga, tal como noutras onde surpreendeu, pode seguir em frente se manter o n\u00edvel mostrado frente ao Betis. O antigo jogador enfatiza que os or\u00e7amentos n\u00e3o ganham t\u00edtulos e que todas as equipas nas meias-finais podem vencer a Liga Europa. Recorda ainda a caminhada europeia do Braga em 2010\/11, quando chegou \u00e0 final, e compara-a com o momento atual, sublinhando o papel hist\u00f3rico do clube na \u00faltima d\u00e9cada.","og_url":"https:\/\/portaltela.pt\/noticias\/2026\/04\/28\/miguel-garcia-ve-braga-eliminar-friburgo-e-volta-a-10-11\/","og_site_name":"Portal Tela Portugal","article_published_time":"2026-04-28T08:48:08+00:00","author":"Telinha","twitter_card":"summary_large_image","twitter_misc":{"Escrito por":"Telinha","Tempo estimado de leitura":"1 minuto"},"schema":{"@context":"https:\/\/schema.org","@graph":[{"@type":"Article","@id":"https:\/\/portaltela.pt\/noticias\/2026\/04\/28\/miguel-garcia-ve-braga-eliminar-friburgo-e-volta-a-10-11\/#article","isPartOf":{"@id":"https:\/\/portaltela.pt\/noticias\/2026\/04\/28\/miguel-garcia-ve-braga-eliminar-friburgo-e-volta-a-10-11\/"},"author":{"name":"Telinha","@id":"https:\/\/portaltela.pt\/#\/schema\/person\/c4278d4a6028830caff9ee44b42d32ed"},"headline":"Miguel Garcia v\u00ea Braga eliminar Friburgo e volta a 10\/11","datePublished":"2026-04-28T08:48:08+00:00","mainEntityOfPage":{"@id":"https:\/\/portaltela.pt\/noticias\/2026\/04\/28\/miguel-garcia-ve-braga-eliminar-friburgo-e-volta-a-10-11\/"},"wordCount":263,"image":{"@id":"https:\/\/portaltela.pt\/noticias\/2026\/04\/28\/miguel-garcia-ve-braga-eliminar-friburgo-e-volta-a-10-11\/#primaryimage"},"thumbnailUrl":"https:\/\/portaltela.pt\/s.01k8rhncp4jt1\/2026\/04\/img_920x518uu2026-04-28-09-42-40-2435690-im-639129661769118775.jpg","keywords":["Betis","Braga","Europa League","futebol","not\u00edcias","Sporting"],"articleSection":["Desporto","Futebol"],"inLanguage":"pt-PT"},{"@type":"WebPage","@id":"https:\/\/portaltela.pt\/noticias\/2026\/04\/28\/miguel-garcia-ve-braga-eliminar-friburgo-e-volta-a-10-11\/","url":"https:\/\/portaltela.pt\/noticias\/2026\/04\/28\/miguel-garcia-ve-braga-eliminar-friburgo-e-volta-a-10-11\/","name":"Miguel Garcia v\u00ea Braga eliminar Friburgo e volta a 10\/11 - Portal Tela Portugal","isPartOf":{"@id":"https:\/\/portaltela.pt\/#website"},"primaryImageOfPage":{"@id":"https:\/\/portaltela.pt\/noticias\/2026\/04\/28\/miguel-garcia-ve-braga-eliminar-friburgo-e-volta-a-10-11\/#primaryimage"},"image":{"@id":"https:\/\/portaltela.pt\/noticias\/2026\/04\/28\/miguel-garcia-ve-braga-eliminar-friburgo-e-volta-a-10-11\/#primaryimage"},"thumbnailUrl":"https:\/\/portaltela.pt\/s.01k8rhncp4jt1\/2026\/04\/img_920x518uu2026-04-28-09-42-40-2435690-im-639129661769118775.jpg","datePublished":"2026-04-28T08:48:08+00:00","author":{"@id":"https:\/\/portaltela.pt\/#\/schema\/person\/c4278d4a6028830caff9ee44b42d32ed"},"breadcrumb":{"@id":"https:\/\/portaltela.pt\/noticias\/2026\/04\/28\/miguel-garcia-ve-braga-eliminar-friburgo-e-volta-a-10-11\/#breadcrumb"},"inLanguage":"pt-PT","potentialAction":[{"@type":"ReadAction","target":["https:\/\/portaltela.pt\/noticias\/2026\/04\/28\/miguel-garcia-ve-braga-eliminar-friburgo-e-volta-a-10-11\/"]}]},{"@type":"ImageObject","inLanguage":"pt-PT","@id":"https:\/\/portaltela.pt\/noticias\/2026\/04\/28\/miguel-garcia-ve-braga-eliminar-friburgo-e-volta-a-10-11\/#primaryimage","url":"https:\/\/portaltela.pt\/s.01k8rhncp4jt1\/2026\/04\/img_920x518uu2026-04-28-09-42-40-2435690-im-639129661769118775.jpg","contentUrl":"https:\/\/portaltela.pt\/s.01k8rhncp4jt1\/2026\/04\/img_920x518uu2026-04-28-09-42-40-2435690-im-639129661769118775.jpg","width":796,"height":448,"caption":"Miguel Garcia no Sp. Braga em 2010\/2011"},{"@type":"BreadcrumbList","@id":"https:\/\/portaltela.pt\/noticias\/2026\/04\/28\/miguel-garcia-ve-braga-eliminar-friburgo-e-volta-a-10-11\/#breadcrumb","itemListElement":[{"@type":"ListItem","position":1,"name":"In\u00edcio","item":"https:\/\/portaltela.pt\/"},{"@type":"ListItem","position":2,"name":"Miguel Garcia v\u00ea Braga eliminar Friburgo e volta a 10\/11"}]},{"@type":"WebSite","@id":"https:\/\/portaltela.pt\/#website","url":"https:\/\/portaltela.pt\/","name":"Portal Tela Portugal","description":"","potentialAction":[{"@type":"SearchAction","target":{"@type":"EntryPoint","urlTemplate":"https:\/\/portaltela.pt\/?s={search_term_string}"},"query-input":{"@type":"PropertyValueSpecification","valueRequired":true,"valueName":"search_term_string"}}],"inLanguage":"pt-PT"},{"@type":"Person","@id":"https:\/\/portaltela.pt\/#\/schema\/person\/c4278d4a6028830caff9ee44b42d32ed","name":"Telinha","image":{"@type":"ImageObject","inLanguage":"pt-PT","@id":"https:\/\/portaltela.pt\/s.01k8rhncp4jt1\/2025\/11\/talking-bot-125x125.png","url":"https:\/\/portaltela.pt\/s.01k8rhncp4jt1\/2025\/11\/talking-bot-125x125.png","contentUrl":"https:\/\/portaltela.pt\/s.01k8rhncp4jt1\/2025\/11\/talking-bot-125x125.png","caption":"Telinha"},"sameAs":["https:\/\/portaltela.pt\/"],"url":"https:\/\/portaltela.pt\/por\/367410592786\/"}]}},"_links":{"self":[{"href":"https:\/\/portaltela.pt\/api\/wp\/v2\/posts\/459349","targetHints":{"allow":["GET"]}}],"collection":[{"href":"https:\/\/portaltela.pt\/api\/wp\/v2\/posts"}],"about":[{"href":"https:\/\/portaltela.pt\/api\/wp\/v2\/types\/post"}],"author":[{"embeddable":true,"href":"https:\/\/portaltela.pt\/api\/wp\/v2\/users\/2"}],"replies":[{"embeddable":true,"href":"https:\/\/portaltela.pt\/api\/wp\/v2\/comments?post=459349"}],"version-history":[{"count":0,"href":"https:\/\/portaltela.pt\/api\/wp\/v2\/posts\/459349\/revisions"}],"wp:featuredmedia":[{"embeddable":true,"href":"https:\/\/portaltela.pt\/api\/wp\/v2\/media\/459350"}],"wp:attachment":[{"href":"https:\/\/portaltela.pt\/api\/wp\/v2\/media?parent=459349"}],"wp:term":[{"taxonomy":"category","embeddable":true,"href":"https:\/\/portaltela.pt\/api\/wp\/v2\/categories?post=459349"},{"taxonomy":"post_tag","embeddable":true,"href":"https:\/\/portaltela.pt\/api\/wp\/v2\/tags?post=459349"}],"curies":[{"name":"wp","href":"https:\/\/api.w.org\/{rel}","templated":true}]}}