{"id":459347,"date":"2026-04-28T05:48:06","date_gmt":"2026-04-28T08:48:06","guid":{"rendered":"https:\/\/portaltela.pt\/noticias\/2026\/04\/28\/presidente-de-mocambique-defende-cooperacao-economica-e-comercial-com-a-etiopia\/"},"modified":"2026-04-28T05:48:06","modified_gmt":"2026-04-28T08:48:06","slug":"presidente-de-mocambique-defende-cooperacao-economica-e-comercial-com-a-etiopia","status":"publish","type":"post","link":"https:\/\/portaltela.pt\/noticias\/economia\/2026\/04\/28\/presidente-de-mocambique-defende-cooperacao-economica-e-comercial-com-a-etiopia\/","title":{"rendered":"Presidente de Mo\u00e7ambique defende coopera\u00e7\u00e3o econ\u00f3mica e comercial com a Eti\u00f3pia"},"content":{"rendered":"<p>O presidente da Rep\u00fablica de Mo\u00e7ambique manifestou interesse em fortalecimento da coopera\u00e7\u00e3o econ\u00f3mica e comercial com a Eti\u00f3pia. A declara\u00e7\u00e3o ocorreu em contexto de contactos entre os dois pa\u00edses, visando ampliar \u00e1reas de parceria.<\/p>\n<p>Segundo informa\u00e7\u00f5es do an\u00fancio, o objetivo \u00e9 consolidar rela\u00e7\u00f5es bilaterais para promover investimento, com\u00e9rcio e colabora\u00e7\u00e3o em setores estrat\u00e9gicos. N\u00e3o foram detalhadas datas nem pa\u00edses envolvidos em acordos espec\u00edficos.<\/p>\n<p>O mensaje aponta para uma vis\u00e3o de parceria de longo prazo entre Mo\u00e7ambique e Eti\u00f3pia, destacando ganhos potenciais para as duas economias. O conte\u00fado completo permanece dispon\u00edvel apenas para subscritores.<\/p>\n<p>Oportunidades de coopera\u00e7\u00e3o podem incluir \u00e1reas como energia, infraestrutura e com\u00e9rcio regional, conforme o tom da comunica\u00e7\u00e3o oficial. A nota n\u00e3o trouxe pormenores adicionais sobre planos concretos.<\/p>\n","protected":false},"excerpt":{"rendered":"<ul>\n<li>O presidente mo\u00e7ambicano expressou interesse numa coopera\u00e7\u00e3o econ\u00f3mica e comercial com a Eti\u00f3pia.<\/li>\n<li>O foco \u00e9 refor\u00e7ar as rela\u00e7\u00f5es econ\u00f3micas entre ambos os pa\u00edses.<\/li>\n<li>A vers\u00e3o completa da not\u00edcia est\u00e1 dispon\u00edvel apenas para subscritores.<\/li>\n<li>N\u00e3o existem detalhes adicionais dispon\u00edveis no conte\u00fado fornecido.<\/li>\n<li>O material apresentado n\u00e3o inclui dados espec\u00edficos, datas ou desdobramentos.<\/li>\n<\/ul>\n","protected":false},"author":2,"featured_media":459351,"comment_status":"closed","ping_status":"closed","sticky":false,"template":"","format":"standard","meta":{"footnotes":""},"categories":[2,6912],"tags":[244,256,28,2830,316,1911],"class_list":["post-459347","post","type-post","status-publish","format-standard","has-post-thumbnail","hentry","category-economia","category-internacionais","tag-comercio","tag-cooperacao-internacional","tag-economia","tag-etiopia","tag-investimento","tag-mocambique"],"yoast_head":"<!-- This site is optimized with the Yoast SEO plugin v27.2 - https:\/\/yoast.com\/product\/yoast-seo-wordpress\/ -->\n<title>Presidente de Mo\u00e7ambique defende coopera\u00e7\u00e3o econ\u00f3mica e comercial com a Eti\u00f3pia - Portal Tela Portugal<\/title>\n<meta name=\"robots\" content=\"index, follow, max-snippet:-1, max-image-preview:large, max-video-preview:-1\" \/>\n<meta property=\"og:locale\" content=\"pt_PT\" \/>\n<meta property=\"og:type\" content=\"article\" \/>\n<meta property=\"og:title\" content=\"Presidente de Mo\u00e7ambique defende coopera\u00e7\u00e3o econ\u00f3mica e comercial com a Eti\u00f3pia - Portal Tela Portugal\" \/>\n<meta property=\"og:description\" content=\"O presidente mo\u00e7ambicano expressou interesse numa coopera\u00e7\u00e3o econ\u00f3mica e comercial com a Eti\u00f3pia. O foco \u00e9 refor\u00e7ar as rela\u00e7\u00f5es econ\u00f3micas entre ambos os pa\u00edses. A vers\u00e3o completa da not\u00edcia est\u00e1 dispon\u00edvel apenas para subscritores. N\u00e3o existem detalhes adicionais dispon\u00edveis no conte\u00fado fornecido. O material apresentado n\u00e3o inclui dados espec\u00edficos, datas ou desdobramentos.\" \/>\n<meta property=\"og:url\" content=\"https:\/\/portaltela.pt\/noticias\/2026\/04\/28\/presidente-de-mocambique-defende-cooperacao-economica-e-comercial-com-a-etiopia\/\" \/>\n<meta property=\"og:site_name\" content=\"Portal Tela Portugal\" \/>\n<meta property=\"article:published_time\" content=\"2026-04-28T08:48:06+00:00\" \/>\n<meta name=\"author\" content=\"Telinha\" \/>\n<meta name=\"twitter:card\" content=\"summary_large_image\" \/>\n<meta name=\"twitter:label1\" content=\"Escrito por\" \/>\n\t<meta name=\"twitter:data1\" content=\"Telinha\" \/>\n\t<meta name=\"twitter:label2\" content=\"Tempo estimado de leitura\" \/>\n\t<meta name=\"twitter:data2\" content=\"1 minuto\" \/>\n<script type=\"application\/ld+json\" class=\"yoast-schema-graph\">{\"@context\":\"https:\/\/schema.org\",\"@graph\":[{\"@type\":\"Article\",\"@id\":\"https:\/\/portaltela.pt\/noticias\/2026\/04\/28\/presidente-de-mocambique-defende-cooperacao-economica-e-comercial-com-a-etiopia\/#article\",\"isPartOf\":{\"@id\":\"https:\/\/portaltela.pt\/noticias\/2026\/04\/28\/presidente-de-mocambique-defende-cooperacao-economica-e-comercial-com-a-etiopia\/\"},\"author\":{\"name\":\"Telinha\",\"@id\":\"https:\/\/portaltela.pt\/#\/schema\/person\/c4278d4a6028830caff9ee44b42d32ed\"},\"headline\":\"Presidente de Mo\u00e7ambique defende coopera\u00e7\u00e3o econ\u00f3mica e comercial com a Eti\u00f3pia\",\"datePublished\":\"2026-04-28T08:48:06+00:00\",\"mainEntityOfPage\":{\"@id\":\"https:\/\/portaltela.pt\/noticias\/2026\/04\/28\/presidente-de-mocambique-defende-cooperacao-economica-e-comercial-com-a-etiopia\/\"},\"wordCount\":159,\"image\":{\"@id\":\"https:\/\/portaltela.pt\/noticias\/2026\/04\/28\/presidente-de-mocambique-defende-cooperacao-economica-e-comercial-com-a-etiopia\/#primaryimage\"},\"thumbnailUrl\":\"https:\/\/portaltela.pt\/s.01k8rhncp4jt1\/2026\/04\/CACHE_780X1200_ANALOG_WATERMARKED_46169045_3503344_08122025055538-1.jpg\",\"keywords\":[\"com\u00e9rcio\",\"coopera\u00e7\u00e3o internacional\",\"economia\",\"Eti\u00f3pia\",\"investimento\",\"Mo\u00e7ambique\"],\"articleSection\":[\"Economia\",\"Internacionais\"],\"inLanguage\":\"pt-PT\"},{\"@type\":\"WebPage\",\"@id\":\"https:\/\/portaltela.pt\/noticias\/2026\/04\/28\/presidente-de-mocambique-defende-cooperacao-economica-e-comercial-com-a-etiopia\/\",\"url\":\"https:\/\/portaltela.pt\/noticias\/2026\/04\/28\/presidente-de-mocambique-defende-cooperacao-economica-e-comercial-com-a-etiopia\/\",\"name\":\"Presidente de Mo\u00e7ambique defende coopera\u00e7\u00e3o econ\u00f3mica e comercial com a Eti\u00f3pia - Portal Tela Portugal\",\"isPartOf\":{\"@id\":\"https:\/\/portaltela.pt\/#website\"},\"primaryImageOfPage\":{\"@id\":\"https:\/\/portaltela.pt\/noticias\/2026\/04\/28\/presidente-de-mocambique-defende-cooperacao-economica-e-comercial-com-a-etiopia\/#primaryimage\"},\"image\":{\"@id\":\"https:\/\/portaltela.pt\/noticias\/2026\/04\/28\/presidente-de-mocambique-defende-cooperacao-economica-e-comercial-com-a-etiopia\/#primaryimage\"},\"thumbnailUrl\":\"https:\/\/portaltela.pt\/s.01k8rhncp4jt1\/2026\/04\/CACHE_780X1200_ANALOG_WATERMARKED_46169045_3503344_08122025055538-1.jpg\",\"datePublished\":\"2026-04-28T08:48:06+00:00\",\"author\":{\"@id\":\"https:\/\/portaltela.pt\/#\/schema\/person\/c4278d4a6028830caff9ee44b42d32ed\"},\"breadcrumb\":{\"@id\":\"https:\/\/portaltela.pt\/noticias\/2026\/04\/28\/presidente-de-mocambique-defende-cooperacao-economica-e-comercial-com-a-etiopia\/#breadcrumb\"},\"inLanguage\":\"pt-PT\",\"potentialAction\":[{\"@type\":\"ReadAction\",\"target\":[\"https:\/\/portaltela.pt\/noticias\/2026\/04\/28\/presidente-de-mocambique-defende-cooperacao-economica-e-comercial-com-a-etiopia\/\"]}]},{\"@type\":\"ImageObject\",\"inLanguage\":\"pt-PT\",\"@id\":\"https:\/\/portaltela.pt\/noticias\/2026\/04\/28\/presidente-de-mocambique-defende-cooperacao-economica-e-comercial-com-a-etiopia\/#primaryimage\",\"url\":\"https:\/\/portaltela.pt\/s.01k8rhncp4jt1\/2026\/04\/CACHE_780X1200_ANALOG_WATERMARKED_46169045_3503344_08122025055538-1.jpg\",\"contentUrl\":\"https:\/\/portaltela.pt\/s.01k8rhncp4jt1\/2026\/04\/CACHE_780X1200_ANALOG_WATERMARKED_46169045_3503344_08122025055538-1.jpg\",\"width\":796,\"height\":448,\"caption\":\"PR mo\u00e7ambicano quer coopera\u00e7\u00e3o econ\u00f3mica e comercial com a Eti\u00f3pia\"},{\"@type\":\"BreadcrumbList\",\"@id\":\"https:\/\/portaltela.pt\/noticias\/2026\/04\/28\/presidente-de-mocambique-defende-cooperacao-economica-e-comercial-com-a-etiopia\/#breadcrumb\",\"itemListElement\":[{\"@type\":\"ListItem\",\"position\":1,\"name\":\"In\u00edcio\",\"item\":\"https:\/\/portaltela.pt\/\"},{\"@type\":\"ListItem\",\"position\":2,\"name\":\"Presidente de Mo\u00e7ambique defende coopera\u00e7\u00e3o econ\u00f3mica e comercial com a Eti\u00f3pia\"}]},{\"@type\":\"WebSite\",\"@id\":\"https:\/\/portaltela.pt\/#website\",\"url\":\"https:\/\/portaltela.pt\/\",\"name\":\"Portal Tela Portugal\",\"description\":\"\",\"potentialAction\":[{\"@type\":\"SearchAction\",\"target\":{\"@type\":\"EntryPoint\",\"urlTemplate\":\"https:\/\/portaltela.pt\/?s={search_term_string}\"},\"query-input\":{\"@type\":\"PropertyValueSpecification\",\"valueRequired\":true,\"valueName\":\"search_term_string\"}}],\"inLanguage\":\"pt-PT\"},{\"@type\":\"Person\",\"@id\":\"https:\/\/portaltela.pt\/#\/schema\/person\/c4278d4a6028830caff9ee44b42d32ed\",\"name\":\"Telinha\",\"image\":{\"@type\":\"ImageObject\",\"inLanguage\":\"pt-PT\",\"@id\":\"https:\/\/portaltela.pt\/s.01k8rhncp4jt1\/2025\/11\/talking-bot-125x125.png\",\"url\":\"https:\/\/portaltela.pt\/s.01k8rhncp4jt1\/2025\/11\/talking-bot-125x125.png\",\"contentUrl\":\"https:\/\/portaltela.pt\/s.01k8rhncp4jt1\/2025\/11\/talking-bot-125x125.png\",\"caption\":\"Telinha\"},\"sameAs\":[\"https:\/\/portaltela.pt\/\"],\"url\":\"https:\/\/portaltela.pt\/por\/367410592786\/\"}]}<\/script>\n<!-- \/ Yoast SEO plugin. -->","yoast_head_json":{"title":"Presidente de Mo\u00e7ambique defende coopera\u00e7\u00e3o econ\u00f3mica e comercial com a Eti\u00f3pia - Portal Tela Portugal","robots":{"index":"index","follow":"follow","max-snippet":"max-snippet:-1","max-image-preview":"max-image-preview:large","max-video-preview":"max-video-preview:-1"},"og_locale":"pt_PT","og_type":"article","og_title":"Presidente de Mo\u00e7ambique defende coopera\u00e7\u00e3o econ\u00f3mica e comercial com a Eti\u00f3pia - Portal Tela Portugal","og_description":"O presidente mo\u00e7ambicano expressou interesse numa coopera\u00e7\u00e3o econ\u00f3mica e comercial com a Eti\u00f3pia. O foco \u00e9 refor\u00e7ar as rela\u00e7\u00f5es econ\u00f3micas entre ambos os pa\u00edses. A vers\u00e3o completa da not\u00edcia est\u00e1 dispon\u00edvel apenas para subscritores. N\u00e3o existem detalhes adicionais dispon\u00edveis no conte\u00fado fornecido. O material apresentado n\u00e3o inclui dados espec\u00edficos, datas ou desdobramentos.","og_url":"https:\/\/portaltela.pt\/noticias\/2026\/04\/28\/presidente-de-mocambique-defende-cooperacao-economica-e-comercial-com-a-etiopia\/","og_site_name":"Portal Tela Portugal","article_published_time":"2026-04-28T08:48:06+00:00","author":"Telinha","twitter_card":"summary_large_image","twitter_misc":{"Escrito por":"Telinha","Tempo estimado de leitura":"1 minuto"},"schema":{"@context":"https:\/\/schema.org","@graph":[{"@type":"Article","@id":"https:\/\/portaltela.pt\/noticias\/2026\/04\/28\/presidente-de-mocambique-defende-cooperacao-economica-e-comercial-com-a-etiopia\/#article","isPartOf":{"@id":"https:\/\/portaltela.pt\/noticias\/2026\/04\/28\/presidente-de-mocambique-defende-cooperacao-economica-e-comercial-com-a-etiopia\/"},"author":{"name":"Telinha","@id":"https:\/\/portaltela.pt\/#\/schema\/person\/c4278d4a6028830caff9ee44b42d32ed"},"headline":"Presidente de Mo\u00e7ambique defende coopera\u00e7\u00e3o econ\u00f3mica e comercial com a Eti\u00f3pia","datePublished":"2026-04-28T08:48:06+00:00","mainEntityOfPage":{"@id":"https:\/\/portaltela.pt\/noticias\/2026\/04\/28\/presidente-de-mocambique-defende-cooperacao-economica-e-comercial-com-a-etiopia\/"},"wordCount":159,"image":{"@id":"https:\/\/portaltela.pt\/noticias\/2026\/04\/28\/presidente-de-mocambique-defende-cooperacao-economica-e-comercial-com-a-etiopia\/#primaryimage"},"thumbnailUrl":"https:\/\/portaltela.pt\/s.01k8rhncp4jt1\/2026\/04\/CACHE_780X1200_ANALOG_WATERMARKED_46169045_3503344_08122025055538-1.jpg","keywords":["com\u00e9rcio","coopera\u00e7\u00e3o internacional","economia","Eti\u00f3pia","investimento","Mo\u00e7ambique"],"articleSection":["Economia","Internacionais"],"inLanguage":"pt-PT"},{"@type":"WebPage","@id":"https:\/\/portaltela.pt\/noticias\/2026\/04\/28\/presidente-de-mocambique-defende-cooperacao-economica-e-comercial-com-a-etiopia\/","url":"https:\/\/portaltela.pt\/noticias\/2026\/04\/28\/presidente-de-mocambique-defende-cooperacao-economica-e-comercial-com-a-etiopia\/","name":"Presidente de Mo\u00e7ambique defende coopera\u00e7\u00e3o econ\u00f3mica e comercial com a Eti\u00f3pia - Portal Tela Portugal","isPartOf":{"@id":"https:\/\/portaltela.pt\/#website"},"primaryImageOfPage":{"@id":"https:\/\/portaltela.pt\/noticias\/2026\/04\/28\/presidente-de-mocambique-defende-cooperacao-economica-e-comercial-com-a-etiopia\/#primaryimage"},"image":{"@id":"https:\/\/portaltela.pt\/noticias\/2026\/04\/28\/presidente-de-mocambique-defende-cooperacao-economica-e-comercial-com-a-etiopia\/#primaryimage"},"thumbnailUrl":"https:\/\/portaltela.pt\/s.01k8rhncp4jt1\/2026\/04\/CACHE_780X1200_ANALOG_WATERMARKED_46169045_3503344_08122025055538-1.jpg","datePublished":"2026-04-28T08:48:06+00:00","author":{"@id":"https:\/\/portaltela.pt\/#\/schema\/person\/c4278d4a6028830caff9ee44b42d32ed"},"breadcrumb":{"@id":"https:\/\/portaltela.pt\/noticias\/2026\/04\/28\/presidente-de-mocambique-defende-cooperacao-economica-e-comercial-com-a-etiopia\/#breadcrumb"},"inLanguage":"pt-PT","potentialAction":[{"@type":"ReadAction","target":["https:\/\/portaltela.pt\/noticias\/2026\/04\/28\/presidente-de-mocambique-defende-cooperacao-economica-e-comercial-com-a-etiopia\/"]}]},{"@type":"ImageObject","inLanguage":"pt-PT","@id":"https:\/\/portaltela.pt\/noticias\/2026\/04\/28\/presidente-de-mocambique-defende-cooperacao-economica-e-comercial-com-a-etiopia\/#primaryimage","url":"https:\/\/portaltela.pt\/s.01k8rhncp4jt1\/2026\/04\/CACHE_780X1200_ANALOG_WATERMARKED_46169045_3503344_08122025055538-1.jpg","contentUrl":"https:\/\/portaltela.pt\/s.01k8rhncp4jt1\/2026\/04\/CACHE_780X1200_ANALOG_WATERMARKED_46169045_3503344_08122025055538-1.jpg","width":796,"height":448,"caption":"PR mo\u00e7ambicano quer coopera\u00e7\u00e3o econ\u00f3mica e comercial com a Eti\u00f3pia"},{"@type":"BreadcrumbList","@id":"https:\/\/portaltela.pt\/noticias\/2026\/04\/28\/presidente-de-mocambique-defende-cooperacao-economica-e-comercial-com-a-etiopia\/#breadcrumb","itemListElement":[{"@type":"ListItem","position":1,"name":"In\u00edcio","item":"https:\/\/portaltela.pt\/"},{"@type":"ListItem","position":2,"name":"Presidente de Mo\u00e7ambique defende coopera\u00e7\u00e3o econ\u00f3mica e comercial com a Eti\u00f3pia"}]},{"@type":"WebSite","@id":"https:\/\/portaltela.pt\/#website","url":"https:\/\/portaltela.pt\/","name":"Portal Tela Portugal","description":"","potentialAction":[{"@type":"SearchAction","target":{"@type":"EntryPoint","urlTemplate":"https:\/\/portaltela.pt\/?s={search_term_string}"},"query-input":{"@type":"PropertyValueSpecification","valueRequired":true,"valueName":"search_term_string"}}],"inLanguage":"pt-PT"},{"@type":"Person","@id":"https:\/\/portaltela.pt\/#\/schema\/person\/c4278d4a6028830caff9ee44b42d32ed","name":"Telinha","image":{"@type":"ImageObject","inLanguage":"pt-PT","@id":"https:\/\/portaltela.pt\/s.01k8rhncp4jt1\/2025\/11\/talking-bot-125x125.png","url":"https:\/\/portaltela.pt\/s.01k8rhncp4jt1\/2025\/11\/talking-bot-125x125.png","contentUrl":"https:\/\/portaltela.pt\/s.01k8rhncp4jt1\/2025\/11\/talking-bot-125x125.png","caption":"Telinha"},"sameAs":["https:\/\/portaltela.pt\/"],"url":"https:\/\/portaltela.pt\/por\/367410592786\/"}]}},"_links":{"self":[{"href":"https:\/\/portaltela.pt\/api\/wp\/v2\/posts\/459347","targetHints":{"allow":["GET"]}}],"collection":[{"href":"https:\/\/portaltela.pt\/api\/wp\/v2\/posts"}],"about":[{"href":"https:\/\/portaltela.pt\/api\/wp\/v2\/types\/post"}],"author":[{"embeddable":true,"href":"https:\/\/portaltela.pt\/api\/wp\/v2\/users\/2"}],"replies":[{"embeddable":true,"href":"https:\/\/portaltela.pt\/api\/wp\/v2\/comments?post=459347"}],"version-history":[{"count":0,"href":"https:\/\/portaltela.pt\/api\/wp\/v2\/posts\/459347\/revisions"}],"wp:featuredmedia":[{"embeddable":true,"href":"https:\/\/portaltela.pt\/api\/wp\/v2\/media\/459351"}],"wp:attachment":[{"href":"https:\/\/portaltela.pt\/api\/wp\/v2\/media?parent=459347"}],"wp:term":[{"taxonomy":"category","embeddable":true,"href":"https:\/\/portaltela.pt\/api\/wp\/v2\/categories?post=459347"},{"taxonomy":"post_tag","embeddable":true,"href":"https:\/\/portaltela.pt\/api\/wp\/v2\/tags?post=459347"}],"curies":[{"name":"wp","href":"https:\/\/api.w.org\/{rel}","templated":true}]}}