{"id":459341,"date":"2026-04-28T05:47:57","date_gmt":"2026-04-28T08:47:57","guid":{"rendered":"https:\/\/portaltela.pt\/noticias\/2026\/04\/28\/miguel-garcia-acredita-que-o-braga-pode-vencer-a-liga-europa\/"},"modified":"2026-04-28T05:47:57","modified_gmt":"2026-04-28T08:47:57","slug":"miguel-garcia-acredita-que-o-braga-pode-vencer-a-liga-europa","status":"publish","type":"post","link":"https:\/\/portaltela.pt\/desporto\/futebol\/2026\/04\/28\/miguel-garcia-acredita-que-o-braga-pode-vencer-a-liga-europa\/","title":{"rendered":"Miguel Garcia acredita que o Braga pode vencer a Liga Europa"},"content":{"rendered":"<p>Miguel Garcia acredita que o Braga pode vencer a Liga Europa. Em declara\u00e7\u00f5es \u00e0 ag\u00eancia Lusa, o antigo lateral direito dos arsenalistas afirmou que, a partir dos oitavos, n\u00e3o h\u00e1 favoritos e que o campeonato \u00e9 imprevis\u00edvel, citando o exemplo do Friburgo em compara\u00e7\u00e3o com o Betis.<\/p>\n<p>Na segunda meia-final, o Braga recebe o Friburgo no Est\u00e1dio Municipal de Braga, para a primeira m\u00e3o, hoje \u00e0s 20h. A eliminat\u00f3ria segue para a Alemanha na segunda m\u00e3o, a 7 de maio. O Braga chega \u00e0 meia-final ap\u00f3s eliminar o Betis com uma vit\u00f3ria de 4-2, recuperando a desvantagem de 2-0 no agregado.<\/p>\n<h3>Confronto com o Friburgo<\/h3>\n<p>Garcia sublinhou que n\u00e3o h\u00e1 favoritismo entre as duas equipas e que ambas aparecem como surpresas na competi\u00e7\u00e3o, refor\u00e7ando que o Braga n\u00e3o costuma chegar \u00e0s meias-finais com regularidade. Caso jogue como frente ao Betis, o antigo jogador aposta numa hip\u00f3tese de final ou at\u00e9 de t\u00edtulo.<\/p>\n<h3>An\u00e1lise hist\u00f3rica do Braga na Europa<\/h3>\n<p>O antigo defesa recorda a campanha de 2010\/11, quando o Braga chegou \u00e0 final da Liga Europa, perdendo com o FC Porto. Ele relembra ainda a passagem pela Champions League, onde o Braga eliminou advers\u00e1rios considerados favoritos e destacou que o or\u00e7amento n\u00e3o determina vit\u00f3rias.<\/p>\n<p>Miguel Garcia destacou que, nos 20 anos mais recentes, o Braga tem sido visto como o quarto grande do futebol portugu\u00eas, conseguindo lutar pelo terceiro e at\u00e9 pelo segundo lugar em v\u00e1rias campanhas. Observou que o desafio financeiro dificulta a igualdade com clubes de maiores receitas.<\/p>\n<h3>Perspetivas para o futuro<\/h3>\n<p>O ex-jogador tamb\u00e9m lembrou que o Braga tem de manter um desempenho excecional para competir com os chamados grandes. Encarando a meia-final, defende que o sucesso depende da capacidade da equipa manter o n\u00edvel mostrado frente ao Betis.<\/p>\n<p>O jogo de hoje entre Braga e Friburgo est\u00e1 marcado para as 20h, no Est\u00e1dio Municipal de Braga, com a segunda m\u00e3o agendadas para 7 de maio, na Alemanha. A eliminat\u00f3ria \u00e9 parte da Liga Europa 2025\/26.<\/p>\n","protected":false},"excerpt":{"rendered":"<ul>\n<li>Miguel Garcia acredita que o Braga tem possibilidade de ganhar a Liga Europa, desde que mantenha o n\u00edvel exibido contra o Betis; v\u00ea a eliminat\u00f3ria com Friburgo como 50\/50.<\/li>\n<li>O Braga recebe Friburgo na primeira m\u00e3o das meias-finais, quinta-feira, \u00e0s 20h, no Est\u00e1dio Municipal de Braga; a segunda m\u00e3o \u00e9 a 07 de maio na Alemanha.<\/li>\n<li>Garcia relembra a passagem de 2010\/11, quando o Braga chegou \u00e0s meias-finais e \u00e0 final, perdendo frente ao F. C. Porto.<\/li>\n<li>O antigo jogador diz que o Aston Villa \u00e9 apontado como favorito pela Premier League, mas ressalva que or\u00e7amentos n\u00e3o ganham t\u00edtulos; todas as equipas das meias podem vencer.<\/li>\n<li>O Braga \u00e9 visto, h\u00e1 d\u00e9cadas, como o \u201cquarto grande\u201d de Portugal, com aspira\u00e7\u00f5es de lutar pela posi\u00e7\u00e3o de topo e, quem sabe, pelo t\u00edtulo.<\/li>\n<\/ul>\n","protected":false},"author":2,"featured_media":459346,"comment_status":"closed","ping_status":"closed","sticky":false,"template":"","format":"standard","meta":{"footnotes":""},"categories":[21,24],"tags":[7973,9015,7755,8096,5544],"class_list":["post-459341","post","type-post","status-publish","format-standard","has-post-thumbnail","hentry","category-desporto","category-futebol","tag-_braga","tag-_desporto-internacional","tag-_futebol","tag-_liga","tag-europa-league"],"yoast_head":"<!-- This site is optimized with the Yoast SEO plugin v27.2 - https:\/\/yoast.com\/product\/yoast-seo-wordpress\/ -->\n<title>Miguel Garcia acredita que o Braga pode vencer a Liga Europa - Portal Tela Portugal<\/title>\n<meta name=\"robots\" content=\"index, follow, max-snippet:-1, max-image-preview:large, max-video-preview:-1\" \/>\n<meta property=\"og:locale\" content=\"pt_PT\" \/>\n<meta property=\"og:type\" content=\"article\" \/>\n<meta property=\"og:title\" content=\"Miguel Garcia acredita que o Braga pode vencer a Liga Europa - Portal Tela Portugal\" \/>\n<meta property=\"og:description\" content=\"Miguel Garcia acredita que o Braga tem possibilidade de ganhar a Liga Europa, desde que mantenha o n\u00edvel exibido contra o Betis; v\u00ea a eliminat\u00f3ria com Friburgo como 50\/50. O Braga recebe Friburgo na primeira m\u00e3o das meias-finais, quinta-feira, \u00e0s 20h, no Est\u00e1dio Municipal de Braga; a segunda m\u00e3o \u00e9 a 07 de maio na Alemanha. Garcia relembra a passagem de 2010\/11, quando o Braga chegou \u00e0s meias-finais e \u00e0 final, perdendo frente ao F. C. Porto. O antigo jogador diz que o Aston Villa \u00e9 apontado como favorito pela Premier League, mas ressalva que or\u00e7amentos n\u00e3o ganham t\u00edtulos; todas as equipas das meias podem vencer. O Braga \u00e9 visto, h\u00e1 d\u00e9cadas, como o \u201cquarto grande\u201d de Portugal, com aspira\u00e7\u00f5es de lutar pela posi\u00e7\u00e3o de topo e, quem sabe, pelo t\u00edtulo.\" \/>\n<meta property=\"og:url\" content=\"https:\/\/portaltela.pt\/noticias\/2026\/04\/28\/miguel-garcia-acredita-que-o-braga-pode-vencer-a-liga-europa\/\" \/>\n<meta property=\"og:site_name\" content=\"Portal Tela Portugal\" \/>\n<meta property=\"article:published_time\" content=\"2026-04-28T08:47:57+00:00\" \/>\n<meta name=\"author\" content=\"Telinha\" \/>\n<meta name=\"twitter:card\" content=\"summary_large_image\" \/>\n<meta name=\"twitter:label1\" content=\"Escrito por\" \/>\n\t<meta name=\"twitter:data1\" content=\"Telinha\" \/>\n\t<meta name=\"twitter:label2\" content=\"Tempo estimado de leitura\" \/>\n\t<meta name=\"twitter:data2\" content=\"2 minutos\" \/>\n<script type=\"application\/ld+json\" class=\"yoast-schema-graph\">{\"@context\":\"https:\/\/schema.org\",\"@graph\":[{\"@type\":\"Article\",\"@id\":\"https:\/\/portaltela.pt\/noticias\/2026\/04\/28\/miguel-garcia-acredita-que-o-braga-pode-vencer-a-liga-europa\/#article\",\"isPartOf\":{\"@id\":\"https:\/\/portaltela.pt\/noticias\/2026\/04\/28\/miguel-garcia-acredita-que-o-braga-pode-vencer-a-liga-europa\/\"},\"author\":{\"name\":\"Telinha\",\"@id\":\"https:\/\/portaltela.pt\/#\/schema\/person\/c4278d4a6028830caff9ee44b42d32ed\"},\"headline\":\"Miguel Garcia acredita que o Braga pode vencer a Liga Europa\",\"datePublished\":\"2026-04-28T08:47:57+00:00\",\"mainEntityOfPage\":{\"@id\":\"https:\/\/portaltela.pt\/noticias\/2026\/04\/28\/miguel-garcia-acredita-que-o-braga-pode-vencer-a-liga-europa\/\"},\"wordCount\":359,\"image\":{\"@id\":\"https:\/\/portaltela.pt\/noticias\/2026\/04\/28\/miguel-garcia-acredita-que-o-braga-pode-vencer-a-liga-europa\/#primaryimage\"},\"thumbnailUrl\":\"https:\/\/portaltela.pt\/s.01k8rhncp4jt1\/2026\/04\/c5beb4e2-049c-4493-bc53-5073d898e3ef_1200x675.jpg\",\"keywords\":[\"_Braga\",\"_desporto internacional\",\"_futebol\",\"_Liga\",\"Europa League\"],\"articleSection\":[\"Desporto\",\"Futebol\"],\"inLanguage\":\"pt-PT\"},{\"@type\":\"WebPage\",\"@id\":\"https:\/\/portaltela.pt\/noticias\/2026\/04\/28\/miguel-garcia-acredita-que-o-braga-pode-vencer-a-liga-europa\/\",\"url\":\"https:\/\/portaltela.pt\/noticias\/2026\/04\/28\/miguel-garcia-acredita-que-o-braga-pode-vencer-a-liga-europa\/\",\"name\":\"Miguel Garcia acredita que o Braga pode vencer a Liga Europa - Portal Tela Portugal\",\"isPartOf\":{\"@id\":\"https:\/\/portaltela.pt\/#website\"},\"primaryImageOfPage\":{\"@id\":\"https:\/\/portaltela.pt\/noticias\/2026\/04\/28\/miguel-garcia-acredita-que-o-braga-pode-vencer-a-liga-europa\/#primaryimage\"},\"image\":{\"@id\":\"https:\/\/portaltela.pt\/noticias\/2026\/04\/28\/miguel-garcia-acredita-que-o-braga-pode-vencer-a-liga-europa\/#primaryimage\"},\"thumbnailUrl\":\"https:\/\/portaltela.pt\/s.01k8rhncp4jt1\/2026\/04\/c5beb4e2-049c-4493-bc53-5073d898e3ef_1200x675.jpg\",\"datePublished\":\"2026-04-28T08:47:57+00:00\",\"author\":{\"@id\":\"https:\/\/portaltela.pt\/#\/schema\/person\/c4278d4a6028830caff9ee44b42d32ed\"},\"breadcrumb\":{\"@id\":\"https:\/\/portaltela.pt\/noticias\/2026\/04\/28\/miguel-garcia-acredita-que-o-braga-pode-vencer-a-liga-europa\/#breadcrumb\"},\"inLanguage\":\"pt-PT\",\"potentialAction\":[{\"@type\":\"ReadAction\",\"target\":[\"https:\/\/portaltela.pt\/noticias\/2026\/04\/28\/miguel-garcia-acredita-que-o-braga-pode-vencer-a-liga-europa\/\"]}]},{\"@type\":\"ImageObject\",\"inLanguage\":\"pt-PT\",\"@id\":\"https:\/\/portaltela.pt\/noticias\/2026\/04\/28\/miguel-garcia-acredita-que-o-braga-pode-vencer-a-liga-europa\/#primaryimage\",\"url\":\"https:\/\/portaltela.pt\/s.01k8rhncp4jt1\/2026\/04\/c5beb4e2-049c-4493-bc53-5073d898e3ef_1200x675.jpg\",\"contentUrl\":\"https:\/\/portaltela.pt\/s.01k8rhncp4jt1\/2026\/04\/c5beb4e2-049c-4493-bc53-5073d898e3ef_1200x675.jpg\",\"width\":796,\"height\":448,\"caption\":\"Minhotos v\u00e3o defrontar o Friburgo nas meias finais\"},{\"@type\":\"BreadcrumbList\",\"@id\":\"https:\/\/portaltela.pt\/noticias\/2026\/04\/28\/miguel-garcia-acredita-que-o-braga-pode-vencer-a-liga-europa\/#breadcrumb\",\"itemListElement\":[{\"@type\":\"ListItem\",\"position\":1,\"name\":\"In\u00edcio\",\"item\":\"https:\/\/portaltela.pt\/\"},{\"@type\":\"ListItem\",\"position\":2,\"name\":\"Miguel Garcia acredita que o Braga pode vencer a Liga Europa\"}]},{\"@type\":\"WebSite\",\"@id\":\"https:\/\/portaltela.pt\/#website\",\"url\":\"https:\/\/portaltela.pt\/\",\"name\":\"Portal Tela Portugal\",\"description\":\"\",\"potentialAction\":[{\"@type\":\"SearchAction\",\"target\":{\"@type\":\"EntryPoint\",\"urlTemplate\":\"https:\/\/portaltela.pt\/?s={search_term_string}\"},\"query-input\":{\"@type\":\"PropertyValueSpecification\",\"valueRequired\":true,\"valueName\":\"search_term_string\"}}],\"inLanguage\":\"pt-PT\"},{\"@type\":\"Person\",\"@id\":\"https:\/\/portaltela.pt\/#\/schema\/person\/c4278d4a6028830caff9ee44b42d32ed\",\"name\":\"Telinha\",\"image\":{\"@type\":\"ImageObject\",\"inLanguage\":\"pt-PT\",\"@id\":\"https:\/\/portaltela.pt\/s.01k8rhncp4jt1\/2025\/11\/talking-bot-125x125.png\",\"url\":\"https:\/\/portaltela.pt\/s.01k8rhncp4jt1\/2025\/11\/talking-bot-125x125.png\",\"contentUrl\":\"https:\/\/portaltela.pt\/s.01k8rhncp4jt1\/2025\/11\/talking-bot-125x125.png\",\"caption\":\"Telinha\"},\"sameAs\":[\"https:\/\/portaltela.pt\/\"],\"url\":\"https:\/\/portaltela.pt\/por\/367410592786\/\"}]}<\/script>\n<!-- \/ Yoast SEO plugin. -->","yoast_head_json":{"title":"Miguel Garcia acredita que o Braga pode vencer a Liga Europa - Portal Tela Portugal","robots":{"index":"index","follow":"follow","max-snippet":"max-snippet:-1","max-image-preview":"max-image-preview:large","max-video-preview":"max-video-preview:-1"},"og_locale":"pt_PT","og_type":"article","og_title":"Miguel Garcia acredita que o Braga pode vencer a Liga Europa - Portal Tela Portugal","og_description":"Miguel Garcia acredita que o Braga tem possibilidade de ganhar a Liga Europa, desde que mantenha o n\u00edvel exibido contra o Betis; v\u00ea a eliminat\u00f3ria com Friburgo como 50\/50. O Braga recebe Friburgo na primeira m\u00e3o das meias-finais, quinta-feira, \u00e0s 20h, no Est\u00e1dio Municipal de Braga; a segunda m\u00e3o \u00e9 a 07 de maio na Alemanha. Garcia relembra a passagem de 2010\/11, quando o Braga chegou \u00e0s meias-finais e \u00e0 final, perdendo frente ao F. C. Porto. O antigo jogador diz que o Aston Villa \u00e9 apontado como favorito pela Premier League, mas ressalva que or\u00e7amentos n\u00e3o ganham t\u00edtulos; todas as equipas das meias podem vencer. O Braga \u00e9 visto, h\u00e1 d\u00e9cadas, como o \u201cquarto grande\u201d de Portugal, com aspira\u00e7\u00f5es de lutar pela posi\u00e7\u00e3o de topo e, quem sabe, pelo t\u00edtulo.","og_url":"https:\/\/portaltela.pt\/noticias\/2026\/04\/28\/miguel-garcia-acredita-que-o-braga-pode-vencer-a-liga-europa\/","og_site_name":"Portal Tela Portugal","article_published_time":"2026-04-28T08:47:57+00:00","author":"Telinha","twitter_card":"summary_large_image","twitter_misc":{"Escrito por":"Telinha","Tempo estimado de leitura":"2 minutos"},"schema":{"@context":"https:\/\/schema.org","@graph":[{"@type":"Article","@id":"https:\/\/portaltela.pt\/noticias\/2026\/04\/28\/miguel-garcia-acredita-que-o-braga-pode-vencer-a-liga-europa\/#article","isPartOf":{"@id":"https:\/\/portaltela.pt\/noticias\/2026\/04\/28\/miguel-garcia-acredita-que-o-braga-pode-vencer-a-liga-europa\/"},"author":{"name":"Telinha","@id":"https:\/\/portaltela.pt\/#\/schema\/person\/c4278d4a6028830caff9ee44b42d32ed"},"headline":"Miguel Garcia acredita que o Braga pode vencer a Liga Europa","datePublished":"2026-04-28T08:47:57+00:00","mainEntityOfPage":{"@id":"https:\/\/portaltela.pt\/noticias\/2026\/04\/28\/miguel-garcia-acredita-que-o-braga-pode-vencer-a-liga-europa\/"},"wordCount":359,"image":{"@id":"https:\/\/portaltela.pt\/noticias\/2026\/04\/28\/miguel-garcia-acredita-que-o-braga-pode-vencer-a-liga-europa\/#primaryimage"},"thumbnailUrl":"https:\/\/portaltela.pt\/s.01k8rhncp4jt1\/2026\/04\/c5beb4e2-049c-4493-bc53-5073d898e3ef_1200x675.jpg","keywords":["_Braga","_desporto internacional","_futebol","_Liga","Europa League"],"articleSection":["Desporto","Futebol"],"inLanguage":"pt-PT"},{"@type":"WebPage","@id":"https:\/\/portaltela.pt\/noticias\/2026\/04\/28\/miguel-garcia-acredita-que-o-braga-pode-vencer-a-liga-europa\/","url":"https:\/\/portaltela.pt\/noticias\/2026\/04\/28\/miguel-garcia-acredita-que-o-braga-pode-vencer-a-liga-europa\/","name":"Miguel Garcia acredita que o Braga pode vencer a Liga Europa - Portal Tela Portugal","isPartOf":{"@id":"https:\/\/portaltela.pt\/#website"},"primaryImageOfPage":{"@id":"https:\/\/portaltela.pt\/noticias\/2026\/04\/28\/miguel-garcia-acredita-que-o-braga-pode-vencer-a-liga-europa\/#primaryimage"},"image":{"@id":"https:\/\/portaltela.pt\/noticias\/2026\/04\/28\/miguel-garcia-acredita-que-o-braga-pode-vencer-a-liga-europa\/#primaryimage"},"thumbnailUrl":"https:\/\/portaltela.pt\/s.01k8rhncp4jt1\/2026\/04\/c5beb4e2-049c-4493-bc53-5073d898e3ef_1200x675.jpg","datePublished":"2026-04-28T08:47:57+00:00","author":{"@id":"https:\/\/portaltela.pt\/#\/schema\/person\/c4278d4a6028830caff9ee44b42d32ed"},"breadcrumb":{"@id":"https:\/\/portaltela.pt\/noticias\/2026\/04\/28\/miguel-garcia-acredita-que-o-braga-pode-vencer-a-liga-europa\/#breadcrumb"},"inLanguage":"pt-PT","potentialAction":[{"@type":"ReadAction","target":["https:\/\/portaltela.pt\/noticias\/2026\/04\/28\/miguel-garcia-acredita-que-o-braga-pode-vencer-a-liga-europa\/"]}]},{"@type":"ImageObject","inLanguage":"pt-PT","@id":"https:\/\/portaltela.pt\/noticias\/2026\/04\/28\/miguel-garcia-acredita-que-o-braga-pode-vencer-a-liga-europa\/#primaryimage","url":"https:\/\/portaltela.pt\/s.01k8rhncp4jt1\/2026\/04\/c5beb4e2-049c-4493-bc53-5073d898e3ef_1200x675.jpg","contentUrl":"https:\/\/portaltela.pt\/s.01k8rhncp4jt1\/2026\/04\/c5beb4e2-049c-4493-bc53-5073d898e3ef_1200x675.jpg","width":796,"height":448,"caption":"Minhotos v\u00e3o defrontar o Friburgo nas meias finais"},{"@type":"BreadcrumbList","@id":"https:\/\/portaltela.pt\/noticias\/2026\/04\/28\/miguel-garcia-acredita-que-o-braga-pode-vencer-a-liga-europa\/#breadcrumb","itemListElement":[{"@type":"ListItem","position":1,"name":"In\u00edcio","item":"https:\/\/portaltela.pt\/"},{"@type":"ListItem","position":2,"name":"Miguel Garcia acredita que o Braga pode vencer a Liga Europa"}]},{"@type":"WebSite","@id":"https:\/\/portaltela.pt\/#website","url":"https:\/\/portaltela.pt\/","name":"Portal Tela Portugal","description":"","potentialAction":[{"@type":"SearchAction","target":{"@type":"EntryPoint","urlTemplate":"https:\/\/portaltela.pt\/?s={search_term_string}"},"query-input":{"@type":"PropertyValueSpecification","valueRequired":true,"valueName":"search_term_string"}}],"inLanguage":"pt-PT"},{"@type":"Person","@id":"https:\/\/portaltela.pt\/#\/schema\/person\/c4278d4a6028830caff9ee44b42d32ed","name":"Telinha","image":{"@type":"ImageObject","inLanguage":"pt-PT","@id":"https:\/\/portaltela.pt\/s.01k8rhncp4jt1\/2025\/11\/talking-bot-125x125.png","url":"https:\/\/portaltela.pt\/s.01k8rhncp4jt1\/2025\/11\/talking-bot-125x125.png","contentUrl":"https:\/\/portaltela.pt\/s.01k8rhncp4jt1\/2025\/11\/talking-bot-125x125.png","caption":"Telinha"},"sameAs":["https:\/\/portaltela.pt\/"],"url":"https:\/\/portaltela.pt\/por\/367410592786\/"}]}},"_links":{"self":[{"href":"https:\/\/portaltela.pt\/api\/wp\/v2\/posts\/459341","targetHints":{"allow":["GET"]}}],"collection":[{"href":"https:\/\/portaltela.pt\/api\/wp\/v2\/posts"}],"about":[{"href":"https:\/\/portaltela.pt\/api\/wp\/v2\/types\/post"}],"author":[{"embeddable":true,"href":"https:\/\/portaltela.pt\/api\/wp\/v2\/users\/2"}],"replies":[{"embeddable":true,"href":"https:\/\/portaltela.pt\/api\/wp\/v2\/comments?post=459341"}],"version-history":[{"count":0,"href":"https:\/\/portaltela.pt\/api\/wp\/v2\/posts\/459341\/revisions"}],"wp:featuredmedia":[{"embeddable":true,"href":"https:\/\/portaltela.pt\/api\/wp\/v2\/media\/459346"}],"wp:attachment":[{"href":"https:\/\/portaltela.pt\/api\/wp\/v2\/media?parent=459341"}],"wp:term":[{"taxonomy":"category","embeddable":true,"href":"https:\/\/portaltela.pt\/api\/wp\/v2\/categories?post=459341"},{"taxonomy":"post_tag","embeddable":true,"href":"https:\/\/portaltela.pt\/api\/wp\/v2\/tags?post=459341"}],"curies":[{"name":"wp","href":"https:\/\/api.w.org\/{rel}","templated":true}]}}