{"id":459339,"date":"2026-04-28T05:47:51","date_gmt":"2026-04-28T08:47:51","guid":{"rendered":"https:\/\/portaltela.pt\/noticias\/2026\/04\/28\/detencao-do-comandante-do-cartel-de-jalisco-el-jardinero-ocorreu\/"},"modified":"2026-04-28T05:47:51","modified_gmt":"2026-04-28T08:47:51","slug":"detencao-do-comandante-do-cartel-de-jalisco-el-jardinero-ocorreu","status":"publish","type":"post","link":"https:\/\/portaltela.pt\/policia\/2026\/04\/28\/detencao-do-comandante-do-cartel-de-jalisco-el-jardinero-ocorreu\/","title":{"rendered":"Deten\u00e7\u00e3o do comandante do cartel de Jalisco El Jardinero ocorreu"},"content":{"rendered":"<p>As autoridades mexicanas detiveram Audias Flores Silva, conhecido como El Jardinero, um alto membro do Cartel Jalisco Nova Gera\u00e7\u00e3o. Ele era apontado como poss\u00edvel sucessor de El Mencho, l\u00edder do grupo.<\/p>\n<p>El Jardinero estava ausente desde algum tempo, e a deten\u00e7\u00e3o ocorreu no \u00e2mbito de opera\u00e7\u00f5es conjuntas entre ag\u00eancias de seguran\u00e7a. A opera\u00e7\u00e3o teve como objetivo desarticular a lideran\u00e7a e as redes log\u00edsticas do cartel.<\/p>\n<p>O governo dos EUA oferecia uma recompensa de at\u00e9 cinco milh\u00f5es de d\u00f3lares por informa\u00e7\u00f5es que levassem \u00e0 captura de Flores Silva. A deten\u00e7\u00e3o \u00e9 encarada como parte de uma ofensiva cont\u00ednua contra o crime organizado transnacional.<\/p>\n<p>A pris\u00e3o refor\u00e7a o esfor\u00e7o mexicano para enfraquecer o Cartel Jalisco Nova Gera\u00e7\u00e3o, respons\u00e1vel por atividades de tr\u00e1fico de drogas, viol\u00eancia e organiza\u00e7\u00e3o de redes criminosas na regi\u00e3o. Detalhes sobre o interrogat\u00f3rio n\u00e3o foram tornados p\u00fablicos.<\/p>\n","protected":false},"excerpt":{"rendered":"<ul>\n<li>Audias Flores Silva, conhecido como El Jardinero, foi detido pelas autoridades mexicanas esta segunda-feira.<\/li>\n<li>El Jardinero \u00e9 considerado um alto dirigente do Cartel Jalisco Nova Gera\u00e7\u00e3o e apontado como poss\u00edvel sucessor de El Mencho.<\/li>\n<li>Ele era procurado pelos Estados Unidos, com uma recompensa de cinco milh\u00f5es de d\u00f3lares por informa\u00e7\u00f5es que levassem \u00e0 sua captura.<\/li>\n<li>O local da deten\u00e7\u00e3o n\u00e3o foi divulgado pelas autoridades.<\/li>\n<li>A deten\u00e7\u00e3o ocorre no contexto de opera\u00e7\u00f5es de combate ao crime organizado na regi\u00e3o.<\/li>\n<\/ul>\n","protected":false},"author":2,"featured_media":459340,"comment_status":"closed","ping_status":"closed","sticky":false,"template":"","format":"standard","meta":{"footnotes":""},"categories":[7374,6781],"tags":[6380,352,250,2349,9809],"class_list":["post-459339","post","type-post","status-publish","format-standard","has-post-thumbnail","hentry","category-criminalidade","category-policia","tag-mexico","tag-organizacao-criminosa","tag-seguranca-publica","tag-trafico-de-drogas","tag-transnacionais"],"yoast_head":"<!-- This site is optimized with the Yoast SEO plugin v27.2 - https:\/\/yoast.com\/product\/yoast-seo-wordpress\/ -->\n<title>Deten\u00e7\u00e3o do comandante do cartel de Jalisco El Jardinero ocorreu - Portal Tela Portugal<\/title>\n<meta name=\"robots\" content=\"index, follow, max-snippet:-1, max-image-preview:large, max-video-preview:-1\" \/>\n<meta property=\"og:locale\" content=\"pt_PT\" \/>\n<meta property=\"og:type\" content=\"article\" \/>\n<meta property=\"og:title\" content=\"Deten\u00e7\u00e3o do comandante do cartel de Jalisco El Jardinero ocorreu - Portal Tela Portugal\" \/>\n<meta property=\"og:description\" content=\"Audias Flores Silva, conhecido como El Jardinero, foi detido pelas autoridades mexicanas esta segunda-feira. El Jardinero \u00e9 considerado um alto dirigente do Cartel Jalisco Nova Gera\u00e7\u00e3o e apontado como poss\u00edvel sucessor de El Mencho. Ele era procurado pelos Estados Unidos, com uma recompensa de cinco milh\u00f5es de d\u00f3lares por informa\u00e7\u00f5es que levassem \u00e0 sua captura. O local da deten\u00e7\u00e3o n\u00e3o foi divulgado pelas autoridades. A deten\u00e7\u00e3o ocorre no contexto de opera\u00e7\u00f5es de combate ao crime organizado na regi\u00e3o.\" \/>\n<meta property=\"og:url\" content=\"https:\/\/portaltela.pt\/noticias\/2026\/04\/28\/detencao-do-comandante-do-cartel-de-jalisco-el-jardinero-ocorreu\/\" \/>\n<meta property=\"og:site_name\" content=\"Portal Tela Portugal\" \/>\n<meta property=\"article:published_time\" content=\"2026-04-28T08:47:51+00:00\" \/>\n<meta name=\"author\" content=\"Telinha\" \/>\n<meta name=\"twitter:card\" content=\"summary_large_image\" \/>\n<meta name=\"twitter:label1\" content=\"Escrito por\" \/>\n\t<meta name=\"twitter:data1\" content=\"Telinha\" \/>\n\t<meta name=\"twitter:label2\" content=\"Tempo estimado de leitura\" \/>\n\t<meta name=\"twitter:data2\" content=\"1 minuto\" \/>\n<script type=\"application\/ld+json\" class=\"yoast-schema-graph\">{\"@context\":\"https:\/\/schema.org\",\"@graph\":[{\"@type\":\"Article\",\"@id\":\"https:\/\/portaltela.pt\/noticias\/2026\/04\/28\/detencao-do-comandante-do-cartel-de-jalisco-el-jardinero-ocorreu\/#article\",\"isPartOf\":{\"@id\":\"https:\/\/portaltela.pt\/noticias\/2026\/04\/28\/detencao-do-comandante-do-cartel-de-jalisco-el-jardinero-ocorreu\/\"},\"author\":{\"name\":\"Telinha\",\"@id\":\"https:\/\/portaltela.pt\/#\/schema\/person\/c4278d4a6028830caff9ee44b42d32ed\"},\"headline\":\"Deten\u00e7\u00e3o do comandante do cartel de Jalisco El Jardinero ocorreu\",\"datePublished\":\"2026-04-28T08:47:51+00:00\",\"mainEntityOfPage\":{\"@id\":\"https:\/\/portaltela.pt\/noticias\/2026\/04\/28\/detencao-do-comandante-do-cartel-de-jalisco-el-jardinero-ocorreu\/\"},\"wordCount\":174,\"image\":{\"@id\":\"https:\/\/portaltela.pt\/noticias\/2026\/04\/28\/detencao-do-comandante-do-cartel-de-jalisco-el-jardinero-ocorreu\/#primaryimage\"},\"thumbnailUrl\":\"https:\/\/portaltela.pt\/s.01k8rhncp4jt1\/2026\/04\/img_1280x722uu2026-04-28-09-41-21-2281514.jpg\",\"keywords\":[\"M\u00e9xico\",\"organiza\u00e7\u00e3o criminosa\",\"seguran\u00e7a p\u00fablica\",\"tr\u00e1fico de drogas\",\"transnacionais\"],\"articleSection\":[\"Criminalidade\",\"Pol\u00edcia\"],\"inLanguage\":\"pt-PT\"},{\"@type\":\"WebPage\",\"@id\":\"https:\/\/portaltela.pt\/noticias\/2026\/04\/28\/detencao-do-comandante-do-cartel-de-jalisco-el-jardinero-ocorreu\/\",\"url\":\"https:\/\/portaltela.pt\/noticias\/2026\/04\/28\/detencao-do-comandante-do-cartel-de-jalisco-el-jardinero-ocorreu\/\",\"name\":\"Deten\u00e7\u00e3o do comandante do cartel de Jalisco El Jardinero ocorreu - Portal Tela Portugal\",\"isPartOf\":{\"@id\":\"https:\/\/portaltela.pt\/#website\"},\"primaryImageOfPage\":{\"@id\":\"https:\/\/portaltela.pt\/noticias\/2026\/04\/28\/detencao-do-comandante-do-cartel-de-jalisco-el-jardinero-ocorreu\/#primaryimage\"},\"image\":{\"@id\":\"https:\/\/portaltela.pt\/noticias\/2026\/04\/28\/detencao-do-comandante-do-cartel-de-jalisco-el-jardinero-ocorreu\/#primaryimage\"},\"thumbnailUrl\":\"https:\/\/portaltela.pt\/s.01k8rhncp4jt1\/2026\/04\/img_1280x722uu2026-04-28-09-41-21-2281514.jpg\",\"datePublished\":\"2026-04-28T08:47:51+00:00\",\"author\":{\"@id\":\"https:\/\/portaltela.pt\/#\/schema\/person\/c4278d4a6028830caff9ee44b42d32ed\"},\"breadcrumb\":{\"@id\":\"https:\/\/portaltela.pt\/noticias\/2026\/04\/28\/detencao-do-comandante-do-cartel-de-jalisco-el-jardinero-ocorreu\/#breadcrumb\"},\"inLanguage\":\"pt-PT\",\"potentialAction\":[{\"@type\":\"ReadAction\",\"target\":[\"https:\/\/portaltela.pt\/noticias\/2026\/04\/28\/detencao-do-comandante-do-cartel-de-jalisco-el-jardinero-ocorreu\/\"]}]},{\"@type\":\"ImageObject\",\"inLanguage\":\"pt-PT\",\"@id\":\"https:\/\/portaltela.pt\/noticias\/2026\/04\/28\/detencao-do-comandante-do-cartel-de-jalisco-el-jardinero-ocorreu\/#primaryimage\",\"url\":\"https:\/\/portaltela.pt\/s.01k8rhncp4jt1\/2026\/04\/img_1280x722uu2026-04-28-09-41-21-2281514.jpg\",\"contentUrl\":\"https:\/\/portaltela.pt\/s.01k8rhncp4jt1\/2026\/04\/img_1280x722uu2026-04-28-09-41-21-2281514.jpg\",\"width\":796,\"height\":448,\"caption\":\"As autoridades mexicanas detiveram, esta segunda-feira, \u2018El Jardinero\u2019, um importante membro do Cartel Jalisco Nova Gera\u00e7\u00e3o e apontado como sucessor de \u2018El Mencho\u2019. Audias Flores Silva, conhecido como \u2018El Jardinero\u2019 era procurado pelos EUA, que ofereciam uma recompensa de cinco milh\u00f5es de d\u00f3lares (cerca 4,3 milh\u00f5es de euros) por informa\u00e7\u00f5es que levassem \u00e0 sua captura.\"},{\"@type\":\"BreadcrumbList\",\"@id\":\"https:\/\/portaltela.pt\/noticias\/2026\/04\/28\/detencao-do-comandante-do-cartel-de-jalisco-el-jardinero-ocorreu\/#breadcrumb\",\"itemListElement\":[{\"@type\":\"ListItem\",\"position\":1,\"name\":\"In\u00edcio\",\"item\":\"https:\/\/portaltela.pt\/\"},{\"@type\":\"ListItem\",\"position\":2,\"name\":\"Deten\u00e7\u00e3o do comandante do cartel de Jalisco El Jardinero ocorreu\"}]},{\"@type\":\"WebSite\",\"@id\":\"https:\/\/portaltela.pt\/#website\",\"url\":\"https:\/\/portaltela.pt\/\",\"name\":\"Portal Tela Portugal\",\"description\":\"\",\"potentialAction\":[{\"@type\":\"SearchAction\",\"target\":{\"@type\":\"EntryPoint\",\"urlTemplate\":\"https:\/\/portaltela.pt\/?s={search_term_string}\"},\"query-input\":{\"@type\":\"PropertyValueSpecification\",\"valueRequired\":true,\"valueName\":\"search_term_string\"}}],\"inLanguage\":\"pt-PT\"},{\"@type\":\"Person\",\"@id\":\"https:\/\/portaltela.pt\/#\/schema\/person\/c4278d4a6028830caff9ee44b42d32ed\",\"name\":\"Telinha\",\"image\":{\"@type\":\"ImageObject\",\"inLanguage\":\"pt-PT\",\"@id\":\"https:\/\/portaltela.pt\/s.01k8rhncp4jt1\/2025\/11\/talking-bot-125x125.png\",\"url\":\"https:\/\/portaltela.pt\/s.01k8rhncp4jt1\/2025\/11\/talking-bot-125x125.png\",\"contentUrl\":\"https:\/\/portaltela.pt\/s.01k8rhncp4jt1\/2025\/11\/talking-bot-125x125.png\",\"caption\":\"Telinha\"},\"sameAs\":[\"https:\/\/portaltela.pt\/\"],\"url\":\"https:\/\/portaltela.pt\/por\/367410592786\/\"}]}<\/script>\n<!-- \/ Yoast SEO plugin. -->","yoast_head_json":{"title":"Deten\u00e7\u00e3o do comandante do cartel de Jalisco El Jardinero ocorreu - Portal Tela Portugal","robots":{"index":"index","follow":"follow","max-snippet":"max-snippet:-1","max-image-preview":"max-image-preview:large","max-video-preview":"max-video-preview:-1"},"og_locale":"pt_PT","og_type":"article","og_title":"Deten\u00e7\u00e3o do comandante do cartel de Jalisco El Jardinero ocorreu - Portal Tela Portugal","og_description":"Audias Flores Silva, conhecido como El Jardinero, foi detido pelas autoridades mexicanas esta segunda-feira. El Jardinero \u00e9 considerado um alto dirigente do Cartel Jalisco Nova Gera\u00e7\u00e3o e apontado como poss\u00edvel sucessor de El Mencho. Ele era procurado pelos Estados Unidos, com uma recompensa de cinco milh\u00f5es de d\u00f3lares por informa\u00e7\u00f5es que levassem \u00e0 sua captura. O local da deten\u00e7\u00e3o n\u00e3o foi divulgado pelas autoridades. A deten\u00e7\u00e3o ocorre no contexto de opera\u00e7\u00f5es de combate ao crime organizado na regi\u00e3o.","og_url":"https:\/\/portaltela.pt\/noticias\/2026\/04\/28\/detencao-do-comandante-do-cartel-de-jalisco-el-jardinero-ocorreu\/","og_site_name":"Portal Tela Portugal","article_published_time":"2026-04-28T08:47:51+00:00","author":"Telinha","twitter_card":"summary_large_image","twitter_misc":{"Escrito por":"Telinha","Tempo estimado de leitura":"1 minuto"},"schema":{"@context":"https:\/\/schema.org","@graph":[{"@type":"Article","@id":"https:\/\/portaltela.pt\/noticias\/2026\/04\/28\/detencao-do-comandante-do-cartel-de-jalisco-el-jardinero-ocorreu\/#article","isPartOf":{"@id":"https:\/\/portaltela.pt\/noticias\/2026\/04\/28\/detencao-do-comandante-do-cartel-de-jalisco-el-jardinero-ocorreu\/"},"author":{"name":"Telinha","@id":"https:\/\/portaltela.pt\/#\/schema\/person\/c4278d4a6028830caff9ee44b42d32ed"},"headline":"Deten\u00e7\u00e3o do comandante do cartel de Jalisco El Jardinero ocorreu","datePublished":"2026-04-28T08:47:51+00:00","mainEntityOfPage":{"@id":"https:\/\/portaltela.pt\/noticias\/2026\/04\/28\/detencao-do-comandante-do-cartel-de-jalisco-el-jardinero-ocorreu\/"},"wordCount":174,"image":{"@id":"https:\/\/portaltela.pt\/noticias\/2026\/04\/28\/detencao-do-comandante-do-cartel-de-jalisco-el-jardinero-ocorreu\/#primaryimage"},"thumbnailUrl":"https:\/\/portaltela.pt\/s.01k8rhncp4jt1\/2026\/04\/img_1280x722uu2026-04-28-09-41-21-2281514.jpg","keywords":["M\u00e9xico","organiza\u00e7\u00e3o criminosa","seguran\u00e7a p\u00fablica","tr\u00e1fico de drogas","transnacionais"],"articleSection":["Criminalidade","Pol\u00edcia"],"inLanguage":"pt-PT"},{"@type":"WebPage","@id":"https:\/\/portaltela.pt\/noticias\/2026\/04\/28\/detencao-do-comandante-do-cartel-de-jalisco-el-jardinero-ocorreu\/","url":"https:\/\/portaltela.pt\/noticias\/2026\/04\/28\/detencao-do-comandante-do-cartel-de-jalisco-el-jardinero-ocorreu\/","name":"Deten\u00e7\u00e3o do comandante do cartel de Jalisco El Jardinero ocorreu - Portal Tela Portugal","isPartOf":{"@id":"https:\/\/portaltela.pt\/#website"},"primaryImageOfPage":{"@id":"https:\/\/portaltela.pt\/noticias\/2026\/04\/28\/detencao-do-comandante-do-cartel-de-jalisco-el-jardinero-ocorreu\/#primaryimage"},"image":{"@id":"https:\/\/portaltela.pt\/noticias\/2026\/04\/28\/detencao-do-comandante-do-cartel-de-jalisco-el-jardinero-ocorreu\/#primaryimage"},"thumbnailUrl":"https:\/\/portaltela.pt\/s.01k8rhncp4jt1\/2026\/04\/img_1280x722uu2026-04-28-09-41-21-2281514.jpg","datePublished":"2026-04-28T08:47:51+00:00","author":{"@id":"https:\/\/portaltela.pt\/#\/schema\/person\/c4278d4a6028830caff9ee44b42d32ed"},"breadcrumb":{"@id":"https:\/\/portaltela.pt\/noticias\/2026\/04\/28\/detencao-do-comandante-do-cartel-de-jalisco-el-jardinero-ocorreu\/#breadcrumb"},"inLanguage":"pt-PT","potentialAction":[{"@type":"ReadAction","target":["https:\/\/portaltela.pt\/noticias\/2026\/04\/28\/detencao-do-comandante-do-cartel-de-jalisco-el-jardinero-ocorreu\/"]}]},{"@type":"ImageObject","inLanguage":"pt-PT","@id":"https:\/\/portaltela.pt\/noticias\/2026\/04\/28\/detencao-do-comandante-do-cartel-de-jalisco-el-jardinero-ocorreu\/#primaryimage","url":"https:\/\/portaltela.pt\/s.01k8rhncp4jt1\/2026\/04\/img_1280x722uu2026-04-28-09-41-21-2281514.jpg","contentUrl":"https:\/\/portaltela.pt\/s.01k8rhncp4jt1\/2026\/04\/img_1280x722uu2026-04-28-09-41-21-2281514.jpg","width":796,"height":448,"caption":"As autoridades mexicanas detiveram, esta segunda-feira, \u2018El Jardinero\u2019, um importante membro do Cartel Jalisco Nova Gera\u00e7\u00e3o e apontado como sucessor de \u2018El Mencho\u2019. Audias Flores Silva, conhecido como \u2018El Jardinero\u2019 era procurado pelos EUA, que ofereciam uma recompensa de cinco milh\u00f5es de d\u00f3lares (cerca 4,3 milh\u00f5es de euros) por informa\u00e7\u00f5es que levassem \u00e0 sua captura."},{"@type":"BreadcrumbList","@id":"https:\/\/portaltela.pt\/noticias\/2026\/04\/28\/detencao-do-comandante-do-cartel-de-jalisco-el-jardinero-ocorreu\/#breadcrumb","itemListElement":[{"@type":"ListItem","position":1,"name":"In\u00edcio","item":"https:\/\/portaltela.pt\/"},{"@type":"ListItem","position":2,"name":"Deten\u00e7\u00e3o do comandante do cartel de Jalisco El Jardinero ocorreu"}]},{"@type":"WebSite","@id":"https:\/\/portaltela.pt\/#website","url":"https:\/\/portaltela.pt\/","name":"Portal Tela Portugal","description":"","potentialAction":[{"@type":"SearchAction","target":{"@type":"EntryPoint","urlTemplate":"https:\/\/portaltela.pt\/?s={search_term_string}"},"query-input":{"@type":"PropertyValueSpecification","valueRequired":true,"valueName":"search_term_string"}}],"inLanguage":"pt-PT"},{"@type":"Person","@id":"https:\/\/portaltela.pt\/#\/schema\/person\/c4278d4a6028830caff9ee44b42d32ed","name":"Telinha","image":{"@type":"ImageObject","inLanguage":"pt-PT","@id":"https:\/\/portaltela.pt\/s.01k8rhncp4jt1\/2025\/11\/talking-bot-125x125.png","url":"https:\/\/portaltela.pt\/s.01k8rhncp4jt1\/2025\/11\/talking-bot-125x125.png","contentUrl":"https:\/\/portaltela.pt\/s.01k8rhncp4jt1\/2025\/11\/talking-bot-125x125.png","caption":"Telinha"},"sameAs":["https:\/\/portaltela.pt\/"],"url":"https:\/\/portaltela.pt\/por\/367410592786\/"}]}},"_links":{"self":[{"href":"https:\/\/portaltela.pt\/api\/wp\/v2\/posts\/459339","targetHints":{"allow":["GET"]}}],"collection":[{"href":"https:\/\/portaltela.pt\/api\/wp\/v2\/posts"}],"about":[{"href":"https:\/\/portaltela.pt\/api\/wp\/v2\/types\/post"}],"author":[{"embeddable":true,"href":"https:\/\/portaltela.pt\/api\/wp\/v2\/users\/2"}],"replies":[{"embeddable":true,"href":"https:\/\/portaltela.pt\/api\/wp\/v2\/comments?post=459339"}],"version-history":[{"count":0,"href":"https:\/\/portaltela.pt\/api\/wp\/v2\/posts\/459339\/revisions"}],"wp:featuredmedia":[{"embeddable":true,"href":"https:\/\/portaltela.pt\/api\/wp\/v2\/media\/459340"}],"wp:attachment":[{"href":"https:\/\/portaltela.pt\/api\/wp\/v2\/media?parent=459339"}],"wp:term":[{"taxonomy":"category","embeddable":true,"href":"https:\/\/portaltela.pt\/api\/wp\/v2\/categories?post=459339"},{"taxonomy":"post_tag","embeddable":true,"href":"https:\/\/portaltela.pt\/api\/wp\/v2\/tags?post=459339"}],"curies":[{"name":"wp","href":"https:\/\/api.w.org\/{rel}","templated":true}]}}