{"id":459335,"date":"2026-04-28T05:32:47","date_gmt":"2026-04-28T08:32:47","guid":{"rendered":"https:\/\/portaltela.pt\/noticias\/2026\/04\/28\/margarida-corceiro-estreia-se-na-netflix-ao-lado-de-ator-de-la-casa-de-papel\/"},"modified":"2026-04-28T05:32:47","modified_gmt":"2026-04-28T08:32:47","slug":"margarida-corceiro-estreia-se-na-netflix-ao-lado-de-ator-de-la-casa-de-papel","status":"publish","type":"post","link":"https:\/\/portaltela.pt\/celebridades\/2026\/04\/28\/margarida-corceiro-estreia-se-na-netflix-ao-lado-de-ator-de-la-casa-de-papel\/","title":{"rendered":"Margarida Corceiro estreia-se na Netflix ao lado de ator de La Casa de Papel"},"content":{"rendered":"<p>Margarida Corceiro vai estrear-se na Netflix com a s\u00e9rie Nueve Reinas, uma adapta\u00e7\u00e3o madrilena do cl\u00e1ssico argentino dos anos 2000. A atriz portuguesa tem 23 anos e o projeto marca um marco na sua carreira internacional.<\/p>\n<p>As grava\u00e7\u00f5es decorrem em Madrid, onde a artista j\u00e1 est\u00e1 instalada para as filmagens. Ao lado de Margarida, surge \u00c1lvaro Morte, conhecido pelo papel do Professor em La Casa de Papel.<\/p>\n<p>O an\u00fancio vem depois de v\u00e1rias pistas partilhadas pela atriz nas redes sociais, entre viagens \u00e0 capital espanhola. Um teaser da s\u00e9rie, com a frase Ah\u00ed vamos, confirmou a continuidade deste projeto.<\/p>\n<p>A produ\u00e7\u00e3o em territ\u00f3rio espanhol refor\u00e7a o posicionamento internacional de Margarida, que tem contado com propostas que ampliam o seu leque de oportunidades no cinema e televis\u00e3o.<\/p>\n<h3>Parcurs da protagonista<\/h3>\n<p>Margarida Corceiro mant\u00e9m o suspense sobre o papel que vai interpretar nesta adaptation, com detalhes ainda no segredo dos deuses. A confirma\u00e7\u00e3o oficial ainda n\u00e3o foi revelada pela equipa de produ\u00e7\u00e3o.<\/p>\n<p>Entre as novidades, a colabora\u00e7\u00e3o com \u00c1lvaro Morte representa uma aposta de alto rendimento na fic\u00e7\u00e3o espanhola, que tem sido exportada para v\u00e1rias regi\u00f5es. Os primeiros sinais apontam para uma narrativa de suspense.<\/p>\n<h3>Contexto e pr\u00f3ximos passos<\/h3>\n<p>A equipa de produ\u00e7\u00e3o n\u00e3o divulgou ainda datas de lan\u00e7amento nem datas de grava\u00e7\u00e3o futuras. A expectativa prende-se com o impacto de um elenco internacional num projeto centrado na hist\u00f3ria de Nueve Reinas.<\/p>\n<p>A Netflix n\u00e3o revelou pormenores adicionais sobre a trama ou a cronologia da s\u00e9rie, mantendo o foco no refor\u00e7o da presen\u00e7a de Margarida no cinema internacional.<\/p>\n","protected":false},"excerpt":{"rendered":"<ul>\n<li>Margarida Corceiro vai estrear-se na Netflix na s\u00e9rie Nueve Reinas, uma adapta\u00e7\u00e3o madrilena do cl\u00e1ssico argentino dos anos 2000.<\/li>\n<li>A atriz portuguesa, de 23 anos, grava atualmente em Madrid, marcando um passo importante na sua carreira internacional.<\/li>\n<li>Vai contracenar com \u00c1lvaro Morte, conhecido pelo papel de Professor em La Casa de Papel.<\/li>\n<li>A confirma\u00e7\u00e3o veio atrav\u00e9s de um teaser publicado pela atriz nas stories de Instagram, com a frase &#8220;Ah\u00ed vamos&#8221;.<\/li>\n<li>Detalhes sobre a personagem que interpreta mant\u00eam-se em segredo.<\/li>\n<\/ul>\n","protected":false},"author":2,"featured_media":459338,"comment_status":"closed","ping_status":"closed","sticky":false,"template":"","format":"standard","meta":{"footnotes":""},"categories":[6675],"tags":[3225,112,2189,81,2921,8958],"class_list":["post-459335","post","type-post","status-publish","format-standard","has-post-thumbnail","hentry","category-celebridades","tag-acoes-internacionais","tag-cinema","tag-espana","tag-internacionais","tag-netflix","tag-televisao"],"yoast_head":"<!-- This site is optimized with the Yoast SEO plugin v27.2 - https:\/\/yoast.com\/product\/yoast-seo-wordpress\/ -->\n<title>Margarida Corceiro estreia-se na Netflix ao lado de ator de La Casa de Papel - Portal Tela Portugal<\/title>\n<meta name=\"robots\" content=\"index, follow, max-snippet:-1, max-image-preview:large, max-video-preview:-1\" \/>\n<meta property=\"og:locale\" content=\"pt_PT\" \/>\n<meta property=\"og:type\" content=\"article\" \/>\n<meta property=\"og:title\" content=\"Margarida Corceiro estreia-se na Netflix ao lado de ator de La Casa de Papel - Portal Tela Portugal\" \/>\n<meta property=\"og:description\" content=\"Margarida Corceiro vai estrear-se na Netflix na s\u00e9rie Nueve Reinas, uma adapta\u00e7\u00e3o madrilena do cl\u00e1ssico argentino dos anos 2000. A atriz portuguesa, de 23 anos, grava atualmente em Madrid, marcando um passo importante na sua carreira internacional. Vai contracenar com \u00c1lvaro Morte, conhecido pelo papel de Professor em La Casa de Papel. A confirma\u00e7\u00e3o veio atrav\u00e9s de um teaser publicado pela atriz nas stories de Instagram, com a frase &quot;Ah\u00ed vamos&quot;. Detalhes sobre a personagem que interpreta mant\u00eam-se em segredo.\" \/>\n<meta property=\"og:url\" content=\"https:\/\/portaltela.pt\/noticias\/2026\/04\/28\/margarida-corceiro-estreia-se-na-netflix-ao-lado-de-ator-de-la-casa-de-papel\/\" \/>\n<meta property=\"og:site_name\" content=\"Portal Tela Portugal\" \/>\n<meta property=\"article:published_time\" content=\"2026-04-28T08:32:47+00:00\" \/>\n<meta name=\"author\" content=\"Telinha\" \/>\n<meta name=\"twitter:card\" content=\"summary_large_image\" \/>\n<meta name=\"twitter:label1\" content=\"Escrito por\" \/>\n\t<meta name=\"twitter:data1\" content=\"Telinha\" \/>\n\t<meta name=\"twitter:label2\" content=\"Tempo estimado de leitura\" \/>\n\t<meta name=\"twitter:data2\" content=\"1 minuto\" \/>\n<script type=\"application\/ld+json\" class=\"yoast-schema-graph\">{\"@context\":\"https:\/\/schema.org\",\"@graph\":[{\"@type\":\"Article\",\"@id\":\"https:\/\/portaltela.pt\/noticias\/2026\/04\/28\/margarida-corceiro-estreia-se-na-netflix-ao-lado-de-ator-de-la-casa-de-papel\/#article\",\"isPartOf\":{\"@id\":\"https:\/\/portaltela.pt\/noticias\/2026\/04\/28\/margarida-corceiro-estreia-se-na-netflix-ao-lado-de-ator-de-la-casa-de-papel\/\"},\"author\":{\"name\":\"Telinha\",\"@id\":\"https:\/\/portaltela.pt\/#\/schema\/person\/c4278d4a6028830caff9ee44b42d32ed\"},\"headline\":\"Margarida Corceiro estreia-se na Netflix ao lado de ator de La Casa de Papel\",\"datePublished\":\"2026-04-28T08:32:47+00:00\",\"mainEntityOfPage\":{\"@id\":\"https:\/\/portaltela.pt\/noticias\/2026\/04\/28\/margarida-corceiro-estreia-se-na-netflix-ao-lado-de-ator-de-la-casa-de-papel\/\"},\"wordCount\":296,\"image\":{\"@id\":\"https:\/\/portaltela.pt\/noticias\/2026\/04\/28\/margarida-corceiro-estreia-se-na-netflix-ao-lado-de-ator-de-la-casa-de-papel\/#primaryimage\"},\"thumbnailUrl\":\"https:\/\/portaltela.pt\/s.01k8rhncp4jt1\/2026\/04\/img_1280x718uu2026-04-10-10-02-05-2277624-im-639114122235196057-1.jpg\",\"keywords\":[\"a\u00e7\u00f5es internacionais\",\"cinema\",\"Espa\u00f1a\",\"internacionais\",\"Netflix\",\"televis\u00e3o\"],\"articleSection\":[\"Celebridades\"],\"inLanguage\":\"pt-PT\"},{\"@type\":\"WebPage\",\"@id\":\"https:\/\/portaltela.pt\/noticias\/2026\/04\/28\/margarida-corceiro-estreia-se-na-netflix-ao-lado-de-ator-de-la-casa-de-papel\/\",\"url\":\"https:\/\/portaltela.pt\/noticias\/2026\/04\/28\/margarida-corceiro-estreia-se-na-netflix-ao-lado-de-ator-de-la-casa-de-papel\/\",\"name\":\"Margarida Corceiro estreia-se na Netflix ao lado de ator de La Casa de Papel - Portal Tela Portugal\",\"isPartOf\":{\"@id\":\"https:\/\/portaltela.pt\/#website\"},\"primaryImageOfPage\":{\"@id\":\"https:\/\/portaltela.pt\/noticias\/2026\/04\/28\/margarida-corceiro-estreia-se-na-netflix-ao-lado-de-ator-de-la-casa-de-papel\/#primaryimage\"},\"image\":{\"@id\":\"https:\/\/portaltela.pt\/noticias\/2026\/04\/28\/margarida-corceiro-estreia-se-na-netflix-ao-lado-de-ator-de-la-casa-de-papel\/#primaryimage\"},\"thumbnailUrl\":\"https:\/\/portaltela.pt\/s.01k8rhncp4jt1\/2026\/04\/img_1280x718uu2026-04-10-10-02-05-2277624-im-639114122235196057-1.jpg\",\"datePublished\":\"2026-04-28T08:32:47+00:00\",\"author\":{\"@id\":\"https:\/\/portaltela.pt\/#\/schema\/person\/c4278d4a6028830caff9ee44b42d32ed\"},\"breadcrumb\":{\"@id\":\"https:\/\/portaltela.pt\/noticias\/2026\/04\/28\/margarida-corceiro-estreia-se-na-netflix-ao-lado-de-ator-de-la-casa-de-papel\/#breadcrumb\"},\"inLanguage\":\"pt-PT\",\"potentialAction\":[{\"@type\":\"ReadAction\",\"target\":[\"https:\/\/portaltela.pt\/noticias\/2026\/04\/28\/margarida-corceiro-estreia-se-na-netflix-ao-lado-de-ator-de-la-casa-de-papel\/\"]}]},{\"@type\":\"ImageObject\",\"inLanguage\":\"pt-PT\",\"@id\":\"https:\/\/portaltela.pt\/noticias\/2026\/04\/28\/margarida-corceiro-estreia-se-na-netflix-ao-lado-de-ator-de-la-casa-de-papel\/#primaryimage\",\"url\":\"https:\/\/portaltela.pt\/s.01k8rhncp4jt1\/2026\/04\/img_1280x718uu2026-04-10-10-02-05-2277624-im-639114122235196057-1.jpg\",\"contentUrl\":\"https:\/\/portaltela.pt\/s.01k8rhncp4jt1\/2026\/04\/img_1280x718uu2026-04-10-10-02-05-2277624-im-639114122235196057-1.jpg\",\"width\":1280,\"height\":718,\"caption\":\"Margarida Corceiro\"},{\"@type\":\"BreadcrumbList\",\"@id\":\"https:\/\/portaltela.pt\/noticias\/2026\/04\/28\/margarida-corceiro-estreia-se-na-netflix-ao-lado-de-ator-de-la-casa-de-papel\/#breadcrumb\",\"itemListElement\":[{\"@type\":\"ListItem\",\"position\":1,\"name\":\"In\u00edcio\",\"item\":\"https:\/\/portaltela.pt\/\"},{\"@type\":\"ListItem\",\"position\":2,\"name\":\"Margarida Corceiro estreia-se na Netflix ao lado de ator de La Casa de Papel\"}]},{\"@type\":\"WebSite\",\"@id\":\"https:\/\/portaltela.pt\/#website\",\"url\":\"https:\/\/portaltela.pt\/\",\"name\":\"Portal Tela Portugal\",\"description\":\"\",\"potentialAction\":[{\"@type\":\"SearchAction\",\"target\":{\"@type\":\"EntryPoint\",\"urlTemplate\":\"https:\/\/portaltela.pt\/?s={search_term_string}\"},\"query-input\":{\"@type\":\"PropertyValueSpecification\",\"valueRequired\":true,\"valueName\":\"search_term_string\"}}],\"inLanguage\":\"pt-PT\"},{\"@type\":\"Person\",\"@id\":\"https:\/\/portaltela.pt\/#\/schema\/person\/c4278d4a6028830caff9ee44b42d32ed\",\"name\":\"Telinha\",\"image\":{\"@type\":\"ImageObject\",\"inLanguage\":\"pt-PT\",\"@id\":\"https:\/\/portaltela.pt\/s.01k8rhncp4jt1\/2025\/11\/talking-bot-125x125.png\",\"url\":\"https:\/\/portaltela.pt\/s.01k8rhncp4jt1\/2025\/11\/talking-bot-125x125.png\",\"contentUrl\":\"https:\/\/portaltela.pt\/s.01k8rhncp4jt1\/2025\/11\/talking-bot-125x125.png\",\"caption\":\"Telinha\"},\"sameAs\":[\"https:\/\/portaltela.pt\/\"],\"url\":\"https:\/\/portaltela.pt\/por\/367410592786\/\"}]}<\/script>\n<!-- \/ Yoast SEO plugin. -->","yoast_head_json":{"title":"Margarida Corceiro estreia-se na Netflix ao lado de ator de La Casa de Papel - Portal Tela Portugal","robots":{"index":"index","follow":"follow","max-snippet":"max-snippet:-1","max-image-preview":"max-image-preview:large","max-video-preview":"max-video-preview:-1"},"og_locale":"pt_PT","og_type":"article","og_title":"Margarida Corceiro estreia-se na Netflix ao lado de ator de La Casa de Papel - Portal Tela Portugal","og_description":"Margarida Corceiro vai estrear-se na Netflix na s\u00e9rie Nueve Reinas, uma adapta\u00e7\u00e3o madrilena do cl\u00e1ssico argentino dos anos 2000. A atriz portuguesa, de 23 anos, grava atualmente em Madrid, marcando um passo importante na sua carreira internacional. Vai contracenar com \u00c1lvaro Morte, conhecido pelo papel de Professor em La Casa de Papel. A confirma\u00e7\u00e3o veio atrav\u00e9s de um teaser publicado pela atriz nas stories de Instagram, com a frase \"Ah\u00ed vamos\". Detalhes sobre a personagem que interpreta mant\u00eam-se em segredo.","og_url":"https:\/\/portaltela.pt\/noticias\/2026\/04\/28\/margarida-corceiro-estreia-se-na-netflix-ao-lado-de-ator-de-la-casa-de-papel\/","og_site_name":"Portal Tela Portugal","article_published_time":"2026-04-28T08:32:47+00:00","author":"Telinha","twitter_card":"summary_large_image","twitter_misc":{"Escrito por":"Telinha","Tempo estimado de leitura":"1 minuto"},"schema":{"@context":"https:\/\/schema.org","@graph":[{"@type":"Article","@id":"https:\/\/portaltela.pt\/noticias\/2026\/04\/28\/margarida-corceiro-estreia-se-na-netflix-ao-lado-de-ator-de-la-casa-de-papel\/#article","isPartOf":{"@id":"https:\/\/portaltela.pt\/noticias\/2026\/04\/28\/margarida-corceiro-estreia-se-na-netflix-ao-lado-de-ator-de-la-casa-de-papel\/"},"author":{"name":"Telinha","@id":"https:\/\/portaltela.pt\/#\/schema\/person\/c4278d4a6028830caff9ee44b42d32ed"},"headline":"Margarida Corceiro estreia-se na Netflix ao lado de ator de La Casa de Papel","datePublished":"2026-04-28T08:32:47+00:00","mainEntityOfPage":{"@id":"https:\/\/portaltela.pt\/noticias\/2026\/04\/28\/margarida-corceiro-estreia-se-na-netflix-ao-lado-de-ator-de-la-casa-de-papel\/"},"wordCount":296,"image":{"@id":"https:\/\/portaltela.pt\/noticias\/2026\/04\/28\/margarida-corceiro-estreia-se-na-netflix-ao-lado-de-ator-de-la-casa-de-papel\/#primaryimage"},"thumbnailUrl":"https:\/\/portaltela.pt\/s.01k8rhncp4jt1\/2026\/04\/img_1280x718uu2026-04-10-10-02-05-2277624-im-639114122235196057-1.jpg","keywords":["a\u00e7\u00f5es internacionais","cinema","Espa\u00f1a","internacionais","Netflix","televis\u00e3o"],"articleSection":["Celebridades"],"inLanguage":"pt-PT"},{"@type":"WebPage","@id":"https:\/\/portaltela.pt\/noticias\/2026\/04\/28\/margarida-corceiro-estreia-se-na-netflix-ao-lado-de-ator-de-la-casa-de-papel\/","url":"https:\/\/portaltela.pt\/noticias\/2026\/04\/28\/margarida-corceiro-estreia-se-na-netflix-ao-lado-de-ator-de-la-casa-de-papel\/","name":"Margarida Corceiro estreia-se na Netflix ao lado de ator de La Casa de Papel - Portal Tela Portugal","isPartOf":{"@id":"https:\/\/portaltela.pt\/#website"},"primaryImageOfPage":{"@id":"https:\/\/portaltela.pt\/noticias\/2026\/04\/28\/margarida-corceiro-estreia-se-na-netflix-ao-lado-de-ator-de-la-casa-de-papel\/#primaryimage"},"image":{"@id":"https:\/\/portaltela.pt\/noticias\/2026\/04\/28\/margarida-corceiro-estreia-se-na-netflix-ao-lado-de-ator-de-la-casa-de-papel\/#primaryimage"},"thumbnailUrl":"https:\/\/portaltela.pt\/s.01k8rhncp4jt1\/2026\/04\/img_1280x718uu2026-04-10-10-02-05-2277624-im-639114122235196057-1.jpg","datePublished":"2026-04-28T08:32:47+00:00","author":{"@id":"https:\/\/portaltela.pt\/#\/schema\/person\/c4278d4a6028830caff9ee44b42d32ed"},"breadcrumb":{"@id":"https:\/\/portaltela.pt\/noticias\/2026\/04\/28\/margarida-corceiro-estreia-se-na-netflix-ao-lado-de-ator-de-la-casa-de-papel\/#breadcrumb"},"inLanguage":"pt-PT","potentialAction":[{"@type":"ReadAction","target":["https:\/\/portaltela.pt\/noticias\/2026\/04\/28\/margarida-corceiro-estreia-se-na-netflix-ao-lado-de-ator-de-la-casa-de-papel\/"]}]},{"@type":"ImageObject","inLanguage":"pt-PT","@id":"https:\/\/portaltela.pt\/noticias\/2026\/04\/28\/margarida-corceiro-estreia-se-na-netflix-ao-lado-de-ator-de-la-casa-de-papel\/#primaryimage","url":"https:\/\/portaltela.pt\/s.01k8rhncp4jt1\/2026\/04\/img_1280x718uu2026-04-10-10-02-05-2277624-im-639114122235196057-1.jpg","contentUrl":"https:\/\/portaltela.pt\/s.01k8rhncp4jt1\/2026\/04\/img_1280x718uu2026-04-10-10-02-05-2277624-im-639114122235196057-1.jpg","width":1280,"height":718,"caption":"Margarida Corceiro"},{"@type":"BreadcrumbList","@id":"https:\/\/portaltela.pt\/noticias\/2026\/04\/28\/margarida-corceiro-estreia-se-na-netflix-ao-lado-de-ator-de-la-casa-de-papel\/#breadcrumb","itemListElement":[{"@type":"ListItem","position":1,"name":"In\u00edcio","item":"https:\/\/portaltela.pt\/"},{"@type":"ListItem","position":2,"name":"Margarida Corceiro estreia-se na Netflix ao lado de ator de La Casa de Papel"}]},{"@type":"WebSite","@id":"https:\/\/portaltela.pt\/#website","url":"https:\/\/portaltela.pt\/","name":"Portal Tela Portugal","description":"","potentialAction":[{"@type":"SearchAction","target":{"@type":"EntryPoint","urlTemplate":"https:\/\/portaltela.pt\/?s={search_term_string}"},"query-input":{"@type":"PropertyValueSpecification","valueRequired":true,"valueName":"search_term_string"}}],"inLanguage":"pt-PT"},{"@type":"Person","@id":"https:\/\/portaltela.pt\/#\/schema\/person\/c4278d4a6028830caff9ee44b42d32ed","name":"Telinha","image":{"@type":"ImageObject","inLanguage":"pt-PT","@id":"https:\/\/portaltela.pt\/s.01k8rhncp4jt1\/2025\/11\/talking-bot-125x125.png","url":"https:\/\/portaltela.pt\/s.01k8rhncp4jt1\/2025\/11\/talking-bot-125x125.png","contentUrl":"https:\/\/portaltela.pt\/s.01k8rhncp4jt1\/2025\/11\/talking-bot-125x125.png","caption":"Telinha"},"sameAs":["https:\/\/portaltela.pt\/"],"url":"https:\/\/portaltela.pt\/por\/367410592786\/"}]}},"_links":{"self":[{"href":"https:\/\/portaltela.pt\/api\/wp\/v2\/posts\/459335","targetHints":{"allow":["GET"]}}],"collection":[{"href":"https:\/\/portaltela.pt\/api\/wp\/v2\/posts"}],"about":[{"href":"https:\/\/portaltela.pt\/api\/wp\/v2\/types\/post"}],"author":[{"embeddable":true,"href":"https:\/\/portaltela.pt\/api\/wp\/v2\/users\/2"}],"replies":[{"embeddable":true,"href":"https:\/\/portaltela.pt\/api\/wp\/v2\/comments?post=459335"}],"version-history":[{"count":0,"href":"https:\/\/portaltela.pt\/api\/wp\/v2\/posts\/459335\/revisions"}],"wp:featuredmedia":[{"embeddable":true,"href":"https:\/\/portaltela.pt\/api\/wp\/v2\/media\/459338"}],"wp:attachment":[{"href":"https:\/\/portaltela.pt\/api\/wp\/v2\/media?parent=459335"}],"wp:term":[{"taxonomy":"category","embeddable":true,"href":"https:\/\/portaltela.pt\/api\/wp\/v2\/categories?post=459335"},{"taxonomy":"post_tag","embeddable":true,"href":"https:\/\/portaltela.pt\/api\/wp\/v2\/tags?post=459335"}],"curies":[{"name":"wp","href":"https:\/\/api.w.org\/{rel}","templated":true}]}}