{"id":459332,"date":"2026-04-28T05:32:45","date_gmt":"2026-04-28T08:32:45","guid":{"rendered":"https:\/\/portaltela.pt\/noticias\/2026\/04\/28\/homem-diz-a-policia-que-queria-dar-dois-tiros-as-pernas-de-uma-mulher\/"},"modified":"2026-04-28T05:32:45","modified_gmt":"2026-04-28T08:32:45","slug":"homem-diz-a-policia-que-queria-dar-dois-tiros-as-pernas-de-uma-mulher","status":"publish","type":"post","link":"https:\/\/portaltela.pt\/noticias\/2026\/04\/28\/homem-diz-a-policia-que-queria-dar-dois-tiros-as-pernas-de-uma-mulher\/","title":{"rendered":"Homem diz \u00e0 pol\u00edcia que queria dar dois tiros \u00e0s pernas de uma mulher"},"content":{"rendered":"<p>Um homem de 39 anos foi detido pela PSP em Barcelos, ap\u00f3s amea\u00e7ar a ex-mulher com viol\u00eancia grave. O incidente ocorreu na manh\u00e3 de segunda-feira, quando o suspeito se deslocou \u00e0 casa da v\u00edtima e, para atra\u00ed-la para a rua, atirou pedras contra as janelas. Em seguida, proferiu a amea\u00e7a de disparar quatro tiros na ex-companheira, que tem 34 anos.<\/p>\n<p>A PSP recuperou uma pistola calibre 6,35 mm na arrecada\u00e7\u00e3o da pens\u00e3o onde o homem residia desde a separa\u00e7\u00e3o. O suspeito, reincidente em viol\u00eancia dom\u00e9stica, afirmou aos agentes que, se n\u00e3o fosse detido, pretendia \u201cdar dois tiros em cada perna\u201d da v\u00edtima. O facto motivou a atua\u00e7\u00e3o policial e a apreens\u00e3o do armamento.<\/p>\n<h3>Evolu\u00e7\u00e3o do processo<\/h3>\n<p>Inicialmente, o Minist\u00e9rio P\u00fablico libertou o suspeito por n\u00e3o ter havido deten\u00e7\u00e3o em flagrante. Contudo, diante do risco para a vida da v\u00edtima, foram emitidos mandados de deten\u00e7\u00e3o. Ao fim da tarde, a PSP de Barcelos deteve o homem.<\/p>\n<p>A v\u00edtima permanece sob prote\u00e7\u00e3o, e o arguido vai ser hoje apresentado ao juiz do Tribunal de Barcelos para aplica\u00e7\u00e3o de medidas de coa\u00e7\u00e3o. O homem vive numa pens\u00e3o desde a separa\u00e7\u00e3o e era considerado sem-abrigo.<\/p>\n","protected":false},"excerpt":{"rendered":"<ul>\n<li>Um homem de 39 anos foi detido pela PSP de Barcelos ap\u00f3s amea\u00e7ar a ex-mulher de 34 anos, dizendo que lhe dava quatro tiros.<\/li>\n<li>A PSP apreendeu-lhe uma pistola calibre 6,35 mm numa arrecada\u00e7\u00e3o da pens\u00e3o onde o suspeito vivia desde a separa\u00e7\u00e3o.<\/li>\n<li>O indiv\u00edduo, reincidente em viol\u00eancia dom\u00e9stica, vai hoje ser apresentado a juiz no Tribunal de Barcelos para aplica\u00e7\u00e3o de medidas de coa\u00e7\u00e3o.<\/li>\n<li>Segundo o relat\u00f3rio, na segunda-feira, \u00e0s 11h35, o homem foi at\u00e9 \u00e0 casa da v\u00edtima, arremessou pedras \u00e0s janelas para a atrair e proferiu as amea\u00e7as; a v\u00edtima reside perto dele e ele afirma n\u00e3o aceitar o div\u00f3rcio.<\/li>\n<li>O MP inicialmente libertou-o por n\u00e3o ter deten\u00e7\u00e3o em flagrante, mas devido ao perigo para a vida da v\u00edtima foram emitidos mandados de deten\u00e7\u00e3o e o homem foi detido ao final da tarde.<\/li>\n<\/ul>\n","protected":false},"author":2,"featured_media":459336,"comment_status":"closed","ping_status":"closed","sticky":false,"template":"","format":"standard","meta":{"footnotes":""},"categories":[7386,1],"tags":[8220,8383,8041,7878,8273,7964],"class_list":["post-459332","post","type-post","status-publish","format-standard","has-post-thumbnail","hentry","category-crimes-contra-a-pessoa","category-noticias","tag-_arma-de-fogo","tag-_barcelos","tag-_psp","tag-_seguranca-publica","tag-_violencia","tag-_violencia-domestica"],"yoast_head":"<!-- This site is optimized with the Yoast SEO plugin v27.2 - https:\/\/yoast.com\/product\/yoast-seo-wordpress\/ -->\n<title>Homem diz \u00e0 pol\u00edcia que queria dar dois tiros \u00e0s pernas de uma mulher - Portal Tela Portugal<\/title>\n<meta name=\"robots\" content=\"index, follow, max-snippet:-1, max-image-preview:large, max-video-preview:-1\" \/>\n<meta property=\"og:locale\" content=\"pt_PT\" \/>\n<meta property=\"og:type\" content=\"article\" \/>\n<meta property=\"og:title\" content=\"Homem diz \u00e0 pol\u00edcia que queria dar dois tiros \u00e0s pernas de uma mulher - Portal Tela Portugal\" \/>\n<meta property=\"og:description\" content=\"Um homem de 39 anos foi detido pela PSP de Barcelos ap\u00f3s amea\u00e7ar a ex-mulher de 34 anos, dizendo que lhe dava quatro tiros. A PSP apreendeu-lhe uma pistola calibre 6,35 mm numa arrecada\u00e7\u00e3o da pens\u00e3o onde o suspeito vivia desde a separa\u00e7\u00e3o. O indiv\u00edduo, reincidente em viol\u00eancia dom\u00e9stica, vai hoje ser apresentado a juiz no Tribunal de Barcelos para aplica\u00e7\u00e3o de medidas de coa\u00e7\u00e3o. Segundo o relat\u00f3rio, na segunda-feira, \u00e0s 11h35, o homem foi at\u00e9 \u00e0 casa da v\u00edtima, arremessou pedras \u00e0s janelas para a atrair e proferiu as amea\u00e7as; a v\u00edtima reside perto dele e ele afirma n\u00e3o aceitar o div\u00f3rcio. O MP inicialmente libertou-o por n\u00e3o ter deten\u00e7\u00e3o em flagrante, mas devido ao perigo para a vida da v\u00edtima foram emitidos mandados de deten\u00e7\u00e3o e o homem foi detido ao final da tarde.\" \/>\n<meta property=\"og:url\" content=\"https:\/\/portaltela.pt\/noticias\/2026\/04\/28\/homem-diz-a-policia-que-queria-dar-dois-tiros-as-pernas-de-uma-mulher\/\" \/>\n<meta property=\"og:site_name\" content=\"Portal Tela Portugal\" \/>\n<meta property=\"article:published_time\" content=\"2026-04-28T08:32:45+00:00\" \/>\n<meta name=\"author\" content=\"Telinha\" \/>\n<meta name=\"twitter:card\" content=\"summary_large_image\" \/>\n<meta name=\"twitter:label1\" content=\"Escrito por\" \/>\n\t<meta name=\"twitter:data1\" content=\"Telinha\" \/>\n\t<meta name=\"twitter:label2\" content=\"Tempo estimado de leitura\" \/>\n\t<meta name=\"twitter:data2\" content=\"1 minuto\" \/>\n<script type=\"application\/ld+json\" class=\"yoast-schema-graph\">{\"@context\":\"https:\/\/schema.org\",\"@graph\":[{\"@type\":\"Article\",\"@id\":\"https:\/\/portaltela.pt\/noticias\/2026\/04\/28\/homem-diz-a-policia-que-queria-dar-dois-tiros-as-pernas-de-uma-mulher\/#article\",\"isPartOf\":{\"@id\":\"https:\/\/portaltela.pt\/noticias\/2026\/04\/28\/homem-diz-a-policia-que-queria-dar-dois-tiros-as-pernas-de-uma-mulher\/\"},\"author\":{\"name\":\"Telinha\",\"@id\":\"https:\/\/portaltela.pt\/#\/schema\/person\/c4278d4a6028830caff9ee44b42d32ed\"},\"headline\":\"Homem diz \u00e0 pol\u00edcia que queria dar dois tiros \u00e0s pernas de uma mulher\",\"datePublished\":\"2026-04-28T08:32:45+00:00\",\"mainEntityOfPage\":{\"@id\":\"https:\/\/portaltela.pt\/noticias\/2026\/04\/28\/homem-diz-a-policia-que-queria-dar-dois-tiros-as-pernas-de-uma-mulher\/\"},\"wordCount\":229,\"image\":{\"@id\":\"https:\/\/portaltela.pt\/noticias\/2026\/04\/28\/homem-diz-a-policia-que-queria-dar-dois-tiros-as-pernas-de-uma-mulher\/#primaryimage\"},\"thumbnailUrl\":\"https:\/\/portaltela.pt\/s.01k8rhncp4jt1\/2026\/04\/img_1500x1000uu2018-04-20-23-34-00-730667.jpg\",\"keywords\":[\"_arma de fogo\",\"_Barcelos\",\"_PSP\",\"_seguran\u00e7a p\u00fablica\",\"_viol\u00eancia\",\"_viol\u00eancia dom\u00e9stica\"],\"articleSection\":[\"Crimes contra a pessoa\",\"Not\u00edcias\"],\"inLanguage\":\"pt-PT\"},{\"@type\":\"WebPage\",\"@id\":\"https:\/\/portaltela.pt\/noticias\/2026\/04\/28\/homem-diz-a-policia-que-queria-dar-dois-tiros-as-pernas-de-uma-mulher\/\",\"url\":\"https:\/\/portaltela.pt\/noticias\/2026\/04\/28\/homem-diz-a-policia-que-queria-dar-dois-tiros-as-pernas-de-uma-mulher\/\",\"name\":\"Homem diz \u00e0 pol\u00edcia que queria dar dois tiros \u00e0s pernas de uma mulher - Portal Tela Portugal\",\"isPartOf\":{\"@id\":\"https:\/\/portaltela.pt\/#website\"},\"primaryImageOfPage\":{\"@id\":\"https:\/\/portaltela.pt\/noticias\/2026\/04\/28\/homem-diz-a-policia-que-queria-dar-dois-tiros-as-pernas-de-uma-mulher\/#primaryimage\"},\"image\":{\"@id\":\"https:\/\/portaltela.pt\/noticias\/2026\/04\/28\/homem-diz-a-policia-que-queria-dar-dois-tiros-as-pernas-de-uma-mulher\/#primaryimage\"},\"thumbnailUrl\":\"https:\/\/portaltela.pt\/s.01k8rhncp4jt1\/2026\/04\/img_1500x1000uu2018-04-20-23-34-00-730667.jpg\",\"datePublished\":\"2026-04-28T08:32:45+00:00\",\"author\":{\"@id\":\"https:\/\/portaltela.pt\/#\/schema\/person\/c4278d4a6028830caff9ee44b42d32ed\"},\"breadcrumb\":{\"@id\":\"https:\/\/portaltela.pt\/noticias\/2026\/04\/28\/homem-diz-a-policia-que-queria-dar-dois-tiros-as-pernas-de-uma-mulher\/#breadcrumb\"},\"inLanguage\":\"pt-PT\",\"potentialAction\":[{\"@type\":\"ReadAction\",\"target\":[\"https:\/\/portaltela.pt\/noticias\/2026\/04\/28\/homem-diz-a-policia-que-queria-dar-dois-tiros-as-pernas-de-uma-mulher\/\"]}]},{\"@type\":\"ImageObject\",\"inLanguage\":\"pt-PT\",\"@id\":\"https:\/\/portaltela.pt\/noticias\/2026\/04\/28\/homem-diz-a-policia-que-queria-dar-dois-tiros-as-pernas-de-uma-mulher\/#primaryimage\",\"url\":\"https:\/\/portaltela.pt\/s.01k8rhncp4jt1\/2026\/04\/img_1500x1000uu2018-04-20-23-34-00-730667.jpg\",\"contentUrl\":\"https:\/\/portaltela.pt\/s.01k8rhncp4jt1\/2026\/04\/img_1500x1000uu2018-04-20-23-34-00-730667.jpg\",\"width\":1500,\"height\":1000,\"caption\":\"Suspeito de viol\u00eancia dom\u00e9stica \u00e9 presente esta ter\u00e7a-feira \u00e0 tarde no Tribunal de Barcelos\"},{\"@type\":\"BreadcrumbList\",\"@id\":\"https:\/\/portaltela.pt\/noticias\/2026\/04\/28\/homem-diz-a-policia-que-queria-dar-dois-tiros-as-pernas-de-uma-mulher\/#breadcrumb\",\"itemListElement\":[{\"@type\":\"ListItem\",\"position\":1,\"name\":\"In\u00edcio\",\"item\":\"https:\/\/portaltela.pt\/\"},{\"@type\":\"ListItem\",\"position\":2,\"name\":\"Homem diz \u00e0 pol\u00edcia que queria dar dois tiros \u00e0s pernas de uma mulher\"}]},{\"@type\":\"WebSite\",\"@id\":\"https:\/\/portaltela.pt\/#website\",\"url\":\"https:\/\/portaltela.pt\/\",\"name\":\"Portal Tela Portugal\",\"description\":\"\",\"potentialAction\":[{\"@type\":\"SearchAction\",\"target\":{\"@type\":\"EntryPoint\",\"urlTemplate\":\"https:\/\/portaltela.pt\/?s={search_term_string}\"},\"query-input\":{\"@type\":\"PropertyValueSpecification\",\"valueRequired\":true,\"valueName\":\"search_term_string\"}}],\"inLanguage\":\"pt-PT\"},{\"@type\":\"Person\",\"@id\":\"https:\/\/portaltela.pt\/#\/schema\/person\/c4278d4a6028830caff9ee44b42d32ed\",\"name\":\"Telinha\",\"image\":{\"@type\":\"ImageObject\",\"inLanguage\":\"pt-PT\",\"@id\":\"https:\/\/portaltela.pt\/s.01k8rhncp4jt1\/2025\/11\/talking-bot-125x125.png\",\"url\":\"https:\/\/portaltela.pt\/s.01k8rhncp4jt1\/2025\/11\/talking-bot-125x125.png\",\"contentUrl\":\"https:\/\/portaltela.pt\/s.01k8rhncp4jt1\/2025\/11\/talking-bot-125x125.png\",\"caption\":\"Telinha\"},\"sameAs\":[\"https:\/\/portaltela.pt\/\"],\"url\":\"https:\/\/portaltela.pt\/por\/367410592786\/\"}]}<\/script>\n<!-- \/ Yoast SEO plugin. -->","yoast_head_json":{"title":"Homem diz \u00e0 pol\u00edcia que queria dar dois tiros \u00e0s pernas de uma mulher - Portal Tela Portugal","robots":{"index":"index","follow":"follow","max-snippet":"max-snippet:-1","max-image-preview":"max-image-preview:large","max-video-preview":"max-video-preview:-1"},"og_locale":"pt_PT","og_type":"article","og_title":"Homem diz \u00e0 pol\u00edcia que queria dar dois tiros \u00e0s pernas de uma mulher - Portal Tela Portugal","og_description":"Um homem de 39 anos foi detido pela PSP de Barcelos ap\u00f3s amea\u00e7ar a ex-mulher de 34 anos, dizendo que lhe dava quatro tiros. A PSP apreendeu-lhe uma pistola calibre 6,35 mm numa arrecada\u00e7\u00e3o da pens\u00e3o onde o suspeito vivia desde a separa\u00e7\u00e3o. O indiv\u00edduo, reincidente em viol\u00eancia dom\u00e9stica, vai hoje ser apresentado a juiz no Tribunal de Barcelos para aplica\u00e7\u00e3o de medidas de coa\u00e7\u00e3o. Segundo o relat\u00f3rio, na segunda-feira, \u00e0s 11h35, o homem foi at\u00e9 \u00e0 casa da v\u00edtima, arremessou pedras \u00e0s janelas para a atrair e proferiu as amea\u00e7as; a v\u00edtima reside perto dele e ele afirma n\u00e3o aceitar o div\u00f3rcio. O MP inicialmente libertou-o por n\u00e3o ter deten\u00e7\u00e3o em flagrante, mas devido ao perigo para a vida da v\u00edtima foram emitidos mandados de deten\u00e7\u00e3o e o homem foi detido ao final da tarde.","og_url":"https:\/\/portaltela.pt\/noticias\/2026\/04\/28\/homem-diz-a-policia-que-queria-dar-dois-tiros-as-pernas-de-uma-mulher\/","og_site_name":"Portal Tela Portugal","article_published_time":"2026-04-28T08:32:45+00:00","author":"Telinha","twitter_card":"summary_large_image","twitter_misc":{"Escrito por":"Telinha","Tempo estimado de leitura":"1 minuto"},"schema":{"@context":"https:\/\/schema.org","@graph":[{"@type":"Article","@id":"https:\/\/portaltela.pt\/noticias\/2026\/04\/28\/homem-diz-a-policia-que-queria-dar-dois-tiros-as-pernas-de-uma-mulher\/#article","isPartOf":{"@id":"https:\/\/portaltela.pt\/noticias\/2026\/04\/28\/homem-diz-a-policia-que-queria-dar-dois-tiros-as-pernas-de-uma-mulher\/"},"author":{"name":"Telinha","@id":"https:\/\/portaltela.pt\/#\/schema\/person\/c4278d4a6028830caff9ee44b42d32ed"},"headline":"Homem diz \u00e0 pol\u00edcia que queria dar dois tiros \u00e0s pernas de uma mulher","datePublished":"2026-04-28T08:32:45+00:00","mainEntityOfPage":{"@id":"https:\/\/portaltela.pt\/noticias\/2026\/04\/28\/homem-diz-a-policia-que-queria-dar-dois-tiros-as-pernas-de-uma-mulher\/"},"wordCount":229,"image":{"@id":"https:\/\/portaltela.pt\/noticias\/2026\/04\/28\/homem-diz-a-policia-que-queria-dar-dois-tiros-as-pernas-de-uma-mulher\/#primaryimage"},"thumbnailUrl":"https:\/\/portaltela.pt\/s.01k8rhncp4jt1\/2026\/04\/img_1500x1000uu2018-04-20-23-34-00-730667.jpg","keywords":["_arma de fogo","_Barcelos","_PSP","_seguran\u00e7a p\u00fablica","_viol\u00eancia","_viol\u00eancia dom\u00e9stica"],"articleSection":["Crimes contra a pessoa","Not\u00edcias"],"inLanguage":"pt-PT"},{"@type":"WebPage","@id":"https:\/\/portaltela.pt\/noticias\/2026\/04\/28\/homem-diz-a-policia-que-queria-dar-dois-tiros-as-pernas-de-uma-mulher\/","url":"https:\/\/portaltela.pt\/noticias\/2026\/04\/28\/homem-diz-a-policia-que-queria-dar-dois-tiros-as-pernas-de-uma-mulher\/","name":"Homem diz \u00e0 pol\u00edcia que queria dar dois tiros \u00e0s pernas de uma mulher - Portal Tela Portugal","isPartOf":{"@id":"https:\/\/portaltela.pt\/#website"},"primaryImageOfPage":{"@id":"https:\/\/portaltela.pt\/noticias\/2026\/04\/28\/homem-diz-a-policia-que-queria-dar-dois-tiros-as-pernas-de-uma-mulher\/#primaryimage"},"image":{"@id":"https:\/\/portaltela.pt\/noticias\/2026\/04\/28\/homem-diz-a-policia-que-queria-dar-dois-tiros-as-pernas-de-uma-mulher\/#primaryimage"},"thumbnailUrl":"https:\/\/portaltela.pt\/s.01k8rhncp4jt1\/2026\/04\/img_1500x1000uu2018-04-20-23-34-00-730667.jpg","datePublished":"2026-04-28T08:32:45+00:00","author":{"@id":"https:\/\/portaltela.pt\/#\/schema\/person\/c4278d4a6028830caff9ee44b42d32ed"},"breadcrumb":{"@id":"https:\/\/portaltela.pt\/noticias\/2026\/04\/28\/homem-diz-a-policia-que-queria-dar-dois-tiros-as-pernas-de-uma-mulher\/#breadcrumb"},"inLanguage":"pt-PT","potentialAction":[{"@type":"ReadAction","target":["https:\/\/portaltela.pt\/noticias\/2026\/04\/28\/homem-diz-a-policia-que-queria-dar-dois-tiros-as-pernas-de-uma-mulher\/"]}]},{"@type":"ImageObject","inLanguage":"pt-PT","@id":"https:\/\/portaltela.pt\/noticias\/2026\/04\/28\/homem-diz-a-policia-que-queria-dar-dois-tiros-as-pernas-de-uma-mulher\/#primaryimage","url":"https:\/\/portaltela.pt\/s.01k8rhncp4jt1\/2026\/04\/img_1500x1000uu2018-04-20-23-34-00-730667.jpg","contentUrl":"https:\/\/portaltela.pt\/s.01k8rhncp4jt1\/2026\/04\/img_1500x1000uu2018-04-20-23-34-00-730667.jpg","width":1500,"height":1000,"caption":"Suspeito de viol\u00eancia dom\u00e9stica \u00e9 presente esta ter\u00e7a-feira \u00e0 tarde no Tribunal de Barcelos"},{"@type":"BreadcrumbList","@id":"https:\/\/portaltela.pt\/noticias\/2026\/04\/28\/homem-diz-a-policia-que-queria-dar-dois-tiros-as-pernas-de-uma-mulher\/#breadcrumb","itemListElement":[{"@type":"ListItem","position":1,"name":"In\u00edcio","item":"https:\/\/portaltela.pt\/"},{"@type":"ListItem","position":2,"name":"Homem diz \u00e0 pol\u00edcia que queria dar dois tiros \u00e0s pernas de uma mulher"}]},{"@type":"WebSite","@id":"https:\/\/portaltela.pt\/#website","url":"https:\/\/portaltela.pt\/","name":"Portal Tela Portugal","description":"","potentialAction":[{"@type":"SearchAction","target":{"@type":"EntryPoint","urlTemplate":"https:\/\/portaltela.pt\/?s={search_term_string}"},"query-input":{"@type":"PropertyValueSpecification","valueRequired":true,"valueName":"search_term_string"}}],"inLanguage":"pt-PT"},{"@type":"Person","@id":"https:\/\/portaltela.pt\/#\/schema\/person\/c4278d4a6028830caff9ee44b42d32ed","name":"Telinha","image":{"@type":"ImageObject","inLanguage":"pt-PT","@id":"https:\/\/portaltela.pt\/s.01k8rhncp4jt1\/2025\/11\/talking-bot-125x125.png","url":"https:\/\/portaltela.pt\/s.01k8rhncp4jt1\/2025\/11\/talking-bot-125x125.png","contentUrl":"https:\/\/portaltela.pt\/s.01k8rhncp4jt1\/2025\/11\/talking-bot-125x125.png","caption":"Telinha"},"sameAs":["https:\/\/portaltela.pt\/"],"url":"https:\/\/portaltela.pt\/por\/367410592786\/"}]}},"_links":{"self":[{"href":"https:\/\/portaltela.pt\/api\/wp\/v2\/posts\/459332","targetHints":{"allow":["GET"]}}],"collection":[{"href":"https:\/\/portaltela.pt\/api\/wp\/v2\/posts"}],"about":[{"href":"https:\/\/portaltela.pt\/api\/wp\/v2\/types\/post"}],"author":[{"embeddable":true,"href":"https:\/\/portaltela.pt\/api\/wp\/v2\/users\/2"}],"replies":[{"embeddable":true,"href":"https:\/\/portaltela.pt\/api\/wp\/v2\/comments?post=459332"}],"version-history":[{"count":0,"href":"https:\/\/portaltela.pt\/api\/wp\/v2\/posts\/459332\/revisions"}],"wp:featuredmedia":[{"embeddable":true,"href":"https:\/\/portaltela.pt\/api\/wp\/v2\/media\/459336"}],"wp:attachment":[{"href":"https:\/\/portaltela.pt\/api\/wp\/v2\/media?parent=459332"}],"wp:term":[{"taxonomy":"category","embeddable":true,"href":"https:\/\/portaltela.pt\/api\/wp\/v2\/categories?post=459332"},{"taxonomy":"post_tag","embeddable":true,"href":"https:\/\/portaltela.pt\/api\/wp\/v2\/tags?post=459332"}],"curies":[{"name":"wp","href":"https:\/\/api.w.org\/{rel}","templated":true}]}}