{"id":459303,"date":"2026-04-28T05:03:02","date_gmt":"2026-04-28T08:03:02","guid":{"rendered":"https:\/\/portaltela.pt\/noticias\/2026\/04\/28\/ex-jogador-confia-em-arbeloa-e-diz-nao-pensar-em-mourinho-para-o-real-madrid\/"},"modified":"2026-04-28T05:03:02","modified_gmt":"2026-04-28T08:03:02","slug":"ex-jogador-confia-em-arbeloa-e-diz-nao-pensar-em-mourinho-para-o-real-madrid","status":"publish","type":"post","link":"https:\/\/portaltela.pt\/desporto\/futebol\/2026\/04\/28\/ex-jogador-confia-em-arbeloa-e-diz-nao-pensar-em-mourinho-para-o-real-madrid\/","title":{"rendered":"Ex-jogador confia em Arbeloa e diz n\u00e3o pensar em Mourinho para o Real Madrid"},"content":{"rendered":"<p>Com o futuro de Arbeloa no Real Madrid a parecer cada vez mais inst\u00e1vel ap\u00f3s uma \u00e9poca de insucesso desportivo, a possibilidade de Jos\u00e9 Mourinho orientar o clube na pr\u00f3xima temporada continua a gerar debate em Espanha.<\/p>\n<p>Miguel Torres, antigo lateral esquerdo do Real, concedeu entrevista ao di\u00e1rio As e afirmou que Mourinho n\u00e3o seria a melhor op\u00e7\u00e3o para substituir Arbeloa. O ex-jogador acrescenta que o clube falhou ao dispensar Xabi Alonso, abrindo espa\u00e7o para um projeto sem rumo definido.<\/p>\n<p>Para Torres, Arbeloa tem demonstrado rendimento suficiente para merecer mais tempo e uma oportunidade de reconduzir o desempenho da equipa. O antigo internacional espanhol acredita que o jogador esteve bem nos minutos que teve \u00e0 disposi\u00e7\u00e3o e n\u00e3o v\u00ea motivo para dispens\u00e1-lo.<\/p>\n<h3>An\u00e1lise sobre o futuro do plantel<\/h3>\n<p>A opini\u00e3o de Torres ilustra um cansa\u00e7o com decis\u00f5es que, na sua leitura, teriam comprometido a continuidade de um projeto com pe\u00e7as j\u00e1 estabelecidas. O tema Mourinho divide parte do universo do clube, sem consenso claro entre dirigentes e adeptos. Demonstram-se d\u00favidas sobre qual seria a melhor solu\u00e7\u00e3o t\u00e9cnica para o Real Madrid no imediato.<\/p>\n","protected":false},"excerpt":{"rendered":"<ul>\n<li>Miguel Torres, antigo lateral do Real Madrid, disse ao As que n\u00e3o seria Mourinho a op\u00e7\u00e3o para treinar o Real Madrid na pr\u00f3xima \u00e9poca, mesmo com o debate em torno do treinador.<\/li>\n<li>O regresso de Mourinho ao Real Madrid n\u00e3o \u00e9 visto de forma un\u00e2nime no universo branco.<\/li>\n<li>Torres criticou a gest\u00e3o anterior, dizendo que o clube poderia ter come\u00e7ado um novo projeto com Xabi Alonso e que a sa\u00edda dele prejudicou a constru\u00e7\u00e3o da equipa.<\/li>\n<li>O antigo jogador aponta que Arbeloa tem estado bem e merece mais tempo para tentar salvar a equipa.<\/li>\n<li>O tema do futuro de Arbeloa e a poss\u00edvel mudan\u00e7a para Mourinho alimenta o debate sobre o rumo do Real Madrid no veraneio.<\/li>\n<\/ul>\n","protected":false},"author":2,"featured_media":459307,"comment_status":"closed","ping_status":"closed","sticky":false,"template":"","format":"standard","meta":{"footnotes":""},"categories":[21,24],"tags":[206,2960,32,1789,3310,2714],"class_list":["post-459303","post","type-post","status-publish","format-standard","has-post-thumbnail","hentry","category-desporto","category-futebol","tag-analise","tag-arbeloa","tag-futebol","tag-la-liga","tag-mourinho","tag-real-madrid"],"yoast_head":"<!-- This site is optimized with the Yoast SEO plugin v27.2 - https:\/\/yoast.com\/product\/yoast-seo-wordpress\/ -->\n<title>Ex-jogador confia em Arbeloa e diz n\u00e3o pensar em Mourinho para o Real Madrid - Portal Tela Portugal<\/title>\n<meta name=\"robots\" content=\"index, follow, max-snippet:-1, max-image-preview:large, max-video-preview:-1\" \/>\n<meta property=\"og:locale\" content=\"pt_PT\" \/>\n<meta property=\"og:type\" content=\"article\" \/>\n<meta property=\"og:title\" content=\"Ex-jogador confia em Arbeloa e diz n\u00e3o pensar em Mourinho para o Real Madrid - Portal Tela Portugal\" \/>\n<meta property=\"og:description\" content=\"Miguel Torres, antigo lateral do Real Madrid, disse ao As que n\u00e3o seria Mourinho a op\u00e7\u00e3o para treinar o Real Madrid na pr\u00f3xima \u00e9poca, mesmo com o debate em torno do treinador. O regresso de Mourinho ao Real Madrid n\u00e3o \u00e9 visto de forma un\u00e2nime no universo branco. Torres criticou a gest\u00e3o anterior, dizendo que o clube poderia ter come\u00e7ado um novo projeto com Xabi Alonso e que a sa\u00edda dele prejudicou a constru\u00e7\u00e3o da equipa. O antigo jogador aponta que Arbeloa tem estado bem e merece mais tempo para tentar salvar a equipa. O tema do futuro de Arbeloa e a poss\u00edvel mudan\u00e7a para Mourinho alimenta o debate sobre o rumo do Real Madrid no veraneio.\" \/>\n<meta property=\"og:url\" content=\"https:\/\/portaltela.pt\/noticias\/2026\/04\/28\/ex-jogador-confia-em-arbeloa-e-diz-nao-pensar-em-mourinho-para-o-real-madrid\/\" \/>\n<meta property=\"og:site_name\" content=\"Portal Tela Portugal\" \/>\n<meta property=\"article:published_time\" content=\"2026-04-28T08:03:02+00:00\" \/>\n<meta name=\"author\" content=\"Telinha\" \/>\n<meta name=\"twitter:card\" content=\"summary_large_image\" \/>\n<meta name=\"twitter:label1\" content=\"Escrito por\" \/>\n\t<meta name=\"twitter:data1\" content=\"Telinha\" \/>\n\t<meta name=\"twitter:label2\" content=\"Tempo estimado de leitura\" \/>\n\t<meta name=\"twitter:data2\" content=\"1 minuto\" \/>\n<script type=\"application\/ld+json\" class=\"yoast-schema-graph\">{\"@context\":\"https:\/\/schema.org\",\"@graph\":[{\"@type\":\"Article\",\"@id\":\"https:\/\/portaltela.pt\/noticias\/2026\/04\/28\/ex-jogador-confia-em-arbeloa-e-diz-nao-pensar-em-mourinho-para-o-real-madrid\/#article\",\"isPartOf\":{\"@id\":\"https:\/\/portaltela.pt\/noticias\/2026\/04\/28\/ex-jogador-confia-em-arbeloa-e-diz-nao-pensar-em-mourinho-para-o-real-madrid\/\"},\"author\":{\"name\":\"Telinha\",\"@id\":\"https:\/\/portaltela.pt\/#\/schema\/person\/c4278d4a6028830caff9ee44b42d32ed\"},\"headline\":\"Ex-jogador confia em Arbeloa e diz n\u00e3o pensar em Mourinho para o Real Madrid\",\"datePublished\":\"2026-04-28T08:03:02+00:00\",\"mainEntityOfPage\":{\"@id\":\"https:\/\/portaltela.pt\/noticias\/2026\/04\/28\/ex-jogador-confia-em-arbeloa-e-diz-nao-pensar-em-mourinho-para-o-real-madrid\/\"},\"wordCount\":215,\"image\":{\"@id\":\"https:\/\/portaltela.pt\/noticias\/2026\/04\/28\/ex-jogador-confia-em-arbeloa-e-diz-nao-pensar-em-mourinho-para-o-real-madrid\/#primaryimage\"},\"thumbnailUrl\":\"https:\/\/portaltela.pt\/s.01k8rhncp4jt1\/2026\/04\/img_920x518uu2026-04-28-08-50-49-2435685.jpg\",\"keywords\":[\"an\u00e1lise\",\"Arbeloa\",\"futebol\",\"La Liga\",\"Mourinho\",\"Real Madrid\"],\"articleSection\":[\"Desporto\",\"Futebol\"],\"inLanguage\":\"pt-PT\"},{\"@type\":\"WebPage\",\"@id\":\"https:\/\/portaltela.pt\/noticias\/2026\/04\/28\/ex-jogador-confia-em-arbeloa-e-diz-nao-pensar-em-mourinho-para-o-real-madrid\/\",\"url\":\"https:\/\/portaltela.pt\/noticias\/2026\/04\/28\/ex-jogador-confia-em-arbeloa-e-diz-nao-pensar-em-mourinho-para-o-real-madrid\/\",\"name\":\"Ex-jogador confia em Arbeloa e diz n\u00e3o pensar em Mourinho para o Real Madrid - Portal Tela Portugal\",\"isPartOf\":{\"@id\":\"https:\/\/portaltela.pt\/#website\"},\"primaryImageOfPage\":{\"@id\":\"https:\/\/portaltela.pt\/noticias\/2026\/04\/28\/ex-jogador-confia-em-arbeloa-e-diz-nao-pensar-em-mourinho-para-o-real-madrid\/#primaryimage\"},\"image\":{\"@id\":\"https:\/\/portaltela.pt\/noticias\/2026\/04\/28\/ex-jogador-confia-em-arbeloa-e-diz-nao-pensar-em-mourinho-para-o-real-madrid\/#primaryimage\"},\"thumbnailUrl\":\"https:\/\/portaltela.pt\/s.01k8rhncp4jt1\/2026\/04\/img_920x518uu2026-04-28-08-50-49-2435685.jpg\",\"datePublished\":\"2026-04-28T08:03:02+00:00\",\"author\":{\"@id\":\"https:\/\/portaltela.pt\/#\/schema\/person\/c4278d4a6028830caff9ee44b42d32ed\"},\"breadcrumb\":{\"@id\":\"https:\/\/portaltela.pt\/noticias\/2026\/04\/28\/ex-jogador-confia-em-arbeloa-e-diz-nao-pensar-em-mourinho-para-o-real-madrid\/#breadcrumb\"},\"inLanguage\":\"pt-PT\",\"potentialAction\":[{\"@type\":\"ReadAction\",\"target\":[\"https:\/\/portaltela.pt\/noticias\/2026\/04\/28\/ex-jogador-confia-em-arbeloa-e-diz-nao-pensar-em-mourinho-para-o-real-madrid\/\"]}]},{\"@type\":\"ImageObject\",\"inLanguage\":\"pt-PT\",\"@id\":\"https:\/\/portaltela.pt\/noticias\/2026\/04\/28\/ex-jogador-confia-em-arbeloa-e-diz-nao-pensar-em-mourinho-para-o-real-madrid\/#primaryimage\",\"url\":\"https:\/\/portaltela.pt\/s.01k8rhncp4jt1\/2026\/04\/img_920x518uu2026-04-28-08-50-49-2435685.jpg\",\"contentUrl\":\"https:\/\/portaltela.pt\/s.01k8rhncp4jt1\/2026\/04\/img_920x518uu2026-04-28-08-50-49-2435685.jpg\",\"width\":796,\"height\":448,\"caption\":\"Jos\u00e9 Mourinho tem sido apontado \u00e0 sucess\u00e3o a Arbeloa\"},{\"@type\":\"BreadcrumbList\",\"@id\":\"https:\/\/portaltela.pt\/noticias\/2026\/04\/28\/ex-jogador-confia-em-arbeloa-e-diz-nao-pensar-em-mourinho-para-o-real-madrid\/#breadcrumb\",\"itemListElement\":[{\"@type\":\"ListItem\",\"position\":1,\"name\":\"In\u00edcio\",\"item\":\"https:\/\/portaltela.pt\/\"},{\"@type\":\"ListItem\",\"position\":2,\"name\":\"Ex-jogador confia em Arbeloa e diz n\u00e3o pensar em Mourinho para o Real Madrid\"}]},{\"@type\":\"WebSite\",\"@id\":\"https:\/\/portaltela.pt\/#website\",\"url\":\"https:\/\/portaltela.pt\/\",\"name\":\"Portal Tela Portugal\",\"description\":\"\",\"potentialAction\":[{\"@type\":\"SearchAction\",\"target\":{\"@type\":\"EntryPoint\",\"urlTemplate\":\"https:\/\/portaltela.pt\/?s={search_term_string}\"},\"query-input\":{\"@type\":\"PropertyValueSpecification\",\"valueRequired\":true,\"valueName\":\"search_term_string\"}}],\"inLanguage\":\"pt-PT\"},{\"@type\":\"Person\",\"@id\":\"https:\/\/portaltela.pt\/#\/schema\/person\/c4278d4a6028830caff9ee44b42d32ed\",\"name\":\"Telinha\",\"image\":{\"@type\":\"ImageObject\",\"inLanguage\":\"pt-PT\",\"@id\":\"https:\/\/portaltela.pt\/s.01k8rhncp4jt1\/2025\/11\/talking-bot-125x125.png\",\"url\":\"https:\/\/portaltela.pt\/s.01k8rhncp4jt1\/2025\/11\/talking-bot-125x125.png\",\"contentUrl\":\"https:\/\/portaltela.pt\/s.01k8rhncp4jt1\/2025\/11\/talking-bot-125x125.png\",\"caption\":\"Telinha\"},\"sameAs\":[\"https:\/\/portaltela.pt\/\"],\"url\":\"https:\/\/portaltela.pt\/por\/367410592786\/\"}]}<\/script>\n<!-- \/ Yoast SEO plugin. -->","yoast_head_json":{"title":"Ex-jogador confia em Arbeloa e diz n\u00e3o pensar em Mourinho para o Real Madrid - Portal Tela Portugal","robots":{"index":"index","follow":"follow","max-snippet":"max-snippet:-1","max-image-preview":"max-image-preview:large","max-video-preview":"max-video-preview:-1"},"og_locale":"pt_PT","og_type":"article","og_title":"Ex-jogador confia em Arbeloa e diz n\u00e3o pensar em Mourinho para o Real Madrid - Portal Tela Portugal","og_description":"Miguel Torres, antigo lateral do Real Madrid, disse ao As que n\u00e3o seria Mourinho a op\u00e7\u00e3o para treinar o Real Madrid na pr\u00f3xima \u00e9poca, mesmo com o debate em torno do treinador. O regresso de Mourinho ao Real Madrid n\u00e3o \u00e9 visto de forma un\u00e2nime no universo branco. Torres criticou a gest\u00e3o anterior, dizendo que o clube poderia ter come\u00e7ado um novo projeto com Xabi Alonso e que a sa\u00edda dele prejudicou a constru\u00e7\u00e3o da equipa. O antigo jogador aponta que Arbeloa tem estado bem e merece mais tempo para tentar salvar a equipa. O tema do futuro de Arbeloa e a poss\u00edvel mudan\u00e7a para Mourinho alimenta o debate sobre o rumo do Real Madrid no veraneio.","og_url":"https:\/\/portaltela.pt\/noticias\/2026\/04\/28\/ex-jogador-confia-em-arbeloa-e-diz-nao-pensar-em-mourinho-para-o-real-madrid\/","og_site_name":"Portal Tela Portugal","article_published_time":"2026-04-28T08:03:02+00:00","author":"Telinha","twitter_card":"summary_large_image","twitter_misc":{"Escrito por":"Telinha","Tempo estimado de leitura":"1 minuto"},"schema":{"@context":"https:\/\/schema.org","@graph":[{"@type":"Article","@id":"https:\/\/portaltela.pt\/noticias\/2026\/04\/28\/ex-jogador-confia-em-arbeloa-e-diz-nao-pensar-em-mourinho-para-o-real-madrid\/#article","isPartOf":{"@id":"https:\/\/portaltela.pt\/noticias\/2026\/04\/28\/ex-jogador-confia-em-arbeloa-e-diz-nao-pensar-em-mourinho-para-o-real-madrid\/"},"author":{"name":"Telinha","@id":"https:\/\/portaltela.pt\/#\/schema\/person\/c4278d4a6028830caff9ee44b42d32ed"},"headline":"Ex-jogador confia em Arbeloa e diz n\u00e3o pensar em Mourinho para o Real Madrid","datePublished":"2026-04-28T08:03:02+00:00","mainEntityOfPage":{"@id":"https:\/\/portaltela.pt\/noticias\/2026\/04\/28\/ex-jogador-confia-em-arbeloa-e-diz-nao-pensar-em-mourinho-para-o-real-madrid\/"},"wordCount":215,"image":{"@id":"https:\/\/portaltela.pt\/noticias\/2026\/04\/28\/ex-jogador-confia-em-arbeloa-e-diz-nao-pensar-em-mourinho-para-o-real-madrid\/#primaryimage"},"thumbnailUrl":"https:\/\/portaltela.pt\/s.01k8rhncp4jt1\/2026\/04\/img_920x518uu2026-04-28-08-50-49-2435685.jpg","keywords":["an\u00e1lise","Arbeloa","futebol","La Liga","Mourinho","Real Madrid"],"articleSection":["Desporto","Futebol"],"inLanguage":"pt-PT"},{"@type":"WebPage","@id":"https:\/\/portaltela.pt\/noticias\/2026\/04\/28\/ex-jogador-confia-em-arbeloa-e-diz-nao-pensar-em-mourinho-para-o-real-madrid\/","url":"https:\/\/portaltela.pt\/noticias\/2026\/04\/28\/ex-jogador-confia-em-arbeloa-e-diz-nao-pensar-em-mourinho-para-o-real-madrid\/","name":"Ex-jogador confia em Arbeloa e diz n\u00e3o pensar em Mourinho para o Real Madrid - Portal Tela Portugal","isPartOf":{"@id":"https:\/\/portaltela.pt\/#website"},"primaryImageOfPage":{"@id":"https:\/\/portaltela.pt\/noticias\/2026\/04\/28\/ex-jogador-confia-em-arbeloa-e-diz-nao-pensar-em-mourinho-para-o-real-madrid\/#primaryimage"},"image":{"@id":"https:\/\/portaltela.pt\/noticias\/2026\/04\/28\/ex-jogador-confia-em-arbeloa-e-diz-nao-pensar-em-mourinho-para-o-real-madrid\/#primaryimage"},"thumbnailUrl":"https:\/\/portaltela.pt\/s.01k8rhncp4jt1\/2026\/04\/img_920x518uu2026-04-28-08-50-49-2435685.jpg","datePublished":"2026-04-28T08:03:02+00:00","author":{"@id":"https:\/\/portaltela.pt\/#\/schema\/person\/c4278d4a6028830caff9ee44b42d32ed"},"breadcrumb":{"@id":"https:\/\/portaltela.pt\/noticias\/2026\/04\/28\/ex-jogador-confia-em-arbeloa-e-diz-nao-pensar-em-mourinho-para-o-real-madrid\/#breadcrumb"},"inLanguage":"pt-PT","potentialAction":[{"@type":"ReadAction","target":["https:\/\/portaltela.pt\/noticias\/2026\/04\/28\/ex-jogador-confia-em-arbeloa-e-diz-nao-pensar-em-mourinho-para-o-real-madrid\/"]}]},{"@type":"ImageObject","inLanguage":"pt-PT","@id":"https:\/\/portaltela.pt\/noticias\/2026\/04\/28\/ex-jogador-confia-em-arbeloa-e-diz-nao-pensar-em-mourinho-para-o-real-madrid\/#primaryimage","url":"https:\/\/portaltela.pt\/s.01k8rhncp4jt1\/2026\/04\/img_920x518uu2026-04-28-08-50-49-2435685.jpg","contentUrl":"https:\/\/portaltela.pt\/s.01k8rhncp4jt1\/2026\/04\/img_920x518uu2026-04-28-08-50-49-2435685.jpg","width":796,"height":448,"caption":"Jos\u00e9 Mourinho tem sido apontado \u00e0 sucess\u00e3o a Arbeloa"},{"@type":"BreadcrumbList","@id":"https:\/\/portaltela.pt\/noticias\/2026\/04\/28\/ex-jogador-confia-em-arbeloa-e-diz-nao-pensar-em-mourinho-para-o-real-madrid\/#breadcrumb","itemListElement":[{"@type":"ListItem","position":1,"name":"In\u00edcio","item":"https:\/\/portaltela.pt\/"},{"@type":"ListItem","position":2,"name":"Ex-jogador confia em Arbeloa e diz n\u00e3o pensar em Mourinho para o Real Madrid"}]},{"@type":"WebSite","@id":"https:\/\/portaltela.pt\/#website","url":"https:\/\/portaltela.pt\/","name":"Portal Tela Portugal","description":"","potentialAction":[{"@type":"SearchAction","target":{"@type":"EntryPoint","urlTemplate":"https:\/\/portaltela.pt\/?s={search_term_string}"},"query-input":{"@type":"PropertyValueSpecification","valueRequired":true,"valueName":"search_term_string"}}],"inLanguage":"pt-PT"},{"@type":"Person","@id":"https:\/\/portaltela.pt\/#\/schema\/person\/c4278d4a6028830caff9ee44b42d32ed","name":"Telinha","image":{"@type":"ImageObject","inLanguage":"pt-PT","@id":"https:\/\/portaltela.pt\/s.01k8rhncp4jt1\/2025\/11\/talking-bot-125x125.png","url":"https:\/\/portaltela.pt\/s.01k8rhncp4jt1\/2025\/11\/talking-bot-125x125.png","contentUrl":"https:\/\/portaltela.pt\/s.01k8rhncp4jt1\/2025\/11\/talking-bot-125x125.png","caption":"Telinha"},"sameAs":["https:\/\/portaltela.pt\/"],"url":"https:\/\/portaltela.pt\/por\/367410592786\/"}]}},"_links":{"self":[{"href":"https:\/\/portaltela.pt\/api\/wp\/v2\/posts\/459303","targetHints":{"allow":["GET"]}}],"collection":[{"href":"https:\/\/portaltela.pt\/api\/wp\/v2\/posts"}],"about":[{"href":"https:\/\/portaltela.pt\/api\/wp\/v2\/types\/post"}],"author":[{"embeddable":true,"href":"https:\/\/portaltela.pt\/api\/wp\/v2\/users\/2"}],"replies":[{"embeddable":true,"href":"https:\/\/portaltela.pt\/api\/wp\/v2\/comments?post=459303"}],"version-history":[{"count":0,"href":"https:\/\/portaltela.pt\/api\/wp\/v2\/posts\/459303\/revisions"}],"wp:featuredmedia":[{"embeddable":true,"href":"https:\/\/portaltela.pt\/api\/wp\/v2\/media\/459307"}],"wp:attachment":[{"href":"https:\/\/portaltela.pt\/api\/wp\/v2\/media?parent=459303"}],"wp:term":[{"taxonomy":"category","embeddable":true,"href":"https:\/\/portaltela.pt\/api\/wp\/v2\/categories?post=459303"},{"taxonomy":"post_tag","embeddable":true,"href":"https:\/\/portaltela.pt\/api\/wp\/v2\/tags?post=459303"}],"curies":[{"name":"wp","href":"https:\/\/api.w.org\/{rel}","templated":true}]}}