{"id":459287,"date":"2026-04-28T04:49:46","date_gmt":"2026-04-28T07:49:46","guid":{"rendered":"https:\/\/portaltela.pt\/noticias\/2026\/04\/28\/psd-disputara-sozinho-as-eleicoes-regionais-dos-acores-em-2028\/"},"modified":"2026-04-28T04:49:46","modified_gmt":"2026-04-28T07:49:46","slug":"psd-disputara-sozinho-as-eleicoes-regionais-dos-acores-em-2028","status":"publish","type":"post","link":"https:\/\/portaltela.pt\/noticias\/politica\/2026\/04\/28\/psd-disputara-sozinho-as-eleicoes-regionais-dos-acores-em-2028\/","title":{"rendered":"PSD disputar\u00e1 sozinho as elei\u00e7\u00f5es regionais dos A\u00e7ores em 2028"},"content":{"rendered":"<p>Jos\u00e9 Manuel Bolieiro, l\u00edder do PSD\/A\u00e7ores, anunciou que o partido vai concorrer sozinho \u00e0s elei\u00e7\u00f5es regionais de 2028. O an\u00fancio surge numa entrevista ao podcast da Antena 1 Pol\u00edtica com Assinatura, divulgada hoje, em que o presidente do Governo Regional afirma cumprir os acordos de coliga\u00e7\u00e3o com o CDS-PP e o PPM at\u00e9 2028.<\/p>\n<p>Bolieiro sublinha que a coliga\u00e7\u00e3o pr\u00e9-eleitoral vigorar\u00e1 apenas at\u00e9 2028 e que, a partir desse ano, n\u00e3o haver\u00e1 acordo de coliga\u00e7\u00e3o para as elei\u00e7\u00f5es regionais. O dirigente afirma manter a lealdade aos demais parceiros, que tamb\u00e9m devem cumprir os compromissos dentro dos seus pr\u00f3prios \u00f3rg\u00e3os.<\/p>\n<p>O PSD\/A\u00e7ores j\u00e1 lidera o executivo regional desde as elei\u00e7\u00f5es de fevereiro de 2024, ap\u00f3s vencer em coliga\u00e7\u00e3o com CDS-PP e PPM. O atual governo, que tomou posse em mar\u00e7o de 2024, tem 26 deputados, frente aos 29 necess\u00e1rios para maioria absoluta.<\/p>\n<h3>Rela\u00e7\u00f5es internas no governo<\/h3>\n<p>Bolieiro assegura que as rela\u00e7\u00f5es com Artur Lima, vice-presidente do executivo e l\u00edder do CDS-PP nos A\u00e7ores, est\u00e3o est\u00e1veis. O chefe do governo argumenta que a governan\u00e7a resulta do alinhamento entre o programa do Governo Regional e a lideran\u00e7a que guia a atua\u00e7\u00e3o parlamentar.<\/p>\n<p>Numa resposta a percep\u00e7\u00f5es de que Lima manda mais no espa\u00e7o pol\u00edtico regional, o presidente manteve a posi\u00e7\u00e3o de que a lideran\u00e7a dele \u00e9 respons\u00e1vel pela execu\u00e7\u00e3o do programa. Reafirmou a lealdade ao equil\u00edbrio entre as tr\u00eas forceps da coliga\u00e7\u00e3o.<\/p>\n<h3>Pol\u00edtica externa e finan\u00e7as regionais<\/h3>\n<p>Sobre a Base das Lajes, Bolieiro reconhece ser improv\u00e1vel obter altera\u00e7\u00f5es a curto prazo no acordo entre Portugal e os EUA, e aponta para o valor geopol\u00edtico dos A\u00e7ores. O l\u00edder regional diz ter procurado esclarecer ao primeiro-ministro que o arquip\u00e9lago tem import\u00e2ncia estrat\u00e9gica para o pa\u00eds.<\/p>\n<p>Quanto \u00e0s finan\u00e7as p\u00fablicas, o presidente do Governo Regional garante que n\u00e3o h\u00e1 risco de resgate. Alega que as revis\u00f5es \u00e0 Lei das Finan\u00e7as das Regi\u00f5es Aut\u00f3nomas, por\u00e9m, t\u00eam criado instabilidade previs\u00edvel nas transfer\u00eancias do Estado para os A\u00e7ores.<\/p>\n<h3>Transportes e mobilidade<\/h3>\n<p>Relativamente ao Subs\u00eddio Social de Mobilidade, Bolieiro defende manter uma solu\u00e7\u00e3o semelhante \u00e0 Tarifa A\u00e7ores, que permite viagens interilhas por 61 euros no bilhete. Sobre privatiza\u00e7\u00f5es, o governante diz manter posi\u00e7\u00e3o neutra, sem indicar cen\u00e1rios otimistas ou pessimistas. Em rela\u00e7\u00e3o \u00e0 SATA, refor\u00e7a que as altera\u00e7\u00f5es no handling n\u00e3o implicam despedimentos.<\/p>\n<p>Na sequ\u00eancia de a Ryanair abandonar a regi\u00e3o no final de mar\u00e7o, restam apenas TAP e SATA a operar liga\u00e7\u00f5es para os A\u00e7ores. Bolieiro pediu que as companhias reforcem a oferta de voos para assegurar conectividade cont\u00ednua.<\/p>\n","protected":false},"excerpt":{"rendered":"<ul>\n<li>Jos\u00e9 Manuel Bolieiro revelou que os acordos de coliga\u00e7\u00e3o entre PSD, CDS-PP e PPM vigoram at\u00e9 2028, e o PSD concorrer\u00e1 sozinho nas elei\u00e7\u00f5es regionais de 2028.<\/li>\n<li>O l\u00edder a\u00e7oriano explicou que, a partir de 2028, n\u00e3o haver\u00e1 coliga\u00e7\u00e3o pr\u00e9-eleitoral, mantendo-se a lealdade entre os tr\u00eas partidos.<\/li>\n<li>Anunciou que ser\u00e1 candidato \u00e0s pr\u00f3ximas elei\u00e7\u00f5es legislativas regionais e garantiu que a coliga\u00e7\u00e3o atual est\u00e1 em conformidade com a palavra dada.<\/li>\n<li>Abordou a Base das Lajes, reconhecendo o valor geopol\u00edtico dos A\u00e7ores e a import\u00e2ncia da rela\u00e7\u00e3o com o Governo central para o acordo em vigor.<\/li>\n<li>Comentou quest\u00f5es or\u00e7amentais regionais, incluindo o Subs\u00eddio Social de Mobilidade, privatiza\u00e7\u00f5es da Azores Airlines e a necessidade de refor\u00e7o de voos pela TAP e pela SATA ap\u00f3s a sa\u00edda da Ryanair.<\/li>\n<\/ul>\n","protected":false},"author":2,"featured_media":459293,"comment_status":"closed","ping_status":"closed","sticky":false,"template":"","format":"standard","meta":{"footnotes":""},"categories":[1,5],"tags":[8118,68,34,1732,2832,3695],"class_list":["post-459287","post","type-post","status-publish","format-standard","has-post-thumbnail","hentry","category-noticias","category-politica","tag-_acores","tag-eleicoes","tag-governo","tag-partidos","tag-politica","tag-psd"],"yoast_head":"<!-- This site is optimized with the Yoast SEO plugin v27.2 - https:\/\/yoast.com\/product\/yoast-seo-wordpress\/ -->\n<title>PSD disputar\u00e1 sozinho as elei\u00e7\u00f5es regionais dos A\u00e7ores em 2028 - Portal Tela Portugal<\/title>\n<meta name=\"robots\" content=\"index, follow, max-snippet:-1, max-image-preview:large, max-video-preview:-1\" \/>\n<meta property=\"og:locale\" content=\"pt_PT\" \/>\n<meta property=\"og:type\" content=\"article\" \/>\n<meta property=\"og:title\" content=\"PSD disputar\u00e1 sozinho as elei\u00e7\u00f5es regionais dos A\u00e7ores em 2028 - Portal Tela Portugal\" \/>\n<meta property=\"og:description\" content=\"Jos\u00e9 Manuel Bolieiro revelou que os acordos de coliga\u00e7\u00e3o entre PSD, CDS-PP e PPM vigoram at\u00e9 2028, e o PSD concorrer\u00e1 sozinho nas elei\u00e7\u00f5es regionais de 2028. O l\u00edder a\u00e7oriano explicou que, a partir de 2028, n\u00e3o haver\u00e1 coliga\u00e7\u00e3o pr\u00e9-eleitoral, mantendo-se a lealdade entre os tr\u00eas partidos. Anunciou que ser\u00e1 candidato \u00e0s pr\u00f3ximas elei\u00e7\u00f5es legislativas regionais e garantiu que a coliga\u00e7\u00e3o atual est\u00e1 em conformidade com a palavra dada. Abordou a Base das Lajes, reconhecendo o valor geopol\u00edtico dos A\u00e7ores e a import\u00e2ncia da rela\u00e7\u00e3o com o Governo central para o acordo em vigor. Comentou quest\u00f5es or\u00e7amentais regionais, incluindo o Subs\u00eddio Social de Mobilidade, privatiza\u00e7\u00f5es da Azores Airlines e a necessidade de refor\u00e7o de voos pela TAP e pela SATA ap\u00f3s a sa\u00edda da Ryanair.\" \/>\n<meta property=\"og:url\" content=\"https:\/\/portaltela.pt\/noticias\/2026\/04\/28\/psd-disputara-sozinho-as-eleicoes-regionais-dos-acores-em-2028\/\" \/>\n<meta property=\"og:site_name\" content=\"Portal Tela Portugal\" \/>\n<meta property=\"article:published_time\" content=\"2026-04-28T07:49:46+00:00\" \/>\n<meta name=\"author\" content=\"Telinha\" \/>\n<meta name=\"twitter:card\" content=\"summary_large_image\" \/>\n<meta name=\"twitter:label1\" content=\"Escrito por\" \/>\n\t<meta name=\"twitter:data1\" content=\"Telinha\" \/>\n\t<meta name=\"twitter:label2\" content=\"Tempo estimado de leitura\" \/>\n\t<meta name=\"twitter:data2\" content=\"2 minutos\" \/>\n<script type=\"application\/ld+json\" class=\"yoast-schema-graph\">{\"@context\":\"https:\/\/schema.org\",\"@graph\":[{\"@type\":\"Article\",\"@id\":\"https:\/\/portaltela.pt\/noticias\/2026\/04\/28\/psd-disputara-sozinho-as-eleicoes-regionais-dos-acores-em-2028\/#article\",\"isPartOf\":{\"@id\":\"https:\/\/portaltela.pt\/noticias\/2026\/04\/28\/psd-disputara-sozinho-as-eleicoes-regionais-dos-acores-em-2028\/\"},\"author\":{\"name\":\"Telinha\",\"@id\":\"https:\/\/portaltela.pt\/#\/schema\/person\/c4278d4a6028830caff9ee44b42d32ed\"},\"headline\":\"PSD disputar\u00e1 sozinho as elei\u00e7\u00f5es regionais dos A\u00e7ores em 2028\",\"datePublished\":\"2026-04-28T07:49:46+00:00\",\"mainEntityOfPage\":{\"@id\":\"https:\/\/portaltela.pt\/noticias\/2026\/04\/28\/psd-disputara-sozinho-as-eleicoes-regionais-dos-acores-em-2028\/\"},\"wordCount\":489,\"image\":{\"@id\":\"https:\/\/portaltela.pt\/noticias\/2026\/04\/28\/psd-disputara-sozinho-as-eleicoes-regionais-dos-acores-em-2028\/#primaryimage\"},\"thumbnailUrl\":\"https:\/\/portaltela.pt\/s.01k8rhncp4jt1\/2026\/04\/image-1578.jpg\",\"keywords\":[\"_A\u00e7ores\",\"elei\u00e7\u00f5es\",\"governo\",\"partidos\",\"pol\u00edtica\",\"PSD\"],\"articleSection\":[\"Not\u00edcias\",\"Pol\u00edtica\"],\"inLanguage\":\"pt-PT\"},{\"@type\":\"WebPage\",\"@id\":\"https:\/\/portaltela.pt\/noticias\/2026\/04\/28\/psd-disputara-sozinho-as-eleicoes-regionais-dos-acores-em-2028\/\",\"url\":\"https:\/\/portaltela.pt\/noticias\/2026\/04\/28\/psd-disputara-sozinho-as-eleicoes-regionais-dos-acores-em-2028\/\",\"name\":\"PSD disputar\u00e1 sozinho as elei\u00e7\u00f5es regionais dos A\u00e7ores em 2028 - Portal Tela Portugal\",\"isPartOf\":{\"@id\":\"https:\/\/portaltela.pt\/#website\"},\"primaryImageOfPage\":{\"@id\":\"https:\/\/portaltela.pt\/noticias\/2026\/04\/28\/psd-disputara-sozinho-as-eleicoes-regionais-dos-acores-em-2028\/#primaryimage\"},\"image\":{\"@id\":\"https:\/\/portaltela.pt\/noticias\/2026\/04\/28\/psd-disputara-sozinho-as-eleicoes-regionais-dos-acores-em-2028\/#primaryimage\"},\"thumbnailUrl\":\"https:\/\/portaltela.pt\/s.01k8rhncp4jt1\/2026\/04\/image-1578.jpg\",\"datePublished\":\"2026-04-28T07:49:46+00:00\",\"author\":{\"@id\":\"https:\/\/portaltela.pt\/#\/schema\/person\/c4278d4a6028830caff9ee44b42d32ed\"},\"breadcrumb\":{\"@id\":\"https:\/\/portaltela.pt\/noticias\/2026\/04\/28\/psd-disputara-sozinho-as-eleicoes-regionais-dos-acores-em-2028\/#breadcrumb\"},\"inLanguage\":\"pt-PT\",\"potentialAction\":[{\"@type\":\"ReadAction\",\"target\":[\"https:\/\/portaltela.pt\/noticias\/2026\/04\/28\/psd-disputara-sozinho-as-eleicoes-regionais-dos-acores-em-2028\/\"]}]},{\"@type\":\"ImageObject\",\"inLanguage\":\"pt-PT\",\"@id\":\"https:\/\/portaltela.pt\/noticias\/2026\/04\/28\/psd-disputara-sozinho-as-eleicoes-regionais-dos-acores-em-2028\/#primaryimage\",\"url\":\"https:\/\/portaltela.pt\/s.01k8rhncp4jt1\/2026\/04\/image-1578.jpg\",\"contentUrl\":\"https:\/\/portaltela.pt\/s.01k8rhncp4jt1\/2026\/04\/image-1578.jpg\",\"width\":796,\"height\":448,\"caption\":\"Jos\u00e9 Manuel Bolieiro, l\u00edder do PSD\/A\u00e7ores\"},{\"@type\":\"BreadcrumbList\",\"@id\":\"https:\/\/portaltela.pt\/noticias\/2026\/04\/28\/psd-disputara-sozinho-as-eleicoes-regionais-dos-acores-em-2028\/#breadcrumb\",\"itemListElement\":[{\"@type\":\"ListItem\",\"position\":1,\"name\":\"In\u00edcio\",\"item\":\"https:\/\/portaltela.pt\/\"},{\"@type\":\"ListItem\",\"position\":2,\"name\":\"PSD disputar\u00e1 sozinho as elei\u00e7\u00f5es regionais dos A\u00e7ores em 2028\"}]},{\"@type\":\"WebSite\",\"@id\":\"https:\/\/portaltela.pt\/#website\",\"url\":\"https:\/\/portaltela.pt\/\",\"name\":\"Portal Tela Portugal\",\"description\":\"\",\"potentialAction\":[{\"@type\":\"SearchAction\",\"target\":{\"@type\":\"EntryPoint\",\"urlTemplate\":\"https:\/\/portaltela.pt\/?s={search_term_string}\"},\"query-input\":{\"@type\":\"PropertyValueSpecification\",\"valueRequired\":true,\"valueName\":\"search_term_string\"}}],\"inLanguage\":\"pt-PT\"},{\"@type\":\"Person\",\"@id\":\"https:\/\/portaltela.pt\/#\/schema\/person\/c4278d4a6028830caff9ee44b42d32ed\",\"name\":\"Telinha\",\"image\":{\"@type\":\"ImageObject\",\"inLanguage\":\"pt-PT\",\"@id\":\"https:\/\/portaltela.pt\/s.01k8rhncp4jt1\/2025\/11\/talking-bot-125x125.png\",\"url\":\"https:\/\/portaltela.pt\/s.01k8rhncp4jt1\/2025\/11\/talking-bot-125x125.png\",\"contentUrl\":\"https:\/\/portaltela.pt\/s.01k8rhncp4jt1\/2025\/11\/talking-bot-125x125.png\",\"caption\":\"Telinha\"},\"sameAs\":[\"https:\/\/portaltela.pt\/\"],\"url\":\"https:\/\/portaltela.pt\/por\/367410592786\/\"}]}<\/script>\n<!-- \/ Yoast SEO plugin. -->","yoast_head_json":{"title":"PSD disputar\u00e1 sozinho as elei\u00e7\u00f5es regionais dos A\u00e7ores em 2028 - Portal Tela Portugal","robots":{"index":"index","follow":"follow","max-snippet":"max-snippet:-1","max-image-preview":"max-image-preview:large","max-video-preview":"max-video-preview:-1"},"og_locale":"pt_PT","og_type":"article","og_title":"PSD disputar\u00e1 sozinho as elei\u00e7\u00f5es regionais dos A\u00e7ores em 2028 - Portal Tela Portugal","og_description":"Jos\u00e9 Manuel Bolieiro revelou que os acordos de coliga\u00e7\u00e3o entre PSD, CDS-PP e PPM vigoram at\u00e9 2028, e o PSD concorrer\u00e1 sozinho nas elei\u00e7\u00f5es regionais de 2028. O l\u00edder a\u00e7oriano explicou que, a partir de 2028, n\u00e3o haver\u00e1 coliga\u00e7\u00e3o pr\u00e9-eleitoral, mantendo-se a lealdade entre os tr\u00eas partidos. Anunciou que ser\u00e1 candidato \u00e0s pr\u00f3ximas elei\u00e7\u00f5es legislativas regionais e garantiu que a coliga\u00e7\u00e3o atual est\u00e1 em conformidade com a palavra dada. Abordou a Base das Lajes, reconhecendo o valor geopol\u00edtico dos A\u00e7ores e a import\u00e2ncia da rela\u00e7\u00e3o com o Governo central para o acordo em vigor. Comentou quest\u00f5es or\u00e7amentais regionais, incluindo o Subs\u00eddio Social de Mobilidade, privatiza\u00e7\u00f5es da Azores Airlines e a necessidade de refor\u00e7o de voos pela TAP e pela SATA ap\u00f3s a sa\u00edda da Ryanair.","og_url":"https:\/\/portaltela.pt\/noticias\/2026\/04\/28\/psd-disputara-sozinho-as-eleicoes-regionais-dos-acores-em-2028\/","og_site_name":"Portal Tela Portugal","article_published_time":"2026-04-28T07:49:46+00:00","author":"Telinha","twitter_card":"summary_large_image","twitter_misc":{"Escrito por":"Telinha","Tempo estimado de leitura":"2 minutos"},"schema":{"@context":"https:\/\/schema.org","@graph":[{"@type":"Article","@id":"https:\/\/portaltela.pt\/noticias\/2026\/04\/28\/psd-disputara-sozinho-as-eleicoes-regionais-dos-acores-em-2028\/#article","isPartOf":{"@id":"https:\/\/portaltela.pt\/noticias\/2026\/04\/28\/psd-disputara-sozinho-as-eleicoes-regionais-dos-acores-em-2028\/"},"author":{"name":"Telinha","@id":"https:\/\/portaltela.pt\/#\/schema\/person\/c4278d4a6028830caff9ee44b42d32ed"},"headline":"PSD disputar\u00e1 sozinho as elei\u00e7\u00f5es regionais dos A\u00e7ores em 2028","datePublished":"2026-04-28T07:49:46+00:00","mainEntityOfPage":{"@id":"https:\/\/portaltela.pt\/noticias\/2026\/04\/28\/psd-disputara-sozinho-as-eleicoes-regionais-dos-acores-em-2028\/"},"wordCount":489,"image":{"@id":"https:\/\/portaltela.pt\/noticias\/2026\/04\/28\/psd-disputara-sozinho-as-eleicoes-regionais-dos-acores-em-2028\/#primaryimage"},"thumbnailUrl":"https:\/\/portaltela.pt\/s.01k8rhncp4jt1\/2026\/04\/image-1578.jpg","keywords":["_A\u00e7ores","elei\u00e7\u00f5es","governo","partidos","pol\u00edtica","PSD"],"articleSection":["Not\u00edcias","Pol\u00edtica"],"inLanguage":"pt-PT"},{"@type":"WebPage","@id":"https:\/\/portaltela.pt\/noticias\/2026\/04\/28\/psd-disputara-sozinho-as-eleicoes-regionais-dos-acores-em-2028\/","url":"https:\/\/portaltela.pt\/noticias\/2026\/04\/28\/psd-disputara-sozinho-as-eleicoes-regionais-dos-acores-em-2028\/","name":"PSD disputar\u00e1 sozinho as elei\u00e7\u00f5es regionais dos A\u00e7ores em 2028 - Portal Tela Portugal","isPartOf":{"@id":"https:\/\/portaltela.pt\/#website"},"primaryImageOfPage":{"@id":"https:\/\/portaltela.pt\/noticias\/2026\/04\/28\/psd-disputara-sozinho-as-eleicoes-regionais-dos-acores-em-2028\/#primaryimage"},"image":{"@id":"https:\/\/portaltela.pt\/noticias\/2026\/04\/28\/psd-disputara-sozinho-as-eleicoes-regionais-dos-acores-em-2028\/#primaryimage"},"thumbnailUrl":"https:\/\/portaltela.pt\/s.01k8rhncp4jt1\/2026\/04\/image-1578.jpg","datePublished":"2026-04-28T07:49:46+00:00","author":{"@id":"https:\/\/portaltela.pt\/#\/schema\/person\/c4278d4a6028830caff9ee44b42d32ed"},"breadcrumb":{"@id":"https:\/\/portaltela.pt\/noticias\/2026\/04\/28\/psd-disputara-sozinho-as-eleicoes-regionais-dos-acores-em-2028\/#breadcrumb"},"inLanguage":"pt-PT","potentialAction":[{"@type":"ReadAction","target":["https:\/\/portaltela.pt\/noticias\/2026\/04\/28\/psd-disputara-sozinho-as-eleicoes-regionais-dos-acores-em-2028\/"]}]},{"@type":"ImageObject","inLanguage":"pt-PT","@id":"https:\/\/portaltela.pt\/noticias\/2026\/04\/28\/psd-disputara-sozinho-as-eleicoes-regionais-dos-acores-em-2028\/#primaryimage","url":"https:\/\/portaltela.pt\/s.01k8rhncp4jt1\/2026\/04\/image-1578.jpg","contentUrl":"https:\/\/portaltela.pt\/s.01k8rhncp4jt1\/2026\/04\/image-1578.jpg","width":796,"height":448,"caption":"Jos\u00e9 Manuel Bolieiro, l\u00edder do PSD\/A\u00e7ores"},{"@type":"BreadcrumbList","@id":"https:\/\/portaltela.pt\/noticias\/2026\/04\/28\/psd-disputara-sozinho-as-eleicoes-regionais-dos-acores-em-2028\/#breadcrumb","itemListElement":[{"@type":"ListItem","position":1,"name":"In\u00edcio","item":"https:\/\/portaltela.pt\/"},{"@type":"ListItem","position":2,"name":"PSD disputar\u00e1 sozinho as elei\u00e7\u00f5es regionais dos A\u00e7ores em 2028"}]},{"@type":"WebSite","@id":"https:\/\/portaltela.pt\/#website","url":"https:\/\/portaltela.pt\/","name":"Portal Tela Portugal","description":"","potentialAction":[{"@type":"SearchAction","target":{"@type":"EntryPoint","urlTemplate":"https:\/\/portaltela.pt\/?s={search_term_string}"},"query-input":{"@type":"PropertyValueSpecification","valueRequired":true,"valueName":"search_term_string"}}],"inLanguage":"pt-PT"},{"@type":"Person","@id":"https:\/\/portaltela.pt\/#\/schema\/person\/c4278d4a6028830caff9ee44b42d32ed","name":"Telinha","image":{"@type":"ImageObject","inLanguage":"pt-PT","@id":"https:\/\/portaltela.pt\/s.01k8rhncp4jt1\/2025\/11\/talking-bot-125x125.png","url":"https:\/\/portaltela.pt\/s.01k8rhncp4jt1\/2025\/11\/talking-bot-125x125.png","contentUrl":"https:\/\/portaltela.pt\/s.01k8rhncp4jt1\/2025\/11\/talking-bot-125x125.png","caption":"Telinha"},"sameAs":["https:\/\/portaltela.pt\/"],"url":"https:\/\/portaltela.pt\/por\/367410592786\/"}]}},"_links":{"self":[{"href":"https:\/\/portaltela.pt\/api\/wp\/v2\/posts\/459287","targetHints":{"allow":["GET"]}}],"collection":[{"href":"https:\/\/portaltela.pt\/api\/wp\/v2\/posts"}],"about":[{"href":"https:\/\/portaltela.pt\/api\/wp\/v2\/types\/post"}],"author":[{"embeddable":true,"href":"https:\/\/portaltela.pt\/api\/wp\/v2\/users\/2"}],"replies":[{"embeddable":true,"href":"https:\/\/portaltela.pt\/api\/wp\/v2\/comments?post=459287"}],"version-history":[{"count":0,"href":"https:\/\/portaltela.pt\/api\/wp\/v2\/posts\/459287\/revisions"}],"wp:featuredmedia":[{"embeddable":true,"href":"https:\/\/portaltela.pt\/api\/wp\/v2\/media\/459293"}],"wp:attachment":[{"href":"https:\/\/portaltela.pt\/api\/wp\/v2\/media?parent=459287"}],"wp:term":[{"taxonomy":"category","embeddable":true,"href":"https:\/\/portaltela.pt\/api\/wp\/v2\/categories?post=459287"},{"taxonomy":"post_tag","embeddable":true,"href":"https:\/\/portaltela.pt\/api\/wp\/v2\/tags?post=459287"}],"curies":[{"name":"wp","href":"https:\/\/api.w.org\/{rel}","templated":true}]}}