{"id":459277,"date":"2026-04-28T04:49:35","date_gmt":"2026-04-28T07:49:35","guid":{"rendered":"https:\/\/portaltela.pt\/noticias\/2026\/04\/28\/entrada-de-norte-americanos-na-sad-do-benfica-impulsiona-acoes\/"},"modified":"2026-04-28T04:49:35","modified_gmt":"2026-04-28T07:49:35","slug":"entrada-de-norte-americanos-na-sad-do-benfica-impulsiona-acoes","status":"publish","type":"post","link":"https:\/\/portaltela.pt\/noticias\/2026\/04\/28\/entrada-de-norte-americanos-na-sad-do-benfica-impulsiona-acoes\/","title":{"rendered":"Entrada de norte-americanos na SAD do Benfica impulsiona a\u00e7\u00f5es"},"content":{"rendered":"<p>Os t\u00edtulos da Benfica SAD subiram quase 5% na abertura da sess\u00e3o de negocia\u00e7\u00e3o desta ter\u00e7a-feira, em rea\u00e7\u00e3o a uma inclus\u00e3o relevante de investisseurs. O mercado reagiu ao an\u00fancio feito ontem, ap\u00f3s o fecho da bolsa, de que o empres\u00e1rio Jos\u00e9 Ant\u00f3nio dos Santos, conhecido como &#8220;Rei dos Frangos&#8221;, chegou a acordo para vender 16,38% da Benfica SAD a um fundo norte-americano.<\/p>\n<p>A negocia\u00e7\u00e3o eleva a participa\u00e7\u00e3o do investidor externo na sociedade desportiva. O neg\u00f3cio, segundo as informa\u00e7\u00f5es divulgadas, envolve o fundo Entrepreneur Equity Partner. O pre\u00e7o de refer\u00eancia da a\u00e7\u00e3o situava-se nos 6,90 euros nos primeiros minutos de negocia\u00e7\u00e3o.<\/p>\n<p>Paralelamente, a Benfica SAD comunicou a emiss\u00e3o de d\u00edvida, atrav\u00e9s da qual angariou 65 milh\u00f5es de euros. Este movimento de financiamento marca outra pe\u00e7a importante do atual relacionamento entre a gest\u00e3o do clube e investidores externos, com impactos ainda por avaliar no curto prazo.<\/p>\n<h3>Venda de participa\u00e7\u00e3o a investidor norte-americano<\/h3>\n<p>A venda de participa\u00e7\u00e3o de 16,38% foi confirmada ap\u00f3s o encerramento do mercado, o que gerou otimismo entre investidores e analistas. A transa\u00e7\u00e3o amplia a presen\u00e7a de capitais estrangeiros na gest\u00e3o da Benfica SAD, sem alterar a estrutura acionista de forma imediata.<\/p>\n<h3>Emiss\u00e3o de d\u00edvida: impacto financeiro<\/h3>\n<p>A coloca\u00e7\u00e3o de 65 milh\u00f5es de euros fortalece o balan\u00e7o da Benfica SAD. Respons\u00e1veis pela empresa destacam que o montante poder\u00e1 apoiar investimentos estrat\u00e9gicos e refor\u00e7ar liquidez, embora as implica\u00e7\u00f5es para o desempenho financeiro dependam de vari\u00e1veis de mercado e de gest\u00e3o.<\/p>\n","protected":false},"excerpt":{"rendered":"<ul>\n<li>As a\u00e7\u00f5es da Benfica SAD subiram 4,86% nos primeiros minutos de negocia\u00e7\u00e3o, para 6,90 euros.<\/li>\n<li>O aumento ocorre ap\u00f3s o an\u00fancio, feito ontem ap\u00f3s o fecho do mercado, de que Jos\u00e9 Ant\u00f3nio dos Santos vendeu 16,38% da Benfica SAD ao fundo norte-americano Entrepreneur Equity Partner.<\/li>\n<li>O empres\u00e1rio \u00e9 conhecido como &#8220;Rei dos Frangos&#8221;.<\/li>\n<li>Na mesma altura, a Benfica SAD divulgou a emiss\u00e3o de d\u00edvida no valor de 65 milh\u00f5es de euros.<\/li>\n<li>A rea\u00e7\u00e3o positiva dos investidores refletiu-se na valoriza\u00e7\u00e3o das a\u00e7\u00f5es logo no in\u00edcio da sess\u00e3o.<\/li>\n<\/ul>\n","protected":false},"author":2,"featured_media":459281,"comment_status":"closed","ping_status":"closed","sticky":false,"template":"","format":"standard","meta":{"footnotes":""},"categories":[6850,1],"tags":[1946,3972,2584,5079,316,31],"class_list":["post-459277","post","type-post","status-publish","format-standard","has-post-thumbnail","hentry","category-financas","category-noticias","tag-benfica","tag-benfica-sad","tag-financas","tag-investidores-internacionais","tag-investimento","tag-negocios"],"yoast_head":"<!-- This site is optimized with the Yoast SEO plugin v27.2 - https:\/\/yoast.com\/product\/yoast-seo-wordpress\/ -->\n<title>Entrada de norte-americanos na SAD do Benfica impulsiona a\u00e7\u00f5es - Portal Tela Portugal<\/title>\n<meta name=\"robots\" content=\"index, follow, max-snippet:-1, max-image-preview:large, max-video-preview:-1\" \/>\n<meta property=\"og:locale\" content=\"pt_PT\" \/>\n<meta property=\"og:type\" content=\"article\" \/>\n<meta property=\"og:title\" content=\"Entrada de norte-americanos na SAD do Benfica impulsiona a\u00e7\u00f5es - Portal Tela Portugal\" \/>\n<meta property=\"og:description\" content=\"As a\u00e7\u00f5es da Benfica SAD subiram 4,86% nos primeiros minutos de negocia\u00e7\u00e3o, para 6,90 euros. O aumento ocorre ap\u00f3s o an\u00fancio, feito ontem ap\u00f3s o fecho do mercado, de que Jos\u00e9 Ant\u00f3nio dos Santos vendeu 16,38% da Benfica SAD ao fundo norte-americano Entrepreneur Equity Partner. O empres\u00e1rio \u00e9 conhecido como &quot;Rei dos Frangos&quot;. Na mesma altura, a Benfica SAD divulgou a emiss\u00e3o de d\u00edvida no valor de 65 milh\u00f5es de euros. A rea\u00e7\u00e3o positiva dos investidores refletiu-se na valoriza\u00e7\u00e3o das a\u00e7\u00f5es logo no in\u00edcio da sess\u00e3o.\" \/>\n<meta property=\"og:url\" content=\"https:\/\/portaltela.pt\/noticias\/2026\/04\/28\/entrada-de-norte-americanos-na-sad-do-benfica-impulsiona-acoes\/\" \/>\n<meta property=\"og:site_name\" content=\"Portal Tela Portugal\" \/>\n<meta property=\"article:published_time\" content=\"2026-04-28T07:49:35+00:00\" \/>\n<meta name=\"author\" content=\"Telinha\" \/>\n<meta name=\"twitter:card\" content=\"summary_large_image\" \/>\n<meta name=\"twitter:label1\" content=\"Escrito por\" \/>\n\t<meta name=\"twitter:data1\" content=\"Telinha\" \/>\n\t<meta name=\"twitter:label2\" content=\"Tempo estimado de leitura\" \/>\n\t<meta name=\"twitter:data2\" content=\"1 minuto\" \/>\n<script type=\"application\/ld+json\" class=\"yoast-schema-graph\">{\"@context\":\"https:\/\/schema.org\",\"@graph\":[{\"@type\":\"Article\",\"@id\":\"https:\/\/portaltela.pt\/noticias\/2026\/04\/28\/entrada-de-norte-americanos-na-sad-do-benfica-impulsiona-acoes\/#article\",\"isPartOf\":{\"@id\":\"https:\/\/portaltela.pt\/noticias\/2026\/04\/28\/entrada-de-norte-americanos-na-sad-do-benfica-impulsiona-acoes\/\"},\"author\":{\"name\":\"Telinha\",\"@id\":\"https:\/\/portaltela.pt\/#\/schema\/person\/c4278d4a6028830caff9ee44b42d32ed\"},\"headline\":\"Entrada de norte-americanos na SAD do Benfica impulsiona a\u00e7\u00f5es\",\"datePublished\":\"2026-04-28T07:49:35+00:00\",\"mainEntityOfPage\":{\"@id\":\"https:\/\/portaltela.pt\/noticias\/2026\/04\/28\/entrada-de-norte-americanos-na-sad-do-benfica-impulsiona-acoes\/\"},\"wordCount\":284,\"image\":{\"@id\":\"https:\/\/portaltela.pt\/noticias\/2026\/04\/28\/entrada-de-norte-americanos-na-sad-do-benfica-impulsiona-acoes\/#primaryimage\"},\"thumbnailUrl\":\"https:\/\/portaltela.pt\/s.01k8rhncp4jt1\/2026\/04\/img_920x518uu2026-04-28-08-38-18-2435684.jpg\",\"keywords\":[\"Benfica\",\"Benfica SAD\",\"finan\u00e7as\",\"investidores internacionais\",\"investimento\",\"neg\u00f3cios\"],\"articleSection\":[\"Finan\u00e7as\",\"Not\u00edcias\"],\"inLanguage\":\"pt-PT\"},{\"@type\":\"WebPage\",\"@id\":\"https:\/\/portaltela.pt\/noticias\/2026\/04\/28\/entrada-de-norte-americanos-na-sad-do-benfica-impulsiona-acoes\/\",\"url\":\"https:\/\/portaltela.pt\/noticias\/2026\/04\/28\/entrada-de-norte-americanos-na-sad-do-benfica-impulsiona-acoes\/\",\"name\":\"Entrada de norte-americanos na SAD do Benfica impulsiona a\u00e7\u00f5es - Portal Tela Portugal\",\"isPartOf\":{\"@id\":\"https:\/\/portaltela.pt\/#website\"},\"primaryImageOfPage\":{\"@id\":\"https:\/\/portaltela.pt\/noticias\/2026\/04\/28\/entrada-de-norte-americanos-na-sad-do-benfica-impulsiona-acoes\/#primaryimage\"},\"image\":{\"@id\":\"https:\/\/portaltela.pt\/noticias\/2026\/04\/28\/entrada-de-norte-americanos-na-sad-do-benfica-impulsiona-acoes\/#primaryimage\"},\"thumbnailUrl\":\"https:\/\/portaltela.pt\/s.01k8rhncp4jt1\/2026\/04\/img_920x518uu2026-04-28-08-38-18-2435684.jpg\",\"datePublished\":\"2026-04-28T07:49:35+00:00\",\"author\":{\"@id\":\"https:\/\/portaltela.pt\/#\/schema\/person\/c4278d4a6028830caff9ee44b42d32ed\"},\"breadcrumb\":{\"@id\":\"https:\/\/portaltela.pt\/noticias\/2026\/04\/28\/entrada-de-norte-americanos-na-sad-do-benfica-impulsiona-acoes\/#breadcrumb\"},\"inLanguage\":\"pt-PT\",\"potentialAction\":[{\"@type\":\"ReadAction\",\"target\":[\"https:\/\/portaltela.pt\/noticias\/2026\/04\/28\/entrada-de-norte-americanos-na-sad-do-benfica-impulsiona-acoes\/\"]}]},{\"@type\":\"ImageObject\",\"inLanguage\":\"pt-PT\",\"@id\":\"https:\/\/portaltela.pt\/noticias\/2026\/04\/28\/entrada-de-norte-americanos-na-sad-do-benfica-impulsiona-acoes\/#primaryimage\",\"url\":\"https:\/\/portaltela.pt\/s.01k8rhncp4jt1\/2026\/04\/img_920x518uu2026-04-28-08-38-18-2435684.jpg\",\"contentUrl\":\"https:\/\/portaltela.pt\/s.01k8rhncp4jt1\/2026\/04\/img_920x518uu2026-04-28-08-38-18-2435684.jpg\",\"width\":796,\"height\":448,\"caption\":\"Jos\u00e9 Ant\u00f3nio dos Santos chegou a acordo para a venda de uma participa\u00e7\u00e3o de 16,38% na Benfica SAD ao fundo norte-americano Entrepreneur Equity Partne\"},{\"@type\":\"BreadcrumbList\",\"@id\":\"https:\/\/portaltela.pt\/noticias\/2026\/04\/28\/entrada-de-norte-americanos-na-sad-do-benfica-impulsiona-acoes\/#breadcrumb\",\"itemListElement\":[{\"@type\":\"ListItem\",\"position\":1,\"name\":\"In\u00edcio\",\"item\":\"https:\/\/portaltela.pt\/\"},{\"@type\":\"ListItem\",\"position\":2,\"name\":\"Entrada de norte-americanos na SAD do Benfica impulsiona a\u00e7\u00f5es\"}]},{\"@type\":\"WebSite\",\"@id\":\"https:\/\/portaltela.pt\/#website\",\"url\":\"https:\/\/portaltela.pt\/\",\"name\":\"Portal Tela Portugal\",\"description\":\"\",\"potentialAction\":[{\"@type\":\"SearchAction\",\"target\":{\"@type\":\"EntryPoint\",\"urlTemplate\":\"https:\/\/portaltela.pt\/?s={search_term_string}\"},\"query-input\":{\"@type\":\"PropertyValueSpecification\",\"valueRequired\":true,\"valueName\":\"search_term_string\"}}],\"inLanguage\":\"pt-PT\"},{\"@type\":\"Person\",\"@id\":\"https:\/\/portaltela.pt\/#\/schema\/person\/c4278d4a6028830caff9ee44b42d32ed\",\"name\":\"Telinha\",\"image\":{\"@type\":\"ImageObject\",\"inLanguage\":\"pt-PT\",\"@id\":\"https:\/\/portaltela.pt\/s.01k8rhncp4jt1\/2025\/11\/talking-bot-125x125.png\",\"url\":\"https:\/\/portaltela.pt\/s.01k8rhncp4jt1\/2025\/11\/talking-bot-125x125.png\",\"contentUrl\":\"https:\/\/portaltela.pt\/s.01k8rhncp4jt1\/2025\/11\/talking-bot-125x125.png\",\"caption\":\"Telinha\"},\"sameAs\":[\"https:\/\/portaltela.pt\/\"],\"url\":\"https:\/\/portaltela.pt\/por\/367410592786\/\"}]}<\/script>\n<!-- \/ Yoast SEO plugin. -->","yoast_head_json":{"title":"Entrada de norte-americanos na SAD do Benfica impulsiona a\u00e7\u00f5es - Portal Tela Portugal","robots":{"index":"index","follow":"follow","max-snippet":"max-snippet:-1","max-image-preview":"max-image-preview:large","max-video-preview":"max-video-preview:-1"},"og_locale":"pt_PT","og_type":"article","og_title":"Entrada de norte-americanos na SAD do Benfica impulsiona a\u00e7\u00f5es - Portal Tela Portugal","og_description":"As a\u00e7\u00f5es da Benfica SAD subiram 4,86% nos primeiros minutos de negocia\u00e7\u00e3o, para 6,90 euros. O aumento ocorre ap\u00f3s o an\u00fancio, feito ontem ap\u00f3s o fecho do mercado, de que Jos\u00e9 Ant\u00f3nio dos Santos vendeu 16,38% da Benfica SAD ao fundo norte-americano Entrepreneur Equity Partner. O empres\u00e1rio \u00e9 conhecido como \"Rei dos Frangos\". Na mesma altura, a Benfica SAD divulgou a emiss\u00e3o de d\u00edvida no valor de 65 milh\u00f5es de euros. A rea\u00e7\u00e3o positiva dos investidores refletiu-se na valoriza\u00e7\u00e3o das a\u00e7\u00f5es logo no in\u00edcio da sess\u00e3o.","og_url":"https:\/\/portaltela.pt\/noticias\/2026\/04\/28\/entrada-de-norte-americanos-na-sad-do-benfica-impulsiona-acoes\/","og_site_name":"Portal Tela Portugal","article_published_time":"2026-04-28T07:49:35+00:00","author":"Telinha","twitter_card":"summary_large_image","twitter_misc":{"Escrito por":"Telinha","Tempo estimado de leitura":"1 minuto"},"schema":{"@context":"https:\/\/schema.org","@graph":[{"@type":"Article","@id":"https:\/\/portaltela.pt\/noticias\/2026\/04\/28\/entrada-de-norte-americanos-na-sad-do-benfica-impulsiona-acoes\/#article","isPartOf":{"@id":"https:\/\/portaltela.pt\/noticias\/2026\/04\/28\/entrada-de-norte-americanos-na-sad-do-benfica-impulsiona-acoes\/"},"author":{"name":"Telinha","@id":"https:\/\/portaltela.pt\/#\/schema\/person\/c4278d4a6028830caff9ee44b42d32ed"},"headline":"Entrada de norte-americanos na SAD do Benfica impulsiona a\u00e7\u00f5es","datePublished":"2026-04-28T07:49:35+00:00","mainEntityOfPage":{"@id":"https:\/\/portaltela.pt\/noticias\/2026\/04\/28\/entrada-de-norte-americanos-na-sad-do-benfica-impulsiona-acoes\/"},"wordCount":284,"image":{"@id":"https:\/\/portaltela.pt\/noticias\/2026\/04\/28\/entrada-de-norte-americanos-na-sad-do-benfica-impulsiona-acoes\/#primaryimage"},"thumbnailUrl":"https:\/\/portaltela.pt\/s.01k8rhncp4jt1\/2026\/04\/img_920x518uu2026-04-28-08-38-18-2435684.jpg","keywords":["Benfica","Benfica SAD","finan\u00e7as","investidores internacionais","investimento","neg\u00f3cios"],"articleSection":["Finan\u00e7as","Not\u00edcias"],"inLanguage":"pt-PT"},{"@type":"WebPage","@id":"https:\/\/portaltela.pt\/noticias\/2026\/04\/28\/entrada-de-norte-americanos-na-sad-do-benfica-impulsiona-acoes\/","url":"https:\/\/portaltela.pt\/noticias\/2026\/04\/28\/entrada-de-norte-americanos-na-sad-do-benfica-impulsiona-acoes\/","name":"Entrada de norte-americanos na SAD do Benfica impulsiona a\u00e7\u00f5es - Portal Tela Portugal","isPartOf":{"@id":"https:\/\/portaltela.pt\/#website"},"primaryImageOfPage":{"@id":"https:\/\/portaltela.pt\/noticias\/2026\/04\/28\/entrada-de-norte-americanos-na-sad-do-benfica-impulsiona-acoes\/#primaryimage"},"image":{"@id":"https:\/\/portaltela.pt\/noticias\/2026\/04\/28\/entrada-de-norte-americanos-na-sad-do-benfica-impulsiona-acoes\/#primaryimage"},"thumbnailUrl":"https:\/\/portaltela.pt\/s.01k8rhncp4jt1\/2026\/04\/img_920x518uu2026-04-28-08-38-18-2435684.jpg","datePublished":"2026-04-28T07:49:35+00:00","author":{"@id":"https:\/\/portaltela.pt\/#\/schema\/person\/c4278d4a6028830caff9ee44b42d32ed"},"breadcrumb":{"@id":"https:\/\/portaltela.pt\/noticias\/2026\/04\/28\/entrada-de-norte-americanos-na-sad-do-benfica-impulsiona-acoes\/#breadcrumb"},"inLanguage":"pt-PT","potentialAction":[{"@type":"ReadAction","target":["https:\/\/portaltela.pt\/noticias\/2026\/04\/28\/entrada-de-norte-americanos-na-sad-do-benfica-impulsiona-acoes\/"]}]},{"@type":"ImageObject","inLanguage":"pt-PT","@id":"https:\/\/portaltela.pt\/noticias\/2026\/04\/28\/entrada-de-norte-americanos-na-sad-do-benfica-impulsiona-acoes\/#primaryimage","url":"https:\/\/portaltela.pt\/s.01k8rhncp4jt1\/2026\/04\/img_920x518uu2026-04-28-08-38-18-2435684.jpg","contentUrl":"https:\/\/portaltela.pt\/s.01k8rhncp4jt1\/2026\/04\/img_920x518uu2026-04-28-08-38-18-2435684.jpg","width":796,"height":448,"caption":"Jos\u00e9 Ant\u00f3nio dos Santos chegou a acordo para a venda de uma participa\u00e7\u00e3o de 16,38% na Benfica SAD ao fundo norte-americano Entrepreneur Equity Partne"},{"@type":"BreadcrumbList","@id":"https:\/\/portaltela.pt\/noticias\/2026\/04\/28\/entrada-de-norte-americanos-na-sad-do-benfica-impulsiona-acoes\/#breadcrumb","itemListElement":[{"@type":"ListItem","position":1,"name":"In\u00edcio","item":"https:\/\/portaltela.pt\/"},{"@type":"ListItem","position":2,"name":"Entrada de norte-americanos na SAD do Benfica impulsiona a\u00e7\u00f5es"}]},{"@type":"WebSite","@id":"https:\/\/portaltela.pt\/#website","url":"https:\/\/portaltela.pt\/","name":"Portal Tela Portugal","description":"","potentialAction":[{"@type":"SearchAction","target":{"@type":"EntryPoint","urlTemplate":"https:\/\/portaltela.pt\/?s={search_term_string}"},"query-input":{"@type":"PropertyValueSpecification","valueRequired":true,"valueName":"search_term_string"}}],"inLanguage":"pt-PT"},{"@type":"Person","@id":"https:\/\/portaltela.pt\/#\/schema\/person\/c4278d4a6028830caff9ee44b42d32ed","name":"Telinha","image":{"@type":"ImageObject","inLanguage":"pt-PT","@id":"https:\/\/portaltela.pt\/s.01k8rhncp4jt1\/2025\/11\/talking-bot-125x125.png","url":"https:\/\/portaltela.pt\/s.01k8rhncp4jt1\/2025\/11\/talking-bot-125x125.png","contentUrl":"https:\/\/portaltela.pt\/s.01k8rhncp4jt1\/2025\/11\/talking-bot-125x125.png","caption":"Telinha"},"sameAs":["https:\/\/portaltela.pt\/"],"url":"https:\/\/portaltela.pt\/por\/367410592786\/"}]}},"_links":{"self":[{"href":"https:\/\/portaltela.pt\/api\/wp\/v2\/posts\/459277","targetHints":{"allow":["GET"]}}],"collection":[{"href":"https:\/\/portaltela.pt\/api\/wp\/v2\/posts"}],"about":[{"href":"https:\/\/portaltela.pt\/api\/wp\/v2\/types\/post"}],"author":[{"embeddable":true,"href":"https:\/\/portaltela.pt\/api\/wp\/v2\/users\/2"}],"replies":[{"embeddable":true,"href":"https:\/\/portaltela.pt\/api\/wp\/v2\/comments?post=459277"}],"version-history":[{"count":0,"href":"https:\/\/portaltela.pt\/api\/wp\/v2\/posts\/459277\/revisions"}],"wp:featuredmedia":[{"embeddable":true,"href":"https:\/\/portaltela.pt\/api\/wp\/v2\/media\/459281"}],"wp:attachment":[{"href":"https:\/\/portaltela.pt\/api\/wp\/v2\/media?parent=459277"}],"wp:term":[{"taxonomy":"category","embeddable":true,"href":"https:\/\/portaltela.pt\/api\/wp\/v2\/categories?post=459277"},{"taxonomy":"post_tag","embeddable":true,"href":"https:\/\/portaltela.pt\/api\/wp\/v2\/tags?post=459277"}],"curies":[{"name":"wp","href":"https:\/\/api.w.org\/{rel}","templated":true}]}}