{"id":459270,"date":"2026-04-28T04:33:05","date_gmt":"2026-04-28T07:33:05","guid":{"rendered":"https:\/\/portaltela.pt\/noticias\/2026\/04\/28\/3-a-edicao-do-bora-mexer-comeca-amanha-no-bairro-da-boavista\/"},"modified":"2026-04-28T04:33:05","modified_gmt":"2026-04-28T07:33:05","slug":"3-a-edicao-do-bora-mexer-comeca-amanha-no-bairro-da-boavista","status":"publish","type":"post","link":"https:\/\/portaltela.pt\/saude\/2026\/04\/28\/3-a-edicao-do-bora-mexer-comeca-amanha-no-bairro-da-boavista\/","title":{"rendered":"3.\u00aa edi\u00e7\u00e3o do Bora Mexer come\u00e7a amanh\u00e3 no bairro da Boavista"},"content":{"rendered":"<p>O Bora Mexer, iniciativa da Gebalis, arrancou amanh\u00e3 no bairro da Boavista, em Lisboa. A 3.\u00aa edi\u00e7\u00e3o decorre at\u00e9 22 de maio, com apoio do Record, da C\u00e2mara Municipal de Lisboa e da Associa\u00e7\u00e3o Protetora dos Diab\u00e9ticos de Portugal. O evento junta desporto, m\u00fasica e dan\u00e7a para todas as idades.<\/p>\n<p>O primeiro encontro realiza-se entre as 10h e as 13h no Polidesportivo do Social Futebol Clube, na Boavista. Ao longo de seis localidades da capital, promovem-se atividades como Zumba, hip-hop, Tai Chi e Play Tennis, em formato l\u00fadico e inclusivo para iniciantes.<\/p>\n<h3>Diversidade de atividades e locais<\/h3>\n<p>Assim, a edi\u00e7\u00e3o 2026 segue para Condado, Alfinetes, Padre Cruz, Alta de Lisboa e Olaias, em datas distribu\u00eddas entre 2 e 22 de maio. Em cada etapa h\u00e1 demonstra\u00e7\u00f5es de treino aer\u00f3bico, arte marcial, t\u00e9nis e surpresas locais, integrando o plano de a\u00e7\u00f5es do programa.<\/p>\n<h3>Inscri\u00e7\u00f5es e finalidade<\/h3>\n<p>As inscri\u00e7\u00f5es est\u00e3o abertas nos Gabinetes da Gebalis e v\u00e3o at\u00e9 13 de maio. O Bora Mexer visa promover o desenvolvimento local atrav\u00e9s da gest\u00e3o de im\u00f3veis municipais, envolvendo a comunidade em atividades saud\u00e1veis e de inclus\u00e3o social.<\/p>\n<p>Bernardo Ribeiro, diretor do nosso jornal, elogia a parceria com a Gebalis e real\u00e7a o crescimento da iniciativa. O respons\u00e1vel associa-a \u00e0 integra\u00e7\u00e3o e \u00e0 alegria com que a comunidade participa, com perspetiva de maior ades\u00e3o na 3.\u00aa edi\u00e7\u00e3o.<\/p>\n","protected":false},"excerpt":{"rendered":"<ul>\n<li>A 3\u00aa edi\u00e7\u00e3o do Bora Mexer arranca amanh\u00e3, no bairro da Boavista, em Lisboa, das 10h \u00e0s 13h, no Polidesportivo do Social Futebol Clube.<\/li>\n<li>O evento segue at\u00e9 22 de maio, passando por seis locais diferentes na cidade: Condado, Alfinetes, Padre Cruz, Alta de Lisboa e Olaias, com hor\u00e1rios variados.<\/li>\n<li>As atividades incluem treino aer\u00f3bico, Zumba, HipHop, Tai-Chi, Play Tennis e outras surpresas, em formato acess\u00edvel a todas as idades.<\/li>\n<li>Novidades previstas: o Chut\u00f3metro para apurar o novo Rony e o Bubble Football, com bolas insufl\u00e1veis para divers\u00e3o segura.<\/li>\n<li>As inscri\u00e7\u00f5es est\u00e3o abertas nos Gabinetes da Gebalis at\u00e9 13 de maio. O evento \u00e9 promovido pela Gebalis, com apoio do Record, da C\u00e2mara Municipal de Lisboa e da Associa\u00e7\u00e3o Protetora dos Diab\u00e9ticos de Portugal.<\/li>\n<\/ul>\n","protected":false},"author":2,"featured_media":459273,"comment_status":"closed","ping_status":"closed","sticky":false,"template":"","format":"standard","meta":{"footnotes":""},"categories":[7372,6745],"tags":[8807,9795,9798,7902,7974,9797],"class_list":["post-459270","post","type-post","status-publish","format-standard","has-post-thumbnail","hentry","category-comunidade","category-saude","tag-_acoes-comunitarias","tag-_alta-de-lisboa","tag-_condado","tag-_desporto","tag-_lisboa","tag-_padre-cruz"],"yoast_head":"<!-- This site is optimized with the Yoast SEO plugin v27.2 - https:\/\/yoast.com\/product\/yoast-seo-wordpress\/ -->\n<title>3.\u00aa edi\u00e7\u00e3o do Bora Mexer come\u00e7a amanh\u00e3 no bairro da Boavista - Portal Tela Portugal<\/title>\n<meta name=\"robots\" content=\"index, follow, max-snippet:-1, max-image-preview:large, max-video-preview:-1\" \/>\n<meta property=\"og:locale\" content=\"pt_PT\" \/>\n<meta property=\"og:type\" content=\"article\" \/>\n<meta property=\"og:title\" content=\"3.\u00aa edi\u00e7\u00e3o do Bora Mexer come\u00e7a amanh\u00e3 no bairro da Boavista - Portal Tela Portugal\" \/>\n<meta property=\"og:description\" content=\"A 3\u00aa edi\u00e7\u00e3o do Bora Mexer arranca amanh\u00e3, no bairro da Boavista, em Lisboa, das 10h \u00e0s 13h, no Polidesportivo do Social Futebol Clube. O evento segue at\u00e9 22 de maio, passando por seis locais diferentes na cidade: Condado, Alfinetes, Padre Cruz, Alta de Lisboa e Olaias, com hor\u00e1rios variados. As atividades incluem treino aer\u00f3bico, Zumba, HipHop, Tai-Chi, Play Tennis e outras surpresas, em formato acess\u00edvel a todas as idades. Novidades previstas: o Chut\u00f3metro para apurar o novo Rony e o Bubble Football, com bolas insufl\u00e1veis para divers\u00e3o segura. As inscri\u00e7\u00f5es est\u00e3o abertas nos Gabinetes da Gebalis at\u00e9 13 de maio. O evento \u00e9 promovido pela Gebalis, com apoio do Record, da C\u00e2mara Municipal de Lisboa e da Associa\u00e7\u00e3o Protetora dos Diab\u00e9ticos de Portugal.\" \/>\n<meta property=\"og:url\" content=\"https:\/\/portaltela.pt\/noticias\/2026\/04\/28\/3-a-edicao-do-bora-mexer-comeca-amanha-no-bairro-da-boavista\/\" \/>\n<meta property=\"og:site_name\" content=\"Portal Tela Portugal\" \/>\n<meta property=\"article:published_time\" content=\"2026-04-28T07:33:05+00:00\" \/>\n<meta name=\"author\" content=\"Telinha\" \/>\n<meta name=\"twitter:card\" content=\"summary_large_image\" \/>\n<meta name=\"twitter:label1\" content=\"Escrito por\" \/>\n\t<meta name=\"twitter:data1\" content=\"Telinha\" \/>\n\t<meta name=\"twitter:label2\" content=\"Tempo estimado de leitura\" \/>\n\t<meta name=\"twitter:data2\" content=\"1 minuto\" \/>\n<script type=\"application\/ld+json\" class=\"yoast-schema-graph\">{\"@context\":\"https:\/\/schema.org\",\"@graph\":[{\"@type\":\"Article\",\"@id\":\"https:\/\/portaltela.pt\/noticias\/2026\/04\/28\/3-a-edicao-do-bora-mexer-comeca-amanha-no-bairro-da-boavista\/#article\",\"isPartOf\":{\"@id\":\"https:\/\/portaltela.pt\/noticias\/2026\/04\/28\/3-a-edicao-do-bora-mexer-comeca-amanha-no-bairro-da-boavista\/\"},\"author\":{\"name\":\"Telinha\",\"@id\":\"https:\/\/portaltela.pt\/#\/schema\/person\/c4278d4a6028830caff9ee44b42d32ed\"},\"headline\":\"3.\u00aa edi\u00e7\u00e3o do Bora Mexer come\u00e7a amanh\u00e3 no bairro da Boavista\",\"datePublished\":\"2026-04-28T07:33:05+00:00\",\"mainEntityOfPage\":{\"@id\":\"https:\/\/portaltela.pt\/noticias\/2026\/04\/28\/3-a-edicao-do-bora-mexer-comeca-amanha-no-bairro-da-boavista\/\"},\"wordCount\":252,\"image\":{\"@id\":\"https:\/\/portaltela.pt\/noticias\/2026\/04\/28\/3-a-edicao-do-bora-mexer-comeca-amanha-no-bairro-da-boavista\/#primaryimage\"},\"thumbnailUrl\":\"https:\/\/portaltela.pt\/s.01k8rhncp4jt1\/2026\/04\/img_920x518uu2026-04-27-19-28-53-2435619-im-639129149888631975.jpg\",\"keywords\":[\"_a\u00e7\u00f5es comunit\u00e1rias\",\"_Alta de Lisboa\",\"_Condado\",\"_desporto\",\"_Lisboa\",\"_Padre Cruz\"],\"articleSection\":[\"Comunidade\",\"Sa\u00fade\"],\"inLanguage\":\"pt-PT\"},{\"@type\":\"WebPage\",\"@id\":\"https:\/\/portaltela.pt\/noticias\/2026\/04\/28\/3-a-edicao-do-bora-mexer-comeca-amanha-no-bairro-da-boavista\/\",\"url\":\"https:\/\/portaltela.pt\/noticias\/2026\/04\/28\/3-a-edicao-do-bora-mexer-comeca-amanha-no-bairro-da-boavista\/\",\"name\":\"3.\u00aa edi\u00e7\u00e3o do Bora Mexer come\u00e7a amanh\u00e3 no bairro da Boavista - Portal Tela Portugal\",\"isPartOf\":{\"@id\":\"https:\/\/portaltela.pt\/#website\"},\"primaryImageOfPage\":{\"@id\":\"https:\/\/portaltela.pt\/noticias\/2026\/04\/28\/3-a-edicao-do-bora-mexer-comeca-amanha-no-bairro-da-boavista\/#primaryimage\"},\"image\":{\"@id\":\"https:\/\/portaltela.pt\/noticias\/2026\/04\/28\/3-a-edicao-do-bora-mexer-comeca-amanha-no-bairro-da-boavista\/#primaryimage\"},\"thumbnailUrl\":\"https:\/\/portaltela.pt\/s.01k8rhncp4jt1\/2026\/04\/img_920x518uu2026-04-27-19-28-53-2435619-im-639129149888631975.jpg\",\"datePublished\":\"2026-04-28T07:33:05+00:00\",\"author\":{\"@id\":\"https:\/\/portaltela.pt\/#\/schema\/person\/c4278d4a6028830caff9ee44b42d32ed\"},\"breadcrumb\":{\"@id\":\"https:\/\/portaltela.pt\/noticias\/2026\/04\/28\/3-a-edicao-do-bora-mexer-comeca-amanha-no-bairro-da-boavista\/#breadcrumb\"},\"inLanguage\":\"pt-PT\",\"potentialAction\":[{\"@type\":\"ReadAction\",\"target\":[\"https:\/\/portaltela.pt\/noticias\/2026\/04\/28\/3-a-edicao-do-bora-mexer-comeca-amanha-no-bairro-da-boavista\/\"]}]},{\"@type\":\"ImageObject\",\"inLanguage\":\"pt-PT\",\"@id\":\"https:\/\/portaltela.pt\/noticias\/2026\/04\/28\/3-a-edicao-do-bora-mexer-comeca-amanha-no-bairro-da-boavista\/#primaryimage\",\"url\":\"https:\/\/portaltela.pt\/s.01k8rhncp4jt1\/2026\/04\/img_920x518uu2026-04-27-19-28-53-2435619-im-639129149888631975.jpg\",\"contentUrl\":\"https:\/\/portaltela.pt\/s.01k8rhncp4jt1\/2026\/04\/img_920x518uu2026-04-27-19-28-53-2435619-im-639129149888631975.jpg\",\"width\":796,\"height\":448,\"caption\":\"Lisboa promove sa\u00fade e bem-estar na Boavista com a iniciativa \\\"Bora Mexer\\\"\"},{\"@type\":\"BreadcrumbList\",\"@id\":\"https:\/\/portaltela.pt\/noticias\/2026\/04\/28\/3-a-edicao-do-bora-mexer-comeca-amanha-no-bairro-da-boavista\/#breadcrumb\",\"itemListElement\":[{\"@type\":\"ListItem\",\"position\":1,\"name\":\"In\u00edcio\",\"item\":\"https:\/\/portaltela.pt\/\"},{\"@type\":\"ListItem\",\"position\":2,\"name\":\"3.\u00aa edi\u00e7\u00e3o do Bora Mexer come\u00e7a amanh\u00e3 no bairro da Boavista\"}]},{\"@type\":\"WebSite\",\"@id\":\"https:\/\/portaltela.pt\/#website\",\"url\":\"https:\/\/portaltela.pt\/\",\"name\":\"Portal Tela Portugal\",\"description\":\"\",\"potentialAction\":[{\"@type\":\"SearchAction\",\"target\":{\"@type\":\"EntryPoint\",\"urlTemplate\":\"https:\/\/portaltela.pt\/?s={search_term_string}\"},\"query-input\":{\"@type\":\"PropertyValueSpecification\",\"valueRequired\":true,\"valueName\":\"search_term_string\"}}],\"inLanguage\":\"pt-PT\"},{\"@type\":\"Person\",\"@id\":\"https:\/\/portaltela.pt\/#\/schema\/person\/c4278d4a6028830caff9ee44b42d32ed\",\"name\":\"Telinha\",\"image\":{\"@type\":\"ImageObject\",\"inLanguage\":\"pt-PT\",\"@id\":\"https:\/\/portaltela.pt\/s.01k8rhncp4jt1\/2025\/11\/talking-bot-125x125.png\",\"url\":\"https:\/\/portaltela.pt\/s.01k8rhncp4jt1\/2025\/11\/talking-bot-125x125.png\",\"contentUrl\":\"https:\/\/portaltela.pt\/s.01k8rhncp4jt1\/2025\/11\/talking-bot-125x125.png\",\"caption\":\"Telinha\"},\"sameAs\":[\"https:\/\/portaltela.pt\/\"],\"url\":\"https:\/\/portaltela.pt\/por\/367410592786\/\"}]}<\/script>\n<!-- \/ Yoast SEO plugin. -->","yoast_head_json":{"title":"3.\u00aa edi\u00e7\u00e3o do Bora Mexer come\u00e7a amanh\u00e3 no bairro da Boavista - Portal Tela Portugal","robots":{"index":"index","follow":"follow","max-snippet":"max-snippet:-1","max-image-preview":"max-image-preview:large","max-video-preview":"max-video-preview:-1"},"og_locale":"pt_PT","og_type":"article","og_title":"3.\u00aa edi\u00e7\u00e3o do Bora Mexer come\u00e7a amanh\u00e3 no bairro da Boavista - Portal Tela Portugal","og_description":"A 3\u00aa edi\u00e7\u00e3o do Bora Mexer arranca amanh\u00e3, no bairro da Boavista, em Lisboa, das 10h \u00e0s 13h, no Polidesportivo do Social Futebol Clube. O evento segue at\u00e9 22 de maio, passando por seis locais diferentes na cidade: Condado, Alfinetes, Padre Cruz, Alta de Lisboa e Olaias, com hor\u00e1rios variados. As atividades incluem treino aer\u00f3bico, Zumba, HipHop, Tai-Chi, Play Tennis e outras surpresas, em formato acess\u00edvel a todas as idades. Novidades previstas: o Chut\u00f3metro para apurar o novo Rony e o Bubble Football, com bolas insufl\u00e1veis para divers\u00e3o segura. As inscri\u00e7\u00f5es est\u00e3o abertas nos Gabinetes da Gebalis at\u00e9 13 de maio. O evento \u00e9 promovido pela Gebalis, com apoio do Record, da C\u00e2mara Municipal de Lisboa e da Associa\u00e7\u00e3o Protetora dos Diab\u00e9ticos de Portugal.","og_url":"https:\/\/portaltela.pt\/noticias\/2026\/04\/28\/3-a-edicao-do-bora-mexer-comeca-amanha-no-bairro-da-boavista\/","og_site_name":"Portal Tela Portugal","article_published_time":"2026-04-28T07:33:05+00:00","author":"Telinha","twitter_card":"summary_large_image","twitter_misc":{"Escrito por":"Telinha","Tempo estimado de leitura":"1 minuto"},"schema":{"@context":"https:\/\/schema.org","@graph":[{"@type":"Article","@id":"https:\/\/portaltela.pt\/noticias\/2026\/04\/28\/3-a-edicao-do-bora-mexer-comeca-amanha-no-bairro-da-boavista\/#article","isPartOf":{"@id":"https:\/\/portaltela.pt\/noticias\/2026\/04\/28\/3-a-edicao-do-bora-mexer-comeca-amanha-no-bairro-da-boavista\/"},"author":{"name":"Telinha","@id":"https:\/\/portaltela.pt\/#\/schema\/person\/c4278d4a6028830caff9ee44b42d32ed"},"headline":"3.\u00aa edi\u00e7\u00e3o do Bora Mexer come\u00e7a amanh\u00e3 no bairro da Boavista","datePublished":"2026-04-28T07:33:05+00:00","mainEntityOfPage":{"@id":"https:\/\/portaltela.pt\/noticias\/2026\/04\/28\/3-a-edicao-do-bora-mexer-comeca-amanha-no-bairro-da-boavista\/"},"wordCount":252,"image":{"@id":"https:\/\/portaltela.pt\/noticias\/2026\/04\/28\/3-a-edicao-do-bora-mexer-comeca-amanha-no-bairro-da-boavista\/#primaryimage"},"thumbnailUrl":"https:\/\/portaltela.pt\/s.01k8rhncp4jt1\/2026\/04\/img_920x518uu2026-04-27-19-28-53-2435619-im-639129149888631975.jpg","keywords":["_a\u00e7\u00f5es comunit\u00e1rias","_Alta de Lisboa","_Condado","_desporto","_Lisboa","_Padre Cruz"],"articleSection":["Comunidade","Sa\u00fade"],"inLanguage":"pt-PT"},{"@type":"WebPage","@id":"https:\/\/portaltela.pt\/noticias\/2026\/04\/28\/3-a-edicao-do-bora-mexer-comeca-amanha-no-bairro-da-boavista\/","url":"https:\/\/portaltela.pt\/noticias\/2026\/04\/28\/3-a-edicao-do-bora-mexer-comeca-amanha-no-bairro-da-boavista\/","name":"3.\u00aa edi\u00e7\u00e3o do Bora Mexer come\u00e7a amanh\u00e3 no bairro da Boavista - Portal Tela Portugal","isPartOf":{"@id":"https:\/\/portaltela.pt\/#website"},"primaryImageOfPage":{"@id":"https:\/\/portaltela.pt\/noticias\/2026\/04\/28\/3-a-edicao-do-bora-mexer-comeca-amanha-no-bairro-da-boavista\/#primaryimage"},"image":{"@id":"https:\/\/portaltela.pt\/noticias\/2026\/04\/28\/3-a-edicao-do-bora-mexer-comeca-amanha-no-bairro-da-boavista\/#primaryimage"},"thumbnailUrl":"https:\/\/portaltela.pt\/s.01k8rhncp4jt1\/2026\/04\/img_920x518uu2026-04-27-19-28-53-2435619-im-639129149888631975.jpg","datePublished":"2026-04-28T07:33:05+00:00","author":{"@id":"https:\/\/portaltela.pt\/#\/schema\/person\/c4278d4a6028830caff9ee44b42d32ed"},"breadcrumb":{"@id":"https:\/\/portaltela.pt\/noticias\/2026\/04\/28\/3-a-edicao-do-bora-mexer-comeca-amanha-no-bairro-da-boavista\/#breadcrumb"},"inLanguage":"pt-PT","potentialAction":[{"@type":"ReadAction","target":["https:\/\/portaltela.pt\/noticias\/2026\/04\/28\/3-a-edicao-do-bora-mexer-comeca-amanha-no-bairro-da-boavista\/"]}]},{"@type":"ImageObject","inLanguage":"pt-PT","@id":"https:\/\/portaltela.pt\/noticias\/2026\/04\/28\/3-a-edicao-do-bora-mexer-comeca-amanha-no-bairro-da-boavista\/#primaryimage","url":"https:\/\/portaltela.pt\/s.01k8rhncp4jt1\/2026\/04\/img_920x518uu2026-04-27-19-28-53-2435619-im-639129149888631975.jpg","contentUrl":"https:\/\/portaltela.pt\/s.01k8rhncp4jt1\/2026\/04\/img_920x518uu2026-04-27-19-28-53-2435619-im-639129149888631975.jpg","width":796,"height":448,"caption":"Lisboa promove sa\u00fade e bem-estar na Boavista com a iniciativa \"Bora Mexer\""},{"@type":"BreadcrumbList","@id":"https:\/\/portaltela.pt\/noticias\/2026\/04\/28\/3-a-edicao-do-bora-mexer-comeca-amanha-no-bairro-da-boavista\/#breadcrumb","itemListElement":[{"@type":"ListItem","position":1,"name":"In\u00edcio","item":"https:\/\/portaltela.pt\/"},{"@type":"ListItem","position":2,"name":"3.\u00aa edi\u00e7\u00e3o do Bora Mexer come\u00e7a amanh\u00e3 no bairro da Boavista"}]},{"@type":"WebSite","@id":"https:\/\/portaltela.pt\/#website","url":"https:\/\/portaltela.pt\/","name":"Portal Tela Portugal","description":"","potentialAction":[{"@type":"SearchAction","target":{"@type":"EntryPoint","urlTemplate":"https:\/\/portaltela.pt\/?s={search_term_string}"},"query-input":{"@type":"PropertyValueSpecification","valueRequired":true,"valueName":"search_term_string"}}],"inLanguage":"pt-PT"},{"@type":"Person","@id":"https:\/\/portaltela.pt\/#\/schema\/person\/c4278d4a6028830caff9ee44b42d32ed","name":"Telinha","image":{"@type":"ImageObject","inLanguage":"pt-PT","@id":"https:\/\/portaltela.pt\/s.01k8rhncp4jt1\/2025\/11\/talking-bot-125x125.png","url":"https:\/\/portaltela.pt\/s.01k8rhncp4jt1\/2025\/11\/talking-bot-125x125.png","contentUrl":"https:\/\/portaltela.pt\/s.01k8rhncp4jt1\/2025\/11\/talking-bot-125x125.png","caption":"Telinha"},"sameAs":["https:\/\/portaltela.pt\/"],"url":"https:\/\/portaltela.pt\/por\/367410592786\/"}]}},"_links":{"self":[{"href":"https:\/\/portaltela.pt\/api\/wp\/v2\/posts\/459270","targetHints":{"allow":["GET"]}}],"collection":[{"href":"https:\/\/portaltela.pt\/api\/wp\/v2\/posts"}],"about":[{"href":"https:\/\/portaltela.pt\/api\/wp\/v2\/types\/post"}],"author":[{"embeddable":true,"href":"https:\/\/portaltela.pt\/api\/wp\/v2\/users\/2"}],"replies":[{"embeddable":true,"href":"https:\/\/portaltela.pt\/api\/wp\/v2\/comments?post=459270"}],"version-history":[{"count":0,"href":"https:\/\/portaltela.pt\/api\/wp\/v2\/posts\/459270\/revisions"}],"wp:featuredmedia":[{"embeddable":true,"href":"https:\/\/portaltela.pt\/api\/wp\/v2\/media\/459273"}],"wp:attachment":[{"href":"https:\/\/portaltela.pt\/api\/wp\/v2\/media?parent=459270"}],"wp:term":[{"taxonomy":"category","embeddable":true,"href":"https:\/\/portaltela.pt\/api\/wp\/v2\/categories?post=459270"},{"taxonomy":"post_tag","embeddable":true,"href":"https:\/\/portaltela.pt\/api\/wp\/v2\/tags?post=459270"}],"curies":[{"name":"wp","href":"https:\/\/api.w.org\/{rel}","templated":true}]}}