{"id":459269,"date":"2026-04-28T04:33:02","date_gmt":"2026-04-28T07:33:02","guid":{"rendered":"https:\/\/portaltela.pt\/noticias\/2026\/04\/28\/chega-reune-conselheiros-para-marcar-convencao-e-enfrenta-novo-reves\/"},"modified":"2026-04-28T04:33:02","modified_gmt":"2026-04-28T07:33:02","slug":"chega-reune-conselheiros-para-marcar-convencao-e-enfrenta-novo-reves","status":"publish","type":"post","link":"https:\/\/portaltela.pt\/noticias\/2026\/04\/28\/chega-reune-conselheiros-para-marcar-convencao-e-enfrenta-novo-reves\/","title":{"rendered":"Chega re\u00fane conselheiros para marcar Conven\u00e7\u00e3o e enfrenta novo rev\u00e9s"},"content":{"rendered":"<p>O Chega marcou para 21 de maio a reuni\u00e3o do Conselho Nacional que definir\u00e1 a pr\u00f3xima Conven\u00e7\u00e3o. O m\u00e9todo de convoca\u00e7\u00e3o utilizado pode levar a novo chumbo do Tribunal Constitucional, que tem invalidado decis\u00f5es anteriores. Os ju\u00edzes do Pal\u00e1cio Ratton exigem que as conven\u00e7\u00f5es sejam convocadas pelos \u00f3rg\u00e3os de 2019.<\/p>\n<p>O TC j\u00e1 invalida altera\u00e7\u00f5es de estatutos e a elei\u00e7\u00e3o de \u00f3rg\u00e3os nacionais quando seguidas a forma anterior. Parte dos eleitos j\u00e1 deixou o partido, o que complica a forma\u00e7\u00e3o do Conselho e o funcionamento da reuni\u00e3o marcada.<\/p>\n<p>O que est\u00e1 em jogo \u00e9 a conformidade com a interpreta\u00e7\u00e3o do TC sobre quem pode convocar as conven\u00e7\u00f5es, com o Supremo a exigir regressar \u00e0 forma\u00e7\u00e3o original do Conselho. A aus\u00eancia de consenso entre os membros aumenta a incerteza sobre o pr\u00f3ximo passo institucional.<\/p>\n<h3>Contesto legal e pr\u00f3ximos passos<\/h3>\n<p>A posi\u00e7\u00e3o do TC sustenta que as convoca\u00e7\u00f5es devem respeitar a composi\u00e7\u00e3o de 2019, o que pode adiar ou alterar a organiza\u00e7\u00e3o da conven\u00e7\u00e3o prevista para maio. Do lado interno, persiste a tens\u00e3o entre quem defende a continuidade do mecanismo atual e quem defende a reconstitui\u00e7\u00e3o do ciclo estatut\u00e1rio anterior.<\/p>\n<p>Ainda n\u00e3o foram anunciadas novas alternativas formais caso a exig\u00eancia do TC n\u00e3o seja atendida. Observadores nacionais descrevem o cen\u00e1rio como uma pend\u00eancia jur\u00eddica que pode atrasar decis\u00f5es-chave para o partido.<\/p>\n","protected":false},"excerpt":{"rendered":"<ul>\n<li>O Chega marcou para 21 de maio a reuni\u00e3o do Conselho Nacional para decidir a pr\u00f3xima conven\u00e7\u00e3o.<\/li>\n<li>Se a convoca\u00e7\u00e3o seguir a f\u00f3rmula usada at\u00e9 agora, pode sofrer novo chumbo do Tribunal Constitucional.<\/li>\n<li>O TC j\u00e1 invalidou decis\u00f5es do Conselho, incluindo altera\u00e7\u00f5es aos estatutos e elei\u00e7\u00f5es de \u00f3rg\u00e3os nacionais.<\/li>\n<li>Os ju\u00edzes exigem que as conven\u00e7\u00f5es sejam convocadas pelos \u00f3rg\u00e3os criados em 2019, com regresso \u00e0 forma\u00e7\u00e3o origin\u00e1ria do Conselho.<\/li>\n<li>Parte dos eleitos j\u00e1 saiu do partido, o que complica a recondu\u00e7\u00e3o da composi\u00e7\u00e3o convocat\u00f3ria.<\/li>\n<\/ul>\n","protected":false},"author":2,"featured_media":459272,"comment_status":"closed","ping_status":"closed","sticky":false,"template":"","format":"standard","meta":{"footnotes":""},"categories":[6815,1],"tags":[2142,6340,4057,2832,6208,7405],"class_list":["post-459269","post","type-post","status-publish","format-standard","has-post-thumbnail","hentry","category-justica","category-noticias","tag-chega","tag-conselho-nacional","tag-constituicao","tag-politica","tag-tribunais","tag-tribunal-constitucional"],"yoast_head":"<!-- This site is optimized with the Yoast SEO plugin v27.2 - https:\/\/yoast.com\/product\/yoast-seo-wordpress\/ -->\n<title>Chega re\u00fane conselheiros para marcar Conven\u00e7\u00e3o e enfrenta novo rev\u00e9s - Portal Tela Portugal<\/title>\n<meta name=\"robots\" content=\"index, follow, max-snippet:-1, max-image-preview:large, max-video-preview:-1\" \/>\n<meta property=\"og:locale\" content=\"pt_PT\" \/>\n<meta property=\"og:type\" content=\"article\" \/>\n<meta property=\"og:title\" content=\"Chega re\u00fane conselheiros para marcar Conven\u00e7\u00e3o e enfrenta novo rev\u00e9s - Portal Tela Portugal\" \/>\n<meta property=\"og:description\" content=\"O Chega marcou para 21 de maio a reuni\u00e3o do Conselho Nacional para decidir a pr\u00f3xima conven\u00e7\u00e3o. Se a convoca\u00e7\u00e3o seguir a f\u00f3rmula usada at\u00e9 agora, pode sofrer novo chumbo do Tribunal Constitucional. O TC j\u00e1 invalidou decis\u00f5es do Conselho, incluindo altera\u00e7\u00f5es aos estatutos e elei\u00e7\u00f5es de \u00f3rg\u00e3os nacionais. Os ju\u00edzes exigem que as conven\u00e7\u00f5es sejam convocadas pelos \u00f3rg\u00e3os criados em 2019, com regresso \u00e0 forma\u00e7\u00e3o origin\u00e1ria do Conselho. Parte dos eleitos j\u00e1 saiu do partido, o que complica a recondu\u00e7\u00e3o da composi\u00e7\u00e3o convocat\u00f3ria.\" \/>\n<meta property=\"og:url\" content=\"https:\/\/portaltela.pt\/noticias\/2026\/04\/28\/chega-reune-conselheiros-para-marcar-convencao-e-enfrenta-novo-reves\/\" \/>\n<meta property=\"og:site_name\" content=\"Portal Tela Portugal\" \/>\n<meta property=\"article:published_time\" content=\"2026-04-28T07:33:02+00:00\" \/>\n<meta name=\"author\" content=\"Telinha\" \/>\n<meta name=\"twitter:card\" content=\"summary_large_image\" \/>\n<meta name=\"twitter:label1\" content=\"Escrito por\" \/>\n\t<meta name=\"twitter:data1\" content=\"Telinha\" \/>\n\t<meta name=\"twitter:label2\" content=\"Tempo estimado de leitura\" \/>\n\t<meta name=\"twitter:data2\" content=\"1 minuto\" \/>\n<script type=\"application\/ld+json\" class=\"yoast-schema-graph\">{\"@context\":\"https:\/\/schema.org\",\"@graph\":[{\"@type\":\"Article\",\"@id\":\"https:\/\/portaltela.pt\/noticias\/2026\/04\/28\/chega-reune-conselheiros-para-marcar-convencao-e-enfrenta-novo-reves\/#article\",\"isPartOf\":{\"@id\":\"https:\/\/portaltela.pt\/noticias\/2026\/04\/28\/chega-reune-conselheiros-para-marcar-convencao-e-enfrenta-novo-reves\/\"},\"author\":{\"name\":\"Telinha\",\"@id\":\"https:\/\/portaltela.pt\/#\/schema\/person\/c4278d4a6028830caff9ee44b42d32ed\"},\"headline\":\"Chega re\u00fane conselheiros para marcar Conven\u00e7\u00e3o e enfrenta novo rev\u00e9s\",\"datePublished\":\"2026-04-28T07:33:02+00:00\",\"mainEntityOfPage\":{\"@id\":\"https:\/\/portaltela.pt\/noticias\/2026\/04\/28\/chega-reune-conselheiros-para-marcar-convencao-e-enfrenta-novo-reves\/\"},\"wordCount\":263,\"image\":{\"@id\":\"https:\/\/portaltela.pt\/noticias\/2026\/04\/28\/chega-reune-conselheiros-para-marcar-convencao-e-enfrenta-novo-reves\/#primaryimage\"},\"thumbnailUrl\":\"https:\/\/portaltela.pt\/s.01k8rhncp4jt1\/2026\/04\/image-1575.jpg\",\"keywords\":[\"CHEGA\",\"Conselho Nacional\",\"constitui\u00e7\u00e3o\",\"pol\u00edtica\",\"Tribunais\",\"Tribunal Constitucional\"],\"articleSection\":[\"Justi\u00e7a\",\"Not\u00edcias\"],\"inLanguage\":\"pt-PT\"},{\"@type\":\"WebPage\",\"@id\":\"https:\/\/portaltela.pt\/noticias\/2026\/04\/28\/chega-reune-conselheiros-para-marcar-convencao-e-enfrenta-novo-reves\/\",\"url\":\"https:\/\/portaltela.pt\/noticias\/2026\/04\/28\/chega-reune-conselheiros-para-marcar-convencao-e-enfrenta-novo-reves\/\",\"name\":\"Chega re\u00fane conselheiros para marcar Conven\u00e7\u00e3o e enfrenta novo rev\u00e9s - Portal Tela Portugal\",\"isPartOf\":{\"@id\":\"https:\/\/portaltela.pt\/#website\"},\"primaryImageOfPage\":{\"@id\":\"https:\/\/portaltela.pt\/noticias\/2026\/04\/28\/chega-reune-conselheiros-para-marcar-convencao-e-enfrenta-novo-reves\/#primaryimage\"},\"image\":{\"@id\":\"https:\/\/portaltela.pt\/noticias\/2026\/04\/28\/chega-reune-conselheiros-para-marcar-convencao-e-enfrenta-novo-reves\/#primaryimage\"},\"thumbnailUrl\":\"https:\/\/portaltela.pt\/s.01k8rhncp4jt1\/2026\/04\/image-1575.jpg\",\"datePublished\":\"2026-04-28T07:33:02+00:00\",\"author\":{\"@id\":\"https:\/\/portaltela.pt\/#\/schema\/person\/c4278d4a6028830caff9ee44b42d32ed\"},\"breadcrumb\":{\"@id\":\"https:\/\/portaltela.pt\/noticias\/2026\/04\/28\/chega-reune-conselheiros-para-marcar-convencao-e-enfrenta-novo-reves\/#breadcrumb\"},\"inLanguage\":\"pt-PT\",\"potentialAction\":[{\"@type\":\"ReadAction\",\"target\":[\"https:\/\/portaltela.pt\/noticias\/2026\/04\/28\/chega-reune-conselheiros-para-marcar-convencao-e-enfrenta-novo-reves\/\"]}]},{\"@type\":\"ImageObject\",\"inLanguage\":\"pt-PT\",\"@id\":\"https:\/\/portaltela.pt\/noticias\/2026\/04\/28\/chega-reune-conselheiros-para-marcar-convencao-e-enfrenta-novo-reves\/#primaryimage\",\"url\":\"https:\/\/portaltela.pt\/s.01k8rhncp4jt1\/2026\/04\/image-1575.jpg\",\"contentUrl\":\"https:\/\/portaltela.pt\/s.01k8rhncp4jt1\/2026\/04\/image-1575.jpg\",\"width\":796,\"height\":448,\"caption\":\"Andr\u00e9 Ventura anunciou em fevereiro a realiza\u00e7\u00e3o de um congresso eletivo e recandidatura \u00e0 lideran\u00e7a\"},{\"@type\":\"BreadcrumbList\",\"@id\":\"https:\/\/portaltela.pt\/noticias\/2026\/04\/28\/chega-reune-conselheiros-para-marcar-convencao-e-enfrenta-novo-reves\/#breadcrumb\",\"itemListElement\":[{\"@type\":\"ListItem\",\"position\":1,\"name\":\"In\u00edcio\",\"item\":\"https:\/\/portaltela.pt\/\"},{\"@type\":\"ListItem\",\"position\":2,\"name\":\"Chega re\u00fane conselheiros para marcar Conven\u00e7\u00e3o e enfrenta novo rev\u00e9s\"}]},{\"@type\":\"WebSite\",\"@id\":\"https:\/\/portaltela.pt\/#website\",\"url\":\"https:\/\/portaltela.pt\/\",\"name\":\"Portal Tela Portugal\",\"description\":\"\",\"potentialAction\":[{\"@type\":\"SearchAction\",\"target\":{\"@type\":\"EntryPoint\",\"urlTemplate\":\"https:\/\/portaltela.pt\/?s={search_term_string}\"},\"query-input\":{\"@type\":\"PropertyValueSpecification\",\"valueRequired\":true,\"valueName\":\"search_term_string\"}}],\"inLanguage\":\"pt-PT\"},{\"@type\":\"Person\",\"@id\":\"https:\/\/portaltela.pt\/#\/schema\/person\/c4278d4a6028830caff9ee44b42d32ed\",\"name\":\"Telinha\",\"image\":{\"@type\":\"ImageObject\",\"inLanguage\":\"pt-PT\",\"@id\":\"https:\/\/portaltela.pt\/s.01k8rhncp4jt1\/2025\/11\/talking-bot-125x125.png\",\"url\":\"https:\/\/portaltela.pt\/s.01k8rhncp4jt1\/2025\/11\/talking-bot-125x125.png\",\"contentUrl\":\"https:\/\/portaltela.pt\/s.01k8rhncp4jt1\/2025\/11\/talking-bot-125x125.png\",\"caption\":\"Telinha\"},\"sameAs\":[\"https:\/\/portaltela.pt\/\"],\"url\":\"https:\/\/portaltela.pt\/por\/367410592786\/\"}]}<\/script>\n<!-- \/ Yoast SEO plugin. -->","yoast_head_json":{"title":"Chega re\u00fane conselheiros para marcar Conven\u00e7\u00e3o e enfrenta novo rev\u00e9s - Portal Tela Portugal","robots":{"index":"index","follow":"follow","max-snippet":"max-snippet:-1","max-image-preview":"max-image-preview:large","max-video-preview":"max-video-preview:-1"},"og_locale":"pt_PT","og_type":"article","og_title":"Chega re\u00fane conselheiros para marcar Conven\u00e7\u00e3o e enfrenta novo rev\u00e9s - Portal Tela Portugal","og_description":"O Chega marcou para 21 de maio a reuni\u00e3o do Conselho Nacional para decidir a pr\u00f3xima conven\u00e7\u00e3o. Se a convoca\u00e7\u00e3o seguir a f\u00f3rmula usada at\u00e9 agora, pode sofrer novo chumbo do Tribunal Constitucional. O TC j\u00e1 invalidou decis\u00f5es do Conselho, incluindo altera\u00e7\u00f5es aos estatutos e elei\u00e7\u00f5es de \u00f3rg\u00e3os nacionais. Os ju\u00edzes exigem que as conven\u00e7\u00f5es sejam convocadas pelos \u00f3rg\u00e3os criados em 2019, com regresso \u00e0 forma\u00e7\u00e3o origin\u00e1ria do Conselho. Parte dos eleitos j\u00e1 saiu do partido, o que complica a recondu\u00e7\u00e3o da composi\u00e7\u00e3o convocat\u00f3ria.","og_url":"https:\/\/portaltela.pt\/noticias\/2026\/04\/28\/chega-reune-conselheiros-para-marcar-convencao-e-enfrenta-novo-reves\/","og_site_name":"Portal Tela Portugal","article_published_time":"2026-04-28T07:33:02+00:00","author":"Telinha","twitter_card":"summary_large_image","twitter_misc":{"Escrito por":"Telinha","Tempo estimado de leitura":"1 minuto"},"schema":{"@context":"https:\/\/schema.org","@graph":[{"@type":"Article","@id":"https:\/\/portaltela.pt\/noticias\/2026\/04\/28\/chega-reune-conselheiros-para-marcar-convencao-e-enfrenta-novo-reves\/#article","isPartOf":{"@id":"https:\/\/portaltela.pt\/noticias\/2026\/04\/28\/chega-reune-conselheiros-para-marcar-convencao-e-enfrenta-novo-reves\/"},"author":{"name":"Telinha","@id":"https:\/\/portaltela.pt\/#\/schema\/person\/c4278d4a6028830caff9ee44b42d32ed"},"headline":"Chega re\u00fane conselheiros para marcar Conven\u00e7\u00e3o e enfrenta novo rev\u00e9s","datePublished":"2026-04-28T07:33:02+00:00","mainEntityOfPage":{"@id":"https:\/\/portaltela.pt\/noticias\/2026\/04\/28\/chega-reune-conselheiros-para-marcar-convencao-e-enfrenta-novo-reves\/"},"wordCount":263,"image":{"@id":"https:\/\/portaltela.pt\/noticias\/2026\/04\/28\/chega-reune-conselheiros-para-marcar-convencao-e-enfrenta-novo-reves\/#primaryimage"},"thumbnailUrl":"https:\/\/portaltela.pt\/s.01k8rhncp4jt1\/2026\/04\/image-1575.jpg","keywords":["CHEGA","Conselho Nacional","constitui\u00e7\u00e3o","pol\u00edtica","Tribunais","Tribunal Constitucional"],"articleSection":["Justi\u00e7a","Not\u00edcias"],"inLanguage":"pt-PT"},{"@type":"WebPage","@id":"https:\/\/portaltela.pt\/noticias\/2026\/04\/28\/chega-reune-conselheiros-para-marcar-convencao-e-enfrenta-novo-reves\/","url":"https:\/\/portaltela.pt\/noticias\/2026\/04\/28\/chega-reune-conselheiros-para-marcar-convencao-e-enfrenta-novo-reves\/","name":"Chega re\u00fane conselheiros para marcar Conven\u00e7\u00e3o e enfrenta novo rev\u00e9s - Portal Tela Portugal","isPartOf":{"@id":"https:\/\/portaltela.pt\/#website"},"primaryImageOfPage":{"@id":"https:\/\/portaltela.pt\/noticias\/2026\/04\/28\/chega-reune-conselheiros-para-marcar-convencao-e-enfrenta-novo-reves\/#primaryimage"},"image":{"@id":"https:\/\/portaltela.pt\/noticias\/2026\/04\/28\/chega-reune-conselheiros-para-marcar-convencao-e-enfrenta-novo-reves\/#primaryimage"},"thumbnailUrl":"https:\/\/portaltela.pt\/s.01k8rhncp4jt1\/2026\/04\/image-1575.jpg","datePublished":"2026-04-28T07:33:02+00:00","author":{"@id":"https:\/\/portaltela.pt\/#\/schema\/person\/c4278d4a6028830caff9ee44b42d32ed"},"breadcrumb":{"@id":"https:\/\/portaltela.pt\/noticias\/2026\/04\/28\/chega-reune-conselheiros-para-marcar-convencao-e-enfrenta-novo-reves\/#breadcrumb"},"inLanguage":"pt-PT","potentialAction":[{"@type":"ReadAction","target":["https:\/\/portaltela.pt\/noticias\/2026\/04\/28\/chega-reune-conselheiros-para-marcar-convencao-e-enfrenta-novo-reves\/"]}]},{"@type":"ImageObject","inLanguage":"pt-PT","@id":"https:\/\/portaltela.pt\/noticias\/2026\/04\/28\/chega-reune-conselheiros-para-marcar-convencao-e-enfrenta-novo-reves\/#primaryimage","url":"https:\/\/portaltela.pt\/s.01k8rhncp4jt1\/2026\/04\/image-1575.jpg","contentUrl":"https:\/\/portaltela.pt\/s.01k8rhncp4jt1\/2026\/04\/image-1575.jpg","width":796,"height":448,"caption":"Andr\u00e9 Ventura anunciou em fevereiro a realiza\u00e7\u00e3o de um congresso eletivo e recandidatura \u00e0 lideran\u00e7a"},{"@type":"BreadcrumbList","@id":"https:\/\/portaltela.pt\/noticias\/2026\/04\/28\/chega-reune-conselheiros-para-marcar-convencao-e-enfrenta-novo-reves\/#breadcrumb","itemListElement":[{"@type":"ListItem","position":1,"name":"In\u00edcio","item":"https:\/\/portaltela.pt\/"},{"@type":"ListItem","position":2,"name":"Chega re\u00fane conselheiros para marcar Conven\u00e7\u00e3o e enfrenta novo rev\u00e9s"}]},{"@type":"WebSite","@id":"https:\/\/portaltela.pt\/#website","url":"https:\/\/portaltela.pt\/","name":"Portal Tela Portugal","description":"","potentialAction":[{"@type":"SearchAction","target":{"@type":"EntryPoint","urlTemplate":"https:\/\/portaltela.pt\/?s={search_term_string}"},"query-input":{"@type":"PropertyValueSpecification","valueRequired":true,"valueName":"search_term_string"}}],"inLanguage":"pt-PT"},{"@type":"Person","@id":"https:\/\/portaltela.pt\/#\/schema\/person\/c4278d4a6028830caff9ee44b42d32ed","name":"Telinha","image":{"@type":"ImageObject","inLanguage":"pt-PT","@id":"https:\/\/portaltela.pt\/s.01k8rhncp4jt1\/2025\/11\/talking-bot-125x125.png","url":"https:\/\/portaltela.pt\/s.01k8rhncp4jt1\/2025\/11\/talking-bot-125x125.png","contentUrl":"https:\/\/portaltela.pt\/s.01k8rhncp4jt1\/2025\/11\/talking-bot-125x125.png","caption":"Telinha"},"sameAs":["https:\/\/portaltela.pt\/"],"url":"https:\/\/portaltela.pt\/por\/367410592786\/"}]}},"_links":{"self":[{"href":"https:\/\/portaltela.pt\/api\/wp\/v2\/posts\/459269","targetHints":{"allow":["GET"]}}],"collection":[{"href":"https:\/\/portaltela.pt\/api\/wp\/v2\/posts"}],"about":[{"href":"https:\/\/portaltela.pt\/api\/wp\/v2\/types\/post"}],"author":[{"embeddable":true,"href":"https:\/\/portaltela.pt\/api\/wp\/v2\/users\/2"}],"replies":[{"embeddable":true,"href":"https:\/\/portaltela.pt\/api\/wp\/v2\/comments?post=459269"}],"version-history":[{"count":0,"href":"https:\/\/portaltela.pt\/api\/wp\/v2\/posts\/459269\/revisions"}],"wp:featuredmedia":[{"embeddable":true,"href":"https:\/\/portaltela.pt\/api\/wp\/v2\/media\/459272"}],"wp:attachment":[{"href":"https:\/\/portaltela.pt\/api\/wp\/v2\/media?parent=459269"}],"wp:term":[{"taxonomy":"category","embeddable":true,"href":"https:\/\/portaltela.pt\/api\/wp\/v2\/categories?post=459269"},{"taxonomy":"post_tag","embeddable":true,"href":"https:\/\/portaltela.pt\/api\/wp\/v2\/tags?post=459269"}],"curies":[{"name":"wp","href":"https:\/\/api.w.org\/{rel}","templated":true}]}}