{"id":459257,"date":"2026-04-28T04:17:57","date_gmt":"2026-04-28T07:17:57","guid":{"rendered":"https:\/\/portaltela.pt\/noticias\/2026\/04\/28\/maguire-destaca-evolucao-do-man-united-e-mira-amorim\/"},"modified":"2026-04-28T04:17:57","modified_gmt":"2026-04-28T07:17:57","slug":"maguire-destaca-evolucao-do-man-united-e-mira-amorim","status":"publish","type":"post","link":"https:\/\/portaltela.pt\/desporto\/futebol\/2026\/04\/28\/maguire-destaca-evolucao-do-man-united-e-mira-amorim\/","title":{"rendered":"Maguire destaca evolu\u00e7\u00e3o do Man. United e mira Amorim"},"content":{"rendered":"<p>O Manchester United isolou-se no 3.\u00ba lugar da Premier League ao vencer o Brentford por 2-1. Bruno Fernandes ascendeu \u00e0 lideran\u00e7a com mais uma assist\u00eancia, aproximando-se de igualar o recorde de passes para golo da liga. O regresso \u00e0 Liga dos Campe\u00f5es est\u00e1 mais pr\u00f3ximo.<\/p>\n<p>Harry Maguire, titular no centro da defesa, elogiou o trabalho de Michael Carrick desde a sua chegada e apontou melhorias em rela\u00e7\u00e3o ao per\u00edodo em que Ruben Amorim esteve no comando. O defesa ingl\u00eas referiu uma evolu\u00e7\u00e3o na capacidade de defender e de ser eficaz no ataque.<\/p>\n<p>O central destacou que os resultados contribu\u00edram para um ambiente mais positivo dentro da equipa. Referiu ainda que, em jogos inicialmente equilibrados, a equipa passou a demonstrar maior consist\u00eancia e confian\u00e7a, especialmente com uma linha defensiva de quatro que permite transi\u00e7\u00f5es mais r\u00e1pidas.<\/p>\n<h3>Avalia\u00e7\u00e3o do momento e pr\u00f3ximos passos<\/h3>\n<p>A equipa mostra-se mais s\u00f3lida defensivamente e mais assertiva no \u00faltimo ter\u00e7o. Os pr\u00f3ximos jogos v\u00e3o testar a continuidade do rendimento e o entrosamento entre Carrick e o plantel, numa corrida pela Liga dos Campe\u00f5es.<\/p>\n","protected":false},"excerpt":{"rendered":"<ul>\n<li>O Manchester United venceu o Brentford por 2-1, isolando-se no 3.\u00ba lugar da Premier League e aproximando-se da Liga dos Campe\u00f5es.<\/li>\n<li>Bruno Fernandes somou mais uma assist\u00eancia e est\u00e1 a um passe de igualar o recorde de assist\u00eancias da liga.<\/li>\n<li>Harry Maguire destacou o trabalho de Michael Carrick e apontou melhorias com a presen\u00e7a de Ruben Amorim na equipa.<\/li>\n<li>O central ingl\u00eas disse que, com Amorim, muitos jogos eram 50-50 e acabavam por perder, agora h\u00e1 mais equil\u00edbrio e efic\u00e1cia defensiva e ofensiva.<\/li>\n<li>Os resultados ajudaram a melhorar o ambiente, com a equipa a ganhar confian\u00e7a ap\u00f3s seis pontos nos dois encontros sob Carrick, e a evoluir como linha defensiva de quatro.<\/li>\n<\/ul>\n","protected":false},"author":2,"featured_media":459260,"comment_status":"closed","ping_status":"closed","sticky":false,"template":"","format":"standard","meta":{"footnotes":""},"categories":[21,24],"tags":[1941,32,3187,3369,1643,79],"class_list":["post-459257","post","type-post","status-publish","format-standard","has-post-thumbnail","hentry","category-desporto","category-futebol","tag-bruno-fernandes","tag-futebol","tag-manchester-united","tag-premier-league","tag-ruben-amorim","tag-uefa-champions-league"],"yoast_head":"<!-- This site is optimized with the Yoast SEO plugin v27.2 - https:\/\/yoast.com\/product\/yoast-seo-wordpress\/ -->\n<title>Maguire destaca evolu\u00e7\u00e3o do Man. United e mira Amorim - Portal Tela Portugal<\/title>\n<meta name=\"robots\" content=\"index, follow, max-snippet:-1, max-image-preview:large, max-video-preview:-1\" \/>\n<meta property=\"og:locale\" content=\"pt_PT\" \/>\n<meta property=\"og:type\" content=\"article\" \/>\n<meta property=\"og:title\" content=\"Maguire destaca evolu\u00e7\u00e3o do Man. United e mira Amorim - Portal Tela Portugal\" \/>\n<meta property=\"og:description\" content=\"O Manchester United venceu o Brentford por 2-1, isolando-se no 3.\u00ba lugar da Premier League e aproximando-se da Liga dos Campe\u00f5es. Bruno Fernandes somou mais uma assist\u00eancia e est\u00e1 a um passe de igualar o recorde de assist\u00eancias da liga. Harry Maguire destacou o trabalho de Michael Carrick e apontou melhorias com a presen\u00e7a de Ruben Amorim na equipa. O central ingl\u00eas disse que, com Amorim, muitos jogos eram 50-50 e acabavam por perder, agora h\u00e1 mais equil\u00edbrio e efic\u00e1cia defensiva e ofensiva. Os resultados ajudaram a melhorar o ambiente, com a equipa a ganhar confian\u00e7a ap\u00f3s seis pontos nos dois encontros sob Carrick, e a evoluir como linha defensiva de quatro.\" \/>\n<meta property=\"og:url\" content=\"https:\/\/portaltela.pt\/noticias\/2026\/04\/28\/maguire-destaca-evolucao-do-man-united-e-mira-amorim\/\" \/>\n<meta property=\"og:site_name\" content=\"Portal Tela Portugal\" \/>\n<meta property=\"article:published_time\" content=\"2026-04-28T07:17:57+00:00\" \/>\n<meta name=\"author\" content=\"Telinha\" \/>\n<meta name=\"twitter:card\" content=\"summary_large_image\" \/>\n<meta name=\"twitter:label1\" content=\"Escrito por\" \/>\n\t<meta name=\"twitter:data1\" content=\"Telinha\" \/>\n\t<meta name=\"twitter:label2\" content=\"Tempo estimado de leitura\" \/>\n\t<meta name=\"twitter:data2\" content=\"1 minuto\" \/>\n<script type=\"application\/ld+json\" class=\"yoast-schema-graph\">{\"@context\":\"https:\/\/schema.org\",\"@graph\":[{\"@type\":\"Article\",\"@id\":\"https:\/\/portaltela.pt\/noticias\/2026\/04\/28\/maguire-destaca-evolucao-do-man-united-e-mira-amorim\/#article\",\"isPartOf\":{\"@id\":\"https:\/\/portaltela.pt\/noticias\/2026\/04\/28\/maguire-destaca-evolucao-do-man-united-e-mira-amorim\/\"},\"author\":{\"name\":\"Telinha\",\"@id\":\"https:\/\/portaltela.pt\/#\/schema\/person\/c4278d4a6028830caff9ee44b42d32ed\"},\"headline\":\"Maguire destaca evolu\u00e7\u00e3o do Man. United e mira Amorim\",\"datePublished\":\"2026-04-28T07:17:57+00:00\",\"mainEntityOfPage\":{\"@id\":\"https:\/\/portaltela.pt\/noticias\/2026\/04\/28\/maguire-destaca-evolucao-do-man-united-e-mira-amorim\/\"},\"wordCount\":203,\"image\":{\"@id\":\"https:\/\/portaltela.pt\/noticias\/2026\/04\/28\/maguire-destaca-evolucao-do-man-united-e-mira-amorim\/#primaryimage\"},\"thumbnailUrl\":\"https:\/\/portaltela.pt\/s.01k8rhncp4jt1\/2026\/04\/img_920x518uu2026-04-28-02-04-07-2435681-im-639129386625567884.jpg\",\"keywords\":[\"Bruno Fernandes\",\"futebol\",\"Manchester United\",\"Premier League\",\"Ruben Amorim\",\"uefa champions league\"],\"articleSection\":[\"Desporto\",\"Futebol\"],\"inLanguage\":\"pt-PT\"},{\"@type\":\"WebPage\",\"@id\":\"https:\/\/portaltela.pt\/noticias\/2026\/04\/28\/maguire-destaca-evolucao-do-man-united-e-mira-amorim\/\",\"url\":\"https:\/\/portaltela.pt\/noticias\/2026\/04\/28\/maguire-destaca-evolucao-do-man-united-e-mira-amorim\/\",\"name\":\"Maguire destaca evolu\u00e7\u00e3o do Man. United e mira Amorim - Portal Tela Portugal\",\"isPartOf\":{\"@id\":\"https:\/\/portaltela.pt\/#website\"},\"primaryImageOfPage\":{\"@id\":\"https:\/\/portaltela.pt\/noticias\/2026\/04\/28\/maguire-destaca-evolucao-do-man-united-e-mira-amorim\/#primaryimage\"},\"image\":{\"@id\":\"https:\/\/portaltela.pt\/noticias\/2026\/04\/28\/maguire-destaca-evolucao-do-man-united-e-mira-amorim\/#primaryimage\"},\"thumbnailUrl\":\"https:\/\/portaltela.pt\/s.01k8rhncp4jt1\/2026\/04\/img_920x518uu2026-04-28-02-04-07-2435681-im-639129386625567884.jpg\",\"datePublished\":\"2026-04-28T07:17:57+00:00\",\"author\":{\"@id\":\"https:\/\/portaltela.pt\/#\/schema\/person\/c4278d4a6028830caff9ee44b42d32ed\"},\"breadcrumb\":{\"@id\":\"https:\/\/portaltela.pt\/noticias\/2026\/04\/28\/maguire-destaca-evolucao-do-man-united-e-mira-amorim\/#breadcrumb\"},\"inLanguage\":\"pt-PT\",\"potentialAction\":[{\"@type\":\"ReadAction\",\"target\":[\"https:\/\/portaltela.pt\/noticias\/2026\/04\/28\/maguire-destaca-evolucao-do-man-united-e-mira-amorim\/\"]}]},{\"@type\":\"ImageObject\",\"inLanguage\":\"pt-PT\",\"@id\":\"https:\/\/portaltela.pt\/noticias\/2026\/04\/28\/maguire-destaca-evolucao-do-man-united-e-mira-amorim\/#primaryimage\",\"url\":\"https:\/\/portaltela.pt\/s.01k8rhncp4jt1\/2026\/04\/img_920x518uu2026-04-28-02-04-07-2435681-im-639129386625567884.jpg\",\"contentUrl\":\"https:\/\/portaltela.pt\/s.01k8rhncp4jt1\/2026\/04\/img_920x518uu2026-04-28-02-04-07-2435681-im-639129386625567884.jpg\",\"width\":796,\"height\":448,\"caption\":\"Maguire, central do Manchester United\"},{\"@type\":\"BreadcrumbList\",\"@id\":\"https:\/\/portaltela.pt\/noticias\/2026\/04\/28\/maguire-destaca-evolucao-do-man-united-e-mira-amorim\/#breadcrumb\",\"itemListElement\":[{\"@type\":\"ListItem\",\"position\":1,\"name\":\"In\u00edcio\",\"item\":\"https:\/\/portaltela.pt\/\"},{\"@type\":\"ListItem\",\"position\":2,\"name\":\"Maguire destaca evolu\u00e7\u00e3o do Man. United e mira Amorim\"}]},{\"@type\":\"WebSite\",\"@id\":\"https:\/\/portaltela.pt\/#website\",\"url\":\"https:\/\/portaltela.pt\/\",\"name\":\"Portal Tela Portugal\",\"description\":\"\",\"potentialAction\":[{\"@type\":\"SearchAction\",\"target\":{\"@type\":\"EntryPoint\",\"urlTemplate\":\"https:\/\/portaltela.pt\/?s={search_term_string}\"},\"query-input\":{\"@type\":\"PropertyValueSpecification\",\"valueRequired\":true,\"valueName\":\"search_term_string\"}}],\"inLanguage\":\"pt-PT\"},{\"@type\":\"Person\",\"@id\":\"https:\/\/portaltela.pt\/#\/schema\/person\/c4278d4a6028830caff9ee44b42d32ed\",\"name\":\"Telinha\",\"image\":{\"@type\":\"ImageObject\",\"inLanguage\":\"pt-PT\",\"@id\":\"https:\/\/portaltela.pt\/s.01k8rhncp4jt1\/2025\/11\/talking-bot-125x125.png\",\"url\":\"https:\/\/portaltela.pt\/s.01k8rhncp4jt1\/2025\/11\/talking-bot-125x125.png\",\"contentUrl\":\"https:\/\/portaltela.pt\/s.01k8rhncp4jt1\/2025\/11\/talking-bot-125x125.png\",\"caption\":\"Telinha\"},\"sameAs\":[\"https:\/\/portaltela.pt\/\"],\"url\":\"https:\/\/portaltela.pt\/por\/367410592786\/\"}]}<\/script>\n<!-- \/ Yoast SEO plugin. -->","yoast_head_json":{"title":"Maguire destaca evolu\u00e7\u00e3o do Man. United e mira Amorim - Portal Tela Portugal","robots":{"index":"index","follow":"follow","max-snippet":"max-snippet:-1","max-image-preview":"max-image-preview:large","max-video-preview":"max-video-preview:-1"},"og_locale":"pt_PT","og_type":"article","og_title":"Maguire destaca evolu\u00e7\u00e3o do Man. United e mira Amorim - Portal Tela Portugal","og_description":"O Manchester United venceu o Brentford por 2-1, isolando-se no 3.\u00ba lugar da Premier League e aproximando-se da Liga dos Campe\u00f5es. Bruno Fernandes somou mais uma assist\u00eancia e est\u00e1 a um passe de igualar o recorde de assist\u00eancias da liga. Harry Maguire destacou o trabalho de Michael Carrick e apontou melhorias com a presen\u00e7a de Ruben Amorim na equipa. O central ingl\u00eas disse que, com Amorim, muitos jogos eram 50-50 e acabavam por perder, agora h\u00e1 mais equil\u00edbrio e efic\u00e1cia defensiva e ofensiva. Os resultados ajudaram a melhorar o ambiente, com a equipa a ganhar confian\u00e7a ap\u00f3s seis pontos nos dois encontros sob Carrick, e a evoluir como linha defensiva de quatro.","og_url":"https:\/\/portaltela.pt\/noticias\/2026\/04\/28\/maguire-destaca-evolucao-do-man-united-e-mira-amorim\/","og_site_name":"Portal Tela Portugal","article_published_time":"2026-04-28T07:17:57+00:00","author":"Telinha","twitter_card":"summary_large_image","twitter_misc":{"Escrito por":"Telinha","Tempo estimado de leitura":"1 minuto"},"schema":{"@context":"https:\/\/schema.org","@graph":[{"@type":"Article","@id":"https:\/\/portaltela.pt\/noticias\/2026\/04\/28\/maguire-destaca-evolucao-do-man-united-e-mira-amorim\/#article","isPartOf":{"@id":"https:\/\/portaltela.pt\/noticias\/2026\/04\/28\/maguire-destaca-evolucao-do-man-united-e-mira-amorim\/"},"author":{"name":"Telinha","@id":"https:\/\/portaltela.pt\/#\/schema\/person\/c4278d4a6028830caff9ee44b42d32ed"},"headline":"Maguire destaca evolu\u00e7\u00e3o do Man. United e mira Amorim","datePublished":"2026-04-28T07:17:57+00:00","mainEntityOfPage":{"@id":"https:\/\/portaltela.pt\/noticias\/2026\/04\/28\/maguire-destaca-evolucao-do-man-united-e-mira-amorim\/"},"wordCount":203,"image":{"@id":"https:\/\/portaltela.pt\/noticias\/2026\/04\/28\/maguire-destaca-evolucao-do-man-united-e-mira-amorim\/#primaryimage"},"thumbnailUrl":"https:\/\/portaltela.pt\/s.01k8rhncp4jt1\/2026\/04\/img_920x518uu2026-04-28-02-04-07-2435681-im-639129386625567884.jpg","keywords":["Bruno Fernandes","futebol","Manchester United","Premier League","Ruben Amorim","uefa champions league"],"articleSection":["Desporto","Futebol"],"inLanguage":"pt-PT"},{"@type":"WebPage","@id":"https:\/\/portaltela.pt\/noticias\/2026\/04\/28\/maguire-destaca-evolucao-do-man-united-e-mira-amorim\/","url":"https:\/\/portaltela.pt\/noticias\/2026\/04\/28\/maguire-destaca-evolucao-do-man-united-e-mira-amorim\/","name":"Maguire destaca evolu\u00e7\u00e3o do Man. United e mira Amorim - Portal Tela Portugal","isPartOf":{"@id":"https:\/\/portaltela.pt\/#website"},"primaryImageOfPage":{"@id":"https:\/\/portaltela.pt\/noticias\/2026\/04\/28\/maguire-destaca-evolucao-do-man-united-e-mira-amorim\/#primaryimage"},"image":{"@id":"https:\/\/portaltela.pt\/noticias\/2026\/04\/28\/maguire-destaca-evolucao-do-man-united-e-mira-amorim\/#primaryimage"},"thumbnailUrl":"https:\/\/portaltela.pt\/s.01k8rhncp4jt1\/2026\/04\/img_920x518uu2026-04-28-02-04-07-2435681-im-639129386625567884.jpg","datePublished":"2026-04-28T07:17:57+00:00","author":{"@id":"https:\/\/portaltela.pt\/#\/schema\/person\/c4278d4a6028830caff9ee44b42d32ed"},"breadcrumb":{"@id":"https:\/\/portaltela.pt\/noticias\/2026\/04\/28\/maguire-destaca-evolucao-do-man-united-e-mira-amorim\/#breadcrumb"},"inLanguage":"pt-PT","potentialAction":[{"@type":"ReadAction","target":["https:\/\/portaltela.pt\/noticias\/2026\/04\/28\/maguire-destaca-evolucao-do-man-united-e-mira-amorim\/"]}]},{"@type":"ImageObject","inLanguage":"pt-PT","@id":"https:\/\/portaltela.pt\/noticias\/2026\/04\/28\/maguire-destaca-evolucao-do-man-united-e-mira-amorim\/#primaryimage","url":"https:\/\/portaltela.pt\/s.01k8rhncp4jt1\/2026\/04\/img_920x518uu2026-04-28-02-04-07-2435681-im-639129386625567884.jpg","contentUrl":"https:\/\/portaltela.pt\/s.01k8rhncp4jt1\/2026\/04\/img_920x518uu2026-04-28-02-04-07-2435681-im-639129386625567884.jpg","width":796,"height":448,"caption":"Maguire, central do Manchester United"},{"@type":"BreadcrumbList","@id":"https:\/\/portaltela.pt\/noticias\/2026\/04\/28\/maguire-destaca-evolucao-do-man-united-e-mira-amorim\/#breadcrumb","itemListElement":[{"@type":"ListItem","position":1,"name":"In\u00edcio","item":"https:\/\/portaltela.pt\/"},{"@type":"ListItem","position":2,"name":"Maguire destaca evolu\u00e7\u00e3o do Man. United e mira Amorim"}]},{"@type":"WebSite","@id":"https:\/\/portaltela.pt\/#website","url":"https:\/\/portaltela.pt\/","name":"Portal Tela Portugal","description":"","potentialAction":[{"@type":"SearchAction","target":{"@type":"EntryPoint","urlTemplate":"https:\/\/portaltela.pt\/?s={search_term_string}"},"query-input":{"@type":"PropertyValueSpecification","valueRequired":true,"valueName":"search_term_string"}}],"inLanguage":"pt-PT"},{"@type":"Person","@id":"https:\/\/portaltela.pt\/#\/schema\/person\/c4278d4a6028830caff9ee44b42d32ed","name":"Telinha","image":{"@type":"ImageObject","inLanguage":"pt-PT","@id":"https:\/\/portaltela.pt\/s.01k8rhncp4jt1\/2025\/11\/talking-bot-125x125.png","url":"https:\/\/portaltela.pt\/s.01k8rhncp4jt1\/2025\/11\/talking-bot-125x125.png","contentUrl":"https:\/\/portaltela.pt\/s.01k8rhncp4jt1\/2025\/11\/talking-bot-125x125.png","caption":"Telinha"},"sameAs":["https:\/\/portaltela.pt\/"],"url":"https:\/\/portaltela.pt\/por\/367410592786\/"}]}},"_links":{"self":[{"href":"https:\/\/portaltela.pt\/api\/wp\/v2\/posts\/459257","targetHints":{"allow":["GET"]}}],"collection":[{"href":"https:\/\/portaltela.pt\/api\/wp\/v2\/posts"}],"about":[{"href":"https:\/\/portaltela.pt\/api\/wp\/v2\/types\/post"}],"author":[{"embeddable":true,"href":"https:\/\/portaltela.pt\/api\/wp\/v2\/users\/2"}],"replies":[{"embeddable":true,"href":"https:\/\/portaltela.pt\/api\/wp\/v2\/comments?post=459257"}],"version-history":[{"count":0,"href":"https:\/\/portaltela.pt\/api\/wp\/v2\/posts\/459257\/revisions"}],"wp:featuredmedia":[{"embeddable":true,"href":"https:\/\/portaltela.pt\/api\/wp\/v2\/media\/459260"}],"wp:attachment":[{"href":"https:\/\/portaltela.pt\/api\/wp\/v2\/media?parent=459257"}],"wp:term":[{"taxonomy":"category","embeddable":true,"href":"https:\/\/portaltela.pt\/api\/wp\/v2\/categories?post=459257"},{"taxonomy":"post_tag","embeddable":true,"href":"https:\/\/portaltela.pt\/api\/wp\/v2\/tags?post=459257"}],"curies":[{"name":"wp","href":"https:\/\/api.w.org\/{rel}","templated":true}]}}