{"id":459256,"date":"2026-04-28T04:17:54","date_gmt":"2026-04-28T07:17:54","guid":{"rendered":"https:\/\/portaltela.pt\/noticias\/2026\/04\/28\/rios-explica-como-mourinho-o-motiva-e-diz-que-nao-quer-real-madrid\/"},"modified":"2026-04-28T04:17:54","modified_gmt":"2026-04-28T07:17:54","slug":"rios-explica-como-mourinho-o-motiva-e-diz-que-nao-quer-real-madrid","status":"publish","type":"post","link":"https:\/\/portaltela.pt\/desporto\/futebol\/2026\/04\/28\/rios-explica-como-mourinho-o-motiva-e-diz-que-nao-quer-real-madrid\/","title":{"rendered":"R\u00edos explica como Mourinho o motiva e diz que n\u00e3o quer Real Madrid"},"content":{"rendered":"<p>Richard R\u00edos, m\u00e9dio do Benfica, descreveu em entrevista ao AS como Jos\u00e9 Mourinho mant\u00e9m o grupo motivado. O jogador colombiano sinalizou que, mesmo com conquistas, o treinador mant\u00e9m a ambi\u00e7\u00e3o em alta. Ele afirmou que prefere continuar a aprender ao lado de Mourinho.<\/p>\n<p>R\u00edos destacou a personalidade de Mourinho, referindo que o t\u00e9cnico tem um car\u00e1ter \u00fanico que inspira os jogadores. Segundo o m\u00e9dio, a capacidade de manter a ambi\u00e7\u00e3o intacta \u00e9 o que mais o motiva a evoluir dentro do clube.<\/p>\n<p>Sobre o futuro, o jogador de 25 anos tem contrato com o Benfica at\u00e9 2030 e n\u00e3o projeta sair brevemente. A hip\u00f3tese de regressar \u00e0 Liga espanhola n\u00e3o o ocupa, pois concentra-se no percurso em Portugal.<\/p>\n<h3>Ambi\u00e7\u00e3o de Mourinho e motiva\u00e7\u00e3o<\/h3>\n<p>O internacional colombiano afirmou que o regresso prov\u00e1vel do Special One ao Real Madrid n\u00e3o est\u00e1 em cima da mesa para j\u00e1. O foco de R\u00edos permanece no Benfica e no desenvolvimento cont\u00ednuo sob a orienta\u00e7\u00e3o do treinador.<\/p>\n<p>R\u00edos recordou que a adapta\u00e7\u00e3o a uma cultura nova foi desafiadora, mas reconheceu que o passo para Lisboa foi decisivo para a sua carreira. Sente-se feliz e confiante no momento presente, com motiva\u00e7\u00e3o para o que vem a seguir.<\/p>\n<h3>Contrato e perspectivas futuras<\/h3>\n<p>O jogador ressaltou ter um acordo s\u00f3lido com o clube at\u00e9 2030 e n\u00e3o antecipa mudan\u00e7as em breve. A estabilidade contratual permite-lhe manter o foco no rendimento dentro de campo e na evolu\u00e7\u00e3o no panorama portugu\u00eas.<\/p>\n","protected":false},"excerpt":{"rendered":"<ul>\n<li>Richard R\u00edos, m\u00e9dio do Benfica, explica em que modo Jos\u00e9 Mourinho mant\u00e9m a motiva\u00e7\u00e3o da equipa, referindo o car\u00e1ter e a ambi\u00e7\u00e3o do treinador como inspira\u00e7\u00f5es.<\/li>\n<li>O jogador afirmou que, apesar de tudo que Mourinho j\u00e1 ganhou, o Special One mant\u00e9m a ambi\u00e7\u00e3o \u201cintacta\u201d e motiva os atletas a quererem mais.<\/li>\n<li>Sobre o futuro, R\u00edos disse que tem contrato com o Benfica at\u00e9 2030 e que n\u00e3o lhe passa pela cabe\u00e7a sair para a liga espanhola neste momento.<\/li>\n<li>O colombiano, de 25 anos, revelou estar satisfeito em Lisboa, descrevendo a mudan\u00e7a para Portugal como um passo gigante na carreira e uma experi\u00eancia feliz.<\/li>\n<\/ul>\n","protected":false},"author":2,"featured_media":459259,"comment_status":"closed","ping_status":"closed","sticky":false,"template":"","format":"standard","meta":{"footnotes":""},"categories":[21,24],"tags":[8566,8613,7755,9794,9161,8062],"class_list":["post-459256","post","type-post","status-publish","format-standard","has-post-thumbnail","hentry","category-desporto","category-futebol","tag-_benfica","tag-_benfica-sad","tag-_futebol","tag-_jose-mourinho","tag-_la-liga","tag-_portugal"],"yoast_head":"<!-- This site is optimized with the Yoast SEO plugin v27.2 - https:\/\/yoast.com\/product\/yoast-seo-wordpress\/ -->\n<title>R\u00edos explica como Mourinho o motiva e diz que n\u00e3o quer Real Madrid - Portal Tela Portugal<\/title>\n<meta name=\"robots\" content=\"index, follow, max-snippet:-1, max-image-preview:large, max-video-preview:-1\" \/>\n<meta property=\"og:locale\" content=\"pt_PT\" \/>\n<meta property=\"og:type\" content=\"article\" \/>\n<meta property=\"og:title\" content=\"R\u00edos explica como Mourinho o motiva e diz que n\u00e3o quer Real Madrid - Portal Tela Portugal\" \/>\n<meta property=\"og:description\" content=\"Richard R\u00edos, m\u00e9dio do Benfica, explica em que modo Jos\u00e9 Mourinho mant\u00e9m a motiva\u00e7\u00e3o da equipa, referindo o car\u00e1ter e a ambi\u00e7\u00e3o do treinador como inspira\u00e7\u00f5es. O jogador afirmou que, apesar de tudo que Mourinho j\u00e1 ganhou, o Special One mant\u00e9m a ambi\u00e7\u00e3o \u201cintacta\u201d e motiva os atletas a quererem mais. Sobre o futuro, R\u00edos disse que tem contrato com o Benfica at\u00e9 2030 e que n\u00e3o lhe passa pela cabe\u00e7a sair para a liga espanhola neste momento. O colombiano, de 25 anos, revelou estar satisfeito em Lisboa, descrevendo a mudan\u00e7a para Portugal como um passo gigante na carreira e uma experi\u00eancia feliz.\" \/>\n<meta property=\"og:url\" content=\"https:\/\/portaltela.pt\/noticias\/2026\/04\/28\/rios-explica-como-mourinho-o-motiva-e-diz-que-nao-quer-real-madrid\/\" \/>\n<meta property=\"og:site_name\" content=\"Portal Tela Portugal\" \/>\n<meta property=\"article:published_time\" content=\"2026-04-28T07:17:54+00:00\" \/>\n<meta name=\"author\" content=\"Telinha\" \/>\n<meta name=\"twitter:card\" content=\"summary_large_image\" \/>\n<meta name=\"twitter:label1\" content=\"Escrito por\" \/>\n\t<meta name=\"twitter:data1\" content=\"Telinha\" \/>\n\t<meta name=\"twitter:label2\" content=\"Tempo estimado de leitura\" \/>\n\t<meta name=\"twitter:data2\" content=\"1 minuto\" \/>\n<script type=\"application\/ld+json\" class=\"yoast-schema-graph\">{\"@context\":\"https:\/\/schema.org\",\"@graph\":[{\"@type\":\"Article\",\"@id\":\"https:\/\/portaltela.pt\/noticias\/2026\/04\/28\/rios-explica-como-mourinho-o-motiva-e-diz-que-nao-quer-real-madrid\/#article\",\"isPartOf\":{\"@id\":\"https:\/\/portaltela.pt\/noticias\/2026\/04\/28\/rios-explica-como-mourinho-o-motiva-e-diz-que-nao-quer-real-madrid\/\"},\"author\":{\"name\":\"Telinha\",\"@id\":\"https:\/\/portaltela.pt\/#\/schema\/person\/c4278d4a6028830caff9ee44b42d32ed\"},\"headline\":\"R\u00edos explica como Mourinho o motiva e diz que n\u00e3o quer Real Madrid\",\"datePublished\":\"2026-04-28T07:17:54+00:00\",\"mainEntityOfPage\":{\"@id\":\"https:\/\/portaltela.pt\/noticias\/2026\/04\/28\/rios-explica-como-mourinho-o-motiva-e-diz-que-nao-quer-real-madrid\/\"},\"wordCount\":278,\"image\":{\"@id\":\"https:\/\/portaltela.pt\/noticias\/2026\/04\/28\/rios-explica-como-mourinho-o-motiva-e-diz-que-nao-quer-real-madrid\/#primaryimage\"},\"thumbnailUrl\":\"https:\/\/portaltela.pt\/s.01k8rhncp4jt1\/2026\/04\/img_920x518uu2026-01-16-15-41-38-2415153-im-639041749091332246.jpg\",\"keywords\":[\"_Benfica\",\"_Benfica SAD\",\"_futebol\",\"_Jos\u00e9 Mourinho\",\"_La Liga\",\"_Portugal\"],\"articleSection\":[\"Desporto\",\"Futebol\"],\"inLanguage\":\"pt-PT\"},{\"@type\":\"WebPage\",\"@id\":\"https:\/\/portaltela.pt\/noticias\/2026\/04\/28\/rios-explica-como-mourinho-o-motiva-e-diz-que-nao-quer-real-madrid\/\",\"url\":\"https:\/\/portaltela.pt\/noticias\/2026\/04\/28\/rios-explica-como-mourinho-o-motiva-e-diz-que-nao-quer-real-madrid\/\",\"name\":\"R\u00edos explica como Mourinho o motiva e diz que n\u00e3o quer Real Madrid - Portal Tela Portugal\",\"isPartOf\":{\"@id\":\"https:\/\/portaltela.pt\/#website\"},\"primaryImageOfPage\":{\"@id\":\"https:\/\/portaltela.pt\/noticias\/2026\/04\/28\/rios-explica-como-mourinho-o-motiva-e-diz-que-nao-quer-real-madrid\/#primaryimage\"},\"image\":{\"@id\":\"https:\/\/portaltela.pt\/noticias\/2026\/04\/28\/rios-explica-como-mourinho-o-motiva-e-diz-que-nao-quer-real-madrid\/#primaryimage\"},\"thumbnailUrl\":\"https:\/\/portaltela.pt\/s.01k8rhncp4jt1\/2026\/04\/img_920x518uu2026-01-16-15-41-38-2415153-im-639041749091332246.jpg\",\"datePublished\":\"2026-04-28T07:17:54+00:00\",\"author\":{\"@id\":\"https:\/\/portaltela.pt\/#\/schema\/person\/c4278d4a6028830caff9ee44b42d32ed\"},\"breadcrumb\":{\"@id\":\"https:\/\/portaltela.pt\/noticias\/2026\/04\/28\/rios-explica-como-mourinho-o-motiva-e-diz-que-nao-quer-real-madrid\/#breadcrumb\"},\"inLanguage\":\"pt-PT\",\"potentialAction\":[{\"@type\":\"ReadAction\",\"target\":[\"https:\/\/portaltela.pt\/noticias\/2026\/04\/28\/rios-explica-como-mourinho-o-motiva-e-diz-que-nao-quer-real-madrid\/\"]}]},{\"@type\":\"ImageObject\",\"inLanguage\":\"pt-PT\",\"@id\":\"https:\/\/portaltela.pt\/noticias\/2026\/04\/28\/rios-explica-como-mourinho-o-motiva-e-diz-que-nao-quer-real-madrid\/#primaryimage\",\"url\":\"https:\/\/portaltela.pt\/s.01k8rhncp4jt1\/2026\/04\/img_920x518uu2026-01-16-15-41-38-2415153-im-639041749091332246.jpg\",\"contentUrl\":\"https:\/\/portaltela.pt\/s.01k8rhncp4jt1\/2026\/04\/img_920x518uu2026-01-16-15-41-38-2415153-im-639041749091332246.jpg\",\"width\":796,\"height\":448,\"caption\":\"Mourinho com R\u00edos\"},{\"@type\":\"BreadcrumbList\",\"@id\":\"https:\/\/portaltela.pt\/noticias\/2026\/04\/28\/rios-explica-como-mourinho-o-motiva-e-diz-que-nao-quer-real-madrid\/#breadcrumb\",\"itemListElement\":[{\"@type\":\"ListItem\",\"position\":1,\"name\":\"In\u00edcio\",\"item\":\"https:\/\/portaltela.pt\/\"},{\"@type\":\"ListItem\",\"position\":2,\"name\":\"R\u00edos explica como Mourinho o motiva e diz que n\u00e3o quer Real Madrid\"}]},{\"@type\":\"WebSite\",\"@id\":\"https:\/\/portaltela.pt\/#website\",\"url\":\"https:\/\/portaltela.pt\/\",\"name\":\"Portal Tela Portugal\",\"description\":\"\",\"potentialAction\":[{\"@type\":\"SearchAction\",\"target\":{\"@type\":\"EntryPoint\",\"urlTemplate\":\"https:\/\/portaltela.pt\/?s={search_term_string}\"},\"query-input\":{\"@type\":\"PropertyValueSpecification\",\"valueRequired\":true,\"valueName\":\"search_term_string\"}}],\"inLanguage\":\"pt-PT\"},{\"@type\":\"Person\",\"@id\":\"https:\/\/portaltela.pt\/#\/schema\/person\/c4278d4a6028830caff9ee44b42d32ed\",\"name\":\"Telinha\",\"image\":{\"@type\":\"ImageObject\",\"inLanguage\":\"pt-PT\",\"@id\":\"https:\/\/portaltela.pt\/s.01k8rhncp4jt1\/2025\/11\/talking-bot-125x125.png\",\"url\":\"https:\/\/portaltela.pt\/s.01k8rhncp4jt1\/2025\/11\/talking-bot-125x125.png\",\"contentUrl\":\"https:\/\/portaltela.pt\/s.01k8rhncp4jt1\/2025\/11\/talking-bot-125x125.png\",\"caption\":\"Telinha\"},\"sameAs\":[\"https:\/\/portaltela.pt\/\"],\"url\":\"https:\/\/portaltela.pt\/por\/367410592786\/\"}]}<\/script>\n<!-- \/ Yoast SEO plugin. -->","yoast_head_json":{"title":"R\u00edos explica como Mourinho o motiva e diz que n\u00e3o quer Real Madrid - Portal Tela Portugal","robots":{"index":"index","follow":"follow","max-snippet":"max-snippet:-1","max-image-preview":"max-image-preview:large","max-video-preview":"max-video-preview:-1"},"og_locale":"pt_PT","og_type":"article","og_title":"R\u00edos explica como Mourinho o motiva e diz que n\u00e3o quer Real Madrid - Portal Tela Portugal","og_description":"Richard R\u00edos, m\u00e9dio do Benfica, explica em que modo Jos\u00e9 Mourinho mant\u00e9m a motiva\u00e7\u00e3o da equipa, referindo o car\u00e1ter e a ambi\u00e7\u00e3o do treinador como inspira\u00e7\u00f5es. O jogador afirmou que, apesar de tudo que Mourinho j\u00e1 ganhou, o Special One mant\u00e9m a ambi\u00e7\u00e3o \u201cintacta\u201d e motiva os atletas a quererem mais. Sobre o futuro, R\u00edos disse que tem contrato com o Benfica at\u00e9 2030 e que n\u00e3o lhe passa pela cabe\u00e7a sair para a liga espanhola neste momento. O colombiano, de 25 anos, revelou estar satisfeito em Lisboa, descrevendo a mudan\u00e7a para Portugal como um passo gigante na carreira e uma experi\u00eancia feliz.","og_url":"https:\/\/portaltela.pt\/noticias\/2026\/04\/28\/rios-explica-como-mourinho-o-motiva-e-diz-que-nao-quer-real-madrid\/","og_site_name":"Portal Tela Portugal","article_published_time":"2026-04-28T07:17:54+00:00","author":"Telinha","twitter_card":"summary_large_image","twitter_misc":{"Escrito por":"Telinha","Tempo estimado de leitura":"1 minuto"},"schema":{"@context":"https:\/\/schema.org","@graph":[{"@type":"Article","@id":"https:\/\/portaltela.pt\/noticias\/2026\/04\/28\/rios-explica-como-mourinho-o-motiva-e-diz-que-nao-quer-real-madrid\/#article","isPartOf":{"@id":"https:\/\/portaltela.pt\/noticias\/2026\/04\/28\/rios-explica-como-mourinho-o-motiva-e-diz-que-nao-quer-real-madrid\/"},"author":{"name":"Telinha","@id":"https:\/\/portaltela.pt\/#\/schema\/person\/c4278d4a6028830caff9ee44b42d32ed"},"headline":"R\u00edos explica como Mourinho o motiva e diz que n\u00e3o quer Real Madrid","datePublished":"2026-04-28T07:17:54+00:00","mainEntityOfPage":{"@id":"https:\/\/portaltela.pt\/noticias\/2026\/04\/28\/rios-explica-como-mourinho-o-motiva-e-diz-que-nao-quer-real-madrid\/"},"wordCount":278,"image":{"@id":"https:\/\/portaltela.pt\/noticias\/2026\/04\/28\/rios-explica-como-mourinho-o-motiva-e-diz-que-nao-quer-real-madrid\/#primaryimage"},"thumbnailUrl":"https:\/\/portaltela.pt\/s.01k8rhncp4jt1\/2026\/04\/img_920x518uu2026-01-16-15-41-38-2415153-im-639041749091332246.jpg","keywords":["_Benfica","_Benfica SAD","_futebol","_Jos\u00e9 Mourinho","_La Liga","_Portugal"],"articleSection":["Desporto","Futebol"],"inLanguage":"pt-PT"},{"@type":"WebPage","@id":"https:\/\/portaltela.pt\/noticias\/2026\/04\/28\/rios-explica-como-mourinho-o-motiva-e-diz-que-nao-quer-real-madrid\/","url":"https:\/\/portaltela.pt\/noticias\/2026\/04\/28\/rios-explica-como-mourinho-o-motiva-e-diz-que-nao-quer-real-madrid\/","name":"R\u00edos explica como Mourinho o motiva e diz que n\u00e3o quer Real Madrid - Portal Tela Portugal","isPartOf":{"@id":"https:\/\/portaltela.pt\/#website"},"primaryImageOfPage":{"@id":"https:\/\/portaltela.pt\/noticias\/2026\/04\/28\/rios-explica-como-mourinho-o-motiva-e-diz-que-nao-quer-real-madrid\/#primaryimage"},"image":{"@id":"https:\/\/portaltela.pt\/noticias\/2026\/04\/28\/rios-explica-como-mourinho-o-motiva-e-diz-que-nao-quer-real-madrid\/#primaryimage"},"thumbnailUrl":"https:\/\/portaltela.pt\/s.01k8rhncp4jt1\/2026\/04\/img_920x518uu2026-01-16-15-41-38-2415153-im-639041749091332246.jpg","datePublished":"2026-04-28T07:17:54+00:00","author":{"@id":"https:\/\/portaltela.pt\/#\/schema\/person\/c4278d4a6028830caff9ee44b42d32ed"},"breadcrumb":{"@id":"https:\/\/portaltela.pt\/noticias\/2026\/04\/28\/rios-explica-como-mourinho-o-motiva-e-diz-que-nao-quer-real-madrid\/#breadcrumb"},"inLanguage":"pt-PT","potentialAction":[{"@type":"ReadAction","target":["https:\/\/portaltela.pt\/noticias\/2026\/04\/28\/rios-explica-como-mourinho-o-motiva-e-diz-que-nao-quer-real-madrid\/"]}]},{"@type":"ImageObject","inLanguage":"pt-PT","@id":"https:\/\/portaltela.pt\/noticias\/2026\/04\/28\/rios-explica-como-mourinho-o-motiva-e-diz-que-nao-quer-real-madrid\/#primaryimage","url":"https:\/\/portaltela.pt\/s.01k8rhncp4jt1\/2026\/04\/img_920x518uu2026-01-16-15-41-38-2415153-im-639041749091332246.jpg","contentUrl":"https:\/\/portaltela.pt\/s.01k8rhncp4jt1\/2026\/04\/img_920x518uu2026-01-16-15-41-38-2415153-im-639041749091332246.jpg","width":796,"height":448,"caption":"Mourinho com R\u00edos"},{"@type":"BreadcrumbList","@id":"https:\/\/portaltela.pt\/noticias\/2026\/04\/28\/rios-explica-como-mourinho-o-motiva-e-diz-que-nao-quer-real-madrid\/#breadcrumb","itemListElement":[{"@type":"ListItem","position":1,"name":"In\u00edcio","item":"https:\/\/portaltela.pt\/"},{"@type":"ListItem","position":2,"name":"R\u00edos explica como Mourinho o motiva e diz que n\u00e3o quer Real Madrid"}]},{"@type":"WebSite","@id":"https:\/\/portaltela.pt\/#website","url":"https:\/\/portaltela.pt\/","name":"Portal Tela Portugal","description":"","potentialAction":[{"@type":"SearchAction","target":{"@type":"EntryPoint","urlTemplate":"https:\/\/portaltela.pt\/?s={search_term_string}"},"query-input":{"@type":"PropertyValueSpecification","valueRequired":true,"valueName":"search_term_string"}}],"inLanguage":"pt-PT"},{"@type":"Person","@id":"https:\/\/portaltela.pt\/#\/schema\/person\/c4278d4a6028830caff9ee44b42d32ed","name":"Telinha","image":{"@type":"ImageObject","inLanguage":"pt-PT","@id":"https:\/\/portaltela.pt\/s.01k8rhncp4jt1\/2025\/11\/talking-bot-125x125.png","url":"https:\/\/portaltela.pt\/s.01k8rhncp4jt1\/2025\/11\/talking-bot-125x125.png","contentUrl":"https:\/\/portaltela.pt\/s.01k8rhncp4jt1\/2025\/11\/talking-bot-125x125.png","caption":"Telinha"},"sameAs":["https:\/\/portaltela.pt\/"],"url":"https:\/\/portaltela.pt\/por\/367410592786\/"}]}},"_links":{"self":[{"href":"https:\/\/portaltela.pt\/api\/wp\/v2\/posts\/459256","targetHints":{"allow":["GET"]}}],"collection":[{"href":"https:\/\/portaltela.pt\/api\/wp\/v2\/posts"}],"about":[{"href":"https:\/\/portaltela.pt\/api\/wp\/v2\/types\/post"}],"author":[{"embeddable":true,"href":"https:\/\/portaltela.pt\/api\/wp\/v2\/users\/2"}],"replies":[{"embeddable":true,"href":"https:\/\/portaltela.pt\/api\/wp\/v2\/comments?post=459256"}],"version-history":[{"count":0,"href":"https:\/\/portaltela.pt\/api\/wp\/v2\/posts\/459256\/revisions"}],"wp:featuredmedia":[{"embeddable":true,"href":"https:\/\/portaltela.pt\/api\/wp\/v2\/media\/459259"}],"wp:attachment":[{"href":"https:\/\/portaltela.pt\/api\/wp\/v2\/media?parent=459256"}],"wp:term":[{"taxonomy":"category","embeddable":true,"href":"https:\/\/portaltela.pt\/api\/wp\/v2\/categories?post=459256"},{"taxonomy":"post_tag","embeddable":true,"href":"https:\/\/portaltela.pt\/api\/wp\/v2\/tags?post=459256"}],"curies":[{"name":"wp","href":"https:\/\/api.w.org\/{rel}","templated":true}]}}