{"id":459255,"date":"2026-04-28T04:17:53","date_gmt":"2026-04-28T07:17:53","guid":{"rendered":"https:\/\/portaltela.pt\/noticias\/2026\/04\/28\/pinotes-batista-se-ganhassem-os-que-choram-mais-o-fc-porto-ganharia-pontos\/"},"modified":"2026-04-28T04:17:53","modified_gmt":"2026-04-28T07:17:53","slug":"pinotes-batista-se-ganhassem-os-que-choram-mais-o-fc-porto-ganharia-pontos","status":"publish","type":"post","link":"https:\/\/portaltela.pt\/desporto\/futebol\/2026\/04\/28\/pinotes-batista-se-ganhassem-os-que-choram-mais-o-fc-porto-ganharia-pontos\/","title":{"rendered":"Pinotes Batista: se ganhassem os que choram mais, o FC Porto ganharia pontos"},"content":{"rendered":"<p>O comentador da CMTV Andr\u00e9 Pinotes Batista proferiu hoje uma an\u00e1lise sobre a corrida pelo t\u00edtulo de campe\u00e3o nacional. A interven\u00e7\u00e3o ocorreu durante uma emiss\u00e3o em que discutia o andamento da competi\u00e7\u00e3o em Portugal, com foco no FC Porto.<\/p>\n<p>Segundo o coment\u00e1rio, Pinotes Batista afirmou que, se fosse premiada a vit\u00f3ria dos que choram mais, o FC Porto ainda terminaria a \u00e9poca com mais pontos. A observa\u00e7\u00e3o insere-se no debate sobre o clima competitivo e as din\u00e2micas de apoio dos f\u00e3s na atual temporada.<\/p>\n<p>A declara\u00e7\u00e3o foi feita no contexto de uma bancada de an\u00e1lise televisiva, sem indica\u00e7\u00e3o de circunst\u00e2ncias adicionais. N\u00e3o houve confirma\u00e7\u00e3o de consequ\u00eancias oficiais associadas \u00e0 afirma\u00e7\u00e3o nem de coment\u00e1rios subsequentes por parte de entidades da liga. Fonte: Record.<\/p>\n","protected":false},"excerpt":{"rendered":"<ul>\n<li>O comentador da CMTV, Andr\u00e9 Pinotes Batista, comenta a corrida pelo t\u00edtulo de campe\u00e3o nacional.<\/li>\n<li>A declara\u00e7\u00e3o em destaque refere-se \u00e0 luta entre equipas pelo campeonato.<\/li>\n<li>Pinotes Batista disse: \u00abSe ganhassem os que choram mais, o FC Porto ainda ia ganhar com mais pontos\u00bb.<\/li>\n<li>A an\u00e1lise centra-se na perce\u00e7\u00e3o p\u00fablica sobre o desempenho das equipas durante a competi\u00e7\u00e3o.<\/li>\n<\/ul>\n","protected":false},"author":2,"featured_media":459258,"comment_status":"closed","ping_status":"closed","sticky":false,"template":"","format":"standard","meta":{"footnotes":""},"categories":[21,24],"tags":[8756,206,2028,32,982,1014],"class_list":["post-459255","post","type-post","status-publish","format-standard","has-post-thumbnail","hentry","category-desporto","category-futebol","tag-_1-a-liga","tag-analise","tag-fc-porto","tag-futebol","tag-porto","tag-portugal"],"yoast_head":"<!-- This site is optimized with the Yoast SEO plugin v27.2 - https:\/\/yoast.com\/product\/yoast-seo-wordpress\/ -->\n<title>Pinotes Batista: se ganhassem os que choram mais, o FC Porto ganharia pontos - Portal Tela Portugal<\/title>\n<meta name=\"robots\" content=\"index, follow, max-snippet:-1, max-image-preview:large, max-video-preview:-1\" \/>\n<meta property=\"og:locale\" content=\"pt_PT\" \/>\n<meta property=\"og:type\" content=\"article\" \/>\n<meta property=\"og:title\" content=\"Pinotes Batista: se ganhassem os que choram mais, o FC Porto ganharia pontos - Portal Tela Portugal\" \/>\n<meta property=\"og:description\" content=\"O comentador da CMTV, Andr\u00e9 Pinotes Batista, comenta a corrida pelo t\u00edtulo de campe\u00e3o nacional. A declara\u00e7\u00e3o em destaque refere-se \u00e0 luta entre equipas pelo campeonato. Pinotes Batista disse: \u00abSe ganhassem os que choram mais, o FC Porto ainda ia ganhar com mais pontos\u00bb. A an\u00e1lise centra-se na perce\u00e7\u00e3o p\u00fablica sobre o desempenho das equipas durante a competi\u00e7\u00e3o.\" \/>\n<meta property=\"og:url\" content=\"https:\/\/portaltela.pt\/noticias\/2026\/04\/28\/pinotes-batista-se-ganhassem-os-que-choram-mais-o-fc-porto-ganharia-pontos\/\" \/>\n<meta property=\"og:site_name\" content=\"Portal Tela Portugal\" \/>\n<meta property=\"article:published_time\" content=\"2026-04-28T07:17:53+00:00\" \/>\n<meta name=\"author\" content=\"Telinha\" \/>\n<meta name=\"twitter:card\" content=\"summary_large_image\" \/>\n<meta name=\"twitter:label1\" content=\"Escrito por\" \/>\n\t<meta name=\"twitter:data1\" content=\"Telinha\" \/>\n\t<meta name=\"twitter:label2\" content=\"Tempo estimado de leitura\" \/>\n\t<meta name=\"twitter:data2\" content=\"1 minuto\" \/>\n<script type=\"application\/ld+json\" class=\"yoast-schema-graph\">{\"@context\":\"https:\/\/schema.org\",\"@graph\":[{\"@type\":\"Article\",\"@id\":\"https:\/\/portaltela.pt\/noticias\/2026\/04\/28\/pinotes-batista-se-ganhassem-os-que-choram-mais-o-fc-porto-ganharia-pontos\/#article\",\"isPartOf\":{\"@id\":\"https:\/\/portaltela.pt\/noticias\/2026\/04\/28\/pinotes-batista-se-ganhassem-os-que-choram-mais-o-fc-porto-ganharia-pontos\/\"},\"author\":{\"name\":\"Telinha\",\"@id\":\"https:\/\/portaltela.pt\/#\/schema\/person\/c4278d4a6028830caff9ee44b42d32ed\"},\"headline\":\"Pinotes Batista: se ganhassem os que choram mais, o FC Porto ganharia pontos\",\"datePublished\":\"2026-04-28T07:17:53+00:00\",\"mainEntityOfPage\":{\"@id\":\"https:\/\/portaltela.pt\/noticias\/2026\/04\/28\/pinotes-batista-se-ganhassem-os-que-choram-mais-o-fc-porto-ganharia-pontos\/\"},\"wordCount\":154,\"image\":{\"@id\":\"https:\/\/portaltela.pt\/noticias\/2026\/04\/28\/pinotes-batista-se-ganhassem-os-que-choram-mais-o-fc-porto-ganharia-pontos\/#primaryimage\"},\"thumbnailUrl\":\"https:\/\/portaltela.pt\/s.01k8rhncp4jt1\/2026\/04\/img_1200x721uu2026-04-28-08-10-37-2435682.jpg\",\"keywords\":[\"_1.\u00aa Liga\",\"an\u00e1lise\",\"FC Porto\",\"futebol\",\"Porto\",\"Portugal\"],\"articleSection\":[\"Desporto\",\"Futebol\"],\"inLanguage\":\"pt-PT\"},{\"@type\":\"WebPage\",\"@id\":\"https:\/\/portaltela.pt\/noticias\/2026\/04\/28\/pinotes-batista-se-ganhassem-os-que-choram-mais-o-fc-porto-ganharia-pontos\/\",\"url\":\"https:\/\/portaltela.pt\/noticias\/2026\/04\/28\/pinotes-batista-se-ganhassem-os-que-choram-mais-o-fc-porto-ganharia-pontos\/\",\"name\":\"Pinotes Batista: se ganhassem os que choram mais, o FC Porto ganharia pontos - Portal Tela Portugal\",\"isPartOf\":{\"@id\":\"https:\/\/portaltela.pt\/#website\"},\"primaryImageOfPage\":{\"@id\":\"https:\/\/portaltela.pt\/noticias\/2026\/04\/28\/pinotes-batista-se-ganhassem-os-que-choram-mais-o-fc-porto-ganharia-pontos\/#primaryimage\"},\"image\":{\"@id\":\"https:\/\/portaltela.pt\/noticias\/2026\/04\/28\/pinotes-batista-se-ganhassem-os-que-choram-mais-o-fc-porto-ganharia-pontos\/#primaryimage\"},\"thumbnailUrl\":\"https:\/\/portaltela.pt\/s.01k8rhncp4jt1\/2026\/04\/img_1200x721uu2026-04-28-08-10-37-2435682.jpg\",\"datePublished\":\"2026-04-28T07:17:53+00:00\",\"author\":{\"@id\":\"https:\/\/portaltela.pt\/#\/schema\/person\/c4278d4a6028830caff9ee44b42d32ed\"},\"breadcrumb\":{\"@id\":\"https:\/\/portaltela.pt\/noticias\/2026\/04\/28\/pinotes-batista-se-ganhassem-os-que-choram-mais-o-fc-porto-ganharia-pontos\/#breadcrumb\"},\"inLanguage\":\"pt-PT\",\"potentialAction\":[{\"@type\":\"ReadAction\",\"target\":[\"https:\/\/portaltela.pt\/noticias\/2026\/04\/28\/pinotes-batista-se-ganhassem-os-que-choram-mais-o-fc-porto-ganharia-pontos\/\"]}]},{\"@type\":\"ImageObject\",\"inLanguage\":\"pt-PT\",\"@id\":\"https:\/\/portaltela.pt\/noticias\/2026\/04\/28\/pinotes-batista-se-ganhassem-os-que-choram-mais-o-fc-porto-ganharia-pontos\/#primaryimage\",\"url\":\"https:\/\/portaltela.pt\/s.01k8rhncp4jt1\/2026\/04\/img_1200x721uu2026-04-28-08-10-37-2435682.jpg\",\"contentUrl\":\"https:\/\/portaltela.pt\/s.01k8rhncp4jt1\/2026\/04\/img_1200x721uu2026-04-28-08-10-37-2435682.jpg\",\"width\":796,\"height\":448,\"caption\":\"Andr\u00e9 Pinotes Batista: \u00abSe ganhassem os que choram mais, o FC Porto ainda ia ganhar com mais pontos\u00bb\"},{\"@type\":\"BreadcrumbList\",\"@id\":\"https:\/\/portaltela.pt\/noticias\/2026\/04\/28\/pinotes-batista-se-ganhassem-os-que-choram-mais-o-fc-porto-ganharia-pontos\/#breadcrumb\",\"itemListElement\":[{\"@type\":\"ListItem\",\"position\":1,\"name\":\"In\u00edcio\",\"item\":\"https:\/\/portaltela.pt\/\"},{\"@type\":\"ListItem\",\"position\":2,\"name\":\"Pinotes Batista: se ganhassem os que choram mais, o FC Porto ganharia pontos\"}]},{\"@type\":\"WebSite\",\"@id\":\"https:\/\/portaltela.pt\/#website\",\"url\":\"https:\/\/portaltela.pt\/\",\"name\":\"Portal Tela Portugal\",\"description\":\"\",\"potentialAction\":[{\"@type\":\"SearchAction\",\"target\":{\"@type\":\"EntryPoint\",\"urlTemplate\":\"https:\/\/portaltela.pt\/?s={search_term_string}\"},\"query-input\":{\"@type\":\"PropertyValueSpecification\",\"valueRequired\":true,\"valueName\":\"search_term_string\"}}],\"inLanguage\":\"pt-PT\"},{\"@type\":\"Person\",\"@id\":\"https:\/\/portaltela.pt\/#\/schema\/person\/c4278d4a6028830caff9ee44b42d32ed\",\"name\":\"Telinha\",\"image\":{\"@type\":\"ImageObject\",\"inLanguage\":\"pt-PT\",\"@id\":\"https:\/\/portaltela.pt\/s.01k8rhncp4jt1\/2025\/11\/talking-bot-125x125.png\",\"url\":\"https:\/\/portaltela.pt\/s.01k8rhncp4jt1\/2025\/11\/talking-bot-125x125.png\",\"contentUrl\":\"https:\/\/portaltela.pt\/s.01k8rhncp4jt1\/2025\/11\/talking-bot-125x125.png\",\"caption\":\"Telinha\"},\"sameAs\":[\"https:\/\/portaltela.pt\/\"],\"url\":\"https:\/\/portaltela.pt\/por\/367410592786\/\"}]}<\/script>\n<!-- \/ Yoast SEO plugin. -->","yoast_head_json":{"title":"Pinotes Batista: se ganhassem os que choram mais, o FC Porto ganharia pontos - Portal Tela Portugal","robots":{"index":"index","follow":"follow","max-snippet":"max-snippet:-1","max-image-preview":"max-image-preview:large","max-video-preview":"max-video-preview:-1"},"og_locale":"pt_PT","og_type":"article","og_title":"Pinotes Batista: se ganhassem os que choram mais, o FC Porto ganharia pontos - Portal Tela Portugal","og_description":"O comentador da CMTV, Andr\u00e9 Pinotes Batista, comenta a corrida pelo t\u00edtulo de campe\u00e3o nacional. A declara\u00e7\u00e3o em destaque refere-se \u00e0 luta entre equipas pelo campeonato. Pinotes Batista disse: \u00abSe ganhassem os que choram mais, o FC Porto ainda ia ganhar com mais pontos\u00bb. A an\u00e1lise centra-se na perce\u00e7\u00e3o p\u00fablica sobre o desempenho das equipas durante a competi\u00e7\u00e3o.","og_url":"https:\/\/portaltela.pt\/noticias\/2026\/04\/28\/pinotes-batista-se-ganhassem-os-que-choram-mais-o-fc-porto-ganharia-pontos\/","og_site_name":"Portal Tela Portugal","article_published_time":"2026-04-28T07:17:53+00:00","author":"Telinha","twitter_card":"summary_large_image","twitter_misc":{"Escrito por":"Telinha","Tempo estimado de leitura":"1 minuto"},"schema":{"@context":"https:\/\/schema.org","@graph":[{"@type":"Article","@id":"https:\/\/portaltela.pt\/noticias\/2026\/04\/28\/pinotes-batista-se-ganhassem-os-que-choram-mais-o-fc-porto-ganharia-pontos\/#article","isPartOf":{"@id":"https:\/\/portaltela.pt\/noticias\/2026\/04\/28\/pinotes-batista-se-ganhassem-os-que-choram-mais-o-fc-porto-ganharia-pontos\/"},"author":{"name":"Telinha","@id":"https:\/\/portaltela.pt\/#\/schema\/person\/c4278d4a6028830caff9ee44b42d32ed"},"headline":"Pinotes Batista: se ganhassem os que choram mais, o FC Porto ganharia pontos","datePublished":"2026-04-28T07:17:53+00:00","mainEntityOfPage":{"@id":"https:\/\/portaltela.pt\/noticias\/2026\/04\/28\/pinotes-batista-se-ganhassem-os-que-choram-mais-o-fc-porto-ganharia-pontos\/"},"wordCount":154,"image":{"@id":"https:\/\/portaltela.pt\/noticias\/2026\/04\/28\/pinotes-batista-se-ganhassem-os-que-choram-mais-o-fc-porto-ganharia-pontos\/#primaryimage"},"thumbnailUrl":"https:\/\/portaltela.pt\/s.01k8rhncp4jt1\/2026\/04\/img_1200x721uu2026-04-28-08-10-37-2435682.jpg","keywords":["_1.\u00aa Liga","an\u00e1lise","FC Porto","futebol","Porto","Portugal"],"articleSection":["Desporto","Futebol"],"inLanguage":"pt-PT"},{"@type":"WebPage","@id":"https:\/\/portaltela.pt\/noticias\/2026\/04\/28\/pinotes-batista-se-ganhassem-os-que-choram-mais-o-fc-porto-ganharia-pontos\/","url":"https:\/\/portaltela.pt\/noticias\/2026\/04\/28\/pinotes-batista-se-ganhassem-os-que-choram-mais-o-fc-porto-ganharia-pontos\/","name":"Pinotes Batista: se ganhassem os que choram mais, o FC Porto ganharia pontos - Portal Tela Portugal","isPartOf":{"@id":"https:\/\/portaltela.pt\/#website"},"primaryImageOfPage":{"@id":"https:\/\/portaltela.pt\/noticias\/2026\/04\/28\/pinotes-batista-se-ganhassem-os-que-choram-mais-o-fc-porto-ganharia-pontos\/#primaryimage"},"image":{"@id":"https:\/\/portaltela.pt\/noticias\/2026\/04\/28\/pinotes-batista-se-ganhassem-os-que-choram-mais-o-fc-porto-ganharia-pontos\/#primaryimage"},"thumbnailUrl":"https:\/\/portaltela.pt\/s.01k8rhncp4jt1\/2026\/04\/img_1200x721uu2026-04-28-08-10-37-2435682.jpg","datePublished":"2026-04-28T07:17:53+00:00","author":{"@id":"https:\/\/portaltela.pt\/#\/schema\/person\/c4278d4a6028830caff9ee44b42d32ed"},"breadcrumb":{"@id":"https:\/\/portaltela.pt\/noticias\/2026\/04\/28\/pinotes-batista-se-ganhassem-os-que-choram-mais-o-fc-porto-ganharia-pontos\/#breadcrumb"},"inLanguage":"pt-PT","potentialAction":[{"@type":"ReadAction","target":["https:\/\/portaltela.pt\/noticias\/2026\/04\/28\/pinotes-batista-se-ganhassem-os-que-choram-mais-o-fc-porto-ganharia-pontos\/"]}]},{"@type":"ImageObject","inLanguage":"pt-PT","@id":"https:\/\/portaltela.pt\/noticias\/2026\/04\/28\/pinotes-batista-se-ganhassem-os-que-choram-mais-o-fc-porto-ganharia-pontos\/#primaryimage","url":"https:\/\/portaltela.pt\/s.01k8rhncp4jt1\/2026\/04\/img_1200x721uu2026-04-28-08-10-37-2435682.jpg","contentUrl":"https:\/\/portaltela.pt\/s.01k8rhncp4jt1\/2026\/04\/img_1200x721uu2026-04-28-08-10-37-2435682.jpg","width":796,"height":448,"caption":"Andr\u00e9 Pinotes Batista: \u00abSe ganhassem os que choram mais, o FC Porto ainda ia ganhar com mais pontos\u00bb"},{"@type":"BreadcrumbList","@id":"https:\/\/portaltela.pt\/noticias\/2026\/04\/28\/pinotes-batista-se-ganhassem-os-que-choram-mais-o-fc-porto-ganharia-pontos\/#breadcrumb","itemListElement":[{"@type":"ListItem","position":1,"name":"In\u00edcio","item":"https:\/\/portaltela.pt\/"},{"@type":"ListItem","position":2,"name":"Pinotes Batista: se ganhassem os que choram mais, o FC Porto ganharia pontos"}]},{"@type":"WebSite","@id":"https:\/\/portaltela.pt\/#website","url":"https:\/\/portaltela.pt\/","name":"Portal Tela Portugal","description":"","potentialAction":[{"@type":"SearchAction","target":{"@type":"EntryPoint","urlTemplate":"https:\/\/portaltela.pt\/?s={search_term_string}"},"query-input":{"@type":"PropertyValueSpecification","valueRequired":true,"valueName":"search_term_string"}}],"inLanguage":"pt-PT"},{"@type":"Person","@id":"https:\/\/portaltela.pt\/#\/schema\/person\/c4278d4a6028830caff9ee44b42d32ed","name":"Telinha","image":{"@type":"ImageObject","inLanguage":"pt-PT","@id":"https:\/\/portaltela.pt\/s.01k8rhncp4jt1\/2025\/11\/talking-bot-125x125.png","url":"https:\/\/portaltela.pt\/s.01k8rhncp4jt1\/2025\/11\/talking-bot-125x125.png","contentUrl":"https:\/\/portaltela.pt\/s.01k8rhncp4jt1\/2025\/11\/talking-bot-125x125.png","caption":"Telinha"},"sameAs":["https:\/\/portaltela.pt\/"],"url":"https:\/\/portaltela.pt\/por\/367410592786\/"}]}},"_links":{"self":[{"href":"https:\/\/portaltela.pt\/api\/wp\/v2\/posts\/459255","targetHints":{"allow":["GET"]}}],"collection":[{"href":"https:\/\/portaltela.pt\/api\/wp\/v2\/posts"}],"about":[{"href":"https:\/\/portaltela.pt\/api\/wp\/v2\/types\/post"}],"author":[{"embeddable":true,"href":"https:\/\/portaltela.pt\/api\/wp\/v2\/users\/2"}],"replies":[{"embeddable":true,"href":"https:\/\/portaltela.pt\/api\/wp\/v2\/comments?post=459255"}],"version-history":[{"count":0,"href":"https:\/\/portaltela.pt\/api\/wp\/v2\/posts\/459255\/revisions"}],"wp:featuredmedia":[{"embeddable":true,"href":"https:\/\/portaltela.pt\/api\/wp\/v2\/media\/459258"}],"wp:attachment":[{"href":"https:\/\/portaltela.pt\/api\/wp\/v2\/media?parent=459255"}],"wp:term":[{"taxonomy":"category","embeddable":true,"href":"https:\/\/portaltela.pt\/api\/wp\/v2\/categories?post=459255"},{"taxonomy":"post_tag","embeddable":true,"href":"https:\/\/portaltela.pt\/api\/wp\/v2\/tags?post=459255"}],"curies":[{"name":"wp","href":"https:\/\/api.w.org\/{rel}","templated":true}]}}