{"id":459227,"date":"2026-04-28T03:48:01","date_gmt":"2026-04-28T06:48:01","guid":{"rendered":"https:\/\/portaltela.pt\/noticias\/2026\/04\/28\/governo-aprova-e-apresenta-versao-final-do-ptrr-tres-meses-apos-tempestade-kristin\/"},"modified":"2026-04-28T03:48:01","modified_gmt":"2026-04-28T06:48:01","slug":"governo-aprova-e-apresenta-versao-final-do-ptrr-tres-meses-apos-tempestade-kristin","status":"publish","type":"post","link":"https:\/\/portaltela.pt\/noticias\/2026\/04\/28\/governo-aprova-e-apresenta-versao-final-do-ptrr-tres-meses-apos-tempestade-kristin\/","title":{"rendered":"Governo aprova e apresenta vers\u00e3o final do PTRR tr\u00eas meses ap\u00f3s tempestade Kristin"},"content":{"rendered":"<p>O Governo vai aprovar e apresentar nesta ter\u00e7a-feira a vers\u00e3o final do programa Portugal Transforma\u00e7\u00e3o, Recupera\u00e7\u00e3o e Resili\u00eancia (PTRR). A cerim\u00f3nia ocorre \u00e0s 17h00, no Pavilh\u00e3o de Portugal, em Lisboa, com o primeiro-ministro a apresentar o documento de forma transversal.<\/p>\n<p>A aprova\u00e7\u00e3o acontece tr\u00eas meses depois da depress\u00e3o Kristin e a um ano do apag\u00e3o que afetou Portugal e Espanha. O PTRR surge ap\u00f3s um Conselho de Ministros extraordin\u00e1rio que definiu o desenho final do programa, com o an\u00fancio do envelope financeiro global a cargo do presidente do Governo.<\/p>\n<p>O PTRR resulta da resposta do Executivo \u00e0s consequ\u00eancias das depress\u00f5es Kristin, Leonardo e Marta, que causaram 19 mortes e v\u00e1rias centenas de feridos, desalojados e deslocados. O Governo mobilizou cerca de 3,5 mil milh\u00f5es de euros em medidas diretas, morat\u00f3rias e linhas de cr\u00e9dito.<\/p>\n<p>At\u00e9 \u00e0 semana passada, j\u00e1 tinham sido apresentadas cerca de 65 mil candidaturas a v\u00e1rias linhas de apoio, nas \u00e1reas da agricultura, Seguran\u00e7a Social, Autoridade Tribut\u00e1ria e Instituto de Emprego. Destas, quase 36 mil destinam-se \u00e0 reconstru\u00e7\u00e3o de habita\u00e7\u00f5es.<\/p>\n<p>Paulo Fernandes, coordenador da Estrutura de Miss\u00e3o para a reconstru\u00e7\u00e3o da regi\u00e3o Centro, indicou que o valor total efetivamente entregue a pessoas, empresas e entidades p\u00fablicas se situa perto de 2 mil milh\u00f5es de euros. O montante inclui pagamentos diretos, subs\u00eddios e cr\u00e9ditos.<\/p>\n<p>O Governo apresentou, em 13 de abril, um pedido de apoio ao Fundo de Solidariedade da Uni\u00e3o Europeia (FSUE), com preju\u00edzos declarados superiores a 5,3 mil milh\u00f5es de euros devido ao mau tempo. O pedido est\u00e1 em avalia\u00e7\u00e3o pela UE.<\/p>\n<h3>Pilares do PTRR<\/h3>\n<p>No \u00e2mbito da primeira fase, o PTRR aposta na recupera\u00e7\u00e3o imediata das popula\u00e7\u00f5es e empresas afetadas. O segundo pilar foca-se na resili\u00eancia das infraestruturas, com planos para \u00e1gua, floresta, sismo, energia, comunica\u00e7\u00f5es e ciberseguran\u00e7a, incluindo a reforma do INEM, da Prote\u00e7\u00e3o Civil e da seguran\u00e7a das infraestruturas cr\u00edticas.<\/p>\n<p>O terceiro pilar abrange a transforma\u00e7\u00e3o, integrando outras reformas em curso. O programa tem metas de curto prazo at\u00e9 ao fim do ano, de m\u00e9dio prazo at\u00e9 2029 e de longo prazo at\u00e9 2034, alinhadas com o pr\u00f3ximo Quadro Financeiro Plurianual da UE.<\/p>\n<p>Entre as medidas previstas est\u00e3o a cria\u00e7\u00e3o de uma Rede Cr\u00edtica de Reserva de Energia para Emerg\u00eancia e a avalia\u00e7\u00e3o de um Fundo de Cat\u00e1strofes e Sismos. Tamb\u00e9m est\u00e1 prevista a maquinaria para equipar freguesias com geradores, rede SIRESP e liga\u00e7\u00f5es sat\u00e9lite via Starlink.<\/p>\n<p>O documento preliminar apontava a limita\u00e7\u00e3o de novos canais de entrada de imigrantes, privilegiando a m\u00e3o de obra local. O objetivo seria orientar a procura por m\u00e3o-de-obra para o mercado nacional, recorrendo apenas a recursos da rede consular e ao protocolo de Migra\u00e7\u00e3o Laboral Regulado, conhecido como Via Verde.<\/p>\n","protected":false},"excerpt":{"rendered":"<ul>\n<li>O Governo vai aprovar e apresentar a vers\u00e3o final do PTRR (Portugal Transforma\u00e7\u00e3o, Recupera\u00e7\u00e3o e Resili\u00eancia) tr\u00eas meses ap\u00f3s a tempestade Kristin, numa cerim\u00f3nia \u00e0s 17h00 no Pavilh\u00e3o de Portugal, em Lisboa.<\/li>\n<li>O programa fica estruturado em tr\u00eas pilares: recupera\u00e7\u00e3o (popula\u00e7\u00f5es e empresas afetadas), resili\u00eancia (infraestruturas, planeamento e adapta\u00e7\u00e3o) e transforma\u00e7\u00e3o (reformas em curso).<\/li>\n<li>O montante total de apoio j\u00e1 dispon\u00edvel ascende a 3,5 mil milh\u00f5es de euros, com medidas diretas, morat\u00f3rias e linhas de cr\u00e9dito, alvo de cr\u00edticas pela morosidade na \ubd80ria dos pagamentos.<\/li>\n<li>At\u00e9 agora foram apresentadas cerca de 65 mil candidaturas \u00e0s linhas de apoio, destacando-se quase 36 mil para reconstru\u00e7\u00e3o de habita\u00e7\u00f5es; o valor total pago \u00e0s pessoas, empresas e entidades p\u00fablicas est\u00e1 perto de 2 mil milh\u00f5es.<\/li>\n<li>O Governo solicitou apoio ao Fundo de Solidariedade da Uni\u00e3o Europeia (FSUE) por preju\u00edzos superiores a 5,3 mil milh\u00f5es de euros; o PTRR prev\u00ea ainda medidas como rede cr\u00edtica de reserva de energia, geradores para freguesias e liga\u00e7\u00f5es Starlink.<\/li>\n<\/ul>\n","protected":false},"author":2,"featured_media":459228,"comment_status":"closed","ping_status":"closed","sticky":false,"template":"","format":"standard","meta":{"footnotes":""},"categories":[7380,1],"tags":[7922,7791,8044,8535,8056,5888],"class_list":["post-459227","post","type-post","status-publish","format-standard","has-post-thumbnail","hentry","category-clima","category-noticias","tag-_catastrofes-naturais","tag-_habitacao","tag-_protecao-civil","tag-_recuperacao-economica","tag-_uniao-europeia","tag-fundo-de-catastrofes"],"yoast_head":"<!-- This site is optimized with the Yoast SEO plugin v27.2 - https:\/\/yoast.com\/product\/yoast-seo-wordpress\/ -->\n<title>Governo aprova e apresenta vers\u00e3o final do PTRR tr\u00eas meses ap\u00f3s tempestade Kristin - Portal Tela Portugal<\/title>\n<meta name=\"robots\" content=\"index, follow, max-snippet:-1, max-image-preview:large, max-video-preview:-1\" \/>\n<meta property=\"og:locale\" content=\"pt_PT\" \/>\n<meta property=\"og:type\" content=\"article\" \/>\n<meta property=\"og:title\" content=\"Governo aprova e apresenta vers\u00e3o final do PTRR tr\u00eas meses ap\u00f3s tempestade Kristin - Portal Tela Portugal\" \/>\n<meta property=\"og:description\" content=\"O Governo vai aprovar e apresentar a vers\u00e3o final do PTRR (Portugal Transforma\u00e7\u00e3o, Recupera\u00e7\u00e3o e Resili\u00eancia) tr\u00eas meses ap\u00f3s a tempestade Kristin, numa cerim\u00f3nia \u00e0s 17h00 no Pavilh\u00e3o de Portugal, em Lisboa. O programa fica estruturado em tr\u00eas pilares: recupera\u00e7\u00e3o (popula\u00e7\u00f5es e empresas afetadas), resili\u00eancia (infraestruturas, planeamento e adapta\u00e7\u00e3o) e transforma\u00e7\u00e3o (reformas em curso). O montante total de apoio j\u00e1 dispon\u00edvel ascende a 3,5 mil milh\u00f5es de euros, com medidas diretas, morat\u00f3rias e linhas de cr\u00e9dito, alvo de cr\u00edticas pela morosidade na \ubd80ria dos pagamentos. At\u00e9 agora foram apresentadas cerca de 65 mil candidaturas \u00e0s linhas de apoio, destacando-se quase 36 mil para reconstru\u00e7\u00e3o de habita\u00e7\u00f5es; o valor total pago \u00e0s pessoas, empresas e entidades p\u00fablicas est\u00e1 perto de 2 mil milh\u00f5es. O Governo solicitou apoio ao Fundo de Solidariedade da Uni\u00e3o Europeia (FSUE) por preju\u00edzos superiores a 5,3 mil milh\u00f5es de euros; o PTRR prev\u00ea ainda medidas como rede cr\u00edtica de reserva de energia, geradores para freguesias e liga\u00e7\u00f5es Starlink.\" \/>\n<meta property=\"og:url\" content=\"https:\/\/portaltela.pt\/noticias\/2026\/04\/28\/governo-aprova-e-apresenta-versao-final-do-ptrr-tres-meses-apos-tempestade-kristin\/\" \/>\n<meta property=\"og:site_name\" content=\"Portal Tela Portugal\" \/>\n<meta property=\"article:published_time\" content=\"2026-04-28T06:48:01+00:00\" \/>\n<meta name=\"author\" content=\"Telinha\" \/>\n<meta name=\"twitter:card\" content=\"summary_large_image\" \/>\n<meta name=\"twitter:label1\" content=\"Escrito por\" \/>\n\t<meta name=\"twitter:data1\" content=\"Telinha\" \/>\n\t<meta name=\"twitter:label2\" content=\"Tempo estimado de leitura\" \/>\n\t<meta name=\"twitter:data2\" content=\"2 minutos\" \/>\n<script type=\"application\/ld+json\" class=\"yoast-schema-graph\">{\"@context\":\"https:\/\/schema.org\",\"@graph\":[{\"@type\":\"Article\",\"@id\":\"https:\/\/portaltela.pt\/noticias\/2026\/04\/28\/governo-aprova-e-apresenta-versao-final-do-ptrr-tres-meses-apos-tempestade-kristin\/#article\",\"isPartOf\":{\"@id\":\"https:\/\/portaltela.pt\/noticias\/2026\/04\/28\/governo-aprova-e-apresenta-versao-final-do-ptrr-tres-meses-apos-tempestade-kristin\/\"},\"author\":{\"name\":\"Telinha\",\"@id\":\"https:\/\/portaltela.pt\/#\/schema\/person\/c4278d4a6028830caff9ee44b42d32ed\"},\"headline\":\"Governo aprova e apresenta vers\u00e3o final do PTRR tr\u00eas meses ap\u00f3s tempestade Kristin\",\"datePublished\":\"2026-04-28T06:48:01+00:00\",\"mainEntityOfPage\":{\"@id\":\"https:\/\/portaltela.pt\/noticias\/2026\/04\/28\/governo-aprova-e-apresenta-versao-final-do-ptrr-tres-meses-apos-tempestade-kristin\/\"},\"wordCount\":508,\"image\":{\"@id\":\"https:\/\/portaltela.pt\/noticias\/2026\/04\/28\/governo-aprova-e-apresenta-versao-final-do-ptrr-tres-meses-apos-tempestade-kristin\/#primaryimage\"},\"thumbnailUrl\":\"https:\/\/portaltela.pt\/s.01k8rhncp4jt1\/2026\/04\/img_1280x721uu2025-06-17-10-53-00-2216880.jpg\",\"keywords\":[\"_cat\u00e1strofes naturais\",\"_habita\u00e7\u00e3o\",\"_prote\u00e7\u00e3o civil\",\"_recupera\u00e7\u00e3o econ\u00f4mica\",\"_Uni\u00e3o Europeia\",\"Fundo de Cat\u00e1strofes\"],\"articleSection\":[\"Clima\",\"Not\u00edcias\"],\"inLanguage\":\"pt-PT\"},{\"@type\":\"WebPage\",\"@id\":\"https:\/\/portaltela.pt\/noticias\/2026\/04\/28\/governo-aprova-e-apresenta-versao-final-do-ptrr-tres-meses-apos-tempestade-kristin\/\",\"url\":\"https:\/\/portaltela.pt\/noticias\/2026\/04\/28\/governo-aprova-e-apresenta-versao-final-do-ptrr-tres-meses-apos-tempestade-kristin\/\",\"name\":\"Governo aprova e apresenta vers\u00e3o final do PTRR tr\u00eas meses ap\u00f3s tempestade Kristin - Portal Tela Portugal\",\"isPartOf\":{\"@id\":\"https:\/\/portaltela.pt\/#website\"},\"primaryImageOfPage\":{\"@id\":\"https:\/\/portaltela.pt\/noticias\/2026\/04\/28\/governo-aprova-e-apresenta-versao-final-do-ptrr-tres-meses-apos-tempestade-kristin\/#primaryimage\"},\"image\":{\"@id\":\"https:\/\/portaltela.pt\/noticias\/2026\/04\/28\/governo-aprova-e-apresenta-versao-final-do-ptrr-tres-meses-apos-tempestade-kristin\/#primaryimage\"},\"thumbnailUrl\":\"https:\/\/portaltela.pt\/s.01k8rhncp4jt1\/2026\/04\/img_1280x721uu2025-06-17-10-53-00-2216880.jpg\",\"datePublished\":\"2026-04-28T06:48:01+00:00\",\"author\":{\"@id\":\"https:\/\/portaltela.pt\/#\/schema\/person\/c4278d4a6028830caff9ee44b42d32ed\"},\"breadcrumb\":{\"@id\":\"https:\/\/portaltela.pt\/noticias\/2026\/04\/28\/governo-aprova-e-apresenta-versao-final-do-ptrr-tres-meses-apos-tempestade-kristin\/#breadcrumb\"},\"inLanguage\":\"pt-PT\",\"potentialAction\":[{\"@type\":\"ReadAction\",\"target\":[\"https:\/\/portaltela.pt\/noticias\/2026\/04\/28\/governo-aprova-e-apresenta-versao-final-do-ptrr-tres-meses-apos-tempestade-kristin\/\"]}]},{\"@type\":\"ImageObject\",\"inLanguage\":\"pt-PT\",\"@id\":\"https:\/\/portaltela.pt\/noticias\/2026\/04\/28\/governo-aprova-e-apresenta-versao-final-do-ptrr-tres-meses-apos-tempestade-kristin\/#primaryimage\",\"url\":\"https:\/\/portaltela.pt\/s.01k8rhncp4jt1\/2026\/04\/img_1280x721uu2025-06-17-10-53-00-2216880.jpg\",\"contentUrl\":\"https:\/\/portaltela.pt\/s.01k8rhncp4jt1\/2026\/04\/img_1280x721uu2025-06-17-10-53-00-2216880.jpg\",\"width\":1280,\"height\":721,\"caption\":\"Lu\u00eds Montenegro apresenta programa do XXV Governo\"},{\"@type\":\"BreadcrumbList\",\"@id\":\"https:\/\/portaltela.pt\/noticias\/2026\/04\/28\/governo-aprova-e-apresenta-versao-final-do-ptrr-tres-meses-apos-tempestade-kristin\/#breadcrumb\",\"itemListElement\":[{\"@type\":\"ListItem\",\"position\":1,\"name\":\"In\u00edcio\",\"item\":\"https:\/\/portaltela.pt\/\"},{\"@type\":\"ListItem\",\"position\":2,\"name\":\"Governo aprova e apresenta vers\u00e3o final do PTRR tr\u00eas meses ap\u00f3s tempestade Kristin\"}]},{\"@type\":\"WebSite\",\"@id\":\"https:\/\/portaltela.pt\/#website\",\"url\":\"https:\/\/portaltela.pt\/\",\"name\":\"Portal Tela Portugal\",\"description\":\"\",\"potentialAction\":[{\"@type\":\"SearchAction\",\"target\":{\"@type\":\"EntryPoint\",\"urlTemplate\":\"https:\/\/portaltela.pt\/?s={search_term_string}\"},\"query-input\":{\"@type\":\"PropertyValueSpecification\",\"valueRequired\":true,\"valueName\":\"search_term_string\"}}],\"inLanguage\":\"pt-PT\"},{\"@type\":\"Person\",\"@id\":\"https:\/\/portaltela.pt\/#\/schema\/person\/c4278d4a6028830caff9ee44b42d32ed\",\"name\":\"Telinha\",\"image\":{\"@type\":\"ImageObject\",\"inLanguage\":\"pt-PT\",\"@id\":\"https:\/\/portaltela.pt\/s.01k8rhncp4jt1\/2025\/11\/talking-bot-125x125.png\",\"url\":\"https:\/\/portaltela.pt\/s.01k8rhncp4jt1\/2025\/11\/talking-bot-125x125.png\",\"contentUrl\":\"https:\/\/portaltela.pt\/s.01k8rhncp4jt1\/2025\/11\/talking-bot-125x125.png\",\"caption\":\"Telinha\"},\"sameAs\":[\"https:\/\/portaltela.pt\/\"],\"url\":\"https:\/\/portaltela.pt\/por\/367410592786\/\"}]}<\/script>\n<!-- \/ Yoast SEO plugin. -->","yoast_head_json":{"title":"Governo aprova e apresenta vers\u00e3o final do PTRR tr\u00eas meses ap\u00f3s tempestade Kristin - Portal Tela Portugal","robots":{"index":"index","follow":"follow","max-snippet":"max-snippet:-1","max-image-preview":"max-image-preview:large","max-video-preview":"max-video-preview:-1"},"og_locale":"pt_PT","og_type":"article","og_title":"Governo aprova e apresenta vers\u00e3o final do PTRR tr\u00eas meses ap\u00f3s tempestade Kristin - Portal Tela Portugal","og_description":"O Governo vai aprovar e apresentar a vers\u00e3o final do PTRR (Portugal Transforma\u00e7\u00e3o, Recupera\u00e7\u00e3o e Resili\u00eancia) tr\u00eas meses ap\u00f3s a tempestade Kristin, numa cerim\u00f3nia \u00e0s 17h00 no Pavilh\u00e3o de Portugal, em Lisboa. O programa fica estruturado em tr\u00eas pilares: recupera\u00e7\u00e3o (popula\u00e7\u00f5es e empresas afetadas), resili\u00eancia (infraestruturas, planeamento e adapta\u00e7\u00e3o) e transforma\u00e7\u00e3o (reformas em curso). O montante total de apoio j\u00e1 dispon\u00edvel ascende a 3,5 mil milh\u00f5es de euros, com medidas diretas, morat\u00f3rias e linhas de cr\u00e9dito, alvo de cr\u00edticas pela morosidade na \ubd80ria dos pagamentos. At\u00e9 agora foram apresentadas cerca de 65 mil candidaturas \u00e0s linhas de apoio, destacando-se quase 36 mil para reconstru\u00e7\u00e3o de habita\u00e7\u00f5es; o valor total pago \u00e0s pessoas, empresas e entidades p\u00fablicas est\u00e1 perto de 2 mil milh\u00f5es. O Governo solicitou apoio ao Fundo de Solidariedade da Uni\u00e3o Europeia (FSUE) por preju\u00edzos superiores a 5,3 mil milh\u00f5es de euros; o PTRR prev\u00ea ainda medidas como rede cr\u00edtica de reserva de energia, geradores para freguesias e liga\u00e7\u00f5es Starlink.","og_url":"https:\/\/portaltela.pt\/noticias\/2026\/04\/28\/governo-aprova-e-apresenta-versao-final-do-ptrr-tres-meses-apos-tempestade-kristin\/","og_site_name":"Portal Tela Portugal","article_published_time":"2026-04-28T06:48:01+00:00","author":"Telinha","twitter_card":"summary_large_image","twitter_misc":{"Escrito por":"Telinha","Tempo estimado de leitura":"2 minutos"},"schema":{"@context":"https:\/\/schema.org","@graph":[{"@type":"Article","@id":"https:\/\/portaltela.pt\/noticias\/2026\/04\/28\/governo-aprova-e-apresenta-versao-final-do-ptrr-tres-meses-apos-tempestade-kristin\/#article","isPartOf":{"@id":"https:\/\/portaltela.pt\/noticias\/2026\/04\/28\/governo-aprova-e-apresenta-versao-final-do-ptrr-tres-meses-apos-tempestade-kristin\/"},"author":{"name":"Telinha","@id":"https:\/\/portaltela.pt\/#\/schema\/person\/c4278d4a6028830caff9ee44b42d32ed"},"headline":"Governo aprova e apresenta vers\u00e3o final do PTRR tr\u00eas meses ap\u00f3s tempestade Kristin","datePublished":"2026-04-28T06:48:01+00:00","mainEntityOfPage":{"@id":"https:\/\/portaltela.pt\/noticias\/2026\/04\/28\/governo-aprova-e-apresenta-versao-final-do-ptrr-tres-meses-apos-tempestade-kristin\/"},"wordCount":508,"image":{"@id":"https:\/\/portaltela.pt\/noticias\/2026\/04\/28\/governo-aprova-e-apresenta-versao-final-do-ptrr-tres-meses-apos-tempestade-kristin\/#primaryimage"},"thumbnailUrl":"https:\/\/portaltela.pt\/s.01k8rhncp4jt1\/2026\/04\/img_1280x721uu2025-06-17-10-53-00-2216880.jpg","keywords":["_cat\u00e1strofes naturais","_habita\u00e7\u00e3o","_prote\u00e7\u00e3o civil","_recupera\u00e7\u00e3o econ\u00f4mica","_Uni\u00e3o Europeia","Fundo de Cat\u00e1strofes"],"articleSection":["Clima","Not\u00edcias"],"inLanguage":"pt-PT"},{"@type":"WebPage","@id":"https:\/\/portaltela.pt\/noticias\/2026\/04\/28\/governo-aprova-e-apresenta-versao-final-do-ptrr-tres-meses-apos-tempestade-kristin\/","url":"https:\/\/portaltela.pt\/noticias\/2026\/04\/28\/governo-aprova-e-apresenta-versao-final-do-ptrr-tres-meses-apos-tempestade-kristin\/","name":"Governo aprova e apresenta vers\u00e3o final do PTRR tr\u00eas meses ap\u00f3s tempestade Kristin - Portal Tela Portugal","isPartOf":{"@id":"https:\/\/portaltela.pt\/#website"},"primaryImageOfPage":{"@id":"https:\/\/portaltela.pt\/noticias\/2026\/04\/28\/governo-aprova-e-apresenta-versao-final-do-ptrr-tres-meses-apos-tempestade-kristin\/#primaryimage"},"image":{"@id":"https:\/\/portaltela.pt\/noticias\/2026\/04\/28\/governo-aprova-e-apresenta-versao-final-do-ptrr-tres-meses-apos-tempestade-kristin\/#primaryimage"},"thumbnailUrl":"https:\/\/portaltela.pt\/s.01k8rhncp4jt1\/2026\/04\/img_1280x721uu2025-06-17-10-53-00-2216880.jpg","datePublished":"2026-04-28T06:48:01+00:00","author":{"@id":"https:\/\/portaltela.pt\/#\/schema\/person\/c4278d4a6028830caff9ee44b42d32ed"},"breadcrumb":{"@id":"https:\/\/portaltela.pt\/noticias\/2026\/04\/28\/governo-aprova-e-apresenta-versao-final-do-ptrr-tres-meses-apos-tempestade-kristin\/#breadcrumb"},"inLanguage":"pt-PT","potentialAction":[{"@type":"ReadAction","target":["https:\/\/portaltela.pt\/noticias\/2026\/04\/28\/governo-aprova-e-apresenta-versao-final-do-ptrr-tres-meses-apos-tempestade-kristin\/"]}]},{"@type":"ImageObject","inLanguage":"pt-PT","@id":"https:\/\/portaltela.pt\/noticias\/2026\/04\/28\/governo-aprova-e-apresenta-versao-final-do-ptrr-tres-meses-apos-tempestade-kristin\/#primaryimage","url":"https:\/\/portaltela.pt\/s.01k8rhncp4jt1\/2026\/04\/img_1280x721uu2025-06-17-10-53-00-2216880.jpg","contentUrl":"https:\/\/portaltela.pt\/s.01k8rhncp4jt1\/2026\/04\/img_1280x721uu2025-06-17-10-53-00-2216880.jpg","width":1280,"height":721,"caption":"Lu\u00eds Montenegro apresenta programa do XXV Governo"},{"@type":"BreadcrumbList","@id":"https:\/\/portaltela.pt\/noticias\/2026\/04\/28\/governo-aprova-e-apresenta-versao-final-do-ptrr-tres-meses-apos-tempestade-kristin\/#breadcrumb","itemListElement":[{"@type":"ListItem","position":1,"name":"In\u00edcio","item":"https:\/\/portaltela.pt\/"},{"@type":"ListItem","position":2,"name":"Governo aprova e apresenta vers\u00e3o final do PTRR tr\u00eas meses ap\u00f3s tempestade Kristin"}]},{"@type":"WebSite","@id":"https:\/\/portaltela.pt\/#website","url":"https:\/\/portaltela.pt\/","name":"Portal Tela Portugal","description":"","potentialAction":[{"@type":"SearchAction","target":{"@type":"EntryPoint","urlTemplate":"https:\/\/portaltela.pt\/?s={search_term_string}"},"query-input":{"@type":"PropertyValueSpecification","valueRequired":true,"valueName":"search_term_string"}}],"inLanguage":"pt-PT"},{"@type":"Person","@id":"https:\/\/portaltela.pt\/#\/schema\/person\/c4278d4a6028830caff9ee44b42d32ed","name":"Telinha","image":{"@type":"ImageObject","inLanguage":"pt-PT","@id":"https:\/\/portaltela.pt\/s.01k8rhncp4jt1\/2025\/11\/talking-bot-125x125.png","url":"https:\/\/portaltela.pt\/s.01k8rhncp4jt1\/2025\/11\/talking-bot-125x125.png","contentUrl":"https:\/\/portaltela.pt\/s.01k8rhncp4jt1\/2025\/11\/talking-bot-125x125.png","caption":"Telinha"},"sameAs":["https:\/\/portaltela.pt\/"],"url":"https:\/\/portaltela.pt\/por\/367410592786\/"}]}},"_links":{"self":[{"href":"https:\/\/portaltela.pt\/api\/wp\/v2\/posts\/459227","targetHints":{"allow":["GET"]}}],"collection":[{"href":"https:\/\/portaltela.pt\/api\/wp\/v2\/posts"}],"about":[{"href":"https:\/\/portaltela.pt\/api\/wp\/v2\/types\/post"}],"author":[{"embeddable":true,"href":"https:\/\/portaltela.pt\/api\/wp\/v2\/users\/2"}],"replies":[{"embeddable":true,"href":"https:\/\/portaltela.pt\/api\/wp\/v2\/comments?post=459227"}],"version-history":[{"count":0,"href":"https:\/\/portaltela.pt\/api\/wp\/v2\/posts\/459227\/revisions"}],"wp:featuredmedia":[{"embeddable":true,"href":"https:\/\/portaltela.pt\/api\/wp\/v2\/media\/459228"}],"wp:attachment":[{"href":"https:\/\/portaltela.pt\/api\/wp\/v2\/media?parent=459227"}],"wp:term":[{"taxonomy":"category","embeddable":true,"href":"https:\/\/portaltela.pt\/api\/wp\/v2\/categories?post=459227"},{"taxonomy":"post_tag","embeddable":true,"href":"https:\/\/portaltela.pt\/api\/wp\/v2\/tags?post=459227"}],"curies":[{"name":"wp","href":"https:\/\/api.w.org\/{rel}","templated":true}]}}