{"id":459217,"date":"2026-04-28T03:47:49","date_gmt":"2026-04-28T06:47:49","guid":{"rendered":"https:\/\/portaltela.pt\/noticias\/2026\/04\/28\/execucoes-na-coreia-do-norte-aumentaram-desde-a-pandemia-de-covid-19\/"},"modified":"2026-04-28T03:47:49","modified_gmt":"2026-04-28T06:47:49","slug":"execucoes-na-coreia-do-norte-aumentaram-desde-a-pandemia-de-covid-19","status":"publish","type":"post","link":"https:\/\/portaltela.pt\/noticias\/2026\/04\/28\/execucoes-na-coreia-do-norte-aumentaram-desde-a-pandemia-de-covid-19\/","title":{"rendered":"Execu\u00e7\u00f5es na Coreia do Norte aumentaram desde a pandemia de COVID-19"},"content":{"rendered":"<p>Desde o encerramento das fronteiras em janeiro de 2020, a Coreia do Norte intensificou as execu\u00e7\u00f5es, segundo um relat\u00f3rio de uma ONG sul-coreana. A organiza\u00e7\u00e3o aponta um aumento acentuado de condena\u00e7\u00f5es \u00e0 morte e execu\u00e7\u00f5es relacionadas a infra\u00e7\u00f5es culturais, pol\u00edticas e religiosas.<\/p>\n<p>O estudo, do Transitional Justice Working Group (TJWG), baseia-se em dados recolhidos junto de desertores, bem como de ve\u00edculos de informa\u00e7\u00e3o com redes no interior do pa\u00eds. Aponta que as condena\u00e7\u00f5es por consumo de conte\u00fados culturais estrangeiros duplicaram desde o in\u00edcio da pandemia.<\/p>\n<p>De acordo com o TJWG, entre 144 casos conhecidos, o n\u00famero de execu\u00e7\u00f5es aumentou de forma significativa ao longo de quase cinco anos desde o fechamento das fronteiras. A maioria das mortes ocorreu em p\u00fablico e por forma de execu\u00e7\u00e3o a tiro.<\/p>\n<h3>Contexto e poss\u00edveis motiva\u00e7\u00f5es<\/h3>\n<p>A ONG sustenta que as puni\u00e7\u00f5es por conte\u00fados estrangeiros, bem como por quest\u00f5es pol\u00edticas e pela religi\u00e3o, cresceram cerca de 250% ap\u00f3s o in\u00edcio das restri\u00e7\u00f5es. O relat\u00f3rio tamb\u00e9m sugere que o Governo reforce a repress\u00e3o para conter insatisfa\u00e7\u00f5es internas.<\/p>\n<p>O documento ressalva ainda que quase 75% das execu\u00e7\u00f5es ocorreram publicamente e que as autoridades continuam a usar recursos de coer\u00e7\u00e3o. Tamb\u00e9m \u00e9 referido o uso generalizado de tortura e de trabalhos for\u00e7ados em campos de prisioneiros pol\u00edticos.<\/p>\n<p>As conclus\u00f5es do TJWG s\u00e3o acompanhadas por relatos de organiza\u00e7\u00f5es internacionais que indicam viola\u00e7\u00f5es persistentes dos direitos humanos na Coreia do Norte. O Alto Comissariado da ONU para os Direitos Humanos j\u00e1 indicou que a situa\u00e7\u00e3o n\u00e3o melhorou, ao longo da \u00faltima d\u00e9cada.<\/p>\n<p>O Governo norte-coreano nega as acusa\u00e7\u00f5es, repetindo que a ONU tenta prejudicar o pa\u00eds. A ag\u00eancia n\u00e3o apresentou respostas aos pedidos de coment\u00e1rio sobre o relat\u00f3rio.<\/p>\n","protected":false},"excerpt":{"rendered":"<ul>\n<li>O relat\u00f3rio da organiza\u00e7\u00e3o n\u00e3o-governamental sul-coreana Transitional Justice Working Group (TJWG) afirma que as execu\u00e7\u00f5es e as condena\u00e7\u00f5es \u00e0 morte na Coreia do Norte duplicaram no per\u00edodo quase cinco anos ap\u00f3s o encerramento das fronteiras em 2020.<\/li>\n<li>Pyongyang fechou as fronteiras em janeiro de 2020 para travar a propaga\u00e7\u00e3o da covid-19 e, nos anos seguintes, intensificou a seguran\u00e7a.<\/li>\n<li>As penas de morte por consumo de filmes, s\u00e9ries e m\u00fasica estrangeiros, bem como por religi\u00e3o e \u201csupersti\u00e7\u00e3o\u201d, aumentaram 250% ap\u00f3s o encerramento das fronteiras.<\/li>\n<li>O aumento de execu\u00e7\u00f5es por crimes pol\u00edticos, como cr\u00edticas a Kim Jong-un, pode indicar repress\u00e3o de descontentamento interno.<\/li>\n<li>Quase tr\u00eas quartos das execu\u00e7\u00f5es foram p\u00fablicas, com a maioria dos casos conclu\u00edda por tiro; o relat\u00f3rio tamb\u00e9m aponta tortura, trabalhos for\u00e7ados e campos de prisioneiros pol\u00edticos, acusa\u00e7\u00f5es que Pyongyang rejeita.<\/li>\n<\/ul>\n","protected":false},"author":2,"featured_media":459220,"comment_status":"closed","ping_status":"closed","sticky":false,"template":"","format":"standard","meta":{"footnotes":""},"categories":[6912,1],"tags":[3006,2633,8121,2127,2023,5854],"class_list":["post-459217","post","type-post","status-publish","format-standard","has-post-thumbnail","hentry","category-internacionais","category-noticias","tag-coreia-do-norte","tag-direitos-humanos","tag-execucoes","tag-nacoes-unidas","tag-organizacoes-internacionais","tag-violacao-de-direitos-humanos"],"yoast_head":"<!-- This site is optimized with the Yoast SEO plugin v27.2 - https:\/\/yoast.com\/product\/yoast-seo-wordpress\/ -->\n<title>Execu\u00e7\u00f5es na Coreia do Norte aumentaram desde a pandemia de COVID-19 - Portal Tela Portugal<\/title>\n<meta name=\"robots\" content=\"index, follow, max-snippet:-1, max-image-preview:large, max-video-preview:-1\" \/>\n<meta property=\"og:locale\" content=\"pt_PT\" \/>\n<meta property=\"og:type\" content=\"article\" \/>\n<meta property=\"og:title\" content=\"Execu\u00e7\u00f5es na Coreia do Norte aumentaram desde a pandemia de COVID-19 - Portal Tela Portugal\" \/>\n<meta property=\"og:description\" content=\"O relat\u00f3rio da organiza\u00e7\u00e3o n\u00e3o-governamental sul-coreana Transitional Justice Working Group (TJWG) afirma que as execu\u00e7\u00f5es e as condena\u00e7\u00f5es \u00e0 morte na Coreia do Norte duplicaram no per\u00edodo quase cinco anos ap\u00f3s o encerramento das fronteiras em 2020. Pyongyang fechou as fronteiras em janeiro de 2020 para travar a propaga\u00e7\u00e3o da covid-19 e, nos anos seguintes, intensificou a seguran\u00e7a. As penas de morte por consumo de filmes, s\u00e9ries e m\u00fasica estrangeiros, bem como por religi\u00e3o e \u201csupersti\u00e7\u00e3o\u201d, aumentaram 250% ap\u00f3s o encerramento das fronteiras. O aumento de execu\u00e7\u00f5es por crimes pol\u00edticos, como cr\u00edticas a Kim Jong-un, pode indicar repress\u00e3o de descontentamento interno. Quase tr\u00eas quartos das execu\u00e7\u00f5es foram p\u00fablicas, com a maioria dos casos conclu\u00edda por tiro; o relat\u00f3rio tamb\u00e9m aponta tortura, trabalhos for\u00e7ados e campos de prisioneiros pol\u00edticos, acusa\u00e7\u00f5es que Pyongyang rejeita.\" \/>\n<meta property=\"og:url\" content=\"https:\/\/portaltela.pt\/noticias\/2026\/04\/28\/execucoes-na-coreia-do-norte-aumentaram-desde-a-pandemia-de-covid-19\/\" \/>\n<meta property=\"og:site_name\" content=\"Portal Tela Portugal\" \/>\n<meta property=\"article:published_time\" content=\"2026-04-28T06:47:49+00:00\" \/>\n<meta name=\"author\" content=\"Telinha\" \/>\n<meta name=\"twitter:card\" content=\"summary_large_image\" \/>\n<meta name=\"twitter:label1\" content=\"Escrito por\" \/>\n\t<meta name=\"twitter:data1\" content=\"Telinha\" \/>\n\t<meta name=\"twitter:label2\" content=\"Tempo estimado de leitura\" \/>\n\t<meta name=\"twitter:data2\" content=\"2 minutos\" \/>\n<script type=\"application\/ld+json\" class=\"yoast-schema-graph\">{\"@context\":\"https:\/\/schema.org\",\"@graph\":[{\"@type\":\"Article\",\"@id\":\"https:\/\/portaltela.pt\/noticias\/2026\/04\/28\/execucoes-na-coreia-do-norte-aumentaram-desde-a-pandemia-de-covid-19\/#article\",\"isPartOf\":{\"@id\":\"https:\/\/portaltela.pt\/noticias\/2026\/04\/28\/execucoes-na-coreia-do-norte-aumentaram-desde-a-pandemia-de-covid-19\/\"},\"author\":{\"name\":\"Telinha\",\"@id\":\"https:\/\/portaltela.pt\/#\/schema\/person\/c4278d4a6028830caff9ee44b42d32ed\"},\"headline\":\"Execu\u00e7\u00f5es na Coreia do Norte aumentaram desde a pandemia de COVID-19\",\"datePublished\":\"2026-04-28T06:47:49+00:00\",\"mainEntityOfPage\":{\"@id\":\"https:\/\/portaltela.pt\/noticias\/2026\/04\/28\/execucoes-na-coreia-do-norte-aumentaram-desde-a-pandemia-de-covid-19\/\"},\"wordCount\":333,\"image\":{\"@id\":\"https:\/\/portaltela.pt\/noticias\/2026\/04\/28\/execucoes-na-coreia-do-norte-aumentaram-desde-a-pandemia-de-covid-19\/#primaryimage\"},\"thumbnailUrl\":\"https:\/\/portaltela.pt\/s.01k8rhncp4jt1\/2026\/04\/img_1500x1000uu2023-10-25-20-25-19-1476931.jpg\",\"keywords\":[\"Coreia do Norte\",\"direitos humanos\",\"execu\u00e7\u00f5es\",\"Na\u00e7\u00f5es Unidas\",\"organiza\u00e7\u00f5es internacionais\",\"viola\u00e7\u00e3o de direitos humanos\"],\"articleSection\":[\"Internacionais\",\"Not\u00edcias\"],\"inLanguage\":\"pt-PT\"},{\"@type\":\"WebPage\",\"@id\":\"https:\/\/portaltela.pt\/noticias\/2026\/04\/28\/execucoes-na-coreia-do-norte-aumentaram-desde-a-pandemia-de-covid-19\/\",\"url\":\"https:\/\/portaltela.pt\/noticias\/2026\/04\/28\/execucoes-na-coreia-do-norte-aumentaram-desde-a-pandemia-de-covid-19\/\",\"name\":\"Execu\u00e7\u00f5es na Coreia do Norte aumentaram desde a pandemia de COVID-19 - Portal Tela Portugal\",\"isPartOf\":{\"@id\":\"https:\/\/portaltela.pt\/#website\"},\"primaryImageOfPage\":{\"@id\":\"https:\/\/portaltela.pt\/noticias\/2026\/04\/28\/execucoes-na-coreia-do-norte-aumentaram-desde-a-pandemia-de-covid-19\/#primaryimage\"},\"image\":{\"@id\":\"https:\/\/portaltela.pt\/noticias\/2026\/04\/28\/execucoes-na-coreia-do-norte-aumentaram-desde-a-pandemia-de-covid-19\/#primaryimage\"},\"thumbnailUrl\":\"https:\/\/portaltela.pt\/s.01k8rhncp4jt1\/2026\/04\/img_1500x1000uu2023-10-25-20-25-19-1476931.jpg\",\"datePublished\":\"2026-04-28T06:47:49+00:00\",\"author\":{\"@id\":\"https:\/\/portaltela.pt\/#\/schema\/person\/c4278d4a6028830caff9ee44b42d32ed\"},\"breadcrumb\":{\"@id\":\"https:\/\/portaltela.pt\/noticias\/2026\/04\/28\/execucoes-na-coreia-do-norte-aumentaram-desde-a-pandemia-de-covid-19\/#breadcrumb\"},\"inLanguage\":\"pt-PT\",\"potentialAction\":[{\"@type\":\"ReadAction\",\"target\":[\"https:\/\/portaltela.pt\/noticias\/2026\/04\/28\/execucoes-na-coreia-do-norte-aumentaram-desde-a-pandemia-de-covid-19\/\"]}]},{\"@type\":\"ImageObject\",\"inLanguage\":\"pt-PT\",\"@id\":\"https:\/\/portaltela.pt\/noticias\/2026\/04\/28\/execucoes-na-coreia-do-norte-aumentaram-desde-a-pandemia-de-covid-19\/#primaryimage\",\"url\":\"https:\/\/portaltela.pt\/s.01k8rhncp4jt1\/2026\/04\/img_1500x1000uu2023-10-25-20-25-19-1476931.jpg\",\"contentUrl\":\"https:\/\/portaltela.pt\/s.01k8rhncp4jt1\/2026\/04\/img_1500x1000uu2023-10-25-20-25-19-1476931.jpg\",\"width\":796,\"height\":448,\"caption\":\"Coreia do Norte\"},{\"@type\":\"BreadcrumbList\",\"@id\":\"https:\/\/portaltela.pt\/noticias\/2026\/04\/28\/execucoes-na-coreia-do-norte-aumentaram-desde-a-pandemia-de-covid-19\/#breadcrumb\",\"itemListElement\":[{\"@type\":\"ListItem\",\"position\":1,\"name\":\"In\u00edcio\",\"item\":\"https:\/\/portaltela.pt\/\"},{\"@type\":\"ListItem\",\"position\":2,\"name\":\"Execu\u00e7\u00f5es na Coreia do Norte aumentaram desde a pandemia de COVID-19\"}]},{\"@type\":\"WebSite\",\"@id\":\"https:\/\/portaltela.pt\/#website\",\"url\":\"https:\/\/portaltela.pt\/\",\"name\":\"Portal Tela Portugal\",\"description\":\"\",\"potentialAction\":[{\"@type\":\"SearchAction\",\"target\":{\"@type\":\"EntryPoint\",\"urlTemplate\":\"https:\/\/portaltela.pt\/?s={search_term_string}\"},\"query-input\":{\"@type\":\"PropertyValueSpecification\",\"valueRequired\":true,\"valueName\":\"search_term_string\"}}],\"inLanguage\":\"pt-PT\"},{\"@type\":\"Person\",\"@id\":\"https:\/\/portaltela.pt\/#\/schema\/person\/c4278d4a6028830caff9ee44b42d32ed\",\"name\":\"Telinha\",\"image\":{\"@type\":\"ImageObject\",\"inLanguage\":\"pt-PT\",\"@id\":\"https:\/\/portaltela.pt\/s.01k8rhncp4jt1\/2025\/11\/talking-bot-125x125.png\",\"url\":\"https:\/\/portaltela.pt\/s.01k8rhncp4jt1\/2025\/11\/talking-bot-125x125.png\",\"contentUrl\":\"https:\/\/portaltela.pt\/s.01k8rhncp4jt1\/2025\/11\/talking-bot-125x125.png\",\"caption\":\"Telinha\"},\"sameAs\":[\"https:\/\/portaltela.pt\/\"],\"url\":\"https:\/\/portaltela.pt\/por\/367410592786\/\"}]}<\/script>\n<!-- \/ Yoast SEO plugin. -->","yoast_head_json":{"title":"Execu\u00e7\u00f5es na Coreia do Norte aumentaram desde a pandemia de COVID-19 - Portal Tela Portugal","robots":{"index":"index","follow":"follow","max-snippet":"max-snippet:-1","max-image-preview":"max-image-preview:large","max-video-preview":"max-video-preview:-1"},"og_locale":"pt_PT","og_type":"article","og_title":"Execu\u00e7\u00f5es na Coreia do Norte aumentaram desde a pandemia de COVID-19 - Portal Tela Portugal","og_description":"O relat\u00f3rio da organiza\u00e7\u00e3o n\u00e3o-governamental sul-coreana Transitional Justice Working Group (TJWG) afirma que as execu\u00e7\u00f5es e as condena\u00e7\u00f5es \u00e0 morte na Coreia do Norte duplicaram no per\u00edodo quase cinco anos ap\u00f3s o encerramento das fronteiras em 2020. Pyongyang fechou as fronteiras em janeiro de 2020 para travar a propaga\u00e7\u00e3o da covid-19 e, nos anos seguintes, intensificou a seguran\u00e7a. As penas de morte por consumo de filmes, s\u00e9ries e m\u00fasica estrangeiros, bem como por religi\u00e3o e \u201csupersti\u00e7\u00e3o\u201d, aumentaram 250% ap\u00f3s o encerramento das fronteiras. O aumento de execu\u00e7\u00f5es por crimes pol\u00edticos, como cr\u00edticas a Kim Jong-un, pode indicar repress\u00e3o de descontentamento interno. Quase tr\u00eas quartos das execu\u00e7\u00f5es foram p\u00fablicas, com a maioria dos casos conclu\u00edda por tiro; o relat\u00f3rio tamb\u00e9m aponta tortura, trabalhos for\u00e7ados e campos de prisioneiros pol\u00edticos, acusa\u00e7\u00f5es que Pyongyang rejeita.","og_url":"https:\/\/portaltela.pt\/noticias\/2026\/04\/28\/execucoes-na-coreia-do-norte-aumentaram-desde-a-pandemia-de-covid-19\/","og_site_name":"Portal Tela Portugal","article_published_time":"2026-04-28T06:47:49+00:00","author":"Telinha","twitter_card":"summary_large_image","twitter_misc":{"Escrito por":"Telinha","Tempo estimado de leitura":"2 minutos"},"schema":{"@context":"https:\/\/schema.org","@graph":[{"@type":"Article","@id":"https:\/\/portaltela.pt\/noticias\/2026\/04\/28\/execucoes-na-coreia-do-norte-aumentaram-desde-a-pandemia-de-covid-19\/#article","isPartOf":{"@id":"https:\/\/portaltela.pt\/noticias\/2026\/04\/28\/execucoes-na-coreia-do-norte-aumentaram-desde-a-pandemia-de-covid-19\/"},"author":{"name":"Telinha","@id":"https:\/\/portaltela.pt\/#\/schema\/person\/c4278d4a6028830caff9ee44b42d32ed"},"headline":"Execu\u00e7\u00f5es na Coreia do Norte aumentaram desde a pandemia de COVID-19","datePublished":"2026-04-28T06:47:49+00:00","mainEntityOfPage":{"@id":"https:\/\/portaltela.pt\/noticias\/2026\/04\/28\/execucoes-na-coreia-do-norte-aumentaram-desde-a-pandemia-de-covid-19\/"},"wordCount":333,"image":{"@id":"https:\/\/portaltela.pt\/noticias\/2026\/04\/28\/execucoes-na-coreia-do-norte-aumentaram-desde-a-pandemia-de-covid-19\/#primaryimage"},"thumbnailUrl":"https:\/\/portaltela.pt\/s.01k8rhncp4jt1\/2026\/04\/img_1500x1000uu2023-10-25-20-25-19-1476931.jpg","keywords":["Coreia do Norte","direitos humanos","execu\u00e7\u00f5es","Na\u00e7\u00f5es Unidas","organiza\u00e7\u00f5es internacionais","viola\u00e7\u00e3o de direitos humanos"],"articleSection":["Internacionais","Not\u00edcias"],"inLanguage":"pt-PT"},{"@type":"WebPage","@id":"https:\/\/portaltela.pt\/noticias\/2026\/04\/28\/execucoes-na-coreia-do-norte-aumentaram-desde-a-pandemia-de-covid-19\/","url":"https:\/\/portaltela.pt\/noticias\/2026\/04\/28\/execucoes-na-coreia-do-norte-aumentaram-desde-a-pandemia-de-covid-19\/","name":"Execu\u00e7\u00f5es na Coreia do Norte aumentaram desde a pandemia de COVID-19 - Portal Tela Portugal","isPartOf":{"@id":"https:\/\/portaltela.pt\/#website"},"primaryImageOfPage":{"@id":"https:\/\/portaltela.pt\/noticias\/2026\/04\/28\/execucoes-na-coreia-do-norte-aumentaram-desde-a-pandemia-de-covid-19\/#primaryimage"},"image":{"@id":"https:\/\/portaltela.pt\/noticias\/2026\/04\/28\/execucoes-na-coreia-do-norte-aumentaram-desde-a-pandemia-de-covid-19\/#primaryimage"},"thumbnailUrl":"https:\/\/portaltela.pt\/s.01k8rhncp4jt1\/2026\/04\/img_1500x1000uu2023-10-25-20-25-19-1476931.jpg","datePublished":"2026-04-28T06:47:49+00:00","author":{"@id":"https:\/\/portaltela.pt\/#\/schema\/person\/c4278d4a6028830caff9ee44b42d32ed"},"breadcrumb":{"@id":"https:\/\/portaltela.pt\/noticias\/2026\/04\/28\/execucoes-na-coreia-do-norte-aumentaram-desde-a-pandemia-de-covid-19\/#breadcrumb"},"inLanguage":"pt-PT","potentialAction":[{"@type":"ReadAction","target":["https:\/\/portaltela.pt\/noticias\/2026\/04\/28\/execucoes-na-coreia-do-norte-aumentaram-desde-a-pandemia-de-covid-19\/"]}]},{"@type":"ImageObject","inLanguage":"pt-PT","@id":"https:\/\/portaltela.pt\/noticias\/2026\/04\/28\/execucoes-na-coreia-do-norte-aumentaram-desde-a-pandemia-de-covid-19\/#primaryimage","url":"https:\/\/portaltela.pt\/s.01k8rhncp4jt1\/2026\/04\/img_1500x1000uu2023-10-25-20-25-19-1476931.jpg","contentUrl":"https:\/\/portaltela.pt\/s.01k8rhncp4jt1\/2026\/04\/img_1500x1000uu2023-10-25-20-25-19-1476931.jpg","width":796,"height":448,"caption":"Coreia do Norte"},{"@type":"BreadcrumbList","@id":"https:\/\/portaltela.pt\/noticias\/2026\/04\/28\/execucoes-na-coreia-do-norte-aumentaram-desde-a-pandemia-de-covid-19\/#breadcrumb","itemListElement":[{"@type":"ListItem","position":1,"name":"In\u00edcio","item":"https:\/\/portaltela.pt\/"},{"@type":"ListItem","position":2,"name":"Execu\u00e7\u00f5es na Coreia do Norte aumentaram desde a pandemia de COVID-19"}]},{"@type":"WebSite","@id":"https:\/\/portaltela.pt\/#website","url":"https:\/\/portaltela.pt\/","name":"Portal Tela Portugal","description":"","potentialAction":[{"@type":"SearchAction","target":{"@type":"EntryPoint","urlTemplate":"https:\/\/portaltela.pt\/?s={search_term_string}"},"query-input":{"@type":"PropertyValueSpecification","valueRequired":true,"valueName":"search_term_string"}}],"inLanguage":"pt-PT"},{"@type":"Person","@id":"https:\/\/portaltela.pt\/#\/schema\/person\/c4278d4a6028830caff9ee44b42d32ed","name":"Telinha","image":{"@type":"ImageObject","inLanguage":"pt-PT","@id":"https:\/\/portaltela.pt\/s.01k8rhncp4jt1\/2025\/11\/talking-bot-125x125.png","url":"https:\/\/portaltela.pt\/s.01k8rhncp4jt1\/2025\/11\/talking-bot-125x125.png","contentUrl":"https:\/\/portaltela.pt\/s.01k8rhncp4jt1\/2025\/11\/talking-bot-125x125.png","caption":"Telinha"},"sameAs":["https:\/\/portaltela.pt\/"],"url":"https:\/\/portaltela.pt\/por\/367410592786\/"}]}},"_links":{"self":[{"href":"https:\/\/portaltela.pt\/api\/wp\/v2\/posts\/459217","targetHints":{"allow":["GET"]}}],"collection":[{"href":"https:\/\/portaltela.pt\/api\/wp\/v2\/posts"}],"about":[{"href":"https:\/\/portaltela.pt\/api\/wp\/v2\/types\/post"}],"author":[{"embeddable":true,"href":"https:\/\/portaltela.pt\/api\/wp\/v2\/users\/2"}],"replies":[{"embeddable":true,"href":"https:\/\/portaltela.pt\/api\/wp\/v2\/comments?post=459217"}],"version-history":[{"count":0,"href":"https:\/\/portaltela.pt\/api\/wp\/v2\/posts\/459217\/revisions"}],"wp:featuredmedia":[{"embeddable":true,"href":"https:\/\/portaltela.pt\/api\/wp\/v2\/media\/459220"}],"wp:attachment":[{"href":"https:\/\/portaltela.pt\/api\/wp\/v2\/media?parent=459217"}],"wp:term":[{"taxonomy":"category","embeddable":true,"href":"https:\/\/portaltela.pt\/api\/wp\/v2\/categories?post=459217"},{"taxonomy":"post_tag","embeddable":true,"href":"https:\/\/portaltela.pt\/api\/wp\/v2\/tags?post=459217"}],"curies":[{"name":"wp","href":"https:\/\/api.w.org\/{rel}","templated":true}]}}