{"id":459206,"date":"2026-04-28T03:32:54","date_gmt":"2026-04-28T06:32:54","guid":{"rendered":"https:\/\/portaltela.pt\/noticias\/2026\/04\/28\/trumps-recebem-carlos-iii-e-camila-na-casa-branca\/"},"modified":"2026-04-28T03:32:54","modified_gmt":"2026-04-28T06:32:54","slug":"trumps-recebem-carlos-iii-e-camila-na-casa-branca","status":"publish","type":"post","link":"https:\/\/portaltela.pt\/noticias\/politica\/2026\/04\/28\/trumps-recebem-carlos-iii-e-camila-na-casa-branca\/","title":{"rendered":"Trumps recebem Carlos III e Camila na Casa Branca"},"content":{"rendered":"<p>O rei Charles III e a rainha Camilla chegaram a Washington na segunda-feira, iniciando uma visita de Estado aos Estados Unidos. A chegada ocorreu na Base Conjunta Andrews, a desembarcar de um avi\u00e3o com a bandeira brit\u00e2nica.<\/p>\n<p>Foram recebidos pelo presidente Donald Trump e pela primeira-dama Melania Trump no P\u00f3rtico Sul da Casa Branca. Os monarchas seguiram depois para uma breve rece\u00e7\u00e3o formal de abertura da visita.<\/p>\n<p>O programa prev\u00ea uma visita de quatro dias, com atividades em v\u00e1rias locais de Washington. A agenda incluiu ch\u00e1 na Sala Verde da Casa Branca e a inaugura\u00e7\u00e3o de uma nova colmeia em forma de Casa Branca, instalada pela primeira-dama na semana passada.<\/p>\n<h3>Atividades e rece\u00e7\u00f5es oficiais<\/h3>\n<p>Mais tarde, Charles III e Camilla participaram numa festa no jardim da resid\u00eancia do embaixador brit\u00e2nico, integrada na visita de Estado. O evento reuniu convidados de v\u00e1rias \u00e1reas, incluindo o atleta Tom Daley, a futebolista Esme Morgan e o presidente da C\u00e2mara dos Representantes dos EUA, Mike Johnson.<\/p>\n","protected":false},"excerpt":{"rendered":"<ul>\n<li>O rei Carlos III e a rainha Camila chegaram, na segunda-feira, \u00e0 Base Conjunta Andrews, perto de Washington, a bordo de um avi\u00e3o com a bandeira brit\u00e2nica.<\/li>\n<li>Desceram as escadas cobertas por alcatifa vermelha para iniciarem a visita de quatro dias, sendo recebidos pelo presidente Donald Trump e pela primeira-dama Melania Trump no P\u00f3rtico Sul da Casa Branca.<\/li>\n<li>O casal real vai tomar ch\u00e1 na Sala Verde antes de seguirem para ver uma nova colmeia em forma de Casa Branca, instalada pela primeira-dama na semana passada.<\/li>\n<li>Mais tarde, Carlos III e Camila participaram numa festa no jardim da resid\u00eancia do embaixador brit\u00e2nico em Washington, cumprimentando convidados como o campe\u00e3o ol\u00edmpico Tom Daley, a futebolista Esme Morgan e o presidente da C\u00e2mara dos Representantes, Mike Johnson.<\/li>\n<li>A desloca\u00e7\u00e3o integra a visita de Estado aos Estados Unidos, com v\u00e1rias atividades oficiais previstas ao longo dos pr\u00f3ximos dias.<\/li>\n<\/ul>\n","protected":false},"author":2,"featured_media":459208,"comment_status":"closed","ping_status":"closed","sticky":false,"template":"","format":"standard","meta":{"footnotes":""},"categories":[6912,5],"tags":[4953,1600,9788,9789,2111,9790],"class_list":["post-459206","post","type-post","status-publish","format-standard","has-post-thumbnail","hentry","category-internacionais","category-politica","tag-donald-trump","tag-estados-unidos","tag-melania-trump","tag-mike-johnson","tag-reino-unido","tag-tom-daley"],"yoast_head":"<!-- This site is optimized with the Yoast SEO plugin v27.2 - https:\/\/yoast.com\/product\/yoast-seo-wordpress\/ -->\n<title>Trumps recebem Carlos III e Camila na Casa Branca - Portal Tela Portugal<\/title>\n<meta name=\"robots\" content=\"index, follow, max-snippet:-1, max-image-preview:large, max-video-preview:-1\" \/>\n<meta property=\"og:locale\" content=\"pt_PT\" \/>\n<meta property=\"og:type\" content=\"article\" \/>\n<meta property=\"og:title\" content=\"Trumps recebem Carlos III e Camila na Casa Branca - Portal Tela Portugal\" \/>\n<meta property=\"og:description\" content=\"O rei Carlos III e a rainha Camila chegaram, na segunda-feira, \u00e0 Base Conjunta Andrews, perto de Washington, a bordo de um avi\u00e3o com a bandeira brit\u00e2nica. Desceram as escadas cobertas por alcatifa vermelha para iniciarem a visita de quatro dias, sendo recebidos pelo presidente Donald Trump e pela primeira-dama Melania Trump no P\u00f3rtico Sul da Casa Branca. O casal real vai tomar ch\u00e1 na Sala Verde antes de seguirem para ver uma nova colmeia em forma de Casa Branca, instalada pela primeira-dama na semana passada. Mais tarde, Carlos III e Camila participaram numa festa no jardim da resid\u00eancia do embaixador brit\u00e2nico em Washington, cumprimentando convidados como o campe\u00e3o ol\u00edmpico Tom Daley, a futebolista Esme Morgan e o presidente da C\u00e2mara dos Representantes, Mike Johnson. A desloca\u00e7\u00e3o integra a visita de Estado aos Estados Unidos, com v\u00e1rias atividades oficiais previstas ao longo dos pr\u00f3ximos dias.\" \/>\n<meta property=\"og:url\" content=\"https:\/\/portaltela.pt\/noticias\/2026\/04\/28\/trumps-recebem-carlos-iii-e-camila-na-casa-branca\/\" \/>\n<meta property=\"og:site_name\" content=\"Portal Tela Portugal\" \/>\n<meta property=\"article:published_time\" content=\"2026-04-28T06:32:54+00:00\" \/>\n<meta name=\"author\" content=\"Telinha\" \/>\n<meta name=\"twitter:card\" content=\"summary_large_image\" \/>\n<meta name=\"twitter:label1\" content=\"Escrito por\" \/>\n\t<meta name=\"twitter:data1\" content=\"Telinha\" \/>\n\t<meta name=\"twitter:label2\" content=\"Tempo estimado de leitura\" \/>\n\t<meta name=\"twitter:data2\" content=\"1 minuto\" \/>\n<script type=\"application\/ld+json\" class=\"yoast-schema-graph\">{\"@context\":\"https:\/\/schema.org\",\"@graph\":[{\"@type\":\"Article\",\"@id\":\"https:\/\/portaltela.pt\/noticias\/2026\/04\/28\/trumps-recebem-carlos-iii-e-camila-na-casa-branca\/#article\",\"isPartOf\":{\"@id\":\"https:\/\/portaltela.pt\/noticias\/2026\/04\/28\/trumps-recebem-carlos-iii-e-camila-na-casa-branca\/\"},\"author\":{\"name\":\"Telinha\",\"@id\":\"https:\/\/portaltela.pt\/#\/schema\/person\/c4278d4a6028830caff9ee44b42d32ed\"},\"headline\":\"Trumps recebem Carlos III e Camila na Casa Branca\",\"datePublished\":\"2026-04-28T06:32:54+00:00\",\"mainEntityOfPage\":{\"@id\":\"https:\/\/portaltela.pt\/noticias\/2026\/04\/28\/trumps-recebem-carlos-iii-e-camila-na-casa-branca\/\"},\"wordCount\":182,\"image\":{\"@id\":\"https:\/\/portaltela.pt\/noticias\/2026\/04\/28\/trumps-recebem-carlos-iii-e-camila-na-casa-branca\/#primaryimage\"},\"thumbnailUrl\":\"https:\/\/portaltela.pt\/s.01k8rhncp4jt1\/2026\/04\/1536x864_cmsv2_1b5c404a-b608-5912-906c-116d72ccf6eb-9738428.jpg\",\"keywords\":[\"Donald Trump\",\"Estados Unidos\",\"Melania Trump\",\"Mike Johnson\",\"Reino Unido\",\"Tom Daley\"],\"articleSection\":[\"Internacionais\",\"Pol\u00edtica\"],\"inLanguage\":\"pt-PT\"},{\"@type\":\"WebPage\",\"@id\":\"https:\/\/portaltela.pt\/noticias\/2026\/04\/28\/trumps-recebem-carlos-iii-e-camila-na-casa-branca\/\",\"url\":\"https:\/\/portaltela.pt\/noticias\/2026\/04\/28\/trumps-recebem-carlos-iii-e-camila-na-casa-branca\/\",\"name\":\"Trumps recebem Carlos III e Camila na Casa Branca - Portal Tela Portugal\",\"isPartOf\":{\"@id\":\"https:\/\/portaltela.pt\/#website\"},\"primaryImageOfPage\":{\"@id\":\"https:\/\/portaltela.pt\/noticias\/2026\/04\/28\/trumps-recebem-carlos-iii-e-camila-na-casa-branca\/#primaryimage\"},\"image\":{\"@id\":\"https:\/\/portaltela.pt\/noticias\/2026\/04\/28\/trumps-recebem-carlos-iii-e-camila-na-casa-branca\/#primaryimage\"},\"thumbnailUrl\":\"https:\/\/portaltela.pt\/s.01k8rhncp4jt1\/2026\/04\/1536x864_cmsv2_1b5c404a-b608-5912-906c-116d72ccf6eb-9738428.jpg\",\"datePublished\":\"2026-04-28T06:32:54+00:00\",\"author\":{\"@id\":\"https:\/\/portaltela.pt\/#\/schema\/person\/c4278d4a6028830caff9ee44b42d32ed\"},\"breadcrumb\":{\"@id\":\"https:\/\/portaltela.pt\/noticias\/2026\/04\/28\/trumps-recebem-carlos-iii-e-camila-na-casa-branca\/#breadcrumb\"},\"inLanguage\":\"pt-PT\",\"potentialAction\":[{\"@type\":\"ReadAction\",\"target\":[\"https:\/\/portaltela.pt\/noticias\/2026\/04\/28\/trumps-recebem-carlos-iii-e-camila-na-casa-branca\/\"]}]},{\"@type\":\"ImageObject\",\"inLanguage\":\"pt-PT\",\"@id\":\"https:\/\/portaltela.pt\/noticias\/2026\/04\/28\/trumps-recebem-carlos-iii-e-camila-na-casa-branca\/#primaryimage\",\"url\":\"https:\/\/portaltela.pt\/s.01k8rhncp4jt1\/2026\/04\/1536x864_cmsv2_1b5c404a-b608-5912-906c-116d72ccf6eb-9738428.jpg\",\"contentUrl\":\"https:\/\/portaltela.pt\/s.01k8rhncp4jt1\/2026\/04\/1536x864_cmsv2_1b5c404a-b608-5912-906c-116d72ccf6eb-9738428.jpg\",\"width\":796,\"height\":448,\"caption\":\"O Presidente Donald Trump e o rei Carlos III do Reino Unido chegam para ver o jardim e a colmeia da Casa Branca, no relvado sul, segunda-feira, 27 de abril de 2026\"},{\"@type\":\"BreadcrumbList\",\"@id\":\"https:\/\/portaltela.pt\/noticias\/2026\/04\/28\/trumps-recebem-carlos-iii-e-camila-na-casa-branca\/#breadcrumb\",\"itemListElement\":[{\"@type\":\"ListItem\",\"position\":1,\"name\":\"In\u00edcio\",\"item\":\"https:\/\/portaltela.pt\/\"},{\"@type\":\"ListItem\",\"position\":2,\"name\":\"Trumps recebem Carlos III e Camila na Casa Branca\"}]},{\"@type\":\"WebSite\",\"@id\":\"https:\/\/portaltela.pt\/#website\",\"url\":\"https:\/\/portaltela.pt\/\",\"name\":\"Portal Tela Portugal\",\"description\":\"\",\"potentialAction\":[{\"@type\":\"SearchAction\",\"target\":{\"@type\":\"EntryPoint\",\"urlTemplate\":\"https:\/\/portaltela.pt\/?s={search_term_string}\"},\"query-input\":{\"@type\":\"PropertyValueSpecification\",\"valueRequired\":true,\"valueName\":\"search_term_string\"}}],\"inLanguage\":\"pt-PT\"},{\"@type\":\"Person\",\"@id\":\"https:\/\/portaltela.pt\/#\/schema\/person\/c4278d4a6028830caff9ee44b42d32ed\",\"name\":\"Telinha\",\"image\":{\"@type\":\"ImageObject\",\"inLanguage\":\"pt-PT\",\"@id\":\"https:\/\/portaltela.pt\/s.01k8rhncp4jt1\/2025\/11\/talking-bot-125x125.png\",\"url\":\"https:\/\/portaltela.pt\/s.01k8rhncp4jt1\/2025\/11\/talking-bot-125x125.png\",\"contentUrl\":\"https:\/\/portaltela.pt\/s.01k8rhncp4jt1\/2025\/11\/talking-bot-125x125.png\",\"caption\":\"Telinha\"},\"sameAs\":[\"https:\/\/portaltela.pt\/\"],\"url\":\"https:\/\/portaltela.pt\/por\/367410592786\/\"}]}<\/script>\n<!-- \/ Yoast SEO plugin. -->","yoast_head_json":{"title":"Trumps recebem Carlos III e Camila na Casa Branca - Portal Tela Portugal","robots":{"index":"index","follow":"follow","max-snippet":"max-snippet:-1","max-image-preview":"max-image-preview:large","max-video-preview":"max-video-preview:-1"},"og_locale":"pt_PT","og_type":"article","og_title":"Trumps recebem Carlos III e Camila na Casa Branca - Portal Tela Portugal","og_description":"O rei Carlos III e a rainha Camila chegaram, na segunda-feira, \u00e0 Base Conjunta Andrews, perto de Washington, a bordo de um avi\u00e3o com a bandeira brit\u00e2nica. Desceram as escadas cobertas por alcatifa vermelha para iniciarem a visita de quatro dias, sendo recebidos pelo presidente Donald Trump e pela primeira-dama Melania Trump no P\u00f3rtico Sul da Casa Branca. O casal real vai tomar ch\u00e1 na Sala Verde antes de seguirem para ver uma nova colmeia em forma de Casa Branca, instalada pela primeira-dama na semana passada. Mais tarde, Carlos III e Camila participaram numa festa no jardim da resid\u00eancia do embaixador brit\u00e2nico em Washington, cumprimentando convidados como o campe\u00e3o ol\u00edmpico Tom Daley, a futebolista Esme Morgan e o presidente da C\u00e2mara dos Representantes, Mike Johnson. A desloca\u00e7\u00e3o integra a visita de Estado aos Estados Unidos, com v\u00e1rias atividades oficiais previstas ao longo dos pr\u00f3ximos dias.","og_url":"https:\/\/portaltela.pt\/noticias\/2026\/04\/28\/trumps-recebem-carlos-iii-e-camila-na-casa-branca\/","og_site_name":"Portal Tela Portugal","article_published_time":"2026-04-28T06:32:54+00:00","author":"Telinha","twitter_card":"summary_large_image","twitter_misc":{"Escrito por":"Telinha","Tempo estimado de leitura":"1 minuto"},"schema":{"@context":"https:\/\/schema.org","@graph":[{"@type":"Article","@id":"https:\/\/portaltela.pt\/noticias\/2026\/04\/28\/trumps-recebem-carlos-iii-e-camila-na-casa-branca\/#article","isPartOf":{"@id":"https:\/\/portaltela.pt\/noticias\/2026\/04\/28\/trumps-recebem-carlos-iii-e-camila-na-casa-branca\/"},"author":{"name":"Telinha","@id":"https:\/\/portaltela.pt\/#\/schema\/person\/c4278d4a6028830caff9ee44b42d32ed"},"headline":"Trumps recebem Carlos III e Camila na Casa Branca","datePublished":"2026-04-28T06:32:54+00:00","mainEntityOfPage":{"@id":"https:\/\/portaltela.pt\/noticias\/2026\/04\/28\/trumps-recebem-carlos-iii-e-camila-na-casa-branca\/"},"wordCount":182,"image":{"@id":"https:\/\/portaltela.pt\/noticias\/2026\/04\/28\/trumps-recebem-carlos-iii-e-camila-na-casa-branca\/#primaryimage"},"thumbnailUrl":"https:\/\/portaltela.pt\/s.01k8rhncp4jt1\/2026\/04\/1536x864_cmsv2_1b5c404a-b608-5912-906c-116d72ccf6eb-9738428.jpg","keywords":["Donald Trump","Estados Unidos","Melania Trump","Mike Johnson","Reino Unido","Tom Daley"],"articleSection":["Internacionais","Pol\u00edtica"],"inLanguage":"pt-PT"},{"@type":"WebPage","@id":"https:\/\/portaltela.pt\/noticias\/2026\/04\/28\/trumps-recebem-carlos-iii-e-camila-na-casa-branca\/","url":"https:\/\/portaltela.pt\/noticias\/2026\/04\/28\/trumps-recebem-carlos-iii-e-camila-na-casa-branca\/","name":"Trumps recebem Carlos III e Camila na Casa Branca - Portal Tela Portugal","isPartOf":{"@id":"https:\/\/portaltela.pt\/#website"},"primaryImageOfPage":{"@id":"https:\/\/portaltela.pt\/noticias\/2026\/04\/28\/trumps-recebem-carlos-iii-e-camila-na-casa-branca\/#primaryimage"},"image":{"@id":"https:\/\/portaltela.pt\/noticias\/2026\/04\/28\/trumps-recebem-carlos-iii-e-camila-na-casa-branca\/#primaryimage"},"thumbnailUrl":"https:\/\/portaltela.pt\/s.01k8rhncp4jt1\/2026\/04\/1536x864_cmsv2_1b5c404a-b608-5912-906c-116d72ccf6eb-9738428.jpg","datePublished":"2026-04-28T06:32:54+00:00","author":{"@id":"https:\/\/portaltela.pt\/#\/schema\/person\/c4278d4a6028830caff9ee44b42d32ed"},"breadcrumb":{"@id":"https:\/\/portaltela.pt\/noticias\/2026\/04\/28\/trumps-recebem-carlos-iii-e-camila-na-casa-branca\/#breadcrumb"},"inLanguage":"pt-PT","potentialAction":[{"@type":"ReadAction","target":["https:\/\/portaltela.pt\/noticias\/2026\/04\/28\/trumps-recebem-carlos-iii-e-camila-na-casa-branca\/"]}]},{"@type":"ImageObject","inLanguage":"pt-PT","@id":"https:\/\/portaltela.pt\/noticias\/2026\/04\/28\/trumps-recebem-carlos-iii-e-camila-na-casa-branca\/#primaryimage","url":"https:\/\/portaltela.pt\/s.01k8rhncp4jt1\/2026\/04\/1536x864_cmsv2_1b5c404a-b608-5912-906c-116d72ccf6eb-9738428.jpg","contentUrl":"https:\/\/portaltela.pt\/s.01k8rhncp4jt1\/2026\/04\/1536x864_cmsv2_1b5c404a-b608-5912-906c-116d72ccf6eb-9738428.jpg","width":796,"height":448,"caption":"O Presidente Donald Trump e o rei Carlos III do Reino Unido chegam para ver o jardim e a colmeia da Casa Branca, no relvado sul, segunda-feira, 27 de abril de 2026"},{"@type":"BreadcrumbList","@id":"https:\/\/portaltela.pt\/noticias\/2026\/04\/28\/trumps-recebem-carlos-iii-e-camila-na-casa-branca\/#breadcrumb","itemListElement":[{"@type":"ListItem","position":1,"name":"In\u00edcio","item":"https:\/\/portaltela.pt\/"},{"@type":"ListItem","position":2,"name":"Trumps recebem Carlos III e Camila na Casa Branca"}]},{"@type":"WebSite","@id":"https:\/\/portaltela.pt\/#website","url":"https:\/\/portaltela.pt\/","name":"Portal Tela Portugal","description":"","potentialAction":[{"@type":"SearchAction","target":{"@type":"EntryPoint","urlTemplate":"https:\/\/portaltela.pt\/?s={search_term_string}"},"query-input":{"@type":"PropertyValueSpecification","valueRequired":true,"valueName":"search_term_string"}}],"inLanguage":"pt-PT"},{"@type":"Person","@id":"https:\/\/portaltela.pt\/#\/schema\/person\/c4278d4a6028830caff9ee44b42d32ed","name":"Telinha","image":{"@type":"ImageObject","inLanguage":"pt-PT","@id":"https:\/\/portaltela.pt\/s.01k8rhncp4jt1\/2025\/11\/talking-bot-125x125.png","url":"https:\/\/portaltela.pt\/s.01k8rhncp4jt1\/2025\/11\/talking-bot-125x125.png","contentUrl":"https:\/\/portaltela.pt\/s.01k8rhncp4jt1\/2025\/11\/talking-bot-125x125.png","caption":"Telinha"},"sameAs":["https:\/\/portaltela.pt\/"],"url":"https:\/\/portaltela.pt\/por\/367410592786\/"}]}},"_links":{"self":[{"href":"https:\/\/portaltela.pt\/api\/wp\/v2\/posts\/459206","targetHints":{"allow":["GET"]}}],"collection":[{"href":"https:\/\/portaltela.pt\/api\/wp\/v2\/posts"}],"about":[{"href":"https:\/\/portaltela.pt\/api\/wp\/v2\/types\/post"}],"author":[{"embeddable":true,"href":"https:\/\/portaltela.pt\/api\/wp\/v2\/users\/2"}],"replies":[{"embeddable":true,"href":"https:\/\/portaltela.pt\/api\/wp\/v2\/comments?post=459206"}],"version-history":[{"count":0,"href":"https:\/\/portaltela.pt\/api\/wp\/v2\/posts\/459206\/revisions"}],"wp:featuredmedia":[{"embeddable":true,"href":"https:\/\/portaltela.pt\/api\/wp\/v2\/media\/459208"}],"wp:attachment":[{"href":"https:\/\/portaltela.pt\/api\/wp\/v2\/media?parent=459206"}],"wp:term":[{"taxonomy":"category","embeddable":true,"href":"https:\/\/portaltela.pt\/api\/wp\/v2\/categories?post=459206"},{"taxonomy":"post_tag","embeddable":true,"href":"https:\/\/portaltela.pt\/api\/wp\/v2\/tags?post=459206"}],"curies":[{"name":"wp","href":"https:\/\/api.w.org\/{rel}","templated":true}]}}