{"id":459184,"date":"2026-04-28T03:14:00","date_gmt":"2026-04-28T06:14:00","guid":{"rendered":"https:\/\/portaltela.pt\/noticias\/2026\/04\/28\/teera-admite-reabrir-estreito-de-ormuz-se-a-guerra-terminar\/"},"modified":"2026-04-28T03:14:00","modified_gmt":"2026-04-28T06:14:00","slug":"teera-admite-reabrir-estreito-de-ormuz-se-a-guerra-terminar","status":"publish","type":"post","link":"https:\/\/portaltela.pt\/noticias\/internacional\/2026\/04\/28\/teera-admite-reabrir-estreito-de-ormuz-se-a-guerra-terminar\/","title":{"rendered":"Teer\u00e3 admite reabrir Estreito de Ormuz se a guerra terminar"},"content":{"rendered":"<p>Teer\u00e3o disse que pode reabrir o estreito de Ormuz se a guerra terminar. Segundo informa\u00e7\u00f5es, os Estados Unidos e Israel lan\u00e7aram ataques contra o Ir\u00e3o a 28 de fevereiro, sob a alega\u00e7\u00e3o de neutralizar amea\u00e7as nucleares. A ofensiva gerou uma escalada de tens\u00f5es na regi\u00e3o, com o Ir\u00e3o retaliando contra Israel e alvos norte-americanos em pa\u00edses vizinhos.<\/p>\n<p>O Ir\u00e3o afirmou ter apresentado uma proposta para reabrir Ormuz, ponto estrat\u00e9gico de passagem mar\u00edtima. A ideia surge no contexto de pedir o encerramento do conflito em curso, mas prev\u00ea adiamento de negocia\u00e7\u00f5es sobre o programa nuclear. A proposta n\u00e3o estabelece datas para novas conversas.<\/p>\n<h3>Rea\u00e7\u00e3o internacional e desdobramentos<\/h3>\n<p>Os Estados Unidos tamb\u00e9m pediram medidas adicionais para p\u00f4r fim ao contrabloqueio dos portos iranianos, segundo o pr\u00f3prio Ir\u00e3. A\u00e7\u00f5es militares e respostas diplom\u00e1ticas continuam a ser acompanhadas por aliados da regi\u00e3o e por canais internacionais.<\/p>\n<h3>Situa\u00e7\u00e3o no terreno e pr\u00f3ximos passos<\/h3>\n<p>Analistas destacam que a escalada pode afetar rotas comerciais e a estabilidade regional. N\u00e3o h\u00e1 confirma\u00e7\u00e3o de acordos firmados, nem de datas para retomar negocia\u00e7\u00f5es formais sobre o programa nuclear do Ir\u00e3. Fontes oficiais continuam a acompanhar os desenvolvimentos.<\/p>\n","protected":false},"excerpt":{"rendered":"<ul>\n<li>Teer\u00e3o admite reabrir o estreito de Ormuz se a guerra terminar.<\/li>\n<li>A 28 de fevereiro, EUA e Israel lan\u00e7aram ataques contra o Ir\u00e3o, alegando eliminar amea\u00e7as nucleares.<\/li>\n<li>O Ir\u00e3o respondeu atacando Israel e interesses norte-americanos em pa\u00edses vizinhos.<\/li>\n<li>Teer\u00e3o apresentou uma nova proposta para reabrir Ormuz e encerrar a guerra, adiando negocia\u00e7\u00f5es sobre o programa nuclear.<\/li>\n<li>Os EUA exigem o fim do contrabloqueio dos portos iranianos.<\/li>\n<\/ul>\n","protected":false},"author":2,"featured_media":459188,"comment_status":"closed","ping_status":"closed","sticky":false,"template":"","format":"standard","meta":{"footnotes":""},"categories":[4],"tags":[254,2198,6703,3153,6778,5262],"class_list":["post-459184","post","type-post","status-publish","format-standard","has-post-thumbnail","hentry","category-internacional","tag-conflito","tag-conflitos-internacionais","tag-diplomacia-internacional","tag-ira","tag-programa-nuclear","tag-teera"],"yoast_head":"<!-- This site is optimized with the Yoast SEO plugin v27.2 - https:\/\/yoast.com\/product\/yoast-seo-wordpress\/ -->\n<title>Teer\u00e3 admite reabrir Estreito de Ormuz se a guerra terminar - Portal Tela Portugal<\/title>\n<meta name=\"robots\" content=\"index, follow, max-snippet:-1, max-image-preview:large, max-video-preview:-1\" \/>\n<meta property=\"og:locale\" content=\"pt_PT\" \/>\n<meta property=\"og:type\" content=\"article\" \/>\n<meta property=\"og:title\" content=\"Teer\u00e3 admite reabrir Estreito de Ormuz se a guerra terminar - Portal Tela Portugal\" \/>\n<meta property=\"og:description\" content=\"Teer\u00e3o admite reabrir o estreito de Ormuz se a guerra terminar. A 28 de fevereiro, EUA e Israel lan\u00e7aram ataques contra o Ir\u00e3o, alegando eliminar amea\u00e7as nucleares. O Ir\u00e3o respondeu atacando Israel e interesses norte-americanos em pa\u00edses vizinhos. Teer\u00e3o apresentou uma nova proposta para reabrir Ormuz e encerrar a guerra, adiando negocia\u00e7\u00f5es sobre o programa nuclear. Os EUA exigem o fim do contrabloqueio dos portos iranianos.\" \/>\n<meta property=\"og:url\" content=\"https:\/\/portaltela.pt\/noticias\/2026\/04\/28\/teera-admite-reabrir-estreito-de-ormuz-se-a-guerra-terminar\/\" \/>\n<meta property=\"og:site_name\" content=\"Portal Tela Portugal\" \/>\n<meta property=\"article:published_time\" content=\"2026-04-28T06:14:00+00:00\" \/>\n<meta name=\"author\" content=\"Telinha\" \/>\n<meta name=\"twitter:card\" content=\"summary_large_image\" \/>\n<meta name=\"twitter:label1\" content=\"Escrito por\" \/>\n\t<meta name=\"twitter:data1\" content=\"Telinha\" \/>\n\t<meta name=\"twitter:label2\" content=\"Tempo estimado de leitura\" \/>\n\t<meta name=\"twitter:data2\" content=\"1 minuto\" \/>\n<script type=\"application\/ld+json\" class=\"yoast-schema-graph\">{\"@context\":\"https:\/\/schema.org\",\"@graph\":[{\"@type\":\"Article\",\"@id\":\"https:\/\/portaltela.pt\/noticias\/2026\/04\/28\/teera-admite-reabrir-estreito-de-ormuz-se-a-guerra-terminar\/#article\",\"isPartOf\":{\"@id\":\"https:\/\/portaltela.pt\/noticias\/2026\/04\/28\/teera-admite-reabrir-estreito-de-ormuz-se-a-guerra-terminar\/\"},\"author\":{\"name\":\"Telinha\",\"@id\":\"https:\/\/portaltela.pt\/#\/schema\/person\/c4278d4a6028830caff9ee44b42d32ed\"},\"headline\":\"Teer\u00e3 admite reabrir Estreito de Ormuz se a guerra terminar\",\"datePublished\":\"2026-04-28T06:14:00+00:00\",\"mainEntityOfPage\":{\"@id\":\"https:\/\/portaltela.pt\/noticias\/2026\/04\/28\/teera-admite-reabrir-estreito-de-ormuz-se-a-guerra-terminar\/\"},\"wordCount\":223,\"image\":{\"@id\":\"https:\/\/portaltela.pt\/noticias\/2026\/04\/28\/teera-admite-reabrir-estreito-de-ormuz-se-a-guerra-terminar\/#primaryimage\"},\"thumbnailUrl\":\"https:\/\/portaltela.pt\/s.01k8rhncp4jt1\/2026\/04\/9a756e63-815d-4374-b8ae-48b55c293bff_1200x675.jpg\",\"keywords\":[\"conflito\",\"conflitos internacionais\",\"diplomacia internacional\",\"Ir\u00e3\",\"Programa nuclear\",\"Teer\u00e3\"],\"articleSection\":[\"Internacional\"],\"inLanguage\":\"pt-PT\"},{\"@type\":\"WebPage\",\"@id\":\"https:\/\/portaltela.pt\/noticias\/2026\/04\/28\/teera-admite-reabrir-estreito-de-ormuz-se-a-guerra-terminar\/\",\"url\":\"https:\/\/portaltela.pt\/noticias\/2026\/04\/28\/teera-admite-reabrir-estreito-de-ormuz-se-a-guerra-terminar\/\",\"name\":\"Teer\u00e3 admite reabrir Estreito de Ormuz se a guerra terminar - Portal Tela Portugal\",\"isPartOf\":{\"@id\":\"https:\/\/portaltela.pt\/#website\"},\"primaryImageOfPage\":{\"@id\":\"https:\/\/portaltela.pt\/noticias\/2026\/04\/28\/teera-admite-reabrir-estreito-de-ormuz-se-a-guerra-terminar\/#primaryimage\"},\"image\":{\"@id\":\"https:\/\/portaltela.pt\/noticias\/2026\/04\/28\/teera-admite-reabrir-estreito-de-ormuz-se-a-guerra-terminar\/#primaryimage\"},\"thumbnailUrl\":\"https:\/\/portaltela.pt\/s.01k8rhncp4jt1\/2026\/04\/9a756e63-815d-4374-b8ae-48b55c293bff_1200x675.jpg\",\"datePublished\":\"2026-04-28T06:14:00+00:00\",\"author\":{\"@id\":\"https:\/\/portaltela.pt\/#\/schema\/person\/c4278d4a6028830caff9ee44b42d32ed\"},\"breadcrumb\":{\"@id\":\"https:\/\/portaltela.pt\/noticias\/2026\/04\/28\/teera-admite-reabrir-estreito-de-ormuz-se-a-guerra-terminar\/#breadcrumb\"},\"inLanguage\":\"pt-PT\",\"potentialAction\":[{\"@type\":\"ReadAction\",\"target\":[\"https:\/\/portaltela.pt\/noticias\/2026\/04\/28\/teera-admite-reabrir-estreito-de-ormuz-se-a-guerra-terminar\/\"]}]},{\"@type\":\"ImageObject\",\"inLanguage\":\"pt-PT\",\"@id\":\"https:\/\/portaltela.pt\/noticias\/2026\/04\/28\/teera-admite-reabrir-estreito-de-ormuz-se-a-guerra-terminar\/#primaryimage\",\"url\":\"https:\/\/portaltela.pt\/s.01k8rhncp4jt1\/2026\/04\/9a756e63-815d-4374-b8ae-48b55c293bff_1200x675.jpg\",\"contentUrl\":\"https:\/\/portaltela.pt\/s.01k8rhncp4jt1\/2026\/04\/9a756e63-815d-4374-b8ae-48b55c293bff_1200x675.jpg\",\"width\":1200,\"height\":675,\"caption\":\"Imagem de contexto do artigo Teer\u00e3o admite reabrir estreito de Ormuz se guerra acabar\"},{\"@type\":\"BreadcrumbList\",\"@id\":\"https:\/\/portaltela.pt\/noticias\/2026\/04\/28\/teera-admite-reabrir-estreito-de-ormuz-se-a-guerra-terminar\/#breadcrumb\",\"itemListElement\":[{\"@type\":\"ListItem\",\"position\":1,\"name\":\"In\u00edcio\",\"item\":\"https:\/\/portaltela.pt\/\"},{\"@type\":\"ListItem\",\"position\":2,\"name\":\"Teer\u00e3 admite reabrir Estreito de Ormuz se a guerra terminar\"}]},{\"@type\":\"WebSite\",\"@id\":\"https:\/\/portaltela.pt\/#website\",\"url\":\"https:\/\/portaltela.pt\/\",\"name\":\"Portal Tela Portugal\",\"description\":\"\",\"potentialAction\":[{\"@type\":\"SearchAction\",\"target\":{\"@type\":\"EntryPoint\",\"urlTemplate\":\"https:\/\/portaltela.pt\/?s={search_term_string}\"},\"query-input\":{\"@type\":\"PropertyValueSpecification\",\"valueRequired\":true,\"valueName\":\"search_term_string\"}}],\"inLanguage\":\"pt-PT\"},{\"@type\":\"Person\",\"@id\":\"https:\/\/portaltela.pt\/#\/schema\/person\/c4278d4a6028830caff9ee44b42d32ed\",\"name\":\"Telinha\",\"image\":{\"@type\":\"ImageObject\",\"inLanguage\":\"pt-PT\",\"@id\":\"https:\/\/portaltela.pt\/s.01k8rhncp4jt1\/2025\/11\/talking-bot-125x125.png\",\"url\":\"https:\/\/portaltela.pt\/s.01k8rhncp4jt1\/2025\/11\/talking-bot-125x125.png\",\"contentUrl\":\"https:\/\/portaltela.pt\/s.01k8rhncp4jt1\/2025\/11\/talking-bot-125x125.png\",\"caption\":\"Telinha\"},\"sameAs\":[\"https:\/\/portaltela.pt\/\"],\"url\":\"https:\/\/portaltela.pt\/por\/367410592786\/\"}]}<\/script>\n<!-- \/ Yoast SEO plugin. -->","yoast_head_json":{"title":"Teer\u00e3 admite reabrir Estreito de Ormuz se a guerra terminar - Portal Tela Portugal","robots":{"index":"index","follow":"follow","max-snippet":"max-snippet:-1","max-image-preview":"max-image-preview:large","max-video-preview":"max-video-preview:-1"},"og_locale":"pt_PT","og_type":"article","og_title":"Teer\u00e3 admite reabrir Estreito de Ormuz se a guerra terminar - Portal Tela Portugal","og_description":"Teer\u00e3o admite reabrir o estreito de Ormuz se a guerra terminar. A 28 de fevereiro, EUA e Israel lan\u00e7aram ataques contra o Ir\u00e3o, alegando eliminar amea\u00e7as nucleares. O Ir\u00e3o respondeu atacando Israel e interesses norte-americanos em pa\u00edses vizinhos. Teer\u00e3o apresentou uma nova proposta para reabrir Ormuz e encerrar a guerra, adiando negocia\u00e7\u00f5es sobre o programa nuclear. Os EUA exigem o fim do contrabloqueio dos portos iranianos.","og_url":"https:\/\/portaltela.pt\/noticias\/2026\/04\/28\/teera-admite-reabrir-estreito-de-ormuz-se-a-guerra-terminar\/","og_site_name":"Portal Tela Portugal","article_published_time":"2026-04-28T06:14:00+00:00","author":"Telinha","twitter_card":"summary_large_image","twitter_misc":{"Escrito por":"Telinha","Tempo estimado de leitura":"1 minuto"},"schema":{"@context":"https:\/\/schema.org","@graph":[{"@type":"Article","@id":"https:\/\/portaltela.pt\/noticias\/2026\/04\/28\/teera-admite-reabrir-estreito-de-ormuz-se-a-guerra-terminar\/#article","isPartOf":{"@id":"https:\/\/portaltela.pt\/noticias\/2026\/04\/28\/teera-admite-reabrir-estreito-de-ormuz-se-a-guerra-terminar\/"},"author":{"name":"Telinha","@id":"https:\/\/portaltela.pt\/#\/schema\/person\/c4278d4a6028830caff9ee44b42d32ed"},"headline":"Teer\u00e3 admite reabrir Estreito de Ormuz se a guerra terminar","datePublished":"2026-04-28T06:14:00+00:00","mainEntityOfPage":{"@id":"https:\/\/portaltela.pt\/noticias\/2026\/04\/28\/teera-admite-reabrir-estreito-de-ormuz-se-a-guerra-terminar\/"},"wordCount":223,"image":{"@id":"https:\/\/portaltela.pt\/noticias\/2026\/04\/28\/teera-admite-reabrir-estreito-de-ormuz-se-a-guerra-terminar\/#primaryimage"},"thumbnailUrl":"https:\/\/portaltela.pt\/s.01k8rhncp4jt1\/2026\/04\/9a756e63-815d-4374-b8ae-48b55c293bff_1200x675.jpg","keywords":["conflito","conflitos internacionais","diplomacia internacional","Ir\u00e3","Programa nuclear","Teer\u00e3"],"articleSection":["Internacional"],"inLanguage":"pt-PT"},{"@type":"WebPage","@id":"https:\/\/portaltela.pt\/noticias\/2026\/04\/28\/teera-admite-reabrir-estreito-de-ormuz-se-a-guerra-terminar\/","url":"https:\/\/portaltela.pt\/noticias\/2026\/04\/28\/teera-admite-reabrir-estreito-de-ormuz-se-a-guerra-terminar\/","name":"Teer\u00e3 admite reabrir Estreito de Ormuz se a guerra terminar - Portal Tela Portugal","isPartOf":{"@id":"https:\/\/portaltela.pt\/#website"},"primaryImageOfPage":{"@id":"https:\/\/portaltela.pt\/noticias\/2026\/04\/28\/teera-admite-reabrir-estreito-de-ormuz-se-a-guerra-terminar\/#primaryimage"},"image":{"@id":"https:\/\/portaltela.pt\/noticias\/2026\/04\/28\/teera-admite-reabrir-estreito-de-ormuz-se-a-guerra-terminar\/#primaryimage"},"thumbnailUrl":"https:\/\/portaltela.pt\/s.01k8rhncp4jt1\/2026\/04\/9a756e63-815d-4374-b8ae-48b55c293bff_1200x675.jpg","datePublished":"2026-04-28T06:14:00+00:00","author":{"@id":"https:\/\/portaltela.pt\/#\/schema\/person\/c4278d4a6028830caff9ee44b42d32ed"},"breadcrumb":{"@id":"https:\/\/portaltela.pt\/noticias\/2026\/04\/28\/teera-admite-reabrir-estreito-de-ormuz-se-a-guerra-terminar\/#breadcrumb"},"inLanguage":"pt-PT","potentialAction":[{"@type":"ReadAction","target":["https:\/\/portaltela.pt\/noticias\/2026\/04\/28\/teera-admite-reabrir-estreito-de-ormuz-se-a-guerra-terminar\/"]}]},{"@type":"ImageObject","inLanguage":"pt-PT","@id":"https:\/\/portaltela.pt\/noticias\/2026\/04\/28\/teera-admite-reabrir-estreito-de-ormuz-se-a-guerra-terminar\/#primaryimage","url":"https:\/\/portaltela.pt\/s.01k8rhncp4jt1\/2026\/04\/9a756e63-815d-4374-b8ae-48b55c293bff_1200x675.jpg","contentUrl":"https:\/\/portaltela.pt\/s.01k8rhncp4jt1\/2026\/04\/9a756e63-815d-4374-b8ae-48b55c293bff_1200x675.jpg","width":1200,"height":675,"caption":"Imagem de contexto do artigo Teer\u00e3o admite reabrir estreito de Ormuz se guerra acabar"},{"@type":"BreadcrumbList","@id":"https:\/\/portaltela.pt\/noticias\/2026\/04\/28\/teera-admite-reabrir-estreito-de-ormuz-se-a-guerra-terminar\/#breadcrumb","itemListElement":[{"@type":"ListItem","position":1,"name":"In\u00edcio","item":"https:\/\/portaltela.pt\/"},{"@type":"ListItem","position":2,"name":"Teer\u00e3 admite reabrir Estreito de Ormuz se a guerra terminar"}]},{"@type":"WebSite","@id":"https:\/\/portaltela.pt\/#website","url":"https:\/\/portaltela.pt\/","name":"Portal Tela Portugal","description":"","potentialAction":[{"@type":"SearchAction","target":{"@type":"EntryPoint","urlTemplate":"https:\/\/portaltela.pt\/?s={search_term_string}"},"query-input":{"@type":"PropertyValueSpecification","valueRequired":true,"valueName":"search_term_string"}}],"inLanguage":"pt-PT"},{"@type":"Person","@id":"https:\/\/portaltela.pt\/#\/schema\/person\/c4278d4a6028830caff9ee44b42d32ed","name":"Telinha","image":{"@type":"ImageObject","inLanguage":"pt-PT","@id":"https:\/\/portaltela.pt\/s.01k8rhncp4jt1\/2025\/11\/talking-bot-125x125.png","url":"https:\/\/portaltela.pt\/s.01k8rhncp4jt1\/2025\/11\/talking-bot-125x125.png","contentUrl":"https:\/\/portaltela.pt\/s.01k8rhncp4jt1\/2025\/11\/talking-bot-125x125.png","caption":"Telinha"},"sameAs":["https:\/\/portaltela.pt\/"],"url":"https:\/\/portaltela.pt\/por\/367410592786\/"}]}},"_links":{"self":[{"href":"https:\/\/portaltela.pt\/api\/wp\/v2\/posts\/459184","targetHints":{"allow":["GET"]}}],"collection":[{"href":"https:\/\/portaltela.pt\/api\/wp\/v2\/posts"}],"about":[{"href":"https:\/\/portaltela.pt\/api\/wp\/v2\/types\/post"}],"author":[{"embeddable":true,"href":"https:\/\/portaltela.pt\/api\/wp\/v2\/users\/2"}],"replies":[{"embeddable":true,"href":"https:\/\/portaltela.pt\/api\/wp\/v2\/comments?post=459184"}],"version-history":[{"count":0,"href":"https:\/\/portaltela.pt\/api\/wp\/v2\/posts\/459184\/revisions"}],"wp:featuredmedia":[{"embeddable":true,"href":"https:\/\/portaltela.pt\/api\/wp\/v2\/media\/459188"}],"wp:attachment":[{"href":"https:\/\/portaltela.pt\/api\/wp\/v2\/media?parent=459184"}],"wp:term":[{"taxonomy":"category","embeddable":true,"href":"https:\/\/portaltela.pt\/api\/wp\/v2\/categories?post=459184"},{"taxonomy":"post_tag","embeddable":true,"href":"https:\/\/portaltela.pt\/api\/wp\/v2\/tags?post=459184"}],"curies":[{"name":"wp","href":"https:\/\/api.w.org\/{rel}","templated":true}]}}