{"id":459176,"date":"2026-04-28T03:18:21","date_gmt":"2026-04-28T06:18:21","guid":{"rendered":"https:\/\/portaltela.pt\/noticias\/2026\/04\/28\/um-ano-apos-o-apagao-ainda-sem-responsaveis-atribuidos\/"},"modified":"2026-04-28T03:18:21","modified_gmt":"2026-04-28T06:18:21","slug":"um-ano-apos-o-apagao-ainda-sem-responsaveis-atribuidos","status":"publish","type":"post","link":"https:\/\/portaltela.pt\/noticias\/2026\/04\/28\/um-ano-apos-o-apagao-ainda-sem-responsaveis-atribuidos\/","title":{"rendered":"Um ano ap\u00f3s o apag\u00e3o, ainda sem respons\u00e1veis atribu\u00eddos"},"content":{"rendered":"<p>Um ano ap\u00f3s o apag\u00e3o de 28 de abril de 2025, a grande indisponibilidade de energia na Pen\u00ednsula Ib\u00e9rica mant\u00e9m-se sem respons\u00e1veis oficiais identificados. Governos e reguladores apontam para causas multifactoriais, sem atribuir culpados concretos.<\/p>\n<p>Relat\u00f3rios do Governo, da Entso-e e da CNMC convergem numa conclus\u00e3o comum: o incidente decorreu de v\u00e1rios fatores, incluindo falhas de gest\u00e3o da rede e de produ\u00e7\u00e3o. As an\u00e1lises n\u00e3o definem quem deve responder pelo erro.<\/p>\n<p>A REE (Red El\u00e9ctrica de Espa\u00f1a) criticou fortemente os principais operadores do setor \u2014 Iberdrola, Endesa e Naturgy \u2014 por incumprimento de controlo de tens\u00e3o em centrais, segundo o relat\u00f3rio da pr\u00f3pria Rede, apresentado em junho de 2025.<\/p>\n<p>O primeiro-ministro Pedro S\u00e1nchez chegou a falar em oscila\u00e7\u00f5es fortes em centrais fotovoltaicas no Sudoeste, atribuindo parte da culpa \u00e0 energia renov\u00e1vel, ainda que reconhecesse investiga\u00e7\u00f5es sobre operadores privados. As empresas negaram falhas dram\u00e1ticas na gest\u00e3o do sistema.<\/p>\n<p>Desde ent\u00e3o, diversas entidades mant\u00eam o debate p\u00fablico, com o relat\u00f3rio da Entso-e a indicar uma combina\u00e7\u00e3o de fatores sem ligar o evento \u00e0 atua\u00e7\u00e3o espec\u00edfica da REE. A CNMC adiou a divulga\u00e7\u00e3o do relat\u00f3rio final, aprovando medidas administrativas que permitem a\u00e7\u00e3o judicial pelos afetados.<\/p>\n<p>No dia 17 de abril, foram abertos 20 processos sancionat\u00f3rios: contra a Red El\u00e9ctrica por suposta viola\u00e7\u00e3o de fun\u00e7\u00f5es; 17 contra instala\u00e7\u00f5es de Endesa, Iberdrola, Naturgy; e a\u00e7\u00f5es contra a Repsol e a Bah\u00eda de Bizkaia Electricidad. A CNMC classificou as infra\u00e7\u00f5es como graves.<\/p>\n<p>Imediatamente ap\u00f3s o apag\u00e3o, o custo da energia aumentou devido ao recurso a centrais de ciclo combinado pela REE, com valores di\u00e1rios superiores. As estimativas de custo adicional variam entre 516 milh\u00f5es e 1,1 mil milh\u00f5es de euros at\u00e9 ao final de 2025, segundo associa\u00e7\u00f5es do setor.<\/p>\n<p>O peso das responsabilidades permanece incerto. Processos judiciais j\u00e1 mobilizam parcerias entre clientes e consultores, com a Repsol, Moeve e seguradoras a moverem a\u00e7\u00f5es para compensa\u00e7\u00e3o de perdas superiores a 2 mil milh\u00f5es de euros em Portugal, segundo um inqu\u00e9rito da AIP.<\/p>\n<p>A Comiss\u00e3o de Inqu\u00e9rito do Senado espanhol, dominada pelo Partido Popular, indicou recentemente o Governo espanhol como \u00fanico respons\u00e1vel pelo apag\u00e3o, alimentando o debate entre institui\u00e7\u00f5es e empresas sobre quem deve suportar os preju\u00edzos.<\/p>\n<h3>E em Portugal?<\/h3>\n<p>A ministra Maria da Gra\u00e7a Carvalho informou que empresas portuguesas j\u00e1 podem pedir indemniza\u00e7\u00f5es pelo apag\u00e3o ib\u00e9rico, mas dependem de decis\u00e3o da ERSE sobre a classifica\u00e7\u00e3o do evento. Caso seja considerado extraordin\u00e1rio, as compensa\u00e7\u00f5es podem ficar sujeitas a altera\u00e7\u00f5es.<\/p>\n<p>A AIP apurou perdas superiores a 2 mil milh\u00f5es de euros em 1710 empresas, com 93% a defenderem responsabiliza\u00e7\u00e3o e compensa\u00e7\u00e3o por parte dos governos de Portugal e Espanha. A REE e a REN aparecem entre os principais apontados pelas empresas portuguesas.<\/p>\n","protected":false},"excerpt":{"rendered":"<ul>\n<li>Um ano ap\u00f3s o apag\u00e3o de 28 de abril de 2025, n\u00e3o h\u00e1 respons\u00e1veis identificados; os relat\u00f3rios apontam causas multifactoriais sem culpados concretos.<\/li>\n<li>A Rede El\u00e9ctrica de Espanha (REE) critica as grandes empresas do setor \u2014 Iberdrola, Endesa e Naturgy \u2014 por incumprimento de controlo de tens\u00e3o e desligamentos prematuros, sem assumir a responsabilidade pela falha.<\/li>\n<li>O primeiro-ministro Pedro S\u00e1nchez apontou oscila\u00e7\u00f5es em centrais fotovoltaicas como origem, enquanto o centro de controlo da REE \u00e9 visto como pe\u00e7a central do problema; Governo e empresas trocam acusa\u00e7\u00f5es.<\/li>\n<li>A Comiss\u00e3o Nacional do Mercado e da Concorr\u00eancia (CNMC) aprovou medidas administrativas para abrir caminho a a\u00e7\u00f5es judiciais, com vinte processos sancionat\u00f3rios contra v\u00e1rias instala\u00e7\u00f5es e empresas do setor.<\/li>\n<li>Em Portugal, a indemniza\u00e7\u00e3o aos afetados depende de uma decis\u00e3o da Entidade Reguladora dos Servi\u00e7os Energ\u00e9ticos; estudo da AIP aponta preju\u00edzos superiores a dois mil milh\u00f5es de euros e responsabiliza\u00e7\u00e3o atribu\u00edda \u00e0s redes REE e REN.<\/li>\n<\/ul>\n","protected":false},"author":2,"featured_media":459178,"comment_status":"closed","ping_status":"closed","sticky":false,"template":"","format":"standard","meta":{"footnotes":""},"categories":[6806,1],"tags":[4729,1550,28,174,34,1014],"class_list":["post-459176","post","type-post","status-publish","format-standard","has-post-thumbnail","hentry","category-energia","category-noticias","tag-abastecimento-de-energia","tag-apagao","tag-economia","tag-energia","tag-governo","tag-portugal"],"yoast_head":"<!-- This site is optimized with the Yoast SEO plugin v27.2 - https:\/\/yoast.com\/product\/yoast-seo-wordpress\/ -->\n<title>Um ano ap\u00f3s o apag\u00e3o, ainda sem respons\u00e1veis atribu\u00eddos - Portal Tela Portugal<\/title>\n<meta name=\"robots\" content=\"index, follow, max-snippet:-1, max-image-preview:large, max-video-preview:-1\" \/>\n<meta property=\"og:locale\" content=\"pt_PT\" \/>\n<meta property=\"og:type\" content=\"article\" \/>\n<meta property=\"og:title\" content=\"Um ano ap\u00f3s o apag\u00e3o, ainda sem respons\u00e1veis atribu\u00eddos - Portal Tela Portugal\" \/>\n<meta property=\"og:description\" content=\"Um ano ap\u00f3s o apag\u00e3o de 28 de abril de 2025, n\u00e3o h\u00e1 respons\u00e1veis identificados; os relat\u00f3rios apontam causas multifactoriais sem culpados concretos. A Rede El\u00e9ctrica de Espanha (REE) critica as grandes empresas do setor \u2014 Iberdrola, Endesa e Naturgy \u2014 por incumprimento de controlo de tens\u00e3o e desligamentos prematuros, sem assumir a responsabilidade pela falha. O primeiro-ministro Pedro S\u00e1nchez apontou oscila\u00e7\u00f5es em centrais fotovoltaicas como origem, enquanto o centro de controlo da REE \u00e9 visto como pe\u00e7a central do problema; Governo e empresas trocam acusa\u00e7\u00f5es. A Comiss\u00e3o Nacional do Mercado e da Concorr\u00eancia (CNMC) aprovou medidas administrativas para abrir caminho a a\u00e7\u00f5es judiciais, com vinte processos sancionat\u00f3rios contra v\u00e1rias instala\u00e7\u00f5es e empresas do setor. Em Portugal, a indemniza\u00e7\u00e3o aos afetados depende de uma decis\u00e3o da Entidade Reguladora dos Servi\u00e7os Energ\u00e9ticos; estudo da AIP aponta preju\u00edzos superiores a dois mil milh\u00f5es de euros e responsabiliza\u00e7\u00e3o atribu\u00edda \u00e0s redes REE e REN.\" \/>\n<meta property=\"og:url\" content=\"https:\/\/portaltela.pt\/noticias\/2026\/04\/28\/um-ano-apos-o-apagao-ainda-sem-responsaveis-atribuidos\/\" \/>\n<meta property=\"og:site_name\" content=\"Portal Tela Portugal\" \/>\n<meta property=\"article:published_time\" content=\"2026-04-28T06:18:21+00:00\" \/>\n<meta name=\"author\" content=\"Telinha\" \/>\n<meta name=\"twitter:card\" content=\"summary_large_image\" \/>\n<meta name=\"twitter:label1\" content=\"Escrito por\" \/>\n\t<meta name=\"twitter:data1\" content=\"Telinha\" \/>\n\t<meta name=\"twitter:label2\" content=\"Tempo estimado de leitura\" \/>\n\t<meta name=\"twitter:data2\" content=\"2 minutos\" \/>\n<script type=\"application\/ld+json\" class=\"yoast-schema-graph\">{\"@context\":\"https:\/\/schema.org\",\"@graph\":[{\"@type\":\"Article\",\"@id\":\"https:\/\/portaltela.pt\/noticias\/2026\/04\/28\/um-ano-apos-o-apagao-ainda-sem-responsaveis-atribuidos\/#article\",\"isPartOf\":{\"@id\":\"https:\/\/portaltela.pt\/noticias\/2026\/04\/28\/um-ano-apos-o-apagao-ainda-sem-responsaveis-atribuidos\/\"},\"author\":{\"name\":\"Telinha\",\"@id\":\"https:\/\/portaltela.pt\/#\/schema\/person\/c4278d4a6028830caff9ee44b42d32ed\"},\"headline\":\"Um ano ap\u00f3s o apag\u00e3o, ainda sem respons\u00e1veis atribu\u00eddos\",\"datePublished\":\"2026-04-28T06:18:21+00:00\",\"mainEntityOfPage\":{\"@id\":\"https:\/\/portaltela.pt\/noticias\/2026\/04\/28\/um-ano-apos-o-apagao-ainda-sem-responsaveis-atribuidos\/\"},\"wordCount\":509,\"image\":{\"@id\":\"https:\/\/portaltela.pt\/noticias\/2026\/04\/28\/um-ano-apos-o-apagao-ainda-sem-responsaveis-atribuidos\/#primaryimage\"},\"thumbnailUrl\":\"https:\/\/portaltela.pt\/s.01k8rhncp4jt1\/2026\/04\/2084446.jpg\",\"keywords\":[\"abastecimento de energia\",\"apag\u00e3o\",\"economia\",\"energia\",\"governo\",\"Portugal\"],\"articleSection\":[\"Energia\",\"Not\u00edcias\"],\"inLanguage\":\"pt-PT\"},{\"@type\":\"WebPage\",\"@id\":\"https:\/\/portaltela.pt\/noticias\/2026\/04\/28\/um-ano-apos-o-apagao-ainda-sem-responsaveis-atribuidos\/\",\"url\":\"https:\/\/portaltela.pt\/noticias\/2026\/04\/28\/um-ano-apos-o-apagao-ainda-sem-responsaveis-atribuidos\/\",\"name\":\"Um ano ap\u00f3s o apag\u00e3o, ainda sem respons\u00e1veis atribu\u00eddos - Portal Tela Portugal\",\"isPartOf\":{\"@id\":\"https:\/\/portaltela.pt\/#website\"},\"primaryImageOfPage\":{\"@id\":\"https:\/\/portaltela.pt\/noticias\/2026\/04\/28\/um-ano-apos-o-apagao-ainda-sem-responsaveis-atribuidos\/#primaryimage\"},\"image\":{\"@id\":\"https:\/\/portaltela.pt\/noticias\/2026\/04\/28\/um-ano-apos-o-apagao-ainda-sem-responsaveis-atribuidos\/#primaryimage\"},\"thumbnailUrl\":\"https:\/\/portaltela.pt\/s.01k8rhncp4jt1\/2026\/04\/2084446.jpg\",\"datePublished\":\"2026-04-28T06:18:21+00:00\",\"author\":{\"@id\":\"https:\/\/portaltela.pt\/#\/schema\/person\/c4278d4a6028830caff9ee44b42d32ed\"},\"breadcrumb\":{\"@id\":\"https:\/\/portaltela.pt\/noticias\/2026\/04\/28\/um-ano-apos-o-apagao-ainda-sem-responsaveis-atribuidos\/#breadcrumb\"},\"inLanguage\":\"pt-PT\",\"potentialAction\":[{\"@type\":\"ReadAction\",\"target\":[\"https:\/\/portaltela.pt\/noticias\/2026\/04\/28\/um-ano-apos-o-apagao-ainda-sem-responsaveis-atribuidos\/\"]}]},{\"@type\":\"ImageObject\",\"inLanguage\":\"pt-PT\",\"@id\":\"https:\/\/portaltela.pt\/noticias\/2026\/04\/28\/um-ano-apos-o-apagao-ainda-sem-responsaveis-atribuidos\/#primaryimage\",\"url\":\"https:\/\/portaltela.pt\/s.01k8rhncp4jt1\/2026\/04\/2084446.jpg\",\"contentUrl\":\"https:\/\/portaltela.pt\/s.01k8rhncp4jt1\/2026\/04\/2084446.jpg\",\"width\":796,\"height\":448,\"caption\":\"A ministra do Ambiente e Energia, Maria da Gra\u00e7a Carvalho\"},{\"@type\":\"BreadcrumbList\",\"@id\":\"https:\/\/portaltela.pt\/noticias\/2026\/04\/28\/um-ano-apos-o-apagao-ainda-sem-responsaveis-atribuidos\/#breadcrumb\",\"itemListElement\":[{\"@type\":\"ListItem\",\"position\":1,\"name\":\"In\u00edcio\",\"item\":\"https:\/\/portaltela.pt\/\"},{\"@type\":\"ListItem\",\"position\":2,\"name\":\"Um ano ap\u00f3s o apag\u00e3o, ainda sem respons\u00e1veis atribu\u00eddos\"}]},{\"@type\":\"WebSite\",\"@id\":\"https:\/\/portaltela.pt\/#website\",\"url\":\"https:\/\/portaltela.pt\/\",\"name\":\"Portal Tela Portugal\",\"description\":\"\",\"potentialAction\":[{\"@type\":\"SearchAction\",\"target\":{\"@type\":\"EntryPoint\",\"urlTemplate\":\"https:\/\/portaltela.pt\/?s={search_term_string}\"},\"query-input\":{\"@type\":\"PropertyValueSpecification\",\"valueRequired\":true,\"valueName\":\"search_term_string\"}}],\"inLanguage\":\"pt-PT\"},{\"@type\":\"Person\",\"@id\":\"https:\/\/portaltela.pt\/#\/schema\/person\/c4278d4a6028830caff9ee44b42d32ed\",\"name\":\"Telinha\",\"image\":{\"@type\":\"ImageObject\",\"inLanguage\":\"pt-PT\",\"@id\":\"https:\/\/portaltela.pt\/s.01k8rhncp4jt1\/2025\/11\/talking-bot-125x125.png\",\"url\":\"https:\/\/portaltela.pt\/s.01k8rhncp4jt1\/2025\/11\/talking-bot-125x125.png\",\"contentUrl\":\"https:\/\/portaltela.pt\/s.01k8rhncp4jt1\/2025\/11\/talking-bot-125x125.png\",\"caption\":\"Telinha\"},\"sameAs\":[\"https:\/\/portaltela.pt\/\"],\"url\":\"https:\/\/portaltela.pt\/por\/367410592786\/\"}]}<\/script>\n<!-- \/ Yoast SEO plugin. -->","yoast_head_json":{"title":"Um ano ap\u00f3s o apag\u00e3o, ainda sem respons\u00e1veis atribu\u00eddos - Portal Tela Portugal","robots":{"index":"index","follow":"follow","max-snippet":"max-snippet:-1","max-image-preview":"max-image-preview:large","max-video-preview":"max-video-preview:-1"},"og_locale":"pt_PT","og_type":"article","og_title":"Um ano ap\u00f3s o apag\u00e3o, ainda sem respons\u00e1veis atribu\u00eddos - Portal Tela Portugal","og_description":"Um ano ap\u00f3s o apag\u00e3o de 28 de abril de 2025, n\u00e3o h\u00e1 respons\u00e1veis identificados; os relat\u00f3rios apontam causas multifactoriais sem culpados concretos. A Rede El\u00e9ctrica de Espanha (REE) critica as grandes empresas do setor \u2014 Iberdrola, Endesa e Naturgy \u2014 por incumprimento de controlo de tens\u00e3o e desligamentos prematuros, sem assumir a responsabilidade pela falha. O primeiro-ministro Pedro S\u00e1nchez apontou oscila\u00e7\u00f5es em centrais fotovoltaicas como origem, enquanto o centro de controlo da REE \u00e9 visto como pe\u00e7a central do problema; Governo e empresas trocam acusa\u00e7\u00f5es. A Comiss\u00e3o Nacional do Mercado e da Concorr\u00eancia (CNMC) aprovou medidas administrativas para abrir caminho a a\u00e7\u00f5es judiciais, com vinte processos sancionat\u00f3rios contra v\u00e1rias instala\u00e7\u00f5es e empresas do setor. Em Portugal, a indemniza\u00e7\u00e3o aos afetados depende de uma decis\u00e3o da Entidade Reguladora dos Servi\u00e7os Energ\u00e9ticos; estudo da AIP aponta preju\u00edzos superiores a dois mil milh\u00f5es de euros e responsabiliza\u00e7\u00e3o atribu\u00edda \u00e0s redes REE e REN.","og_url":"https:\/\/portaltela.pt\/noticias\/2026\/04\/28\/um-ano-apos-o-apagao-ainda-sem-responsaveis-atribuidos\/","og_site_name":"Portal Tela Portugal","article_published_time":"2026-04-28T06:18:21+00:00","author":"Telinha","twitter_card":"summary_large_image","twitter_misc":{"Escrito por":"Telinha","Tempo estimado de leitura":"2 minutos"},"schema":{"@context":"https:\/\/schema.org","@graph":[{"@type":"Article","@id":"https:\/\/portaltela.pt\/noticias\/2026\/04\/28\/um-ano-apos-o-apagao-ainda-sem-responsaveis-atribuidos\/#article","isPartOf":{"@id":"https:\/\/portaltela.pt\/noticias\/2026\/04\/28\/um-ano-apos-o-apagao-ainda-sem-responsaveis-atribuidos\/"},"author":{"name":"Telinha","@id":"https:\/\/portaltela.pt\/#\/schema\/person\/c4278d4a6028830caff9ee44b42d32ed"},"headline":"Um ano ap\u00f3s o apag\u00e3o, ainda sem respons\u00e1veis atribu\u00eddos","datePublished":"2026-04-28T06:18:21+00:00","mainEntityOfPage":{"@id":"https:\/\/portaltela.pt\/noticias\/2026\/04\/28\/um-ano-apos-o-apagao-ainda-sem-responsaveis-atribuidos\/"},"wordCount":509,"image":{"@id":"https:\/\/portaltela.pt\/noticias\/2026\/04\/28\/um-ano-apos-o-apagao-ainda-sem-responsaveis-atribuidos\/#primaryimage"},"thumbnailUrl":"https:\/\/portaltela.pt\/s.01k8rhncp4jt1\/2026\/04\/2084446.jpg","keywords":["abastecimento de energia","apag\u00e3o","economia","energia","governo","Portugal"],"articleSection":["Energia","Not\u00edcias"],"inLanguage":"pt-PT"},{"@type":"WebPage","@id":"https:\/\/portaltela.pt\/noticias\/2026\/04\/28\/um-ano-apos-o-apagao-ainda-sem-responsaveis-atribuidos\/","url":"https:\/\/portaltela.pt\/noticias\/2026\/04\/28\/um-ano-apos-o-apagao-ainda-sem-responsaveis-atribuidos\/","name":"Um ano ap\u00f3s o apag\u00e3o, ainda sem respons\u00e1veis atribu\u00eddos - Portal Tela Portugal","isPartOf":{"@id":"https:\/\/portaltela.pt\/#website"},"primaryImageOfPage":{"@id":"https:\/\/portaltela.pt\/noticias\/2026\/04\/28\/um-ano-apos-o-apagao-ainda-sem-responsaveis-atribuidos\/#primaryimage"},"image":{"@id":"https:\/\/portaltela.pt\/noticias\/2026\/04\/28\/um-ano-apos-o-apagao-ainda-sem-responsaveis-atribuidos\/#primaryimage"},"thumbnailUrl":"https:\/\/portaltela.pt\/s.01k8rhncp4jt1\/2026\/04\/2084446.jpg","datePublished":"2026-04-28T06:18:21+00:00","author":{"@id":"https:\/\/portaltela.pt\/#\/schema\/person\/c4278d4a6028830caff9ee44b42d32ed"},"breadcrumb":{"@id":"https:\/\/portaltela.pt\/noticias\/2026\/04\/28\/um-ano-apos-o-apagao-ainda-sem-responsaveis-atribuidos\/#breadcrumb"},"inLanguage":"pt-PT","potentialAction":[{"@type":"ReadAction","target":["https:\/\/portaltela.pt\/noticias\/2026\/04\/28\/um-ano-apos-o-apagao-ainda-sem-responsaveis-atribuidos\/"]}]},{"@type":"ImageObject","inLanguage":"pt-PT","@id":"https:\/\/portaltela.pt\/noticias\/2026\/04\/28\/um-ano-apos-o-apagao-ainda-sem-responsaveis-atribuidos\/#primaryimage","url":"https:\/\/portaltela.pt\/s.01k8rhncp4jt1\/2026\/04\/2084446.jpg","contentUrl":"https:\/\/portaltela.pt\/s.01k8rhncp4jt1\/2026\/04\/2084446.jpg","width":796,"height":448,"caption":"A ministra do Ambiente e Energia, Maria da Gra\u00e7a Carvalho"},{"@type":"BreadcrumbList","@id":"https:\/\/portaltela.pt\/noticias\/2026\/04\/28\/um-ano-apos-o-apagao-ainda-sem-responsaveis-atribuidos\/#breadcrumb","itemListElement":[{"@type":"ListItem","position":1,"name":"In\u00edcio","item":"https:\/\/portaltela.pt\/"},{"@type":"ListItem","position":2,"name":"Um ano ap\u00f3s o apag\u00e3o, ainda sem respons\u00e1veis atribu\u00eddos"}]},{"@type":"WebSite","@id":"https:\/\/portaltela.pt\/#website","url":"https:\/\/portaltela.pt\/","name":"Portal Tela Portugal","description":"","potentialAction":[{"@type":"SearchAction","target":{"@type":"EntryPoint","urlTemplate":"https:\/\/portaltela.pt\/?s={search_term_string}"},"query-input":{"@type":"PropertyValueSpecification","valueRequired":true,"valueName":"search_term_string"}}],"inLanguage":"pt-PT"},{"@type":"Person","@id":"https:\/\/portaltela.pt\/#\/schema\/person\/c4278d4a6028830caff9ee44b42d32ed","name":"Telinha","image":{"@type":"ImageObject","inLanguage":"pt-PT","@id":"https:\/\/portaltela.pt\/s.01k8rhncp4jt1\/2025\/11\/talking-bot-125x125.png","url":"https:\/\/portaltela.pt\/s.01k8rhncp4jt1\/2025\/11\/talking-bot-125x125.png","contentUrl":"https:\/\/portaltela.pt\/s.01k8rhncp4jt1\/2025\/11\/talking-bot-125x125.png","caption":"Telinha"},"sameAs":["https:\/\/portaltela.pt\/"],"url":"https:\/\/portaltela.pt\/por\/367410592786\/"}]}},"_links":{"self":[{"href":"https:\/\/portaltela.pt\/api\/wp\/v2\/posts\/459176","targetHints":{"allow":["GET"]}}],"collection":[{"href":"https:\/\/portaltela.pt\/api\/wp\/v2\/posts"}],"about":[{"href":"https:\/\/portaltela.pt\/api\/wp\/v2\/types\/post"}],"author":[{"embeddable":true,"href":"https:\/\/portaltela.pt\/api\/wp\/v2\/users\/2"}],"replies":[{"embeddable":true,"href":"https:\/\/portaltela.pt\/api\/wp\/v2\/comments?post=459176"}],"version-history":[{"count":0,"href":"https:\/\/portaltela.pt\/api\/wp\/v2\/posts\/459176\/revisions"}],"wp:featuredmedia":[{"embeddable":true,"href":"https:\/\/portaltela.pt\/api\/wp\/v2\/media\/459178"}],"wp:attachment":[{"href":"https:\/\/portaltela.pt\/api\/wp\/v2\/media?parent=459176"}],"wp:term":[{"taxonomy":"category","embeddable":true,"href":"https:\/\/portaltela.pt\/api\/wp\/v2\/categories?post=459176"},{"taxonomy":"post_tag","embeddable":true,"href":"https:\/\/portaltela.pt\/api\/wp\/v2\/tags?post=459176"}],"curies":[{"name":"wp","href":"https:\/\/api.w.org\/{rel}","templated":true}]}}