{"id":459175,"date":"2026-04-28T03:18:21","date_gmt":"2026-04-28T06:18:21","guid":{"rendered":"https:\/\/portaltela.pt\/noticias\/2026\/04\/28\/acusado-de-balear-condutor-apos-rixa-de-transito-foge-em-taxi-e-quase-atropela-pj\/"},"modified":"2026-04-28T03:18:21","modified_gmt":"2026-04-28T06:18:21","slug":"acusado-de-balear-condutor-apos-rixa-de-transito-foge-em-taxi-e-quase-atropela-pj","status":"publish","type":"post","link":"https:\/\/portaltela.pt\/justica\/2026\/04\/28\/acusado-de-balear-condutor-apos-rixa-de-transito-foge-em-taxi-e-quase-atropela-pj\/","title":{"rendered":"Acusado de balear condutor ap\u00f3s rixa de tr\u00e2nsito foge em t\u00e1xi e quase atropela PJ"},"content":{"rendered":"<p>O Minist\u00e9rio P\u00fablico (MP) imputou a um homem de 28 anos nove crimes, na sequ\u00eancia de uma rixa de tr\u00e2nsito em Matosinhos. O conflito come\u00e7ou por uma manobra do arguido ao estacionar o Audi perto de casa, em Le\u00e7a da Palmeira, e escalou para agress\u00f5es m\u00fatuas.<\/p>\n<p>O incidente ocorreu na via p\u00fablica, com o arguido a regressar a casa para buscar uma arma de fogo e a disparar contra outro condutor. Seguiu-se uma fuga em t\u00e1xi antes da chegada das autoridades.<\/p>\n<p>A investiga\u00e7\u00e3o descreve que, j\u00e1 em pris\u00e3o preventiva na cadeia de Cust\u00f3is, o homem foi localizado pela Pol\u00edcia Judici\u00e1ria (PJ) e tentou escapar, chegando a quase atropelar uma inspetora durante a abordagem.<\/p>\n<h3>Acusa\u00e7\u00e3o e enquadramento processual<\/h3>\n<p>O MP acusa o arguido de homic\u00eddio qualificado na forma tentada, dois crimes de deten\u00e7\u00e3o de arma proibida, um de dano qualificado, resist\u00eancia e coa\u00e7\u00e3o sobre funcion\u00e1rio e quatro de ofensa \u00e0 integridade f\u00edsica. O processo corre em pris\u00e3o preventiva.<\/p>\n","protected":false},"excerpt":{"rendered":"<ul>\n<li>O Minist\u00e9rio P\u00fablico imputa ao arguido, de 28 anos, pris\u00e3o preventiva na cadeia de Custoias, nove crimes relacionados com uma rixa de tr\u00e2nsito em Le\u00e7a da Palmeira, Matosinhos.<\/li>\n<li>O epis\u00f3dio come\u00e7ou com uma disc\u00f3rdia entre condutores durante a manobra de estacionar um Audi junto \u00e0 casa do arguido.<\/li>\n<li>O homem foi buscar uma arma de fogo, disparou contra o outro condutor e fugiu de t\u00e1xi antes da chegada das autoridades.<\/li>\n<li>Esteve um m\u00eas em parte incerta e, quando a Pol\u00edcia Judici\u00e1ria o localizou, tentou escapar, chegando a quase atropelar uma inspetora.<\/li>\n<li>Entre os crimes imputados est\u00e3o homic\u00eddio qualificado na forma tentada, deten\u00e7\u00e3o de arma proibida, dano qualificado, resist\u00eancia e coa\u00e7\u00e3o sobre funcion\u00e1rio e quatro de ofensa \u00e0 integridade f\u00edsica.<\/li>\n<\/ul>\n","protected":false},"author":2,"featured_media":459183,"comment_status":"closed","ping_status":"closed","sticky":false,"template":"","format":"standard","meta":{"footnotes":""},"categories":[6907,6815],"tags":[124,2660,4139,1189,1802,4343],"class_list":["post-459175","post","type-post","status-publish","format-standard","has-post-thumbnail","hentry","category-crime","category-justica","tag-arma-de-fogo","tag-arma-proibida","tag-detencao","tag-homicidio-qualificado","tag-policia-judiciaria","tag-prisoes"],"yoast_head":"<!-- This site is optimized with the Yoast SEO plugin v27.2 - https:\/\/yoast.com\/product\/yoast-seo-wordpress\/ -->\n<title>Acusado de balear condutor ap\u00f3s rixa de tr\u00e2nsito foge em t\u00e1xi e quase atropela PJ - Portal Tela Portugal<\/title>\n<meta name=\"robots\" content=\"index, follow, max-snippet:-1, max-image-preview:large, max-video-preview:-1\" \/>\n<meta property=\"og:locale\" content=\"pt_PT\" \/>\n<meta property=\"og:type\" content=\"article\" \/>\n<meta property=\"og:title\" content=\"Acusado de balear condutor ap\u00f3s rixa de tr\u00e2nsito foge em t\u00e1xi e quase atropela PJ - Portal Tela Portugal\" \/>\n<meta property=\"og:description\" content=\"O Minist\u00e9rio P\u00fablico imputa ao arguido, de 28 anos, pris\u00e3o preventiva na cadeia de Custoias, nove crimes relacionados com uma rixa de tr\u00e2nsito em Le\u00e7a da Palmeira, Matosinhos. O epis\u00f3dio come\u00e7ou com uma disc\u00f3rdia entre condutores durante a manobra de estacionar um Audi junto \u00e0 casa do arguido. O homem foi buscar uma arma de fogo, disparou contra o outro condutor e fugiu de t\u00e1xi antes da chegada das autoridades. Esteve um m\u00eas em parte incerta e, quando a Pol\u00edcia Judici\u00e1ria o localizou, tentou escapar, chegando a quase atropelar uma inspetora. Entre os crimes imputados est\u00e3o homic\u00eddio qualificado na forma tentada, deten\u00e7\u00e3o de arma proibida, dano qualificado, resist\u00eancia e coa\u00e7\u00e3o sobre funcion\u00e1rio e quatro de ofensa \u00e0 integridade f\u00edsica.\" \/>\n<meta property=\"og:url\" content=\"https:\/\/portaltela.pt\/noticias\/2026\/04\/28\/acusado-de-balear-condutor-apos-rixa-de-transito-foge-em-taxi-e-quase-atropela-pj\/\" \/>\n<meta property=\"og:site_name\" content=\"Portal Tela Portugal\" \/>\n<meta property=\"article:published_time\" content=\"2026-04-28T06:18:21+00:00\" \/>\n<meta name=\"author\" content=\"Telinha\" \/>\n<meta name=\"twitter:card\" content=\"summary_large_image\" \/>\n<meta name=\"twitter:label1\" content=\"Escrito por\" \/>\n\t<meta name=\"twitter:data1\" content=\"Telinha\" \/>\n\t<meta name=\"twitter:label2\" content=\"Tempo estimado de leitura\" \/>\n\t<meta name=\"twitter:data2\" content=\"1 minuto\" \/>\n<script type=\"application\/ld+json\" class=\"yoast-schema-graph\">{\"@context\":\"https:\/\/schema.org\",\"@graph\":[{\"@type\":\"Article\",\"@id\":\"https:\/\/portaltela.pt\/noticias\/2026\/04\/28\/acusado-de-balear-condutor-apos-rixa-de-transito-foge-em-taxi-e-quase-atropela-pj\/#article\",\"isPartOf\":{\"@id\":\"https:\/\/portaltela.pt\/noticias\/2026\/04\/28\/acusado-de-balear-condutor-apos-rixa-de-transito-foge-em-taxi-e-quase-atropela-pj\/\"},\"author\":{\"name\":\"Telinha\",\"@id\":\"https:\/\/portaltela.pt\/#\/schema\/person\/c4278d4a6028830caff9ee44b42d32ed\"},\"headline\":\"Acusado de balear condutor ap\u00f3s rixa de tr\u00e2nsito foge em t\u00e1xi e quase atropela PJ\",\"datePublished\":\"2026-04-28T06:18:21+00:00\",\"mainEntityOfPage\":{\"@id\":\"https:\/\/portaltela.pt\/noticias\/2026\/04\/28\/acusado-de-balear-condutor-apos-rixa-de-transito-foge-em-taxi-e-quase-atropela-pj\/\"},\"wordCount\":196,\"image\":{\"@id\":\"https:\/\/portaltela.pt\/noticias\/2026\/04\/28\/acusado-de-balear-condutor-apos-rixa-de-transito-foge-em-taxi-e-quase-atropela-pj\/#primaryimage\"},\"thumbnailUrl\":\"https:\/\/portaltela.pt\/s.01k8rhncp4jt1\/2026\/04\/image-1567.jpg\",\"keywords\":[\"arma de fogo\",\"arma proibida\",\"deten\u00e7\u00e3o\",\"homic\u00eddio qualificado\",\"Pol\u00edcia Judici\u00e1ria\",\"pris\u00f5es\"],\"articleSection\":[\"Crime\",\"Justi\u00e7a\"],\"inLanguage\":\"pt-PT\"},{\"@type\":\"WebPage\",\"@id\":\"https:\/\/portaltela.pt\/noticias\/2026\/04\/28\/acusado-de-balear-condutor-apos-rixa-de-transito-foge-em-taxi-e-quase-atropela-pj\/\",\"url\":\"https:\/\/portaltela.pt\/noticias\/2026\/04\/28\/acusado-de-balear-condutor-apos-rixa-de-transito-foge-em-taxi-e-quase-atropela-pj\/\",\"name\":\"Acusado de balear condutor ap\u00f3s rixa de tr\u00e2nsito foge em t\u00e1xi e quase atropela PJ - Portal Tela Portugal\",\"isPartOf\":{\"@id\":\"https:\/\/portaltela.pt\/#website\"},\"primaryImageOfPage\":{\"@id\":\"https:\/\/portaltela.pt\/noticias\/2026\/04\/28\/acusado-de-balear-condutor-apos-rixa-de-transito-foge-em-taxi-e-quase-atropela-pj\/#primaryimage\"},\"image\":{\"@id\":\"https:\/\/portaltela.pt\/noticias\/2026\/04\/28\/acusado-de-balear-condutor-apos-rixa-de-transito-foge-em-taxi-e-quase-atropela-pj\/#primaryimage\"},\"thumbnailUrl\":\"https:\/\/portaltela.pt\/s.01k8rhncp4jt1\/2026\/04\/image-1567.jpg\",\"datePublished\":\"2026-04-28T06:18:21+00:00\",\"author\":{\"@id\":\"https:\/\/portaltela.pt\/#\/schema\/person\/c4278d4a6028830caff9ee44b42d32ed\"},\"breadcrumb\":{\"@id\":\"https:\/\/portaltela.pt\/noticias\/2026\/04\/28\/acusado-de-balear-condutor-apos-rixa-de-transito-foge-em-taxi-e-quase-atropela-pj\/#breadcrumb\"},\"inLanguage\":\"pt-PT\",\"potentialAction\":[{\"@type\":\"ReadAction\",\"target\":[\"https:\/\/portaltela.pt\/noticias\/2026\/04\/28\/acusado-de-balear-condutor-apos-rixa-de-transito-foge-em-taxi-e-quase-atropela-pj\/\"]}]},{\"@type\":\"ImageObject\",\"inLanguage\":\"pt-PT\",\"@id\":\"https:\/\/portaltela.pt\/noticias\/2026\/04\/28\/acusado-de-balear-condutor-apos-rixa-de-transito-foge-em-taxi-e-quase-atropela-pj\/#primaryimage\",\"url\":\"https:\/\/portaltela.pt\/s.01k8rhncp4jt1\/2026\/04\/image-1567.jpg\",\"contentUrl\":\"https:\/\/portaltela.pt\/s.01k8rhncp4jt1\/2026\/04\/image-1567.jpg\",\"width\":796,\"height\":448,\"caption\":\"Durante a contenda na Rua \u00d3scar da Silva, o vidro traseiro do Audi foi partido com um ferro\"},{\"@type\":\"BreadcrumbList\",\"@id\":\"https:\/\/portaltela.pt\/noticias\/2026\/04\/28\/acusado-de-balear-condutor-apos-rixa-de-transito-foge-em-taxi-e-quase-atropela-pj\/#breadcrumb\",\"itemListElement\":[{\"@type\":\"ListItem\",\"position\":1,\"name\":\"In\u00edcio\",\"item\":\"https:\/\/portaltela.pt\/\"},{\"@type\":\"ListItem\",\"position\":2,\"name\":\"Acusado de balear condutor ap\u00f3s rixa de tr\u00e2nsito foge em t\u00e1xi e quase atropela PJ\"}]},{\"@type\":\"WebSite\",\"@id\":\"https:\/\/portaltela.pt\/#website\",\"url\":\"https:\/\/portaltela.pt\/\",\"name\":\"Portal Tela Portugal\",\"description\":\"\",\"potentialAction\":[{\"@type\":\"SearchAction\",\"target\":{\"@type\":\"EntryPoint\",\"urlTemplate\":\"https:\/\/portaltela.pt\/?s={search_term_string}\"},\"query-input\":{\"@type\":\"PropertyValueSpecification\",\"valueRequired\":true,\"valueName\":\"search_term_string\"}}],\"inLanguage\":\"pt-PT\"},{\"@type\":\"Person\",\"@id\":\"https:\/\/portaltela.pt\/#\/schema\/person\/c4278d4a6028830caff9ee44b42d32ed\",\"name\":\"Telinha\",\"image\":{\"@type\":\"ImageObject\",\"inLanguage\":\"pt-PT\",\"@id\":\"https:\/\/portaltela.pt\/s.01k8rhncp4jt1\/2025\/11\/talking-bot-125x125.png\",\"url\":\"https:\/\/portaltela.pt\/s.01k8rhncp4jt1\/2025\/11\/talking-bot-125x125.png\",\"contentUrl\":\"https:\/\/portaltela.pt\/s.01k8rhncp4jt1\/2025\/11\/talking-bot-125x125.png\",\"caption\":\"Telinha\"},\"sameAs\":[\"https:\/\/portaltela.pt\/\"],\"url\":\"https:\/\/portaltela.pt\/por\/367410592786\/\"}]}<\/script>\n<!-- \/ Yoast SEO plugin. -->","yoast_head_json":{"title":"Acusado de balear condutor ap\u00f3s rixa de tr\u00e2nsito foge em t\u00e1xi e quase atropela PJ - Portal Tela Portugal","robots":{"index":"index","follow":"follow","max-snippet":"max-snippet:-1","max-image-preview":"max-image-preview:large","max-video-preview":"max-video-preview:-1"},"og_locale":"pt_PT","og_type":"article","og_title":"Acusado de balear condutor ap\u00f3s rixa de tr\u00e2nsito foge em t\u00e1xi e quase atropela PJ - Portal Tela Portugal","og_description":"O Minist\u00e9rio P\u00fablico imputa ao arguido, de 28 anos, pris\u00e3o preventiva na cadeia de Custoias, nove crimes relacionados com uma rixa de tr\u00e2nsito em Le\u00e7a da Palmeira, Matosinhos. O epis\u00f3dio come\u00e7ou com uma disc\u00f3rdia entre condutores durante a manobra de estacionar um Audi junto \u00e0 casa do arguido. O homem foi buscar uma arma de fogo, disparou contra o outro condutor e fugiu de t\u00e1xi antes da chegada das autoridades. Esteve um m\u00eas em parte incerta e, quando a Pol\u00edcia Judici\u00e1ria o localizou, tentou escapar, chegando a quase atropelar uma inspetora. Entre os crimes imputados est\u00e3o homic\u00eddio qualificado na forma tentada, deten\u00e7\u00e3o de arma proibida, dano qualificado, resist\u00eancia e coa\u00e7\u00e3o sobre funcion\u00e1rio e quatro de ofensa \u00e0 integridade f\u00edsica.","og_url":"https:\/\/portaltela.pt\/noticias\/2026\/04\/28\/acusado-de-balear-condutor-apos-rixa-de-transito-foge-em-taxi-e-quase-atropela-pj\/","og_site_name":"Portal Tela Portugal","article_published_time":"2026-04-28T06:18:21+00:00","author":"Telinha","twitter_card":"summary_large_image","twitter_misc":{"Escrito por":"Telinha","Tempo estimado de leitura":"1 minuto"},"schema":{"@context":"https:\/\/schema.org","@graph":[{"@type":"Article","@id":"https:\/\/portaltela.pt\/noticias\/2026\/04\/28\/acusado-de-balear-condutor-apos-rixa-de-transito-foge-em-taxi-e-quase-atropela-pj\/#article","isPartOf":{"@id":"https:\/\/portaltela.pt\/noticias\/2026\/04\/28\/acusado-de-balear-condutor-apos-rixa-de-transito-foge-em-taxi-e-quase-atropela-pj\/"},"author":{"name":"Telinha","@id":"https:\/\/portaltela.pt\/#\/schema\/person\/c4278d4a6028830caff9ee44b42d32ed"},"headline":"Acusado de balear condutor ap\u00f3s rixa de tr\u00e2nsito foge em t\u00e1xi e quase atropela PJ","datePublished":"2026-04-28T06:18:21+00:00","mainEntityOfPage":{"@id":"https:\/\/portaltela.pt\/noticias\/2026\/04\/28\/acusado-de-balear-condutor-apos-rixa-de-transito-foge-em-taxi-e-quase-atropela-pj\/"},"wordCount":196,"image":{"@id":"https:\/\/portaltela.pt\/noticias\/2026\/04\/28\/acusado-de-balear-condutor-apos-rixa-de-transito-foge-em-taxi-e-quase-atropela-pj\/#primaryimage"},"thumbnailUrl":"https:\/\/portaltela.pt\/s.01k8rhncp4jt1\/2026\/04\/image-1567.jpg","keywords":["arma de fogo","arma proibida","deten\u00e7\u00e3o","homic\u00eddio qualificado","Pol\u00edcia Judici\u00e1ria","pris\u00f5es"],"articleSection":["Crime","Justi\u00e7a"],"inLanguage":"pt-PT"},{"@type":"WebPage","@id":"https:\/\/portaltela.pt\/noticias\/2026\/04\/28\/acusado-de-balear-condutor-apos-rixa-de-transito-foge-em-taxi-e-quase-atropela-pj\/","url":"https:\/\/portaltela.pt\/noticias\/2026\/04\/28\/acusado-de-balear-condutor-apos-rixa-de-transito-foge-em-taxi-e-quase-atropela-pj\/","name":"Acusado de balear condutor ap\u00f3s rixa de tr\u00e2nsito foge em t\u00e1xi e quase atropela PJ - Portal Tela Portugal","isPartOf":{"@id":"https:\/\/portaltela.pt\/#website"},"primaryImageOfPage":{"@id":"https:\/\/portaltela.pt\/noticias\/2026\/04\/28\/acusado-de-balear-condutor-apos-rixa-de-transito-foge-em-taxi-e-quase-atropela-pj\/#primaryimage"},"image":{"@id":"https:\/\/portaltela.pt\/noticias\/2026\/04\/28\/acusado-de-balear-condutor-apos-rixa-de-transito-foge-em-taxi-e-quase-atropela-pj\/#primaryimage"},"thumbnailUrl":"https:\/\/portaltela.pt\/s.01k8rhncp4jt1\/2026\/04\/image-1567.jpg","datePublished":"2026-04-28T06:18:21+00:00","author":{"@id":"https:\/\/portaltela.pt\/#\/schema\/person\/c4278d4a6028830caff9ee44b42d32ed"},"breadcrumb":{"@id":"https:\/\/portaltela.pt\/noticias\/2026\/04\/28\/acusado-de-balear-condutor-apos-rixa-de-transito-foge-em-taxi-e-quase-atropela-pj\/#breadcrumb"},"inLanguage":"pt-PT","potentialAction":[{"@type":"ReadAction","target":["https:\/\/portaltela.pt\/noticias\/2026\/04\/28\/acusado-de-balear-condutor-apos-rixa-de-transito-foge-em-taxi-e-quase-atropela-pj\/"]}]},{"@type":"ImageObject","inLanguage":"pt-PT","@id":"https:\/\/portaltela.pt\/noticias\/2026\/04\/28\/acusado-de-balear-condutor-apos-rixa-de-transito-foge-em-taxi-e-quase-atropela-pj\/#primaryimage","url":"https:\/\/portaltela.pt\/s.01k8rhncp4jt1\/2026\/04\/image-1567.jpg","contentUrl":"https:\/\/portaltela.pt\/s.01k8rhncp4jt1\/2026\/04\/image-1567.jpg","width":796,"height":448,"caption":"Durante a contenda na Rua \u00d3scar da Silva, o vidro traseiro do Audi foi partido com um ferro"},{"@type":"BreadcrumbList","@id":"https:\/\/portaltela.pt\/noticias\/2026\/04\/28\/acusado-de-balear-condutor-apos-rixa-de-transito-foge-em-taxi-e-quase-atropela-pj\/#breadcrumb","itemListElement":[{"@type":"ListItem","position":1,"name":"In\u00edcio","item":"https:\/\/portaltela.pt\/"},{"@type":"ListItem","position":2,"name":"Acusado de balear condutor ap\u00f3s rixa de tr\u00e2nsito foge em t\u00e1xi e quase atropela PJ"}]},{"@type":"WebSite","@id":"https:\/\/portaltela.pt\/#website","url":"https:\/\/portaltela.pt\/","name":"Portal Tela Portugal","description":"","potentialAction":[{"@type":"SearchAction","target":{"@type":"EntryPoint","urlTemplate":"https:\/\/portaltela.pt\/?s={search_term_string}"},"query-input":{"@type":"PropertyValueSpecification","valueRequired":true,"valueName":"search_term_string"}}],"inLanguage":"pt-PT"},{"@type":"Person","@id":"https:\/\/portaltela.pt\/#\/schema\/person\/c4278d4a6028830caff9ee44b42d32ed","name":"Telinha","image":{"@type":"ImageObject","inLanguage":"pt-PT","@id":"https:\/\/portaltela.pt\/s.01k8rhncp4jt1\/2025\/11\/talking-bot-125x125.png","url":"https:\/\/portaltela.pt\/s.01k8rhncp4jt1\/2025\/11\/talking-bot-125x125.png","contentUrl":"https:\/\/portaltela.pt\/s.01k8rhncp4jt1\/2025\/11\/talking-bot-125x125.png","caption":"Telinha"},"sameAs":["https:\/\/portaltela.pt\/"],"url":"https:\/\/portaltela.pt\/por\/367410592786\/"}]}},"_links":{"self":[{"href":"https:\/\/portaltela.pt\/api\/wp\/v2\/posts\/459175","targetHints":{"allow":["GET"]}}],"collection":[{"href":"https:\/\/portaltela.pt\/api\/wp\/v2\/posts"}],"about":[{"href":"https:\/\/portaltela.pt\/api\/wp\/v2\/types\/post"}],"author":[{"embeddable":true,"href":"https:\/\/portaltela.pt\/api\/wp\/v2\/users\/2"}],"replies":[{"embeddable":true,"href":"https:\/\/portaltela.pt\/api\/wp\/v2\/comments?post=459175"}],"version-history":[{"count":0,"href":"https:\/\/portaltela.pt\/api\/wp\/v2\/posts\/459175\/revisions"}],"wp:featuredmedia":[{"embeddable":true,"href":"https:\/\/portaltela.pt\/api\/wp\/v2\/media\/459183"}],"wp:attachment":[{"href":"https:\/\/portaltela.pt\/api\/wp\/v2\/media?parent=459175"}],"wp:term":[{"taxonomy":"category","embeddable":true,"href":"https:\/\/portaltela.pt\/api\/wp\/v2\/categories?post=459175"},{"taxonomy":"post_tag","embeddable":true,"href":"https:\/\/portaltela.pt\/api\/wp\/v2\/tags?post=459175"}],"curies":[{"name":"wp","href":"https:\/\/api.w.org\/{rel}","templated":true}]}}