{"id":459161,"date":"2026-04-28T00:24:00","date_gmt":"2026-04-28T03:24:00","guid":{"rendered":"https:\/\/portaltela.pt\/noticias\/2026\/04\/28\/irao-eleva-para-155-mortos-balanco-do-ataque-a-escola-de-minab\/"},"modified":"2026-04-28T00:24:00","modified_gmt":"2026-04-28T03:24:00","slug":"irao-eleva-para-155-mortos-balanco-do-ataque-a-escola-de-minab","status":"publish","type":"post","link":"https:\/\/portaltela.pt\/crimes-contra-a-pessoa\/2026\/04\/28\/irao-eleva-para-155-mortos-balanco-do-ataque-a-escola-de-minab\/","title":{"rendered":"Ir\u00e3o eleva para 155 mortos balan\u00e7o do ataque \u00e0 escola de Minab"},"content":{"rendered":"<p>O Ir\u00e3o est\u00e1 a rever o balan\u00e7o de um ataque a uma escola em Minab, aumentando o n\u00famero de mortos para 155. A atualiza\u00e7\u00e3o foi anunciada pelas autoridades nacionais, sem, at\u00e9 ao momento, indicar novos detalhes sobre respons\u00e1veis ou poss\u00edveis v\u00edtimas adicionais.<\/p>\n<p>Segundo informa\u00e7\u00f5es oficiais, o incidente ocorreu em Minab, cidade no sul do Ir\u00e3o, mas n\u00e3o foi revelada a data exacta nem as circunst\u00e2ncias espec\u00edficas do ataque. O foco das autoridades tem sido confirmar as v\u00edtimas e avaliar os efeitos do ataque.<\/p>\n<p>As autoridades n\u00e3o indicaram prazos para a divulga\u00e7\u00e3o de novos dados nem detalhes sobre investiga\u00e7\u00f5es em curso. O caso permanece sob an\u00e1lise, com a comunica\u00e7\u00e3o p\u00fablica a adaptar-se \u00e0 evolu\u00e7\u00e3o do inqu\u00e9rito.<\/p>\n<h3>Balan\u00e7o atual e pr\u00f3ximos passos<\/h3>\n<p>A confirma\u00e7\u00e3o do novo n\u00famero de mortos intensifica a import\u00e2ncia de divulga\u00e7\u00e3o oficial de informa\u00e7\u00f5es. As autoridades prometem atualiza\u00e7\u00f5es regulares conforme a investiga\u00e7\u00e3o avan\u00e7a. O Minist\u00e9rio da Educa\u00e7\u00e3o n\u00e3o comentou o impacto na rede escolar local.<\/p>\n","protected":false},"excerpt":{"rendered":"<ul>\n<li>O Ir\u00e3o rev\u00ea o balan\u00e7o do ataque contra uma escola em Minab, passando a registar 155 mortos.<\/li>\n<li>O novo n\u00famero representa uma atualiza\u00e7\u00e3o do balan\u00e7o anterior.<\/li>\n<li>A not\u00edcia completa est\u00e1 dispon\u00edvel apenas para subscritores.<\/li>\n<li>A mat\u00e9ria n\u00e3o inclui detalhes adicionais sobre respons\u00e1veis ou motiva\u00e7\u00f5es no texto fornecido.<\/li>\n<li>O resumo mant\u00e9m o foco no aumento oficial do n\u00famero de v\u00edtimas.<\/li>\n<\/ul>\n","protected":false},"author":2,"featured_media":459165,"comment_status":"closed","ping_status":"closed","sticky":false,"template":"","format":"standard","meta":{"footnotes":""},"categories":[7386],"tags":[8086,7795,8214,8132,7878,8273],"class_list":["post-459161","post","type-post","status-publish","format-standard","has-post-thumbnail","hentry","category-crimes-contra-a-pessoa","tag-_ataques","tag-_educacao","tag-_escolas","tag-_iran","tag-_seguranca-publica","tag-_violencia"],"yoast_head":"<!-- This site is optimized with the Yoast SEO plugin v27.2 - https:\/\/yoast.com\/product\/yoast-seo-wordpress\/ -->\n<title>Ir\u00e3o eleva para 155 mortos balan\u00e7o do ataque \u00e0 escola de Minab - Portal Tela Portugal<\/title>\n<meta name=\"robots\" content=\"index, follow, max-snippet:-1, max-image-preview:large, max-video-preview:-1\" \/>\n<meta property=\"og:locale\" content=\"pt_PT\" \/>\n<meta property=\"og:type\" content=\"article\" \/>\n<meta property=\"og:title\" content=\"Ir\u00e3o eleva para 155 mortos balan\u00e7o do ataque \u00e0 escola de Minab - Portal Tela Portugal\" \/>\n<meta property=\"og:description\" content=\"O Ir\u00e3o rev\u00ea o balan\u00e7o do ataque contra uma escola em Minab, passando a registar 155 mortos. O novo n\u00famero representa uma atualiza\u00e7\u00e3o do balan\u00e7o anterior. A not\u00edcia completa est\u00e1 dispon\u00edvel apenas para subscritores. A mat\u00e9ria n\u00e3o inclui detalhes adicionais sobre respons\u00e1veis ou motiva\u00e7\u00f5es no texto fornecido. O resumo mant\u00e9m o foco no aumento oficial do n\u00famero de v\u00edtimas.\" \/>\n<meta property=\"og:url\" content=\"https:\/\/portaltela.pt\/noticias\/2026\/04\/28\/irao-eleva-para-155-mortos-balanco-do-ataque-a-escola-de-minab\/\" \/>\n<meta property=\"og:site_name\" content=\"Portal Tela Portugal\" \/>\n<meta property=\"article:published_time\" content=\"2026-04-28T03:24:00+00:00\" \/>\n<meta name=\"author\" content=\"Telinha\" \/>\n<meta name=\"twitter:card\" content=\"summary_large_image\" \/>\n<meta name=\"twitter:label1\" content=\"Escrito por\" \/>\n\t<meta name=\"twitter:data1\" content=\"Telinha\" \/>\n\t<meta name=\"twitter:label2\" content=\"Tempo estimado de leitura\" \/>\n\t<meta name=\"twitter:data2\" content=\"1 minuto\" \/>\n<script type=\"application\/ld+json\" class=\"yoast-schema-graph\">{\"@context\":\"https:\/\/schema.org\",\"@graph\":[{\"@type\":\"Article\",\"@id\":\"https:\/\/portaltela.pt\/noticias\/2026\/04\/28\/irao-eleva-para-155-mortos-balanco-do-ataque-a-escola-de-minab\/#article\",\"isPartOf\":{\"@id\":\"https:\/\/portaltela.pt\/noticias\/2026\/04\/28\/irao-eleva-para-155-mortos-balanco-do-ataque-a-escola-de-minab\/\"},\"author\":{\"name\":\"Telinha\",\"@id\":\"https:\/\/portaltela.pt\/#\/schema\/person\/c4278d4a6028830caff9ee44b42d32ed\"},\"headline\":\"Ir\u00e3o eleva para 155 mortos balan\u00e7o do ataque \u00e0 escola de Minab\",\"datePublished\":\"2026-04-28T03:24:00+00:00\",\"mainEntityOfPage\":{\"@id\":\"https:\/\/portaltela.pt\/noticias\/2026\/04\/28\/irao-eleva-para-155-mortos-balanco-do-ataque-a-escola-de-minab\/\"},\"wordCount\":200,\"image\":{\"@id\":\"https:\/\/portaltela.pt\/noticias\/2026\/04\/28\/irao-eleva-para-155-mortos-balanco-do-ataque-a-escola-de-minab\/#primaryimage\"},\"thumbnailUrl\":\"https:\/\/portaltela.pt\/s.01k8rhncp4jt1\/2026\/04\/CACHE_780X1200_ANALOG_WATERMARKED_46974251_347244524000077.jpg\",\"keywords\":[\"_ataques\",\"_educa\u00e7\u00e3o\",\"_escolas\",\"_\u00cdr\u00e1n\",\"_seguran\u00e7a p\u00fablica\",\"_viol\u00eancia\"],\"articleSection\":[\"Crimes contra a pessoa\"],\"inLanguage\":\"pt-PT\"},{\"@type\":\"WebPage\",\"@id\":\"https:\/\/portaltela.pt\/noticias\/2026\/04\/28\/irao-eleva-para-155-mortos-balanco-do-ataque-a-escola-de-minab\/\",\"url\":\"https:\/\/portaltela.pt\/noticias\/2026\/04\/28\/irao-eleva-para-155-mortos-balanco-do-ataque-a-escola-de-minab\/\",\"name\":\"Ir\u00e3o eleva para 155 mortos balan\u00e7o do ataque \u00e0 escola de Minab - Portal Tela Portugal\",\"isPartOf\":{\"@id\":\"https:\/\/portaltela.pt\/#website\"},\"primaryImageOfPage\":{\"@id\":\"https:\/\/portaltela.pt\/noticias\/2026\/04\/28\/irao-eleva-para-155-mortos-balanco-do-ataque-a-escola-de-minab\/#primaryimage\"},\"image\":{\"@id\":\"https:\/\/portaltela.pt\/noticias\/2026\/04\/28\/irao-eleva-para-155-mortos-balanco-do-ataque-a-escola-de-minab\/#primaryimage\"},\"thumbnailUrl\":\"https:\/\/portaltela.pt\/s.01k8rhncp4jt1\/2026\/04\/CACHE_780X1200_ANALOG_WATERMARKED_46974251_347244524000077.jpg\",\"datePublished\":\"2026-04-28T03:24:00+00:00\",\"author\":{\"@id\":\"https:\/\/portaltela.pt\/#\/schema\/person\/c4278d4a6028830caff9ee44b42d32ed\"},\"breadcrumb\":{\"@id\":\"https:\/\/portaltela.pt\/noticias\/2026\/04\/28\/irao-eleva-para-155-mortos-balanco-do-ataque-a-escola-de-minab\/#breadcrumb\"},\"inLanguage\":\"pt-PT\",\"potentialAction\":[{\"@type\":\"ReadAction\",\"target\":[\"https:\/\/portaltela.pt\/noticias\/2026\/04\/28\/irao-eleva-para-155-mortos-balanco-do-ataque-a-escola-de-minab\/\"]}]},{\"@type\":\"ImageObject\",\"inLanguage\":\"pt-PT\",\"@id\":\"https:\/\/portaltela.pt\/noticias\/2026\/04\/28\/irao-eleva-para-155-mortos-balanco-do-ataque-a-escola-de-minab\/#primaryimage\",\"url\":\"https:\/\/portaltela.pt\/s.01k8rhncp4jt1\/2026\/04\/CACHE_780X1200_ANALOG_WATERMARKED_46974251_347244524000077.jpg\",\"contentUrl\":\"https:\/\/portaltela.pt\/s.01k8rhncp4jt1\/2026\/04\/CACHE_780X1200_ANALOG_WATERMARKED_46974251_347244524000077.jpg\",\"width\":796,\"height\":448,\"caption\":\"Ir\u00e3o rev\u00ea balan\u00e7o de ataque contra escola de Minab para 155 mortos\"},{\"@type\":\"BreadcrumbList\",\"@id\":\"https:\/\/portaltela.pt\/noticias\/2026\/04\/28\/irao-eleva-para-155-mortos-balanco-do-ataque-a-escola-de-minab\/#breadcrumb\",\"itemListElement\":[{\"@type\":\"ListItem\",\"position\":1,\"name\":\"In\u00edcio\",\"item\":\"https:\/\/portaltela.pt\/\"},{\"@type\":\"ListItem\",\"position\":2,\"name\":\"Ir\u00e3o eleva para 155 mortos balan\u00e7o do ataque \u00e0 escola de Minab\"}]},{\"@type\":\"WebSite\",\"@id\":\"https:\/\/portaltela.pt\/#website\",\"url\":\"https:\/\/portaltela.pt\/\",\"name\":\"Portal Tela Portugal\",\"description\":\"\",\"potentialAction\":[{\"@type\":\"SearchAction\",\"target\":{\"@type\":\"EntryPoint\",\"urlTemplate\":\"https:\/\/portaltela.pt\/?s={search_term_string}\"},\"query-input\":{\"@type\":\"PropertyValueSpecification\",\"valueRequired\":true,\"valueName\":\"search_term_string\"}}],\"inLanguage\":\"pt-PT\"},{\"@type\":\"Person\",\"@id\":\"https:\/\/portaltela.pt\/#\/schema\/person\/c4278d4a6028830caff9ee44b42d32ed\",\"name\":\"Telinha\",\"image\":{\"@type\":\"ImageObject\",\"inLanguage\":\"pt-PT\",\"@id\":\"https:\/\/portaltela.pt\/s.01k8rhncp4jt1\/2025\/11\/talking-bot-125x125.png\",\"url\":\"https:\/\/portaltela.pt\/s.01k8rhncp4jt1\/2025\/11\/talking-bot-125x125.png\",\"contentUrl\":\"https:\/\/portaltela.pt\/s.01k8rhncp4jt1\/2025\/11\/talking-bot-125x125.png\",\"caption\":\"Telinha\"},\"sameAs\":[\"https:\/\/portaltela.pt\/\"],\"url\":\"https:\/\/portaltela.pt\/por\/367410592786\/\"}]}<\/script>\n<!-- \/ Yoast SEO plugin. -->","yoast_head_json":{"title":"Ir\u00e3o eleva para 155 mortos balan\u00e7o do ataque \u00e0 escola de Minab - Portal Tela Portugal","robots":{"index":"index","follow":"follow","max-snippet":"max-snippet:-1","max-image-preview":"max-image-preview:large","max-video-preview":"max-video-preview:-1"},"og_locale":"pt_PT","og_type":"article","og_title":"Ir\u00e3o eleva para 155 mortos balan\u00e7o do ataque \u00e0 escola de Minab - Portal Tela Portugal","og_description":"O Ir\u00e3o rev\u00ea o balan\u00e7o do ataque contra uma escola em Minab, passando a registar 155 mortos. O novo n\u00famero representa uma atualiza\u00e7\u00e3o do balan\u00e7o anterior. A not\u00edcia completa est\u00e1 dispon\u00edvel apenas para subscritores. A mat\u00e9ria n\u00e3o inclui detalhes adicionais sobre respons\u00e1veis ou motiva\u00e7\u00f5es no texto fornecido. O resumo mant\u00e9m o foco no aumento oficial do n\u00famero de v\u00edtimas.","og_url":"https:\/\/portaltela.pt\/noticias\/2026\/04\/28\/irao-eleva-para-155-mortos-balanco-do-ataque-a-escola-de-minab\/","og_site_name":"Portal Tela Portugal","article_published_time":"2026-04-28T03:24:00+00:00","author":"Telinha","twitter_card":"summary_large_image","twitter_misc":{"Escrito por":"Telinha","Tempo estimado de leitura":"1 minuto"},"schema":{"@context":"https:\/\/schema.org","@graph":[{"@type":"Article","@id":"https:\/\/portaltela.pt\/noticias\/2026\/04\/28\/irao-eleva-para-155-mortos-balanco-do-ataque-a-escola-de-minab\/#article","isPartOf":{"@id":"https:\/\/portaltela.pt\/noticias\/2026\/04\/28\/irao-eleva-para-155-mortos-balanco-do-ataque-a-escola-de-minab\/"},"author":{"name":"Telinha","@id":"https:\/\/portaltela.pt\/#\/schema\/person\/c4278d4a6028830caff9ee44b42d32ed"},"headline":"Ir\u00e3o eleva para 155 mortos balan\u00e7o do ataque \u00e0 escola de Minab","datePublished":"2026-04-28T03:24:00+00:00","mainEntityOfPage":{"@id":"https:\/\/portaltela.pt\/noticias\/2026\/04\/28\/irao-eleva-para-155-mortos-balanco-do-ataque-a-escola-de-minab\/"},"wordCount":200,"image":{"@id":"https:\/\/portaltela.pt\/noticias\/2026\/04\/28\/irao-eleva-para-155-mortos-balanco-do-ataque-a-escola-de-minab\/#primaryimage"},"thumbnailUrl":"https:\/\/portaltela.pt\/s.01k8rhncp4jt1\/2026\/04\/CACHE_780X1200_ANALOG_WATERMARKED_46974251_347244524000077.jpg","keywords":["_ataques","_educa\u00e7\u00e3o","_escolas","_\u00cdr\u00e1n","_seguran\u00e7a p\u00fablica","_viol\u00eancia"],"articleSection":["Crimes contra a pessoa"],"inLanguage":"pt-PT"},{"@type":"WebPage","@id":"https:\/\/portaltela.pt\/noticias\/2026\/04\/28\/irao-eleva-para-155-mortos-balanco-do-ataque-a-escola-de-minab\/","url":"https:\/\/portaltela.pt\/noticias\/2026\/04\/28\/irao-eleva-para-155-mortos-balanco-do-ataque-a-escola-de-minab\/","name":"Ir\u00e3o eleva para 155 mortos balan\u00e7o do ataque \u00e0 escola de Minab - Portal Tela Portugal","isPartOf":{"@id":"https:\/\/portaltela.pt\/#website"},"primaryImageOfPage":{"@id":"https:\/\/portaltela.pt\/noticias\/2026\/04\/28\/irao-eleva-para-155-mortos-balanco-do-ataque-a-escola-de-minab\/#primaryimage"},"image":{"@id":"https:\/\/portaltela.pt\/noticias\/2026\/04\/28\/irao-eleva-para-155-mortos-balanco-do-ataque-a-escola-de-minab\/#primaryimage"},"thumbnailUrl":"https:\/\/portaltela.pt\/s.01k8rhncp4jt1\/2026\/04\/CACHE_780X1200_ANALOG_WATERMARKED_46974251_347244524000077.jpg","datePublished":"2026-04-28T03:24:00+00:00","author":{"@id":"https:\/\/portaltela.pt\/#\/schema\/person\/c4278d4a6028830caff9ee44b42d32ed"},"breadcrumb":{"@id":"https:\/\/portaltela.pt\/noticias\/2026\/04\/28\/irao-eleva-para-155-mortos-balanco-do-ataque-a-escola-de-minab\/#breadcrumb"},"inLanguage":"pt-PT","potentialAction":[{"@type":"ReadAction","target":["https:\/\/portaltela.pt\/noticias\/2026\/04\/28\/irao-eleva-para-155-mortos-balanco-do-ataque-a-escola-de-minab\/"]}]},{"@type":"ImageObject","inLanguage":"pt-PT","@id":"https:\/\/portaltela.pt\/noticias\/2026\/04\/28\/irao-eleva-para-155-mortos-balanco-do-ataque-a-escola-de-minab\/#primaryimage","url":"https:\/\/portaltela.pt\/s.01k8rhncp4jt1\/2026\/04\/CACHE_780X1200_ANALOG_WATERMARKED_46974251_347244524000077.jpg","contentUrl":"https:\/\/portaltela.pt\/s.01k8rhncp4jt1\/2026\/04\/CACHE_780X1200_ANALOG_WATERMARKED_46974251_347244524000077.jpg","width":796,"height":448,"caption":"Ir\u00e3o rev\u00ea balan\u00e7o de ataque contra escola de Minab para 155 mortos"},{"@type":"BreadcrumbList","@id":"https:\/\/portaltela.pt\/noticias\/2026\/04\/28\/irao-eleva-para-155-mortos-balanco-do-ataque-a-escola-de-minab\/#breadcrumb","itemListElement":[{"@type":"ListItem","position":1,"name":"In\u00edcio","item":"https:\/\/portaltela.pt\/"},{"@type":"ListItem","position":2,"name":"Ir\u00e3o eleva para 155 mortos balan\u00e7o do ataque \u00e0 escola de Minab"}]},{"@type":"WebSite","@id":"https:\/\/portaltela.pt\/#website","url":"https:\/\/portaltela.pt\/","name":"Portal Tela Portugal","description":"","potentialAction":[{"@type":"SearchAction","target":{"@type":"EntryPoint","urlTemplate":"https:\/\/portaltela.pt\/?s={search_term_string}"},"query-input":{"@type":"PropertyValueSpecification","valueRequired":true,"valueName":"search_term_string"}}],"inLanguage":"pt-PT"},{"@type":"Person","@id":"https:\/\/portaltela.pt\/#\/schema\/person\/c4278d4a6028830caff9ee44b42d32ed","name":"Telinha","image":{"@type":"ImageObject","inLanguage":"pt-PT","@id":"https:\/\/portaltela.pt\/s.01k8rhncp4jt1\/2025\/11\/talking-bot-125x125.png","url":"https:\/\/portaltela.pt\/s.01k8rhncp4jt1\/2025\/11\/talking-bot-125x125.png","contentUrl":"https:\/\/portaltela.pt\/s.01k8rhncp4jt1\/2025\/11\/talking-bot-125x125.png","caption":"Telinha"},"sameAs":["https:\/\/portaltela.pt\/"],"url":"https:\/\/portaltela.pt\/por\/367410592786\/"}]}},"_links":{"self":[{"href":"https:\/\/portaltela.pt\/api\/wp\/v2\/posts\/459161","targetHints":{"allow":["GET"]}}],"collection":[{"href":"https:\/\/portaltela.pt\/api\/wp\/v2\/posts"}],"about":[{"href":"https:\/\/portaltela.pt\/api\/wp\/v2\/types\/post"}],"author":[{"embeddable":true,"href":"https:\/\/portaltela.pt\/api\/wp\/v2\/users\/2"}],"replies":[{"embeddable":true,"href":"https:\/\/portaltela.pt\/api\/wp\/v2\/comments?post=459161"}],"version-history":[{"count":0,"href":"https:\/\/portaltela.pt\/api\/wp\/v2\/posts\/459161\/revisions"}],"wp:featuredmedia":[{"embeddable":true,"href":"https:\/\/portaltela.pt\/api\/wp\/v2\/media\/459165"}],"wp:attachment":[{"href":"https:\/\/portaltela.pt\/api\/wp\/v2\/media?parent=459161"}],"wp:term":[{"taxonomy":"category","embeddable":true,"href":"https:\/\/portaltela.pt\/api\/wp\/v2\/categories?post=459161"},{"taxonomy":"post_tag","embeddable":true,"href":"https:\/\/portaltela.pt\/api\/wp\/v2\/tags?post=459161"}],"curies":[{"name":"wp","href":"https:\/\/api.w.org\/{rel}","templated":true}]}}