{"id":459100,"date":"2026-04-27T21:33:21","date_gmt":"2026-04-28T00:33:21","guid":{"rendered":"https:\/\/portaltela.pt\/noticias\/2026\/04\/27\/nuno-homem-de-sa-critica-a-saida-do-tribunal\/"},"modified":"2026-04-27T21:33:21","modified_gmt":"2026-04-28T00:33:21","slug":"nuno-homem-de-sa-critica-a-saida-do-tribunal","status":"publish","type":"post","link":"https:\/\/portaltela.pt\/noticias\/2026\/04\/27\/nuno-homem-de-sa-critica-a-saida-do-tribunal\/","title":{"rendered":"Nuno Homem de S\u00e1 critica a sa\u00edda do tribunal"},"content":{"rendered":"<p>O ator Nuno Homem de S\u00e1, acusado de viol\u00eancia dom\u00e9stica, viu a senten\u00e7a marcada para hoje no Tribunal de Torres Vedras adiada. \u00c0 sa\u00edda, criticou o Minist\u00e9rio P\u00fablico, afirmando que houve uma falha grave no processo. O tribunal decidiu que a altera\u00e7\u00e3o dos factos n\u00e3o \u00e9 substancial o suficiente para proferir a senten\u00e7a.<\/p>\n<p>A decis\u00e3o manteve-se pendente devido ao pedido de pron\u00fania\u00e7\u00e3o por parte da defesa, que solicitou um prazo para se pronunciar. A pr\u00f3xima audi\u00eancia est\u00e1 marcada para 18 de maio, altura em que poder\u00e1 ocorrer alega\u00e7\u00f5es finais e, se tudo correr conforme o previsto, a leitura da senten\u00e7a.<\/p>\n<p>Nuno Homem de S\u00e1, 64 anos, tamb\u00e9m enfrenta outro processo por violentas de domic\u00edlio e perturba\u00e7\u00e3o da vida privada contra a ex-companheira Frederica Lima. O julgamento ocorreu \u00e0 porta fechada, com entrada de p\u00fablico restringida, ap\u00f3s o MP ter pedido a exclus\u00e3o de publicidade para proteger a vida privada das partes.<\/p>\n<p>Caso envolvente<\/p>\n<p>O Minist\u00e9rio P\u00fablico sustenta que existem v\u00e1rios epis\u00f3dios de viol\u00eancia associados a Frederica Lima, que ter\u00e1 viver com o actor em Loures ap\u00f3s conhec\u00ea-lo via redes sociais. O actor rebate as acusa\u00e7\u00f5es, alegando que a outra parte foi instrumentalizada por Frederica Lima e sustenta que o processo pode ter motiva\u00e7\u00f5es distintas.<\/p>\n<p>O julgamento em Torres Vedras decorreu sem p\u00fablico, ao contr\u00e1rio do que acontece em muitos casos de viol\u00eancia dom\u00e9stica, onde a defesa pediu privacidade para evitar divulga\u00e7\u00e3o de pormenores da vida \u00edntima. A leitura da senten\u00e7a continua em aberto, dependendo do desenrolar das alega\u00e7\u00f5es finais a 18 de maio.<\/p>\n<p>Numa outra frente judicial, o caso de Viseu aguarda desfecho, com o actor ainda sob investiga\u00e7\u00e3o por viol\u00eancia dom\u00e9stica agravada num contexto anterior a 2023. O processo envolve Nadia Lopes, cuja alegada rela\u00e7\u00e3o com o actor ter\u00e1 resultado em maus-tratos f\u00edsicos e psicol\u00f3gicos, segundo a acusa\u00e7\u00e3o.<\/p>\n","protected":false},"excerpt":{"rendered":"<ul>\n<li>O ator Nuno Homem de S\u00e1, 64 anos, \u00e9 acusado de viol\u00eancia dom\u00e9stica e viu a senten\u00e7a adiada no Tribunal de Torres Vedras; a pr\u00f3xima audi\u00eancia \u00e9 em 18 de maio, com possibilidade de leitura da senten\u00e7a.<\/li>\n<li>\u00c0 sa\u00edda, o artista criticou o Minist\u00e9rio P\u00fablico, afirmando que se esbardalharam ao comprido; o Minist\u00e9rio P\u00fablico tinha pedido a exclus\u00e3o de publicidade durante o julgamento.<\/li>\n<li>A audi\u00eancia decorreu a porta fechada para discutir pormenores da vida \u00edntima de Frederica Lima; a decis\u00e3o final ser\u00e1 aberta a p\u00fablico apenas posteriormente.<\/li>\n<li>O caso envolve ainda um segundo processo, em Viseu, por viol\u00eancia dom\u00e9stica agravada contra N\u00e1dia Lopes, que alegou maus-tratos f\u00edsicos e psicol\u00f3gicos; o ator nega as acusa\u00e7\u00f5es.<\/li>\n<li>O conjunto de acusa\u00e7\u00f5es \u00e9 extenso e o julgamento encontra-se num momento de alega\u00e7\u00f5es finais, com o tribunal a decidir se h\u00e1 condena\u00e7\u00e3o ou absolvi\u00e7\u00e3o.<\/li>\n<\/ul>\n","protected":false},"author":2,"featured_media":459109,"comment_status":"closed","ping_status":"closed","sticky":false,"template":"","format":"standard","meta":{"footnotes":""},"categories":[6815,1],"tags":[1680,2613,3667,6208,214,1171],"class_list":["post-459100","post","type-post","status-publish","format-standard","has-post-thumbnail","hentry","category-justica","category-noticias","tag-loures","tag-ministerio-publico","tag-processos","tag-tribunais","tag-violencia-domestica","tag-viseu"],"yoast_head":"<!-- This site is optimized with the Yoast SEO plugin v27.2 - https:\/\/yoast.com\/product\/yoast-seo-wordpress\/ -->\n<title>Nuno Homem de S\u00e1 critica a sa\u00edda do tribunal - Portal Tela Portugal<\/title>\n<meta name=\"robots\" content=\"index, follow, max-snippet:-1, max-image-preview:large, max-video-preview:-1\" \/>\n<meta property=\"og:locale\" content=\"pt_PT\" \/>\n<meta property=\"og:type\" content=\"article\" \/>\n<meta property=\"og:title\" content=\"Nuno Homem de S\u00e1 critica a sa\u00edda do tribunal - Portal Tela Portugal\" \/>\n<meta property=\"og:description\" content=\"O ator Nuno Homem de S\u00e1, 64 anos, \u00e9 acusado de viol\u00eancia dom\u00e9stica e viu a senten\u00e7a adiada no Tribunal de Torres Vedras; a pr\u00f3xima audi\u00eancia \u00e9 em 18 de maio, com possibilidade de leitura da senten\u00e7a. \u00c0 sa\u00edda, o artista criticou o Minist\u00e9rio P\u00fablico, afirmando que se esbardalharam ao comprido; o Minist\u00e9rio P\u00fablico tinha pedido a exclus\u00e3o de publicidade durante o julgamento. A audi\u00eancia decorreu a porta fechada para discutir pormenores da vida \u00edntima de Frederica Lima; a decis\u00e3o final ser\u00e1 aberta a p\u00fablico apenas posteriormente. O caso envolve ainda um segundo processo, em Viseu, por viol\u00eancia dom\u00e9stica agravada contra N\u00e1dia Lopes, que alegou maus-tratos f\u00edsicos e psicol\u00f3gicos; o ator nega as acusa\u00e7\u00f5es. O conjunto de acusa\u00e7\u00f5es \u00e9 extenso e o julgamento encontra-se num momento de alega\u00e7\u00f5es finais, com o tribunal a decidir se h\u00e1 condena\u00e7\u00e3o ou absolvi\u00e7\u00e3o.\" \/>\n<meta property=\"og:url\" content=\"https:\/\/portaltela.pt\/noticias\/2026\/04\/27\/nuno-homem-de-sa-critica-a-saida-do-tribunal\/\" \/>\n<meta property=\"og:site_name\" content=\"Portal Tela Portugal\" \/>\n<meta property=\"article:published_time\" content=\"2026-04-28T00:33:21+00:00\" \/>\n<meta name=\"author\" content=\"Telinha\" \/>\n<meta name=\"twitter:card\" content=\"summary_large_image\" \/>\n<meta name=\"twitter:label1\" content=\"Escrito por\" \/>\n\t<meta name=\"twitter:data1\" content=\"Telinha\" \/>\n\t<meta name=\"twitter:label2\" content=\"Tempo estimado de leitura\" \/>\n\t<meta name=\"twitter:data2\" content=\"2 minutos\" \/>\n<script type=\"application\/ld+json\" class=\"yoast-schema-graph\">{\"@context\":\"https:\/\/schema.org\",\"@graph\":[{\"@type\":\"Article\",\"@id\":\"https:\/\/portaltela.pt\/noticias\/2026\/04\/27\/nuno-homem-de-sa-critica-a-saida-do-tribunal\/#article\",\"isPartOf\":{\"@id\":\"https:\/\/portaltela.pt\/noticias\/2026\/04\/27\/nuno-homem-de-sa-critica-a-saida-do-tribunal\/\"},\"author\":{\"name\":\"Telinha\",\"@id\":\"https:\/\/portaltela.pt\/#\/schema\/person\/c4278d4a6028830caff9ee44b42d32ed\"},\"headline\":\"Nuno Homem de S\u00e1 critica a sa\u00edda do tribunal\",\"datePublished\":\"2026-04-28T00:33:21+00:00\",\"mainEntityOfPage\":{\"@id\":\"https:\/\/portaltela.pt\/noticias\/2026\/04\/27\/nuno-homem-de-sa-critica-a-saida-do-tribunal\/\"},\"wordCount\":347,\"image\":{\"@id\":\"https:\/\/portaltela.pt\/noticias\/2026\/04\/27\/nuno-homem-de-sa-critica-a-saida-do-tribunal\/#primaryimage\"},\"thumbnailUrl\":\"https:\/\/portaltela.pt\/s.01k8rhncp4jt1\/2026\/04\/img_1280x718uu2026-04-28-00-20-50-2281507.jpg\",\"keywords\":[\"Loures\",\"Minist\u00e9rio P\u00fablico\",\"processos\",\"Tribunais\",\"viol\u00eancia dom\u00e9stica\",\"Viseu\"],\"articleSection\":[\"Justi\u00e7a\",\"Not\u00edcias\"],\"inLanguage\":\"pt-PT\"},{\"@type\":\"WebPage\",\"@id\":\"https:\/\/portaltela.pt\/noticias\/2026\/04\/27\/nuno-homem-de-sa-critica-a-saida-do-tribunal\/\",\"url\":\"https:\/\/portaltela.pt\/noticias\/2026\/04\/27\/nuno-homem-de-sa-critica-a-saida-do-tribunal\/\",\"name\":\"Nuno Homem de S\u00e1 critica a sa\u00edda do tribunal - Portal Tela Portugal\",\"isPartOf\":{\"@id\":\"https:\/\/portaltela.pt\/#website\"},\"primaryImageOfPage\":{\"@id\":\"https:\/\/portaltela.pt\/noticias\/2026\/04\/27\/nuno-homem-de-sa-critica-a-saida-do-tribunal\/#primaryimage\"},\"image\":{\"@id\":\"https:\/\/portaltela.pt\/noticias\/2026\/04\/27\/nuno-homem-de-sa-critica-a-saida-do-tribunal\/#primaryimage\"},\"thumbnailUrl\":\"https:\/\/portaltela.pt\/s.01k8rhncp4jt1\/2026\/04\/img_1280x718uu2026-04-28-00-20-50-2281507.jpg\",\"datePublished\":\"2026-04-28T00:33:21+00:00\",\"author\":{\"@id\":\"https:\/\/portaltela.pt\/#\/schema\/person\/c4278d4a6028830caff9ee44b42d32ed\"},\"breadcrumb\":{\"@id\":\"https:\/\/portaltela.pt\/noticias\/2026\/04\/27\/nuno-homem-de-sa-critica-a-saida-do-tribunal\/#breadcrumb\"},\"inLanguage\":\"pt-PT\",\"potentialAction\":[{\"@type\":\"ReadAction\",\"target\":[\"https:\/\/portaltela.pt\/noticias\/2026\/04\/27\/nuno-homem-de-sa-critica-a-saida-do-tribunal\/\"]}]},{\"@type\":\"ImageObject\",\"inLanguage\":\"pt-PT\",\"@id\":\"https:\/\/portaltela.pt\/noticias\/2026\/04\/27\/nuno-homem-de-sa-critica-a-saida-do-tribunal\/#primaryimage\",\"url\":\"https:\/\/portaltela.pt\/s.01k8rhncp4jt1\/2026\/04\/img_1280x718uu2026-04-28-00-20-50-2281507.jpg\",\"contentUrl\":\"https:\/\/portaltela.pt\/s.01k8rhncp4jt1\/2026\/04\/img_1280x718uu2026-04-28-00-20-50-2281507.jpg\",\"width\":796,\"height\":448,\"caption\":\"Nuno Homem de S\u00e1 n\u00e3o poupa nas cr\u00edticas \u00e0 sa\u00edda do tribunal\"},{\"@type\":\"BreadcrumbList\",\"@id\":\"https:\/\/portaltela.pt\/noticias\/2026\/04\/27\/nuno-homem-de-sa-critica-a-saida-do-tribunal\/#breadcrumb\",\"itemListElement\":[{\"@type\":\"ListItem\",\"position\":1,\"name\":\"In\u00edcio\",\"item\":\"https:\/\/portaltela.pt\/\"},{\"@type\":\"ListItem\",\"position\":2,\"name\":\"Nuno Homem de S\u00e1 critica a sa\u00edda do tribunal\"}]},{\"@type\":\"WebSite\",\"@id\":\"https:\/\/portaltela.pt\/#website\",\"url\":\"https:\/\/portaltela.pt\/\",\"name\":\"Portal Tela Portugal\",\"description\":\"\",\"potentialAction\":[{\"@type\":\"SearchAction\",\"target\":{\"@type\":\"EntryPoint\",\"urlTemplate\":\"https:\/\/portaltela.pt\/?s={search_term_string}\"},\"query-input\":{\"@type\":\"PropertyValueSpecification\",\"valueRequired\":true,\"valueName\":\"search_term_string\"}}],\"inLanguage\":\"pt-PT\"},{\"@type\":\"Person\",\"@id\":\"https:\/\/portaltela.pt\/#\/schema\/person\/c4278d4a6028830caff9ee44b42d32ed\",\"name\":\"Telinha\",\"image\":{\"@type\":\"ImageObject\",\"inLanguage\":\"pt-PT\",\"@id\":\"https:\/\/portaltela.pt\/s.01k8rhncp4jt1\/2025\/11\/talking-bot-125x125.png\",\"url\":\"https:\/\/portaltela.pt\/s.01k8rhncp4jt1\/2025\/11\/talking-bot-125x125.png\",\"contentUrl\":\"https:\/\/portaltela.pt\/s.01k8rhncp4jt1\/2025\/11\/talking-bot-125x125.png\",\"caption\":\"Telinha\"},\"sameAs\":[\"https:\/\/portaltela.pt\/\"],\"url\":\"https:\/\/portaltela.pt\/por\/367410592786\/\"}]}<\/script>\n<!-- \/ Yoast SEO plugin. -->","yoast_head_json":{"title":"Nuno Homem de S\u00e1 critica a sa\u00edda do tribunal - Portal Tela Portugal","robots":{"index":"index","follow":"follow","max-snippet":"max-snippet:-1","max-image-preview":"max-image-preview:large","max-video-preview":"max-video-preview:-1"},"og_locale":"pt_PT","og_type":"article","og_title":"Nuno Homem de S\u00e1 critica a sa\u00edda do tribunal - Portal Tela Portugal","og_description":"O ator Nuno Homem de S\u00e1, 64 anos, \u00e9 acusado de viol\u00eancia dom\u00e9stica e viu a senten\u00e7a adiada no Tribunal de Torres Vedras; a pr\u00f3xima audi\u00eancia \u00e9 em 18 de maio, com possibilidade de leitura da senten\u00e7a. \u00c0 sa\u00edda, o artista criticou o Minist\u00e9rio P\u00fablico, afirmando que se esbardalharam ao comprido; o Minist\u00e9rio P\u00fablico tinha pedido a exclus\u00e3o de publicidade durante o julgamento. A audi\u00eancia decorreu a porta fechada para discutir pormenores da vida \u00edntima de Frederica Lima; a decis\u00e3o final ser\u00e1 aberta a p\u00fablico apenas posteriormente. O caso envolve ainda um segundo processo, em Viseu, por viol\u00eancia dom\u00e9stica agravada contra N\u00e1dia Lopes, que alegou maus-tratos f\u00edsicos e psicol\u00f3gicos; o ator nega as acusa\u00e7\u00f5es. O conjunto de acusa\u00e7\u00f5es \u00e9 extenso e o julgamento encontra-se num momento de alega\u00e7\u00f5es finais, com o tribunal a decidir se h\u00e1 condena\u00e7\u00e3o ou absolvi\u00e7\u00e3o.","og_url":"https:\/\/portaltela.pt\/noticias\/2026\/04\/27\/nuno-homem-de-sa-critica-a-saida-do-tribunal\/","og_site_name":"Portal Tela Portugal","article_published_time":"2026-04-28T00:33:21+00:00","author":"Telinha","twitter_card":"summary_large_image","twitter_misc":{"Escrito por":"Telinha","Tempo estimado de leitura":"2 minutos"},"schema":{"@context":"https:\/\/schema.org","@graph":[{"@type":"Article","@id":"https:\/\/portaltela.pt\/noticias\/2026\/04\/27\/nuno-homem-de-sa-critica-a-saida-do-tribunal\/#article","isPartOf":{"@id":"https:\/\/portaltela.pt\/noticias\/2026\/04\/27\/nuno-homem-de-sa-critica-a-saida-do-tribunal\/"},"author":{"name":"Telinha","@id":"https:\/\/portaltela.pt\/#\/schema\/person\/c4278d4a6028830caff9ee44b42d32ed"},"headline":"Nuno Homem de S\u00e1 critica a sa\u00edda do tribunal","datePublished":"2026-04-28T00:33:21+00:00","mainEntityOfPage":{"@id":"https:\/\/portaltela.pt\/noticias\/2026\/04\/27\/nuno-homem-de-sa-critica-a-saida-do-tribunal\/"},"wordCount":347,"image":{"@id":"https:\/\/portaltela.pt\/noticias\/2026\/04\/27\/nuno-homem-de-sa-critica-a-saida-do-tribunal\/#primaryimage"},"thumbnailUrl":"https:\/\/portaltela.pt\/s.01k8rhncp4jt1\/2026\/04\/img_1280x718uu2026-04-28-00-20-50-2281507.jpg","keywords":["Loures","Minist\u00e9rio P\u00fablico","processos","Tribunais","viol\u00eancia dom\u00e9stica","Viseu"],"articleSection":["Justi\u00e7a","Not\u00edcias"],"inLanguage":"pt-PT"},{"@type":"WebPage","@id":"https:\/\/portaltela.pt\/noticias\/2026\/04\/27\/nuno-homem-de-sa-critica-a-saida-do-tribunal\/","url":"https:\/\/portaltela.pt\/noticias\/2026\/04\/27\/nuno-homem-de-sa-critica-a-saida-do-tribunal\/","name":"Nuno Homem de S\u00e1 critica a sa\u00edda do tribunal - Portal Tela Portugal","isPartOf":{"@id":"https:\/\/portaltela.pt\/#website"},"primaryImageOfPage":{"@id":"https:\/\/portaltela.pt\/noticias\/2026\/04\/27\/nuno-homem-de-sa-critica-a-saida-do-tribunal\/#primaryimage"},"image":{"@id":"https:\/\/portaltela.pt\/noticias\/2026\/04\/27\/nuno-homem-de-sa-critica-a-saida-do-tribunal\/#primaryimage"},"thumbnailUrl":"https:\/\/portaltela.pt\/s.01k8rhncp4jt1\/2026\/04\/img_1280x718uu2026-04-28-00-20-50-2281507.jpg","datePublished":"2026-04-28T00:33:21+00:00","author":{"@id":"https:\/\/portaltela.pt\/#\/schema\/person\/c4278d4a6028830caff9ee44b42d32ed"},"breadcrumb":{"@id":"https:\/\/portaltela.pt\/noticias\/2026\/04\/27\/nuno-homem-de-sa-critica-a-saida-do-tribunal\/#breadcrumb"},"inLanguage":"pt-PT","potentialAction":[{"@type":"ReadAction","target":["https:\/\/portaltela.pt\/noticias\/2026\/04\/27\/nuno-homem-de-sa-critica-a-saida-do-tribunal\/"]}]},{"@type":"ImageObject","inLanguage":"pt-PT","@id":"https:\/\/portaltela.pt\/noticias\/2026\/04\/27\/nuno-homem-de-sa-critica-a-saida-do-tribunal\/#primaryimage","url":"https:\/\/portaltela.pt\/s.01k8rhncp4jt1\/2026\/04\/img_1280x718uu2026-04-28-00-20-50-2281507.jpg","contentUrl":"https:\/\/portaltela.pt\/s.01k8rhncp4jt1\/2026\/04\/img_1280x718uu2026-04-28-00-20-50-2281507.jpg","width":796,"height":448,"caption":"Nuno Homem de S\u00e1 n\u00e3o poupa nas cr\u00edticas \u00e0 sa\u00edda do tribunal"},{"@type":"BreadcrumbList","@id":"https:\/\/portaltela.pt\/noticias\/2026\/04\/27\/nuno-homem-de-sa-critica-a-saida-do-tribunal\/#breadcrumb","itemListElement":[{"@type":"ListItem","position":1,"name":"In\u00edcio","item":"https:\/\/portaltela.pt\/"},{"@type":"ListItem","position":2,"name":"Nuno Homem de S\u00e1 critica a sa\u00edda do tribunal"}]},{"@type":"WebSite","@id":"https:\/\/portaltela.pt\/#website","url":"https:\/\/portaltela.pt\/","name":"Portal Tela Portugal","description":"","potentialAction":[{"@type":"SearchAction","target":{"@type":"EntryPoint","urlTemplate":"https:\/\/portaltela.pt\/?s={search_term_string}"},"query-input":{"@type":"PropertyValueSpecification","valueRequired":true,"valueName":"search_term_string"}}],"inLanguage":"pt-PT"},{"@type":"Person","@id":"https:\/\/portaltela.pt\/#\/schema\/person\/c4278d4a6028830caff9ee44b42d32ed","name":"Telinha","image":{"@type":"ImageObject","inLanguage":"pt-PT","@id":"https:\/\/portaltela.pt\/s.01k8rhncp4jt1\/2025\/11\/talking-bot-125x125.png","url":"https:\/\/portaltela.pt\/s.01k8rhncp4jt1\/2025\/11\/talking-bot-125x125.png","contentUrl":"https:\/\/portaltela.pt\/s.01k8rhncp4jt1\/2025\/11\/talking-bot-125x125.png","caption":"Telinha"},"sameAs":["https:\/\/portaltela.pt\/"],"url":"https:\/\/portaltela.pt\/por\/367410592786\/"}]}},"_links":{"self":[{"href":"https:\/\/portaltela.pt\/api\/wp\/v2\/posts\/459100","targetHints":{"allow":["GET"]}}],"collection":[{"href":"https:\/\/portaltela.pt\/api\/wp\/v2\/posts"}],"about":[{"href":"https:\/\/portaltela.pt\/api\/wp\/v2\/types\/post"}],"author":[{"embeddable":true,"href":"https:\/\/portaltela.pt\/api\/wp\/v2\/users\/2"}],"replies":[{"embeddable":true,"href":"https:\/\/portaltela.pt\/api\/wp\/v2\/comments?post=459100"}],"version-history":[{"count":0,"href":"https:\/\/portaltela.pt\/api\/wp\/v2\/posts\/459100\/revisions"}],"wp:featuredmedia":[{"embeddable":true,"href":"https:\/\/portaltela.pt\/api\/wp\/v2\/media\/459109"}],"wp:attachment":[{"href":"https:\/\/portaltela.pt\/api\/wp\/v2\/media?parent=459100"}],"wp:term":[{"taxonomy":"category","embeddable":true,"href":"https:\/\/portaltela.pt\/api\/wp\/v2\/categories?post=459100"},{"taxonomy":"post_tag","embeddable":true,"href":"https:\/\/portaltela.pt\/api\/wp\/v2\/tags?post=459100"}],"curies":[{"name":"wp","href":"https:\/\/api.w.org\/{rel}","templated":true}]}}