{"id":459091,"date":"2026-04-27T21:33:14","date_gmt":"2026-04-28T00:33:14","guid":{"rendered":"https:\/\/portaltela.pt\/noticias\/2026\/04\/27\/tony-strata-e-o-jogador-da-semana-da-liga-record\/"},"modified":"2026-04-27T21:33:14","modified_gmt":"2026-04-28T00:33:14","slug":"tony-strata-e-o-jogador-da-semana-da-liga-record","status":"publish","type":"post","link":"https:\/\/portaltela.pt\/desporto\/futebol\/2026\/04\/27\/tony-strata-e-o-jogador-da-semana-da-liga-record\/","title":{"rendered":"Tony Strata \u00e9 o jogador da semana da Liga Record"},"content":{"rendered":"<p>Tony Strata foi eleito Jogador da Semana da 27\u00aa ronda da Liga Record. O defesa romeno do V. Guimar\u00e3es destacou-se ao ajudar a equipa na vit\u00f3ria frente ao Rio Ave.<\/p>\n<p>O lance marcante ocorreu na segunda metade do encontro, com Strata a estrear-se a marcar em Portugal. O seu golo de longe consolidou o 2-0 dos norte\u2011vindos sobre o Rio Ave.<\/p>\n<p>Strata entrou na \u00faltima meia-hora de jogo e, pouco antes do final, assinou o tento que encerrou a contenda. A vit\u00f3ria mant\u00e9m o V. Guimar\u00e3es na luta por posi\u00e7\u00f5es qualificat\u00f3rias na competi\u00e7\u00e3o.<\/p>\n","protected":false},"excerpt":{"rendered":"<ul>\n<li>Tony Strata foi o Jogador da Semana na 27\u00aa ronda da Liga Record.<\/li>\n<li>O defesa romeno pertence ao V. Guimar\u00e3es.<\/li>\n<li>Estrou-se a marcar em Portugal, ao contribuir para a vit\u00f3ria de oito sobre o Rio Ave (2-0).<\/li>\n<li>Strata entrou na \u00faltima meia-hora e apontou o golo decisivo de longe.<\/li>\n<\/ul>\n","protected":false},"author":2,"featured_media":459096,"comment_status":"closed","ping_status":"closed","sticky":false,"template":"","format":"standard","meta":{"footnotes":""},"categories":[21,24],"tags":[4059,152,1287,32,48,242],"class_list":["post-459091","post","type-post","status-publish","format-standard","has-post-thumbnail","hentry","category-desporto","category-futebol","tag-1-a-liga","tag-desporto","tag-equipas","tag-futebol","tag-gols","tag-jogadores"],"yoast_head":"<!-- This site is optimized with the Yoast SEO plugin v27.2 - https:\/\/yoast.com\/product\/yoast-seo-wordpress\/ -->\n<title>Tony Strata \u00e9 o jogador da semana da Liga Record - Portal Tela Portugal<\/title>\n<meta name=\"robots\" content=\"index, follow, max-snippet:-1, max-image-preview:large, max-video-preview:-1\" \/>\n<meta property=\"og:locale\" content=\"pt_PT\" \/>\n<meta property=\"og:type\" content=\"article\" \/>\n<meta property=\"og:title\" content=\"Tony Strata \u00e9 o jogador da semana da Liga Record - Portal Tela Portugal\" \/>\n<meta property=\"og:description\" content=\"Tony Strata foi o Jogador da Semana na 27\u00aa ronda da Liga Record. O defesa romeno pertence ao V. Guimar\u00e3es. Estrou-se a marcar em Portugal, ao contribuir para a vit\u00f3ria de oito sobre o Rio Ave (2-0). Strata entrou na \u00faltima meia-hora e apontou o golo decisivo de longe.\" \/>\n<meta property=\"og:url\" content=\"https:\/\/portaltela.pt\/noticias\/2026\/04\/27\/tony-strata-e-o-jogador-da-semana-da-liga-record\/\" \/>\n<meta property=\"og:site_name\" content=\"Portal Tela Portugal\" \/>\n<meta property=\"article:published_time\" content=\"2026-04-28T00:33:14+00:00\" \/>\n<meta name=\"author\" content=\"Telinha\" \/>\n<meta name=\"twitter:card\" content=\"summary_large_image\" \/>\n<meta name=\"twitter:label1\" content=\"Escrito por\" \/>\n\t<meta name=\"twitter:data1\" content=\"Telinha\" \/>\n\t<meta name=\"twitter:label2\" content=\"Tempo estimado de leitura\" \/>\n\t<meta name=\"twitter:data2\" content=\"1 minuto\" \/>\n<script type=\"application\/ld+json\" class=\"yoast-schema-graph\">{\"@context\":\"https:\/\/schema.org\",\"@graph\":[{\"@type\":\"Article\",\"@id\":\"https:\/\/portaltela.pt\/noticias\/2026\/04\/27\/tony-strata-e-o-jogador-da-semana-da-liga-record\/#article\",\"isPartOf\":{\"@id\":\"https:\/\/portaltela.pt\/noticias\/2026\/04\/27\/tony-strata-e-o-jogador-da-semana-da-liga-record\/\"},\"author\":{\"name\":\"Telinha\",\"@id\":\"https:\/\/portaltela.pt\/#\/schema\/person\/c4278d4a6028830caff9ee44b42d32ed\"},\"headline\":\"Tony Strata \u00e9 o jogador da semana da Liga Record\",\"datePublished\":\"2026-04-28T00:33:14+00:00\",\"mainEntityOfPage\":{\"@id\":\"https:\/\/portaltela.pt\/noticias\/2026\/04\/27\/tony-strata-e-o-jogador-da-semana-da-liga-record\/\"},\"wordCount\":110,\"image\":{\"@id\":\"https:\/\/portaltela.pt\/noticias\/2026\/04\/27\/tony-strata-e-o-jogador-da-semana-da-liga-record\/#primaryimage\"},\"thumbnailUrl\":\"https:\/\/portaltela.pt\/s.01k8rhncp4jt1\/2026\/04\/img_920x518uu2026-04-28-01-04-52-2435676-im-639129351069043041.jpg\",\"keywords\":[\"1.\u00aa Liga\",\"desporto\",\"equipas\",\"futebol\",\"gols\",\"jogadores\"],\"articleSection\":[\"Desporto\",\"Futebol\"],\"inLanguage\":\"pt-PT\"},{\"@type\":\"WebPage\",\"@id\":\"https:\/\/portaltela.pt\/noticias\/2026\/04\/27\/tony-strata-e-o-jogador-da-semana-da-liga-record\/\",\"url\":\"https:\/\/portaltela.pt\/noticias\/2026\/04\/27\/tony-strata-e-o-jogador-da-semana-da-liga-record\/\",\"name\":\"Tony Strata \u00e9 o jogador da semana da Liga Record - Portal Tela Portugal\",\"isPartOf\":{\"@id\":\"https:\/\/portaltela.pt\/#website\"},\"primaryImageOfPage\":{\"@id\":\"https:\/\/portaltela.pt\/noticias\/2026\/04\/27\/tony-strata-e-o-jogador-da-semana-da-liga-record\/#primaryimage\"},\"image\":{\"@id\":\"https:\/\/portaltela.pt\/noticias\/2026\/04\/27\/tony-strata-e-o-jogador-da-semana-da-liga-record\/#primaryimage\"},\"thumbnailUrl\":\"https:\/\/portaltela.pt\/s.01k8rhncp4jt1\/2026\/04\/img_920x518uu2026-04-28-01-04-52-2435676-im-639129351069043041.jpg\",\"datePublished\":\"2026-04-28T00:33:14+00:00\",\"author\":{\"@id\":\"https:\/\/portaltela.pt\/#\/schema\/person\/c4278d4a6028830caff9ee44b42d32ed\"},\"breadcrumb\":{\"@id\":\"https:\/\/portaltela.pt\/noticias\/2026\/04\/27\/tony-strata-e-o-jogador-da-semana-da-liga-record\/#breadcrumb\"},\"inLanguage\":\"pt-PT\",\"potentialAction\":[{\"@type\":\"ReadAction\",\"target\":[\"https:\/\/portaltela.pt\/noticias\/2026\/04\/27\/tony-strata-e-o-jogador-da-semana-da-liga-record\/\"]}]},{\"@type\":\"ImageObject\",\"inLanguage\":\"pt-PT\",\"@id\":\"https:\/\/portaltela.pt\/noticias\/2026\/04\/27\/tony-strata-e-o-jogador-da-semana-da-liga-record\/#primaryimage\",\"url\":\"https:\/\/portaltela.pt\/s.01k8rhncp4jt1\/2026\/04\/img_920x518uu2026-04-28-01-04-52-2435676-im-639129351069043041.jpg\",\"contentUrl\":\"https:\/\/portaltela.pt\/s.01k8rhncp4jt1\/2026\/04\/img_920x518uu2026-04-28-01-04-52-2435676-im-639129351069043041.jpg\",\"width\":796,\"height\":448,\"caption\":\"Tony Strata em destaque\"},{\"@type\":\"BreadcrumbList\",\"@id\":\"https:\/\/portaltela.pt\/noticias\/2026\/04\/27\/tony-strata-e-o-jogador-da-semana-da-liga-record\/#breadcrumb\",\"itemListElement\":[{\"@type\":\"ListItem\",\"position\":1,\"name\":\"In\u00edcio\",\"item\":\"https:\/\/portaltela.pt\/\"},{\"@type\":\"ListItem\",\"position\":2,\"name\":\"Tony Strata \u00e9 o jogador da semana da Liga Record\"}]},{\"@type\":\"WebSite\",\"@id\":\"https:\/\/portaltela.pt\/#website\",\"url\":\"https:\/\/portaltela.pt\/\",\"name\":\"Portal Tela Portugal\",\"description\":\"\",\"potentialAction\":[{\"@type\":\"SearchAction\",\"target\":{\"@type\":\"EntryPoint\",\"urlTemplate\":\"https:\/\/portaltela.pt\/?s={search_term_string}\"},\"query-input\":{\"@type\":\"PropertyValueSpecification\",\"valueRequired\":true,\"valueName\":\"search_term_string\"}}],\"inLanguage\":\"pt-PT\"},{\"@type\":\"Person\",\"@id\":\"https:\/\/portaltela.pt\/#\/schema\/person\/c4278d4a6028830caff9ee44b42d32ed\",\"name\":\"Telinha\",\"image\":{\"@type\":\"ImageObject\",\"inLanguage\":\"pt-PT\",\"@id\":\"https:\/\/portaltela.pt\/s.01k8rhncp4jt1\/2025\/11\/talking-bot-125x125.png\",\"url\":\"https:\/\/portaltela.pt\/s.01k8rhncp4jt1\/2025\/11\/talking-bot-125x125.png\",\"contentUrl\":\"https:\/\/portaltela.pt\/s.01k8rhncp4jt1\/2025\/11\/talking-bot-125x125.png\",\"caption\":\"Telinha\"},\"sameAs\":[\"https:\/\/portaltela.pt\/\"],\"url\":\"https:\/\/portaltela.pt\/por\/367410592786\/\"}]}<\/script>\n<!-- \/ Yoast SEO plugin. -->","yoast_head_json":{"title":"Tony Strata \u00e9 o jogador da semana da Liga Record - Portal Tela Portugal","robots":{"index":"index","follow":"follow","max-snippet":"max-snippet:-1","max-image-preview":"max-image-preview:large","max-video-preview":"max-video-preview:-1"},"og_locale":"pt_PT","og_type":"article","og_title":"Tony Strata \u00e9 o jogador da semana da Liga Record - Portal Tela Portugal","og_description":"Tony Strata foi o Jogador da Semana na 27\u00aa ronda da Liga Record. O defesa romeno pertence ao V. Guimar\u00e3es. Estrou-se a marcar em Portugal, ao contribuir para a vit\u00f3ria de oito sobre o Rio Ave (2-0). Strata entrou na \u00faltima meia-hora e apontou o golo decisivo de longe.","og_url":"https:\/\/portaltela.pt\/noticias\/2026\/04\/27\/tony-strata-e-o-jogador-da-semana-da-liga-record\/","og_site_name":"Portal Tela Portugal","article_published_time":"2026-04-28T00:33:14+00:00","author":"Telinha","twitter_card":"summary_large_image","twitter_misc":{"Escrito por":"Telinha","Tempo estimado de leitura":"1 minuto"},"schema":{"@context":"https:\/\/schema.org","@graph":[{"@type":"Article","@id":"https:\/\/portaltela.pt\/noticias\/2026\/04\/27\/tony-strata-e-o-jogador-da-semana-da-liga-record\/#article","isPartOf":{"@id":"https:\/\/portaltela.pt\/noticias\/2026\/04\/27\/tony-strata-e-o-jogador-da-semana-da-liga-record\/"},"author":{"name":"Telinha","@id":"https:\/\/portaltela.pt\/#\/schema\/person\/c4278d4a6028830caff9ee44b42d32ed"},"headline":"Tony Strata \u00e9 o jogador da semana da Liga Record","datePublished":"2026-04-28T00:33:14+00:00","mainEntityOfPage":{"@id":"https:\/\/portaltela.pt\/noticias\/2026\/04\/27\/tony-strata-e-o-jogador-da-semana-da-liga-record\/"},"wordCount":110,"image":{"@id":"https:\/\/portaltela.pt\/noticias\/2026\/04\/27\/tony-strata-e-o-jogador-da-semana-da-liga-record\/#primaryimage"},"thumbnailUrl":"https:\/\/portaltela.pt\/s.01k8rhncp4jt1\/2026\/04\/img_920x518uu2026-04-28-01-04-52-2435676-im-639129351069043041.jpg","keywords":["1.\u00aa Liga","desporto","equipas","futebol","gols","jogadores"],"articleSection":["Desporto","Futebol"],"inLanguage":"pt-PT"},{"@type":"WebPage","@id":"https:\/\/portaltela.pt\/noticias\/2026\/04\/27\/tony-strata-e-o-jogador-da-semana-da-liga-record\/","url":"https:\/\/portaltela.pt\/noticias\/2026\/04\/27\/tony-strata-e-o-jogador-da-semana-da-liga-record\/","name":"Tony Strata \u00e9 o jogador da semana da Liga Record - Portal Tela Portugal","isPartOf":{"@id":"https:\/\/portaltela.pt\/#website"},"primaryImageOfPage":{"@id":"https:\/\/portaltela.pt\/noticias\/2026\/04\/27\/tony-strata-e-o-jogador-da-semana-da-liga-record\/#primaryimage"},"image":{"@id":"https:\/\/portaltela.pt\/noticias\/2026\/04\/27\/tony-strata-e-o-jogador-da-semana-da-liga-record\/#primaryimage"},"thumbnailUrl":"https:\/\/portaltela.pt\/s.01k8rhncp4jt1\/2026\/04\/img_920x518uu2026-04-28-01-04-52-2435676-im-639129351069043041.jpg","datePublished":"2026-04-28T00:33:14+00:00","author":{"@id":"https:\/\/portaltela.pt\/#\/schema\/person\/c4278d4a6028830caff9ee44b42d32ed"},"breadcrumb":{"@id":"https:\/\/portaltela.pt\/noticias\/2026\/04\/27\/tony-strata-e-o-jogador-da-semana-da-liga-record\/#breadcrumb"},"inLanguage":"pt-PT","potentialAction":[{"@type":"ReadAction","target":["https:\/\/portaltela.pt\/noticias\/2026\/04\/27\/tony-strata-e-o-jogador-da-semana-da-liga-record\/"]}]},{"@type":"ImageObject","inLanguage":"pt-PT","@id":"https:\/\/portaltela.pt\/noticias\/2026\/04\/27\/tony-strata-e-o-jogador-da-semana-da-liga-record\/#primaryimage","url":"https:\/\/portaltela.pt\/s.01k8rhncp4jt1\/2026\/04\/img_920x518uu2026-04-28-01-04-52-2435676-im-639129351069043041.jpg","contentUrl":"https:\/\/portaltela.pt\/s.01k8rhncp4jt1\/2026\/04\/img_920x518uu2026-04-28-01-04-52-2435676-im-639129351069043041.jpg","width":796,"height":448,"caption":"Tony Strata em destaque"},{"@type":"BreadcrumbList","@id":"https:\/\/portaltela.pt\/noticias\/2026\/04\/27\/tony-strata-e-o-jogador-da-semana-da-liga-record\/#breadcrumb","itemListElement":[{"@type":"ListItem","position":1,"name":"In\u00edcio","item":"https:\/\/portaltela.pt\/"},{"@type":"ListItem","position":2,"name":"Tony Strata \u00e9 o jogador da semana da Liga Record"}]},{"@type":"WebSite","@id":"https:\/\/portaltela.pt\/#website","url":"https:\/\/portaltela.pt\/","name":"Portal Tela Portugal","description":"","potentialAction":[{"@type":"SearchAction","target":{"@type":"EntryPoint","urlTemplate":"https:\/\/portaltela.pt\/?s={search_term_string}"},"query-input":{"@type":"PropertyValueSpecification","valueRequired":true,"valueName":"search_term_string"}}],"inLanguage":"pt-PT"},{"@type":"Person","@id":"https:\/\/portaltela.pt\/#\/schema\/person\/c4278d4a6028830caff9ee44b42d32ed","name":"Telinha","image":{"@type":"ImageObject","inLanguage":"pt-PT","@id":"https:\/\/portaltela.pt\/s.01k8rhncp4jt1\/2025\/11\/talking-bot-125x125.png","url":"https:\/\/portaltela.pt\/s.01k8rhncp4jt1\/2025\/11\/talking-bot-125x125.png","contentUrl":"https:\/\/portaltela.pt\/s.01k8rhncp4jt1\/2025\/11\/talking-bot-125x125.png","caption":"Telinha"},"sameAs":["https:\/\/portaltela.pt\/"],"url":"https:\/\/portaltela.pt\/por\/367410592786\/"}]}},"_links":{"self":[{"href":"https:\/\/portaltela.pt\/api\/wp\/v2\/posts\/459091","targetHints":{"allow":["GET"]}}],"collection":[{"href":"https:\/\/portaltela.pt\/api\/wp\/v2\/posts"}],"about":[{"href":"https:\/\/portaltela.pt\/api\/wp\/v2\/types\/post"}],"author":[{"embeddable":true,"href":"https:\/\/portaltela.pt\/api\/wp\/v2\/users\/2"}],"replies":[{"embeddable":true,"href":"https:\/\/portaltela.pt\/api\/wp\/v2\/comments?post=459091"}],"version-history":[{"count":0,"href":"https:\/\/portaltela.pt\/api\/wp\/v2\/posts\/459091\/revisions"}],"wp:featuredmedia":[{"embeddable":true,"href":"https:\/\/portaltela.pt\/api\/wp\/v2\/media\/459096"}],"wp:attachment":[{"href":"https:\/\/portaltela.pt\/api\/wp\/v2\/media?parent=459091"}],"wp:term":[{"taxonomy":"category","embeddable":true,"href":"https:\/\/portaltela.pt\/api\/wp\/v2\/categories?post=459091"},{"taxonomy":"post_tag","embeddable":true,"href":"https:\/\/portaltela.pt\/api\/wp\/v2\/tags?post=459091"}],"curies":[{"name":"wp","href":"https:\/\/api.w.org\/{rel}","templated":true}]}}