{"id":459084,"date":"2026-04-27T21:33:07","date_gmt":"2026-04-28T00:33:07","guid":{"rendered":"https:\/\/portaltela.pt\/noticias\/2026\/04\/27\/o-diabo-veste-prada-mantem-a-veia-critica-apos-vinte-anos\/"},"modified":"2026-04-27T21:33:07","modified_gmt":"2026-04-28T00:33:07","slug":"o-diabo-veste-prada-mantem-a-veia-critica-apos-vinte-anos","status":"publish","type":"post","link":"https:\/\/portaltela.pt\/series-e-filmes\/2026\/04\/27\/o-diabo-veste-prada-mantem-a-veia-critica-apos-vinte-anos\/","title":{"rendered":"O Diabo Veste Prada mant\u00e9m a veia cr\u00edtica ap\u00f3s vinte anos"},"content":{"rendered":"<p>O Diabo Veste Prada mant\u00e9m a veia cr\u00edtica vinte anos depois. O filme original colocou a moda sob escrut\u00ednio, com Miranda Priestly a impor padr\u00f5es inating\u00edveis. Andrea Sachs, interpretada por Anne Hathaway, tornou-se refer\u00eancia na troca entre jornalismo e ind\u00fastria.<\/p>\n<p>Nesta semana, chega aos ecr\u00e3s a sequela da com\u00e9dia, que volta a mirar o elitismo do mundo da alta-costura. Miranda Priestly e Andrea Sachs, agora jornalistas experientes, unem for\u00e7as para salvar a revista Runway, diante de uma queda acentuada de vendas.<\/p>\n<h3>Sequela marca nova cr\u00edtica<\/h3>\n<p>A narrativa associa o fen\u00f3meno aos ultrarricos que patrocinam eventos de luxo, citando nomes da esfera tech e dos media. Elon Musk, Jeff Bezos e Lauren S\u00e1nchez Bezos aparecem como s\u00edmbolos de poder financeiro. A produ\u00e7\u00e3o insere paralelismos com epis\u00f3dios recentes do sector editorial.<\/p>\n<p>Bezos j\u00e1 manifestou interesse na compra de t\u00edtulos de refer\u00eancia, como a U.S. Vogue, o que acrescenta camadas de leitura \u00e0 fic\u00e7\u00e3o. O elenco inclui Emily Blunt, cuja personagem \u00e9 associada a estas din\u00e2micas de riqueza e influ\u00eancia, sem deixar de lado a cr\u00edtica social pretendida pelo filme.<\/p>\n","protected":false},"excerpt":{"rendered":"<ul>\n<li>O Diabo Veste Prada celebra 20 anos desde a estreia e mant\u00e9m a cr\u00edtica ao mundo da moda.<\/li>\n<li>O filme original aponta o dedo aos ultra-mega-ricos; a sequela foca patrocinadores de alta-costura, como Elon Musk e Jeff Bezos.<\/li>\n<li>Miranda Priestly e Andrea Sachs, agora jornalista consagrada, unem esfor\u00e7os para salvar a revista Runway, que enfrenta uma forte quebra de vendas.<\/li>\n<li>A narrativa sugere que Bezos manifestou interesse em comprar a U.S. Vogue e outras publica\u00e7\u00f5es; a editora \u00e9 Anna Wintour, inspirando a personagem Miranda Priestly.<\/li>\n<li>Cr\u00edticas internacionais ao filme est\u00e3o sob embargo mundial at\u00e9 quarta-feira.<\/li>\n<\/ul>\n","protected":false},"author":2,"featured_media":459095,"comment_status":"closed","ping_status":"closed","sticky":false,"template":"","format":"standard","meta":{"footnotes":""},"categories":[12,7368],"tags":[112,145,28,5242,6126,2318],"class_list":["post-459084","post","type-post","status-publish","format-standard","has-post-thumbnail","hentry","category-entretenimento","category-series-e-filmes","tag-cinema","tag-cultura","tag-economia","tag-filmes","tag-publico","tag-sociedade"],"yoast_head":"<!-- This site is optimized with the Yoast SEO plugin v27.2 - https:\/\/yoast.com\/product\/yoast-seo-wordpress\/ -->\n<title>O Diabo Veste Prada mant\u00e9m a veia cr\u00edtica ap\u00f3s vinte anos - Portal Tela Portugal<\/title>\n<meta name=\"robots\" content=\"index, follow, max-snippet:-1, max-image-preview:large, max-video-preview:-1\" \/>\n<meta property=\"og:locale\" content=\"pt_PT\" \/>\n<meta property=\"og:type\" content=\"article\" \/>\n<meta property=\"og:title\" content=\"O Diabo Veste Prada mant\u00e9m a veia cr\u00edtica ap\u00f3s vinte anos - Portal Tela Portugal\" \/>\n<meta property=\"og:description\" content=\"O Diabo Veste Prada celebra 20 anos desde a estreia e mant\u00e9m a cr\u00edtica ao mundo da moda. O filme original aponta o dedo aos ultra-mega-ricos; a sequela foca patrocinadores de alta-costura, como Elon Musk e Jeff Bezos. Miranda Priestly e Andrea Sachs, agora jornalista consagrada, unem esfor\u00e7os para salvar a revista Runway, que enfrenta uma forte quebra de vendas. A narrativa sugere que Bezos manifestou interesse em comprar a U.S. Vogue e outras publica\u00e7\u00f5es; a editora \u00e9 Anna Wintour, inspirando a personagem Miranda Priestly. Cr\u00edticas internacionais ao filme est\u00e3o sob embargo mundial at\u00e9 quarta-feira.\" \/>\n<meta property=\"og:url\" content=\"https:\/\/portaltela.pt\/noticias\/2026\/04\/27\/o-diabo-veste-prada-mantem-a-veia-critica-apos-vinte-anos\/\" \/>\n<meta property=\"og:site_name\" content=\"Portal Tela Portugal\" \/>\n<meta property=\"article:published_time\" content=\"2026-04-28T00:33:07+00:00\" \/>\n<meta name=\"author\" content=\"Telinha\" \/>\n<meta name=\"twitter:card\" content=\"summary_large_image\" \/>\n<meta name=\"twitter:label1\" content=\"Escrito por\" \/>\n\t<meta name=\"twitter:data1\" content=\"Telinha\" \/>\n\t<meta name=\"twitter:label2\" content=\"Tempo estimado de leitura\" \/>\n\t<meta name=\"twitter:data2\" content=\"1 minuto\" \/>\n<script type=\"application\/ld+json\" class=\"yoast-schema-graph\">{\"@context\":\"https:\/\/schema.org\",\"@graph\":[{\"@type\":\"Article\",\"@id\":\"https:\/\/portaltela.pt\/noticias\/2026\/04\/27\/o-diabo-veste-prada-mantem-a-veia-critica-apos-vinte-anos\/#article\",\"isPartOf\":{\"@id\":\"https:\/\/portaltela.pt\/noticias\/2026\/04\/27\/o-diabo-veste-prada-mantem-a-veia-critica-apos-vinte-anos\/\"},\"author\":{\"name\":\"Telinha\",\"@id\":\"https:\/\/portaltela.pt\/#\/schema\/person\/c4278d4a6028830caff9ee44b42d32ed\"},\"headline\":\"O Diabo Veste Prada mant\u00e9m a veia cr\u00edtica ap\u00f3s vinte anos\",\"datePublished\":\"2026-04-28T00:33:07+00:00\",\"mainEntityOfPage\":{\"@id\":\"https:\/\/portaltela.pt\/noticias\/2026\/04\/27\/o-diabo-veste-prada-mantem-a-veia-critica-apos-vinte-anos\/\"},\"wordCount\":212,\"image\":{\"@id\":\"https:\/\/portaltela.pt\/noticias\/2026\/04\/27\/o-diabo-veste-prada-mantem-a-veia-critica-apos-vinte-anos\/#primaryimage\"},\"thumbnailUrl\":\"https:\/\/portaltela.pt\/s.01k8rhncp4jt1\/2026\/04\/img_1500x1000uu2026-04-28-00-11-00-2281506.jpg\",\"keywords\":[\"cinema\",\"cultura\",\"economia\",\"filmes\",\"p\u00fablico\",\"sociedade\"],\"articleSection\":[\"Entretenimento\",\"S\u00e9ries e filmes\"],\"inLanguage\":\"pt-PT\"},{\"@type\":\"WebPage\",\"@id\":\"https:\/\/portaltela.pt\/noticias\/2026\/04\/27\/o-diabo-veste-prada-mantem-a-veia-critica-apos-vinte-anos\/\",\"url\":\"https:\/\/portaltela.pt\/noticias\/2026\/04\/27\/o-diabo-veste-prada-mantem-a-veia-critica-apos-vinte-anos\/\",\"name\":\"O Diabo Veste Prada mant\u00e9m a veia cr\u00edtica ap\u00f3s vinte anos - Portal Tela Portugal\",\"isPartOf\":{\"@id\":\"https:\/\/portaltela.pt\/#website\"},\"primaryImageOfPage\":{\"@id\":\"https:\/\/portaltela.pt\/noticias\/2026\/04\/27\/o-diabo-veste-prada-mantem-a-veia-critica-apos-vinte-anos\/#primaryimage\"},\"image\":{\"@id\":\"https:\/\/portaltela.pt\/noticias\/2026\/04\/27\/o-diabo-veste-prada-mantem-a-veia-critica-apos-vinte-anos\/#primaryimage\"},\"thumbnailUrl\":\"https:\/\/portaltela.pt\/s.01k8rhncp4jt1\/2026\/04\/img_1500x1000uu2026-04-28-00-11-00-2281506.jpg\",\"datePublished\":\"2026-04-28T00:33:07+00:00\",\"author\":{\"@id\":\"https:\/\/portaltela.pt\/#\/schema\/person\/c4278d4a6028830caff9ee44b42d32ed\"},\"breadcrumb\":{\"@id\":\"https:\/\/portaltela.pt\/noticias\/2026\/04\/27\/o-diabo-veste-prada-mantem-a-veia-critica-apos-vinte-anos\/#breadcrumb\"},\"inLanguage\":\"pt-PT\",\"potentialAction\":[{\"@type\":\"ReadAction\",\"target\":[\"https:\/\/portaltela.pt\/noticias\/2026\/04\/27\/o-diabo-veste-prada-mantem-a-veia-critica-apos-vinte-anos\/\"]}]},{\"@type\":\"ImageObject\",\"inLanguage\":\"pt-PT\",\"@id\":\"https:\/\/portaltela.pt\/noticias\/2026\/04\/27\/o-diabo-veste-prada-mantem-a-veia-critica-apos-vinte-anos\/#primaryimage\",\"url\":\"https:\/\/portaltela.pt\/s.01k8rhncp4jt1\/2026\/04\/img_1500x1000uu2026-04-28-00-11-00-2281506.jpg\",\"contentUrl\":\"https:\/\/portaltela.pt\/s.01k8rhncp4jt1\/2026\/04\/img_1500x1000uu2026-04-28-00-11-00-2281506.jpg\",\"width\":1500,\"height\":1000,\"caption\":\"Meryl Streep e Anne Hathaway voltam a cruzar-se, duas d\u00e9cadas depois do primeiro 'O Diabo Veste Prada'\"},{\"@type\":\"BreadcrumbList\",\"@id\":\"https:\/\/portaltela.pt\/noticias\/2026\/04\/27\/o-diabo-veste-prada-mantem-a-veia-critica-apos-vinte-anos\/#breadcrumb\",\"itemListElement\":[{\"@type\":\"ListItem\",\"position\":1,\"name\":\"In\u00edcio\",\"item\":\"https:\/\/portaltela.pt\/\"},{\"@type\":\"ListItem\",\"position\":2,\"name\":\"O Diabo Veste Prada mant\u00e9m a veia cr\u00edtica ap\u00f3s vinte anos\"}]},{\"@type\":\"WebSite\",\"@id\":\"https:\/\/portaltela.pt\/#website\",\"url\":\"https:\/\/portaltela.pt\/\",\"name\":\"Portal Tela Portugal\",\"description\":\"\",\"potentialAction\":[{\"@type\":\"SearchAction\",\"target\":{\"@type\":\"EntryPoint\",\"urlTemplate\":\"https:\/\/portaltela.pt\/?s={search_term_string}\"},\"query-input\":{\"@type\":\"PropertyValueSpecification\",\"valueRequired\":true,\"valueName\":\"search_term_string\"}}],\"inLanguage\":\"pt-PT\"},{\"@type\":\"Person\",\"@id\":\"https:\/\/portaltela.pt\/#\/schema\/person\/c4278d4a6028830caff9ee44b42d32ed\",\"name\":\"Telinha\",\"image\":{\"@type\":\"ImageObject\",\"inLanguage\":\"pt-PT\",\"@id\":\"https:\/\/portaltela.pt\/s.01k8rhncp4jt1\/2025\/11\/talking-bot-125x125.png\",\"url\":\"https:\/\/portaltela.pt\/s.01k8rhncp4jt1\/2025\/11\/talking-bot-125x125.png\",\"contentUrl\":\"https:\/\/portaltela.pt\/s.01k8rhncp4jt1\/2025\/11\/talking-bot-125x125.png\",\"caption\":\"Telinha\"},\"sameAs\":[\"https:\/\/portaltela.pt\/\"],\"url\":\"https:\/\/portaltela.pt\/por\/367410592786\/\"}]}<\/script>\n<!-- \/ Yoast SEO plugin. -->","yoast_head_json":{"title":"O Diabo Veste Prada mant\u00e9m a veia cr\u00edtica ap\u00f3s vinte anos - Portal Tela Portugal","robots":{"index":"index","follow":"follow","max-snippet":"max-snippet:-1","max-image-preview":"max-image-preview:large","max-video-preview":"max-video-preview:-1"},"og_locale":"pt_PT","og_type":"article","og_title":"O Diabo Veste Prada mant\u00e9m a veia cr\u00edtica ap\u00f3s vinte anos - Portal Tela Portugal","og_description":"O Diabo Veste Prada celebra 20 anos desde a estreia e mant\u00e9m a cr\u00edtica ao mundo da moda. O filme original aponta o dedo aos ultra-mega-ricos; a sequela foca patrocinadores de alta-costura, como Elon Musk e Jeff Bezos. Miranda Priestly e Andrea Sachs, agora jornalista consagrada, unem esfor\u00e7os para salvar a revista Runway, que enfrenta uma forte quebra de vendas. A narrativa sugere que Bezos manifestou interesse em comprar a U.S. Vogue e outras publica\u00e7\u00f5es; a editora \u00e9 Anna Wintour, inspirando a personagem Miranda Priestly. Cr\u00edticas internacionais ao filme est\u00e3o sob embargo mundial at\u00e9 quarta-feira.","og_url":"https:\/\/portaltela.pt\/noticias\/2026\/04\/27\/o-diabo-veste-prada-mantem-a-veia-critica-apos-vinte-anos\/","og_site_name":"Portal Tela Portugal","article_published_time":"2026-04-28T00:33:07+00:00","author":"Telinha","twitter_card":"summary_large_image","twitter_misc":{"Escrito por":"Telinha","Tempo estimado de leitura":"1 minuto"},"schema":{"@context":"https:\/\/schema.org","@graph":[{"@type":"Article","@id":"https:\/\/portaltela.pt\/noticias\/2026\/04\/27\/o-diabo-veste-prada-mantem-a-veia-critica-apos-vinte-anos\/#article","isPartOf":{"@id":"https:\/\/portaltela.pt\/noticias\/2026\/04\/27\/o-diabo-veste-prada-mantem-a-veia-critica-apos-vinte-anos\/"},"author":{"name":"Telinha","@id":"https:\/\/portaltela.pt\/#\/schema\/person\/c4278d4a6028830caff9ee44b42d32ed"},"headline":"O Diabo Veste Prada mant\u00e9m a veia cr\u00edtica ap\u00f3s vinte anos","datePublished":"2026-04-28T00:33:07+00:00","mainEntityOfPage":{"@id":"https:\/\/portaltela.pt\/noticias\/2026\/04\/27\/o-diabo-veste-prada-mantem-a-veia-critica-apos-vinte-anos\/"},"wordCount":212,"image":{"@id":"https:\/\/portaltela.pt\/noticias\/2026\/04\/27\/o-diabo-veste-prada-mantem-a-veia-critica-apos-vinte-anos\/#primaryimage"},"thumbnailUrl":"https:\/\/portaltela.pt\/s.01k8rhncp4jt1\/2026\/04\/img_1500x1000uu2026-04-28-00-11-00-2281506.jpg","keywords":["cinema","cultura","economia","filmes","p\u00fablico","sociedade"],"articleSection":["Entretenimento","S\u00e9ries e filmes"],"inLanguage":"pt-PT"},{"@type":"WebPage","@id":"https:\/\/portaltela.pt\/noticias\/2026\/04\/27\/o-diabo-veste-prada-mantem-a-veia-critica-apos-vinte-anos\/","url":"https:\/\/portaltela.pt\/noticias\/2026\/04\/27\/o-diabo-veste-prada-mantem-a-veia-critica-apos-vinte-anos\/","name":"O Diabo Veste Prada mant\u00e9m a veia cr\u00edtica ap\u00f3s vinte anos - Portal Tela Portugal","isPartOf":{"@id":"https:\/\/portaltela.pt\/#website"},"primaryImageOfPage":{"@id":"https:\/\/portaltela.pt\/noticias\/2026\/04\/27\/o-diabo-veste-prada-mantem-a-veia-critica-apos-vinte-anos\/#primaryimage"},"image":{"@id":"https:\/\/portaltela.pt\/noticias\/2026\/04\/27\/o-diabo-veste-prada-mantem-a-veia-critica-apos-vinte-anos\/#primaryimage"},"thumbnailUrl":"https:\/\/portaltela.pt\/s.01k8rhncp4jt1\/2026\/04\/img_1500x1000uu2026-04-28-00-11-00-2281506.jpg","datePublished":"2026-04-28T00:33:07+00:00","author":{"@id":"https:\/\/portaltela.pt\/#\/schema\/person\/c4278d4a6028830caff9ee44b42d32ed"},"breadcrumb":{"@id":"https:\/\/portaltela.pt\/noticias\/2026\/04\/27\/o-diabo-veste-prada-mantem-a-veia-critica-apos-vinte-anos\/#breadcrumb"},"inLanguage":"pt-PT","potentialAction":[{"@type":"ReadAction","target":["https:\/\/portaltela.pt\/noticias\/2026\/04\/27\/o-diabo-veste-prada-mantem-a-veia-critica-apos-vinte-anos\/"]}]},{"@type":"ImageObject","inLanguage":"pt-PT","@id":"https:\/\/portaltela.pt\/noticias\/2026\/04\/27\/o-diabo-veste-prada-mantem-a-veia-critica-apos-vinte-anos\/#primaryimage","url":"https:\/\/portaltela.pt\/s.01k8rhncp4jt1\/2026\/04\/img_1500x1000uu2026-04-28-00-11-00-2281506.jpg","contentUrl":"https:\/\/portaltela.pt\/s.01k8rhncp4jt1\/2026\/04\/img_1500x1000uu2026-04-28-00-11-00-2281506.jpg","width":1500,"height":1000,"caption":"Meryl Streep e Anne Hathaway voltam a cruzar-se, duas d\u00e9cadas depois do primeiro 'O Diabo Veste Prada'"},{"@type":"BreadcrumbList","@id":"https:\/\/portaltela.pt\/noticias\/2026\/04\/27\/o-diabo-veste-prada-mantem-a-veia-critica-apos-vinte-anos\/#breadcrumb","itemListElement":[{"@type":"ListItem","position":1,"name":"In\u00edcio","item":"https:\/\/portaltela.pt\/"},{"@type":"ListItem","position":2,"name":"O Diabo Veste Prada mant\u00e9m a veia cr\u00edtica ap\u00f3s vinte anos"}]},{"@type":"WebSite","@id":"https:\/\/portaltela.pt\/#website","url":"https:\/\/portaltela.pt\/","name":"Portal Tela Portugal","description":"","potentialAction":[{"@type":"SearchAction","target":{"@type":"EntryPoint","urlTemplate":"https:\/\/portaltela.pt\/?s={search_term_string}"},"query-input":{"@type":"PropertyValueSpecification","valueRequired":true,"valueName":"search_term_string"}}],"inLanguage":"pt-PT"},{"@type":"Person","@id":"https:\/\/portaltela.pt\/#\/schema\/person\/c4278d4a6028830caff9ee44b42d32ed","name":"Telinha","image":{"@type":"ImageObject","inLanguage":"pt-PT","@id":"https:\/\/portaltela.pt\/s.01k8rhncp4jt1\/2025\/11\/talking-bot-125x125.png","url":"https:\/\/portaltela.pt\/s.01k8rhncp4jt1\/2025\/11\/talking-bot-125x125.png","contentUrl":"https:\/\/portaltela.pt\/s.01k8rhncp4jt1\/2025\/11\/talking-bot-125x125.png","caption":"Telinha"},"sameAs":["https:\/\/portaltela.pt\/"],"url":"https:\/\/portaltela.pt\/por\/367410592786\/"}]}},"_links":{"self":[{"href":"https:\/\/portaltela.pt\/api\/wp\/v2\/posts\/459084","targetHints":{"allow":["GET"]}}],"collection":[{"href":"https:\/\/portaltela.pt\/api\/wp\/v2\/posts"}],"about":[{"href":"https:\/\/portaltela.pt\/api\/wp\/v2\/types\/post"}],"author":[{"embeddable":true,"href":"https:\/\/portaltela.pt\/api\/wp\/v2\/users\/2"}],"replies":[{"embeddable":true,"href":"https:\/\/portaltela.pt\/api\/wp\/v2\/comments?post=459084"}],"version-history":[{"count":0,"href":"https:\/\/portaltela.pt\/api\/wp\/v2\/posts\/459084\/revisions"}],"wp:featuredmedia":[{"embeddable":true,"href":"https:\/\/portaltela.pt\/api\/wp\/v2\/media\/459095"}],"wp:attachment":[{"href":"https:\/\/portaltela.pt\/api\/wp\/v2\/media?parent=459084"}],"wp:term":[{"taxonomy":"category","embeddable":true,"href":"https:\/\/portaltela.pt\/api\/wp\/v2\/categories?post=459084"},{"taxonomy":"post_tag","embeddable":true,"href":"https:\/\/portaltela.pt\/api\/wp\/v2\/tags?post=459084"}],"curies":[{"name":"wp","href":"https:\/\/api.w.org\/{rel}","templated":true}]}}