{"id":459068,"date":"2026-04-27T20:33:07","date_gmt":"2026-04-27T23:33:07","guid":{"rendered":"https:\/\/portaltela.pt\/noticias\/2026\/04\/27\/alvaro-pacheco-antecipa-tres-finais-pela-frente-com-confianca\/"},"modified":"2026-04-27T20:33:07","modified_gmt":"2026-04-27T23:33:07","slug":"alvaro-pacheco-antecipa-tres-finais-pela-frente-com-confianca","status":"publish","type":"post","link":"https:\/\/portaltela.pt\/desporto\/futebol\/2026\/04\/27\/alvaro-pacheco-antecipa-tres-finais-pela-frente-com-confianca\/","title":{"rendered":"\u00c1lvaro Pacheco antecipa tr\u00eas finais pela frente com confian\u00e7a"},"content":{"rendered":"<p>O Casa Pia saiu derrotado do terreno do Gil Vicente, no confronto da jornada da Liga Portuguesa, perdendo por 2-1 em Barcelos. A equipa gansa enfrentou terreno adverso e n\u00e3o conseguiu evitar o desfecho negativo, apesar de ter entrado com vontade de vencer.<\/p>\n<p>O treinador \u00c1lvaro Pacheco reconheceu que houve fatores que condicionaram o desempenho, incluindo situa\u00e7\u00f5es externas que se prolongaram durante o jogo. Destacou ainda que a equipa enfrenta dificuldades recorrentes em lances iniciais, o que provoca instabilidade.<\/p>\n<p>Para al\u00e9m disso, o t\u00e9cnico apontou que o Casa Pia entrou bem e tentou impor o ritmo, tentando retirar o Gil Vicente da zona de conforto. O advers\u00e1rio est\u00e1 a realizar um bom campeonato, o que torna o desafio ainda mais exigente para a sua equipa.<\/p>\n<h3>An\u00e1lise ao jogo<\/h3>\n<p>Na segunda parte, o dom\u00ednio manteve-se, mas houve menos energia por parte do Casa Pia. Um erro individual acabou por provocar o pen\u00e1lti sofrido, beneficiando quem liderava o marcador. O clube entende que o resultado resulta de v\u00e1rias situa\u00e7\u00f5es, internas e externas, e admite que a situa\u00e7\u00e3o \u00e9 complexa. O treinador afirmou ainda que h\u00e1 tr\u00eas finais pela frente e que a equipa vai lutar para venc\u00ea-las.<\/p>\n","protected":false},"excerpt":{"rendered":"<ul>\n<li>O Casa Pia perdeu em casa do Gil Vicente por dois a um.<\/li>\n<li>\u00c1lvaro Pacheco diz que h\u00e1 fatores externos que influenciam o desfecho dos jogos, como entradas duras e o amarelo no primeiro lance.<\/li>\n<li>O treinador afirma que o Casa Pia entrou forte e tentou impor o jogo, enquanto o Gil Vicente luta por objetivos no campeonato.<\/li>\n<li>Na segunda parte houve menos energia e houve pen\u00e1lti consequ\u00eancia de anti-jogo do Gil Vicente, com o \u00e1rbitro a permitir.<\/li>\n<li>Pacheco admite culpa da equipa, mas refor\u00e7a que h\u00e1 tr\u00eas finais pela frente e que v\u00e3o conseguir.<\/li>\n<\/ul>\n","protected":false},"author":2,"featured_media":459070,"comment_status":"closed","ping_status":"closed","sticky":false,"template":"","format":"standard","meta":{"footnotes":""},"categories":[21,24],"tags":[1027,5176,152,32,1829,1786],"class_list":["post-459068","post","type-post","status-publish","format-standard","has-post-thumbnail","hentry","category-desporto","category-futebol","tag-barcelos","tag-casa-pia","tag-desporto","tag-futebol","tag-gil-vicente","tag-liga"],"yoast_head":"<!-- This site is optimized with the Yoast SEO plugin v27.2 - https:\/\/yoast.com\/product\/yoast-seo-wordpress\/ -->\n<title>\u00c1lvaro Pacheco antecipa tr\u00eas finais pela frente com confian\u00e7a - Portal Tela Portugal<\/title>\n<meta name=\"robots\" content=\"index, follow, max-snippet:-1, max-image-preview:large, max-video-preview:-1\" \/>\n<meta property=\"og:locale\" content=\"pt_PT\" \/>\n<meta property=\"og:type\" content=\"article\" \/>\n<meta property=\"og:title\" content=\"\u00c1lvaro Pacheco antecipa tr\u00eas finais pela frente com confian\u00e7a - Portal Tela Portugal\" \/>\n<meta property=\"og:description\" content=\"O Casa Pia perdeu em casa do Gil Vicente por dois a um. \u00c1lvaro Pacheco diz que h\u00e1 fatores externos que influenciam o desfecho dos jogos, como entradas duras e o amarelo no primeiro lance. O treinador afirma que o Casa Pia entrou forte e tentou impor o jogo, enquanto o Gil Vicente luta por objetivos no campeonato. Na segunda parte houve menos energia e houve pen\u00e1lti consequ\u00eancia de anti-jogo do Gil Vicente, com o \u00e1rbitro a permitir. Pacheco admite culpa da equipa, mas refor\u00e7a que h\u00e1 tr\u00eas finais pela frente e que v\u00e3o conseguir.\" \/>\n<meta property=\"og:url\" content=\"https:\/\/portaltela.pt\/noticias\/2026\/04\/27\/alvaro-pacheco-antecipa-tres-finais-pela-frente-com-confianca\/\" \/>\n<meta property=\"og:site_name\" content=\"Portal Tela Portugal\" \/>\n<meta property=\"article:published_time\" content=\"2026-04-27T23:33:07+00:00\" \/>\n<meta name=\"author\" content=\"Telinha\" \/>\n<meta name=\"twitter:card\" content=\"summary_large_image\" \/>\n<meta name=\"twitter:label1\" content=\"Escrito por\" \/>\n\t<meta name=\"twitter:data1\" content=\"Telinha\" \/>\n\t<meta name=\"twitter:label2\" content=\"Tempo estimado de leitura\" \/>\n\t<meta name=\"twitter:data2\" content=\"1 minuto\" \/>\n<script type=\"application\/ld+json\" class=\"yoast-schema-graph\">{\"@context\":\"https:\/\/schema.org\",\"@graph\":[{\"@type\":\"Article\",\"@id\":\"https:\/\/portaltela.pt\/noticias\/2026\/04\/27\/alvaro-pacheco-antecipa-tres-finais-pela-frente-com-confianca\/#article\",\"isPartOf\":{\"@id\":\"https:\/\/portaltela.pt\/noticias\/2026\/04\/27\/alvaro-pacheco-antecipa-tres-finais-pela-frente-com-confianca\/\"},\"author\":{\"name\":\"Telinha\",\"@id\":\"https:\/\/portaltela.pt\/#\/schema\/person\/c4278d4a6028830caff9ee44b42d32ed\"},\"headline\":\"\u00c1lvaro Pacheco antecipa tr\u00eas finais pela frente com confian\u00e7a\",\"datePublished\":\"2026-04-27T23:33:07+00:00\",\"mainEntityOfPage\":{\"@id\":\"https:\/\/portaltela.pt\/noticias\/2026\/04\/27\/alvaro-pacheco-antecipa-tres-finais-pela-frente-com-confianca\/\"},\"wordCount\":218,\"image\":{\"@id\":\"https:\/\/portaltela.pt\/noticias\/2026\/04\/27\/alvaro-pacheco-antecipa-tres-finais-pela-frente-com-confianca\/#primaryimage\"},\"thumbnailUrl\":\"https:\/\/portaltela.pt\/s.01k8rhncp4jt1\/2026\/04\/img_920x518uu2026-04-28-00-17-16-2435671-im-639129322455617138.jpg\",\"keywords\":[\"Barcelos\",\"Casa Pia\",\"desporto\",\"futebol\",\"Gil Vicente\",\"Liga\"],\"articleSection\":[\"Desporto\",\"Futebol\"],\"inLanguage\":\"pt-PT\"},{\"@type\":\"WebPage\",\"@id\":\"https:\/\/portaltela.pt\/noticias\/2026\/04\/27\/alvaro-pacheco-antecipa-tres-finais-pela-frente-com-confianca\/\",\"url\":\"https:\/\/portaltela.pt\/noticias\/2026\/04\/27\/alvaro-pacheco-antecipa-tres-finais-pela-frente-com-confianca\/\",\"name\":\"\u00c1lvaro Pacheco antecipa tr\u00eas finais pela frente com confian\u00e7a - Portal Tela Portugal\",\"isPartOf\":{\"@id\":\"https:\/\/portaltela.pt\/#website\"},\"primaryImageOfPage\":{\"@id\":\"https:\/\/portaltela.pt\/noticias\/2026\/04\/27\/alvaro-pacheco-antecipa-tres-finais-pela-frente-com-confianca\/#primaryimage\"},\"image\":{\"@id\":\"https:\/\/portaltela.pt\/noticias\/2026\/04\/27\/alvaro-pacheco-antecipa-tres-finais-pela-frente-com-confianca\/#primaryimage\"},\"thumbnailUrl\":\"https:\/\/portaltela.pt\/s.01k8rhncp4jt1\/2026\/04\/img_920x518uu2026-04-28-00-17-16-2435671-im-639129322455617138.jpg\",\"datePublished\":\"2026-04-27T23:33:07+00:00\",\"author\":{\"@id\":\"https:\/\/portaltela.pt\/#\/schema\/person\/c4278d4a6028830caff9ee44b42d32ed\"},\"breadcrumb\":{\"@id\":\"https:\/\/portaltela.pt\/noticias\/2026\/04\/27\/alvaro-pacheco-antecipa-tres-finais-pela-frente-com-confianca\/#breadcrumb\"},\"inLanguage\":\"pt-PT\",\"potentialAction\":[{\"@type\":\"ReadAction\",\"target\":[\"https:\/\/portaltela.pt\/noticias\/2026\/04\/27\/alvaro-pacheco-antecipa-tres-finais-pela-frente-com-confianca\/\"]}]},{\"@type\":\"ImageObject\",\"inLanguage\":\"pt-PT\",\"@id\":\"https:\/\/portaltela.pt\/noticias\/2026\/04\/27\/alvaro-pacheco-antecipa-tres-finais-pela-frente-com-confianca\/#primaryimage\",\"url\":\"https:\/\/portaltela.pt\/s.01k8rhncp4jt1\/2026\/04\/img_920x518uu2026-04-28-00-17-16-2435671-im-639129322455617138.jpg\",\"contentUrl\":\"https:\/\/portaltela.pt\/s.01k8rhncp4jt1\/2026\/04\/img_920x518uu2026-04-28-00-17-16-2435671-im-639129322455617138.jpg\",\"width\":796,\"height\":448,\"caption\":\"\u00c1lvaro Pacheco, treinador do Casa Pia\"},{\"@type\":\"BreadcrumbList\",\"@id\":\"https:\/\/portaltela.pt\/noticias\/2026\/04\/27\/alvaro-pacheco-antecipa-tres-finais-pela-frente-com-confianca\/#breadcrumb\",\"itemListElement\":[{\"@type\":\"ListItem\",\"position\":1,\"name\":\"In\u00edcio\",\"item\":\"https:\/\/portaltela.pt\/\"},{\"@type\":\"ListItem\",\"position\":2,\"name\":\"\u00c1lvaro Pacheco antecipa tr\u00eas finais pela frente com confian\u00e7a\"}]},{\"@type\":\"WebSite\",\"@id\":\"https:\/\/portaltela.pt\/#website\",\"url\":\"https:\/\/portaltela.pt\/\",\"name\":\"Portal Tela Portugal\",\"description\":\"\",\"potentialAction\":[{\"@type\":\"SearchAction\",\"target\":{\"@type\":\"EntryPoint\",\"urlTemplate\":\"https:\/\/portaltela.pt\/?s={search_term_string}\"},\"query-input\":{\"@type\":\"PropertyValueSpecification\",\"valueRequired\":true,\"valueName\":\"search_term_string\"}}],\"inLanguage\":\"pt-PT\"},{\"@type\":\"Person\",\"@id\":\"https:\/\/portaltela.pt\/#\/schema\/person\/c4278d4a6028830caff9ee44b42d32ed\",\"name\":\"Telinha\",\"image\":{\"@type\":\"ImageObject\",\"inLanguage\":\"pt-PT\",\"@id\":\"https:\/\/portaltela.pt\/s.01k8rhncp4jt1\/2025\/11\/talking-bot-125x125.png\",\"url\":\"https:\/\/portaltela.pt\/s.01k8rhncp4jt1\/2025\/11\/talking-bot-125x125.png\",\"contentUrl\":\"https:\/\/portaltela.pt\/s.01k8rhncp4jt1\/2025\/11\/talking-bot-125x125.png\",\"caption\":\"Telinha\"},\"sameAs\":[\"https:\/\/portaltela.pt\/\"],\"url\":\"https:\/\/portaltela.pt\/por\/367410592786\/\"}]}<\/script>\n<!-- \/ Yoast SEO plugin. -->","yoast_head_json":{"title":"\u00c1lvaro Pacheco antecipa tr\u00eas finais pela frente com confian\u00e7a - Portal Tela Portugal","robots":{"index":"index","follow":"follow","max-snippet":"max-snippet:-1","max-image-preview":"max-image-preview:large","max-video-preview":"max-video-preview:-1"},"og_locale":"pt_PT","og_type":"article","og_title":"\u00c1lvaro Pacheco antecipa tr\u00eas finais pela frente com confian\u00e7a - Portal Tela Portugal","og_description":"O Casa Pia perdeu em casa do Gil Vicente por dois a um. \u00c1lvaro Pacheco diz que h\u00e1 fatores externos que influenciam o desfecho dos jogos, como entradas duras e o amarelo no primeiro lance. O treinador afirma que o Casa Pia entrou forte e tentou impor o jogo, enquanto o Gil Vicente luta por objetivos no campeonato. Na segunda parte houve menos energia e houve pen\u00e1lti consequ\u00eancia de anti-jogo do Gil Vicente, com o \u00e1rbitro a permitir. Pacheco admite culpa da equipa, mas refor\u00e7a que h\u00e1 tr\u00eas finais pela frente e que v\u00e3o conseguir.","og_url":"https:\/\/portaltela.pt\/noticias\/2026\/04\/27\/alvaro-pacheco-antecipa-tres-finais-pela-frente-com-confianca\/","og_site_name":"Portal Tela Portugal","article_published_time":"2026-04-27T23:33:07+00:00","author":"Telinha","twitter_card":"summary_large_image","twitter_misc":{"Escrito por":"Telinha","Tempo estimado de leitura":"1 minuto"},"schema":{"@context":"https:\/\/schema.org","@graph":[{"@type":"Article","@id":"https:\/\/portaltela.pt\/noticias\/2026\/04\/27\/alvaro-pacheco-antecipa-tres-finais-pela-frente-com-confianca\/#article","isPartOf":{"@id":"https:\/\/portaltela.pt\/noticias\/2026\/04\/27\/alvaro-pacheco-antecipa-tres-finais-pela-frente-com-confianca\/"},"author":{"name":"Telinha","@id":"https:\/\/portaltela.pt\/#\/schema\/person\/c4278d4a6028830caff9ee44b42d32ed"},"headline":"\u00c1lvaro Pacheco antecipa tr\u00eas finais pela frente com confian\u00e7a","datePublished":"2026-04-27T23:33:07+00:00","mainEntityOfPage":{"@id":"https:\/\/portaltela.pt\/noticias\/2026\/04\/27\/alvaro-pacheco-antecipa-tres-finais-pela-frente-com-confianca\/"},"wordCount":218,"image":{"@id":"https:\/\/portaltela.pt\/noticias\/2026\/04\/27\/alvaro-pacheco-antecipa-tres-finais-pela-frente-com-confianca\/#primaryimage"},"thumbnailUrl":"https:\/\/portaltela.pt\/s.01k8rhncp4jt1\/2026\/04\/img_920x518uu2026-04-28-00-17-16-2435671-im-639129322455617138.jpg","keywords":["Barcelos","Casa Pia","desporto","futebol","Gil Vicente","Liga"],"articleSection":["Desporto","Futebol"],"inLanguage":"pt-PT"},{"@type":"WebPage","@id":"https:\/\/portaltela.pt\/noticias\/2026\/04\/27\/alvaro-pacheco-antecipa-tres-finais-pela-frente-com-confianca\/","url":"https:\/\/portaltela.pt\/noticias\/2026\/04\/27\/alvaro-pacheco-antecipa-tres-finais-pela-frente-com-confianca\/","name":"\u00c1lvaro Pacheco antecipa tr\u00eas finais pela frente com confian\u00e7a - Portal Tela Portugal","isPartOf":{"@id":"https:\/\/portaltela.pt\/#website"},"primaryImageOfPage":{"@id":"https:\/\/portaltela.pt\/noticias\/2026\/04\/27\/alvaro-pacheco-antecipa-tres-finais-pela-frente-com-confianca\/#primaryimage"},"image":{"@id":"https:\/\/portaltela.pt\/noticias\/2026\/04\/27\/alvaro-pacheco-antecipa-tres-finais-pela-frente-com-confianca\/#primaryimage"},"thumbnailUrl":"https:\/\/portaltela.pt\/s.01k8rhncp4jt1\/2026\/04\/img_920x518uu2026-04-28-00-17-16-2435671-im-639129322455617138.jpg","datePublished":"2026-04-27T23:33:07+00:00","author":{"@id":"https:\/\/portaltela.pt\/#\/schema\/person\/c4278d4a6028830caff9ee44b42d32ed"},"breadcrumb":{"@id":"https:\/\/portaltela.pt\/noticias\/2026\/04\/27\/alvaro-pacheco-antecipa-tres-finais-pela-frente-com-confianca\/#breadcrumb"},"inLanguage":"pt-PT","potentialAction":[{"@type":"ReadAction","target":["https:\/\/portaltela.pt\/noticias\/2026\/04\/27\/alvaro-pacheco-antecipa-tres-finais-pela-frente-com-confianca\/"]}]},{"@type":"ImageObject","inLanguage":"pt-PT","@id":"https:\/\/portaltela.pt\/noticias\/2026\/04\/27\/alvaro-pacheco-antecipa-tres-finais-pela-frente-com-confianca\/#primaryimage","url":"https:\/\/portaltela.pt\/s.01k8rhncp4jt1\/2026\/04\/img_920x518uu2026-04-28-00-17-16-2435671-im-639129322455617138.jpg","contentUrl":"https:\/\/portaltela.pt\/s.01k8rhncp4jt1\/2026\/04\/img_920x518uu2026-04-28-00-17-16-2435671-im-639129322455617138.jpg","width":796,"height":448,"caption":"\u00c1lvaro Pacheco, treinador do Casa Pia"},{"@type":"BreadcrumbList","@id":"https:\/\/portaltela.pt\/noticias\/2026\/04\/27\/alvaro-pacheco-antecipa-tres-finais-pela-frente-com-confianca\/#breadcrumb","itemListElement":[{"@type":"ListItem","position":1,"name":"In\u00edcio","item":"https:\/\/portaltela.pt\/"},{"@type":"ListItem","position":2,"name":"\u00c1lvaro Pacheco antecipa tr\u00eas finais pela frente com confian\u00e7a"}]},{"@type":"WebSite","@id":"https:\/\/portaltela.pt\/#website","url":"https:\/\/portaltela.pt\/","name":"Portal Tela Portugal","description":"","potentialAction":[{"@type":"SearchAction","target":{"@type":"EntryPoint","urlTemplate":"https:\/\/portaltela.pt\/?s={search_term_string}"},"query-input":{"@type":"PropertyValueSpecification","valueRequired":true,"valueName":"search_term_string"}}],"inLanguage":"pt-PT"},{"@type":"Person","@id":"https:\/\/portaltela.pt\/#\/schema\/person\/c4278d4a6028830caff9ee44b42d32ed","name":"Telinha","image":{"@type":"ImageObject","inLanguage":"pt-PT","@id":"https:\/\/portaltela.pt\/s.01k8rhncp4jt1\/2025\/11\/talking-bot-125x125.png","url":"https:\/\/portaltela.pt\/s.01k8rhncp4jt1\/2025\/11\/talking-bot-125x125.png","contentUrl":"https:\/\/portaltela.pt\/s.01k8rhncp4jt1\/2025\/11\/talking-bot-125x125.png","caption":"Telinha"},"sameAs":["https:\/\/portaltela.pt\/"],"url":"https:\/\/portaltela.pt\/por\/367410592786\/"}]}},"_links":{"self":[{"href":"https:\/\/portaltela.pt\/api\/wp\/v2\/posts\/459068","targetHints":{"allow":["GET"]}}],"collection":[{"href":"https:\/\/portaltela.pt\/api\/wp\/v2\/posts"}],"about":[{"href":"https:\/\/portaltela.pt\/api\/wp\/v2\/types\/post"}],"author":[{"embeddable":true,"href":"https:\/\/portaltela.pt\/api\/wp\/v2\/users\/2"}],"replies":[{"embeddable":true,"href":"https:\/\/portaltela.pt\/api\/wp\/v2\/comments?post=459068"}],"version-history":[{"count":0,"href":"https:\/\/portaltela.pt\/api\/wp\/v2\/posts\/459068\/revisions"}],"wp:featuredmedia":[{"embeddable":true,"href":"https:\/\/portaltela.pt\/api\/wp\/v2\/media\/459070"}],"wp:attachment":[{"href":"https:\/\/portaltela.pt\/api\/wp\/v2\/media?parent=459068"}],"wp:term":[{"taxonomy":"category","embeddable":true,"href":"https:\/\/portaltela.pt\/api\/wp\/v2\/categories?post=459068"},{"taxonomy":"post_tag","embeddable":true,"href":"https:\/\/portaltela.pt\/api\/wp\/v2\/tags?post=459068"}],"curies":[{"name":"wp","href":"https:\/\/api.w.org\/{rel}","templated":true}]}}