{"id":459064,"date":"2026-04-27T20:32:55","date_gmt":"2026-04-27T23:32:55","guid":{"rendered":"https:\/\/portaltela.pt\/noticias\/2026\/04\/27\/dani-figueira-reafirma-apoio-a-europa-e-compromisso-de-luta-ate-ao-fim\/"},"modified":"2026-04-27T20:32:55","modified_gmt":"2026-04-27T23:32:55","slug":"dani-figueira-reafirma-apoio-a-europa-e-compromisso-de-luta-ate-ao-fim","status":"publish","type":"post","link":"https:\/\/portaltela.pt\/desporto\/futebol\/2026\/04\/27\/dani-figueira-reafirma-apoio-a-europa-e-compromisso-de-luta-ate-ao-fim\/","title":{"rendered":"Dani Figueira reafirma apoio \u00e0 Europa e compromisso de luta at\u00e9 ao fim"},"content":{"rendered":"<p>O Gil Vicente venceu o Casa Pia por 2-1 no regresso \u00e0 competi\u00e7\u00e3o, mantendo vivo o sonho europeu. O triunfo surgiu num jogo que refor\u00e7ou a perspetiva de chegar aos objetivos colectivos da \u00e9poca.<\/p>\n<p>Dani Figueira, guarda-redes do Gil Vicente, destacou a luta e o trabalho do grupo, dizendo que os adeptos podem contar com a equipa e que v\u00e3o lutar at\u00e9 ao fim. O keeper reconheceu que o time merecia a vit\u00f3ria h\u00e1 algum tempo.<\/p>\n<p>Sobre o pen\u00e1lti defendido pelo colega Cassiano, o ex-jogador do Estoril foi lembrado pela resposta desportiva: a defesa do lance n\u00e3o foi poss\u00edvel, mas desejou sorte ao advers\u00e1rio. Com a titularidade atual, o guarda-redes sublinhou que o plantel tem mostrado compet\u00eancia para cumprir o seu lugar.<\/p>\n<p>Murilo, considerado o MVP do encontro, afirmou que a vit\u00f3ria foi coletiva e veio num momento de necessidade. O jogador refor\u00e7ou que houve momentos de menor acerto, mas que a equipa continua determinada a lutar.<\/p>\n<h3>Rea\u00e7\u00e3o do grupo e perspetivas<\/h3>\n<p>O capit\u00e3o da equipa enfatizou que a vit\u00f3ria devolve energia ao grupo, que mant\u00e9m o foco nos objetivos. Ambos os lados reconheceram a import\u00e2ncia de manter a equipa unida e a ambi\u00e7\u00e3o de somar pontos nas jornadas seguintes.<\/p>\n","protected":false},"excerpt":{"rendered":"<ul>\n<li>O Gil Vicente venceu o Casa Pia por 2-1, alimentando o sonho europeu, segundo o guarda-redes Dani Figueira.<\/li>\n<li>Dani Figueira afirmou, \u00e0 Sport TV, que o grupo acredita e tem trabalhado muito.<\/li>\n<li>Sublinhou que os adeptos podem contar com a equipa e que v\u00e3o lutar at\u00e9 ao fim.<\/li>\n<li>Sobre o pen\u00e1lti que Cassiano n\u00e3o defendeu, Dani mostrou fair-play e desejou boa sorte ao ex-colega.<\/li>\n<li>Murilo destacou que foi uma vit\u00f3ria de grupo e que ainda h\u00e1 tempo para lutar, reconhecendo momentos de menos sorte em jogos anteriores.<\/li>\n<\/ul>\n","protected":false},"author":2,"featured_media":459066,"comment_status":"closed","ping_status":"closed","sticky":false,"template":"","format":"standard","meta":{"footnotes":""},"categories":[21,24],"tags":[5176,152,2487,32,3338,242],"class_list":["post-459064","post","type-post","status-publish","format-standard","has-post-thumbnail","hentry","category-desporto","category-futebol","tag-casa-pia","tag-desporto","tag-europa","tag-futebol","tag-futebol-internacional","tag-jogadores"],"yoast_head":"<!-- This site is optimized with the Yoast SEO plugin v27.2 - https:\/\/yoast.com\/product\/yoast-seo-wordpress\/ -->\n<title>Dani Figueira reafirma apoio \u00e0 Europa e compromisso de luta at\u00e9 ao fim - Portal Tela Portugal<\/title>\n<meta name=\"robots\" content=\"index, follow, max-snippet:-1, max-image-preview:large, max-video-preview:-1\" \/>\n<meta property=\"og:locale\" content=\"pt_PT\" \/>\n<meta property=\"og:type\" content=\"article\" \/>\n<meta property=\"og:title\" content=\"Dani Figueira reafirma apoio \u00e0 Europa e compromisso de luta at\u00e9 ao fim - Portal Tela Portugal\" \/>\n<meta property=\"og:description\" content=\"O Gil Vicente venceu o Casa Pia por 2-1, alimentando o sonho europeu, segundo o guarda-redes Dani Figueira. Dani Figueira afirmou, \u00e0 Sport TV, que o grupo acredita e tem trabalhado muito. Sublinhou que os adeptos podem contar com a equipa e que v\u00e3o lutar at\u00e9 ao fim. Sobre o pen\u00e1lti que Cassiano n\u00e3o defendeu, Dani mostrou fair-play e desejou boa sorte ao ex-colega. Murilo destacou que foi uma vit\u00f3ria de grupo e que ainda h\u00e1 tempo para lutar, reconhecendo momentos de menos sorte em jogos anteriores.\" \/>\n<meta property=\"og:url\" content=\"https:\/\/portaltela.pt\/noticias\/2026\/04\/27\/dani-figueira-reafirma-apoio-a-europa-e-compromisso-de-luta-ate-ao-fim\/\" \/>\n<meta property=\"og:site_name\" content=\"Portal Tela Portugal\" \/>\n<meta property=\"article:published_time\" content=\"2026-04-27T23:32:55+00:00\" \/>\n<meta name=\"author\" content=\"Telinha\" \/>\n<meta name=\"twitter:card\" content=\"summary_large_image\" \/>\n<meta name=\"twitter:label1\" content=\"Escrito por\" \/>\n\t<meta name=\"twitter:data1\" content=\"Telinha\" \/>\n\t<meta name=\"twitter:label2\" content=\"Tempo estimado de leitura\" \/>\n\t<meta name=\"twitter:data2\" content=\"1 minuto\" \/>\n<script type=\"application\/ld+json\" class=\"yoast-schema-graph\">{\"@context\":\"https:\/\/schema.org\",\"@graph\":[{\"@type\":\"Article\",\"@id\":\"https:\/\/portaltela.pt\/noticias\/2026\/04\/27\/dani-figueira-reafirma-apoio-a-europa-e-compromisso-de-luta-ate-ao-fim\/#article\",\"isPartOf\":{\"@id\":\"https:\/\/portaltela.pt\/noticias\/2026\/04\/27\/dani-figueira-reafirma-apoio-a-europa-e-compromisso-de-luta-ate-ao-fim\/\"},\"author\":{\"name\":\"Telinha\",\"@id\":\"https:\/\/portaltela.pt\/#\/schema\/person\/c4278d4a6028830caff9ee44b42d32ed\"},\"headline\":\"Dani Figueira reafirma apoio \u00e0 Europa e compromisso de luta at\u00e9 ao fim\",\"datePublished\":\"2026-04-27T23:32:55+00:00\",\"mainEntityOfPage\":{\"@id\":\"https:\/\/portaltela.pt\/noticias\/2026\/04\/27\/dani-figueira-reafirma-apoio-a-europa-e-compromisso-de-luta-ate-ao-fim\/\"},\"wordCount\":228,\"image\":{\"@id\":\"https:\/\/portaltela.pt\/noticias\/2026\/04\/27\/dani-figueira-reafirma-apoio-a-europa-e-compromisso-de-luta-ate-ao-fim\/#primaryimage\"},\"thumbnailUrl\":\"https:\/\/portaltela.pt\/s.01k8rhncp4jt1\/2026\/04\/img_920x518uu2026-04-28-00-23-15-2435673-im-639129326158284159.jpg\",\"keywords\":[\"Casa Pia\",\"desporto\",\"Europa\",\"futebol\",\"futebol internacional\",\"jogadores\"],\"articleSection\":[\"Desporto\",\"Futebol\"],\"inLanguage\":\"pt-PT\"},{\"@type\":\"WebPage\",\"@id\":\"https:\/\/portaltela.pt\/noticias\/2026\/04\/27\/dani-figueira-reafirma-apoio-a-europa-e-compromisso-de-luta-ate-ao-fim\/\",\"url\":\"https:\/\/portaltela.pt\/noticias\/2026\/04\/27\/dani-figueira-reafirma-apoio-a-europa-e-compromisso-de-luta-ate-ao-fim\/\",\"name\":\"Dani Figueira reafirma apoio \u00e0 Europa e compromisso de luta at\u00e9 ao fim - Portal Tela Portugal\",\"isPartOf\":{\"@id\":\"https:\/\/portaltela.pt\/#website\"},\"primaryImageOfPage\":{\"@id\":\"https:\/\/portaltela.pt\/noticias\/2026\/04\/27\/dani-figueira-reafirma-apoio-a-europa-e-compromisso-de-luta-ate-ao-fim\/#primaryimage\"},\"image\":{\"@id\":\"https:\/\/portaltela.pt\/noticias\/2026\/04\/27\/dani-figueira-reafirma-apoio-a-europa-e-compromisso-de-luta-ate-ao-fim\/#primaryimage\"},\"thumbnailUrl\":\"https:\/\/portaltela.pt\/s.01k8rhncp4jt1\/2026\/04\/img_920x518uu2026-04-28-00-23-15-2435673-im-639129326158284159.jpg\",\"datePublished\":\"2026-04-27T23:32:55+00:00\",\"author\":{\"@id\":\"https:\/\/portaltela.pt\/#\/schema\/person\/c4278d4a6028830caff9ee44b42d32ed\"},\"breadcrumb\":{\"@id\":\"https:\/\/portaltela.pt\/noticias\/2026\/04\/27\/dani-figueira-reafirma-apoio-a-europa-e-compromisso-de-luta-ate-ao-fim\/#breadcrumb\"},\"inLanguage\":\"pt-PT\",\"potentialAction\":[{\"@type\":\"ReadAction\",\"target\":[\"https:\/\/portaltela.pt\/noticias\/2026\/04\/27\/dani-figueira-reafirma-apoio-a-europa-e-compromisso-de-luta-ate-ao-fim\/\"]}]},{\"@type\":\"ImageObject\",\"inLanguage\":\"pt-PT\",\"@id\":\"https:\/\/portaltela.pt\/noticias\/2026\/04\/27\/dani-figueira-reafirma-apoio-a-europa-e-compromisso-de-luta-ate-ao-fim\/#primaryimage\",\"url\":\"https:\/\/portaltela.pt\/s.01k8rhncp4jt1\/2026\/04\/img_920x518uu2026-04-28-00-23-15-2435673-im-639129326158284159.jpg\",\"contentUrl\":\"https:\/\/portaltela.pt\/s.01k8rhncp4jt1\/2026\/04\/img_920x518uu2026-04-28-00-23-15-2435673-im-639129326158284159.jpg\",\"width\":796,\"height\":448,\"caption\":\"Dani Figueira em a\u00e7\u00e3o durante o Gil Vicente-Casa Pia\"},{\"@type\":\"BreadcrumbList\",\"@id\":\"https:\/\/portaltela.pt\/noticias\/2026\/04\/27\/dani-figueira-reafirma-apoio-a-europa-e-compromisso-de-luta-ate-ao-fim\/#breadcrumb\",\"itemListElement\":[{\"@type\":\"ListItem\",\"position\":1,\"name\":\"In\u00edcio\",\"item\":\"https:\/\/portaltela.pt\/\"},{\"@type\":\"ListItem\",\"position\":2,\"name\":\"Dani Figueira reafirma apoio \u00e0 Europa e compromisso de luta at\u00e9 ao fim\"}]},{\"@type\":\"WebSite\",\"@id\":\"https:\/\/portaltela.pt\/#website\",\"url\":\"https:\/\/portaltela.pt\/\",\"name\":\"Portal Tela Portugal\",\"description\":\"\",\"potentialAction\":[{\"@type\":\"SearchAction\",\"target\":{\"@type\":\"EntryPoint\",\"urlTemplate\":\"https:\/\/portaltela.pt\/?s={search_term_string}\"},\"query-input\":{\"@type\":\"PropertyValueSpecification\",\"valueRequired\":true,\"valueName\":\"search_term_string\"}}],\"inLanguage\":\"pt-PT\"},{\"@type\":\"Person\",\"@id\":\"https:\/\/portaltela.pt\/#\/schema\/person\/c4278d4a6028830caff9ee44b42d32ed\",\"name\":\"Telinha\",\"image\":{\"@type\":\"ImageObject\",\"inLanguage\":\"pt-PT\",\"@id\":\"https:\/\/portaltela.pt\/s.01k8rhncp4jt1\/2025\/11\/talking-bot-125x125.png\",\"url\":\"https:\/\/portaltela.pt\/s.01k8rhncp4jt1\/2025\/11\/talking-bot-125x125.png\",\"contentUrl\":\"https:\/\/portaltela.pt\/s.01k8rhncp4jt1\/2025\/11\/talking-bot-125x125.png\",\"caption\":\"Telinha\"},\"sameAs\":[\"https:\/\/portaltela.pt\/\"],\"url\":\"https:\/\/portaltela.pt\/por\/367410592786\/\"}]}<\/script>\n<!-- \/ Yoast SEO plugin. -->","yoast_head_json":{"title":"Dani Figueira reafirma apoio \u00e0 Europa e compromisso de luta at\u00e9 ao fim - Portal Tela Portugal","robots":{"index":"index","follow":"follow","max-snippet":"max-snippet:-1","max-image-preview":"max-image-preview:large","max-video-preview":"max-video-preview:-1"},"og_locale":"pt_PT","og_type":"article","og_title":"Dani Figueira reafirma apoio \u00e0 Europa e compromisso de luta at\u00e9 ao fim - Portal Tela Portugal","og_description":"O Gil Vicente venceu o Casa Pia por 2-1, alimentando o sonho europeu, segundo o guarda-redes Dani Figueira. Dani Figueira afirmou, \u00e0 Sport TV, que o grupo acredita e tem trabalhado muito. Sublinhou que os adeptos podem contar com a equipa e que v\u00e3o lutar at\u00e9 ao fim. Sobre o pen\u00e1lti que Cassiano n\u00e3o defendeu, Dani mostrou fair-play e desejou boa sorte ao ex-colega. Murilo destacou que foi uma vit\u00f3ria de grupo e que ainda h\u00e1 tempo para lutar, reconhecendo momentos de menos sorte em jogos anteriores.","og_url":"https:\/\/portaltela.pt\/noticias\/2026\/04\/27\/dani-figueira-reafirma-apoio-a-europa-e-compromisso-de-luta-ate-ao-fim\/","og_site_name":"Portal Tela Portugal","article_published_time":"2026-04-27T23:32:55+00:00","author":"Telinha","twitter_card":"summary_large_image","twitter_misc":{"Escrito por":"Telinha","Tempo estimado de leitura":"1 minuto"},"schema":{"@context":"https:\/\/schema.org","@graph":[{"@type":"Article","@id":"https:\/\/portaltela.pt\/noticias\/2026\/04\/27\/dani-figueira-reafirma-apoio-a-europa-e-compromisso-de-luta-ate-ao-fim\/#article","isPartOf":{"@id":"https:\/\/portaltela.pt\/noticias\/2026\/04\/27\/dani-figueira-reafirma-apoio-a-europa-e-compromisso-de-luta-ate-ao-fim\/"},"author":{"name":"Telinha","@id":"https:\/\/portaltela.pt\/#\/schema\/person\/c4278d4a6028830caff9ee44b42d32ed"},"headline":"Dani Figueira reafirma apoio \u00e0 Europa e compromisso de luta at\u00e9 ao fim","datePublished":"2026-04-27T23:32:55+00:00","mainEntityOfPage":{"@id":"https:\/\/portaltela.pt\/noticias\/2026\/04\/27\/dani-figueira-reafirma-apoio-a-europa-e-compromisso-de-luta-ate-ao-fim\/"},"wordCount":228,"image":{"@id":"https:\/\/portaltela.pt\/noticias\/2026\/04\/27\/dani-figueira-reafirma-apoio-a-europa-e-compromisso-de-luta-ate-ao-fim\/#primaryimage"},"thumbnailUrl":"https:\/\/portaltela.pt\/s.01k8rhncp4jt1\/2026\/04\/img_920x518uu2026-04-28-00-23-15-2435673-im-639129326158284159.jpg","keywords":["Casa Pia","desporto","Europa","futebol","futebol internacional","jogadores"],"articleSection":["Desporto","Futebol"],"inLanguage":"pt-PT"},{"@type":"WebPage","@id":"https:\/\/portaltela.pt\/noticias\/2026\/04\/27\/dani-figueira-reafirma-apoio-a-europa-e-compromisso-de-luta-ate-ao-fim\/","url":"https:\/\/portaltela.pt\/noticias\/2026\/04\/27\/dani-figueira-reafirma-apoio-a-europa-e-compromisso-de-luta-ate-ao-fim\/","name":"Dani Figueira reafirma apoio \u00e0 Europa e compromisso de luta at\u00e9 ao fim - Portal Tela Portugal","isPartOf":{"@id":"https:\/\/portaltela.pt\/#website"},"primaryImageOfPage":{"@id":"https:\/\/portaltela.pt\/noticias\/2026\/04\/27\/dani-figueira-reafirma-apoio-a-europa-e-compromisso-de-luta-ate-ao-fim\/#primaryimage"},"image":{"@id":"https:\/\/portaltela.pt\/noticias\/2026\/04\/27\/dani-figueira-reafirma-apoio-a-europa-e-compromisso-de-luta-ate-ao-fim\/#primaryimage"},"thumbnailUrl":"https:\/\/portaltela.pt\/s.01k8rhncp4jt1\/2026\/04\/img_920x518uu2026-04-28-00-23-15-2435673-im-639129326158284159.jpg","datePublished":"2026-04-27T23:32:55+00:00","author":{"@id":"https:\/\/portaltela.pt\/#\/schema\/person\/c4278d4a6028830caff9ee44b42d32ed"},"breadcrumb":{"@id":"https:\/\/portaltela.pt\/noticias\/2026\/04\/27\/dani-figueira-reafirma-apoio-a-europa-e-compromisso-de-luta-ate-ao-fim\/#breadcrumb"},"inLanguage":"pt-PT","potentialAction":[{"@type":"ReadAction","target":["https:\/\/portaltela.pt\/noticias\/2026\/04\/27\/dani-figueira-reafirma-apoio-a-europa-e-compromisso-de-luta-ate-ao-fim\/"]}]},{"@type":"ImageObject","inLanguage":"pt-PT","@id":"https:\/\/portaltela.pt\/noticias\/2026\/04\/27\/dani-figueira-reafirma-apoio-a-europa-e-compromisso-de-luta-ate-ao-fim\/#primaryimage","url":"https:\/\/portaltela.pt\/s.01k8rhncp4jt1\/2026\/04\/img_920x518uu2026-04-28-00-23-15-2435673-im-639129326158284159.jpg","contentUrl":"https:\/\/portaltela.pt\/s.01k8rhncp4jt1\/2026\/04\/img_920x518uu2026-04-28-00-23-15-2435673-im-639129326158284159.jpg","width":796,"height":448,"caption":"Dani Figueira em a\u00e7\u00e3o durante o Gil Vicente-Casa Pia"},{"@type":"BreadcrumbList","@id":"https:\/\/portaltela.pt\/noticias\/2026\/04\/27\/dani-figueira-reafirma-apoio-a-europa-e-compromisso-de-luta-ate-ao-fim\/#breadcrumb","itemListElement":[{"@type":"ListItem","position":1,"name":"In\u00edcio","item":"https:\/\/portaltela.pt\/"},{"@type":"ListItem","position":2,"name":"Dani Figueira reafirma apoio \u00e0 Europa e compromisso de luta at\u00e9 ao fim"}]},{"@type":"WebSite","@id":"https:\/\/portaltela.pt\/#website","url":"https:\/\/portaltela.pt\/","name":"Portal Tela Portugal","description":"","potentialAction":[{"@type":"SearchAction","target":{"@type":"EntryPoint","urlTemplate":"https:\/\/portaltela.pt\/?s={search_term_string}"},"query-input":{"@type":"PropertyValueSpecification","valueRequired":true,"valueName":"search_term_string"}}],"inLanguage":"pt-PT"},{"@type":"Person","@id":"https:\/\/portaltela.pt\/#\/schema\/person\/c4278d4a6028830caff9ee44b42d32ed","name":"Telinha","image":{"@type":"ImageObject","inLanguage":"pt-PT","@id":"https:\/\/portaltela.pt\/s.01k8rhncp4jt1\/2025\/11\/talking-bot-125x125.png","url":"https:\/\/portaltela.pt\/s.01k8rhncp4jt1\/2025\/11\/talking-bot-125x125.png","contentUrl":"https:\/\/portaltela.pt\/s.01k8rhncp4jt1\/2025\/11\/talking-bot-125x125.png","caption":"Telinha"},"sameAs":["https:\/\/portaltela.pt\/"],"url":"https:\/\/portaltela.pt\/por\/367410592786\/"}]}},"_links":{"self":[{"href":"https:\/\/portaltela.pt\/api\/wp\/v2\/posts\/459064","targetHints":{"allow":["GET"]}}],"collection":[{"href":"https:\/\/portaltela.pt\/api\/wp\/v2\/posts"}],"about":[{"href":"https:\/\/portaltela.pt\/api\/wp\/v2\/types\/post"}],"author":[{"embeddable":true,"href":"https:\/\/portaltela.pt\/api\/wp\/v2\/users\/2"}],"replies":[{"embeddable":true,"href":"https:\/\/portaltela.pt\/api\/wp\/v2\/comments?post=459064"}],"version-history":[{"count":0,"href":"https:\/\/portaltela.pt\/api\/wp\/v2\/posts\/459064\/revisions"}],"wp:featuredmedia":[{"embeddable":true,"href":"https:\/\/portaltela.pt\/api\/wp\/v2\/media\/459066"}],"wp:attachment":[{"href":"https:\/\/portaltela.pt\/api\/wp\/v2\/media?parent=459064"}],"wp:term":[{"taxonomy":"category","embeddable":true,"href":"https:\/\/portaltela.pt\/api\/wp\/v2\/categories?post=459064"},{"taxonomy":"post_tag","embeddable":true,"href":"https:\/\/portaltela.pt\/api\/wp\/v2\/tags?post=459064"}],"curies":[{"name":"wp","href":"https:\/\/api.w.org\/{rel}","templated":true}]}}