{"id":459052,"date":"2026-04-27T20:18:25","date_gmt":"2026-04-27T23:18:25","guid":{"rendered":"https:\/\/portaltela.pt\/noticias\/2026\/04\/27\/cesar-peixoto-elogia-a-personalidade-e-a-alma-da-equipa\/"},"modified":"2026-04-27T20:18:25","modified_gmt":"2026-04-27T23:18:25","slug":"cesar-peixoto-elogia-a-personalidade-e-a-alma-da-equipa","status":"publish","type":"post","link":"https:\/\/portaltela.pt\/desporto\/futebol\/2026\/04\/27\/cesar-peixoto-elogia-a-personalidade-e-a-alma-da-equipa\/","title":{"rendered":"C\u00e9sar Peixoto elogia a personalidade e a alma da equipa"},"content":{"rendered":"<p>O Gil Vicente venceu o Casa Pia por 2-1, em jogo da  ah da Liga. A equipa de C\u00e9sar Peixoto respondeu bem \u00e0 press\u00e3o rival e assegurou tr\u00eas pontos importantes para manter vivo o objetivo europeu. O golo sofrido foi de pen\u00e1lti, na ponta final da primeira parte, mas a resposta foi firme.<\/p>\n<p>O treinador do Gil Vicente elogiou a personalidade da equipa, que manteve o foco mesmo diante de dificuldades iniciais nos primeiros 15 minutos. Em casa, a equipa dominou a segunda parte e criou ocasi\u00f5es para ampliar o marcador, com o atacante Agust\u00edn Moreira isolado, perto do final, sem fallo.<\/p>\n<p>Peixoto destacou que a vit\u00f3ria foi justa e que o grupo n\u00e3o desistiu, mantendo a cren\u00e7a no processo. A vit\u00f3ria \u00e9 vista como passo relevante para manter o sonho de competi\u00e7\u00e3o europeia vivo, ap\u00f3s um momento de menor acerto recentemente.<\/p>\n<p>O t\u00e9cnico comentou tamb\u00e9m a din\u00e2mica de jogos na segunda-feira, explicando que as pausas da FIFA afetam a gest\u00e3o de carga de trabalho. A equipa j\u00e1 disputou sete partidas numa segunda-feira nesta \u00e9poca, diferen\u00e7a marcada pela agenda at\u00edpica.<\/p>\n<p>O triunfo de hoje surge ap\u00f3s um ciclo de jogos com intervalos prolongados, que exigem reajustes t\u00e1ticos e f\u00edsicos. A equipa chega ao pr\u00f3ximo desafio com um bom momento de forma e motiva\u00e7\u00e3o renovada.<\/p>\n<p>O Casa Pia, por seu lado, mant\u00e9m o foco na luta pela estabilidade na tabela, ainda com espa\u00e7o para ajustar a consist\u00eancia defensiva. O encontro permitiu manter o equil\u00edbrio entre ambi\u00e7\u00e3o e responsabilidade na luta por pontos.<\/p>\n","protected":false},"excerpt":{"rendered":"<ul>\n<li>O Gil Vicente venceu o Casa Pia por 2-1, mantendo vivo o sonho europeu.<\/li>\n<li>C\u00e9sar Peixoto disse que a vit\u00f3ria foi justa e que a equipa respondeu bem ao golo sofrido de pen\u00e1lti na primeira parte.<\/li>\n<li>O t\u00e9cnico destacou dificuldades inicial nos primeiros 10 a 15 minutos, tendo depois o jogo passado a ser de sentido \u00fanico, com mais oportunidades, incluindo Agust\u00edn Moreira isolado.<\/li>\n<li>O pen\u00e1lti do Casa Pia foi descrito como duvidoso; a vit\u00f3ria foi alcan\u00e7ada pela personalidade e pela alma da equipa.<\/li>\n<li>O Gil Vicente est\u00e1 a jogar pela s\u00e9tima vez numa segunda-feira nesta \u00e9poca, e o treinador comentou a gest\u00e3o da carga de trabalho e o impacto deste calend\u00e1rio.<\/li>\n<\/ul>\n","protected":false},"author":2,"featured_media":459057,"comment_status":"closed","ping_status":"closed","sticky":false,"template":"","format":"standard","meta":{"footnotes":""},"categories":[21,24],"tags":[4059,5176,152,2487,32,1786],"class_list":["post-459052","post","type-post","status-publish","format-standard","has-post-thumbnail","hentry","category-desporto","category-futebol","tag-1-a-liga","tag-casa-pia","tag-desporto","tag-europa","tag-futebol","tag-liga"],"yoast_head":"<!-- This site is optimized with the Yoast SEO plugin v27.2 - https:\/\/yoast.com\/product\/yoast-seo-wordpress\/ -->\n<title>C\u00e9sar Peixoto elogia a personalidade e a alma da equipa - Portal Tela Portugal<\/title>\n<meta name=\"robots\" content=\"index, follow, max-snippet:-1, max-image-preview:large, max-video-preview:-1\" \/>\n<meta property=\"og:locale\" content=\"pt_PT\" \/>\n<meta property=\"og:type\" content=\"article\" \/>\n<meta property=\"og:title\" content=\"C\u00e9sar Peixoto elogia a personalidade e a alma da equipa - Portal Tela Portugal\" \/>\n<meta property=\"og:description\" content=\"O Gil Vicente venceu o Casa Pia por 2-1, mantendo vivo o sonho europeu. C\u00e9sar Peixoto disse que a vit\u00f3ria foi justa e que a equipa respondeu bem ao golo sofrido de pen\u00e1lti na primeira parte. O t\u00e9cnico destacou dificuldades inicial nos primeiros 10 a 15 minutos, tendo depois o jogo passado a ser de sentido \u00fanico, com mais oportunidades, incluindo Agust\u00edn Moreira isolado. O pen\u00e1lti do Casa Pia foi descrito como duvidoso; a vit\u00f3ria foi alcan\u00e7ada pela personalidade e pela alma da equipa. O Gil Vicente est\u00e1 a jogar pela s\u00e9tima vez numa segunda-feira nesta \u00e9poca, e o treinador comentou a gest\u00e3o da carga de trabalho e o impacto deste calend\u00e1rio.\" \/>\n<meta property=\"og:url\" content=\"https:\/\/portaltela.pt\/noticias\/2026\/04\/27\/cesar-peixoto-elogia-a-personalidade-e-a-alma-da-equipa\/\" \/>\n<meta property=\"og:site_name\" content=\"Portal Tela Portugal\" \/>\n<meta property=\"article:published_time\" content=\"2026-04-27T23:18:25+00:00\" \/>\n<meta name=\"author\" content=\"Telinha\" \/>\n<meta name=\"twitter:card\" content=\"summary_large_image\" \/>\n<meta name=\"twitter:label1\" content=\"Escrito por\" \/>\n\t<meta name=\"twitter:data1\" content=\"Telinha\" \/>\n\t<meta name=\"twitter:label2\" content=\"Tempo estimado de leitura\" \/>\n\t<meta name=\"twitter:data2\" content=\"1 minuto\" \/>\n<script type=\"application\/ld+json\" class=\"yoast-schema-graph\">{\"@context\":\"https:\/\/schema.org\",\"@graph\":[{\"@type\":\"Article\",\"@id\":\"https:\/\/portaltela.pt\/noticias\/2026\/04\/27\/cesar-peixoto-elogia-a-personalidade-e-a-alma-da-equipa\/#article\",\"isPartOf\":{\"@id\":\"https:\/\/portaltela.pt\/noticias\/2026\/04\/27\/cesar-peixoto-elogia-a-personalidade-e-a-alma-da-equipa\/\"},\"author\":{\"name\":\"Telinha\",\"@id\":\"https:\/\/portaltela.pt\/#\/schema\/person\/c4278d4a6028830caff9ee44b42d32ed\"},\"headline\":\"C\u00e9sar Peixoto elogia a personalidade e a alma da equipa\",\"datePublished\":\"2026-04-27T23:18:25+00:00\",\"mainEntityOfPage\":{\"@id\":\"https:\/\/portaltela.pt\/noticias\/2026\/04\/27\/cesar-peixoto-elogia-a-personalidade-e-a-alma-da-equipa\/\"},\"wordCount\":287,\"image\":{\"@id\":\"https:\/\/portaltela.pt\/noticias\/2026\/04\/27\/cesar-peixoto-elogia-a-personalidade-e-a-alma-da-equipa\/#primaryimage\"},\"thumbnailUrl\":\"https:\/\/portaltela.pt\/s.01k8rhncp4jt1\/2026\/04\/img_920x518uu2026-04-28-00-11-15-2435670-im-639129318909407504.jpg\",\"keywords\":[\"1.\u00aa Liga\",\"Casa Pia\",\"desporto\",\"Europa\",\"futebol\",\"Liga\"],\"articleSection\":[\"Desporto\",\"Futebol\"],\"inLanguage\":\"pt-PT\"},{\"@type\":\"WebPage\",\"@id\":\"https:\/\/portaltela.pt\/noticias\/2026\/04\/27\/cesar-peixoto-elogia-a-personalidade-e-a-alma-da-equipa\/\",\"url\":\"https:\/\/portaltela.pt\/noticias\/2026\/04\/27\/cesar-peixoto-elogia-a-personalidade-e-a-alma-da-equipa\/\",\"name\":\"C\u00e9sar Peixoto elogia a personalidade e a alma da equipa - Portal Tela Portugal\",\"isPartOf\":{\"@id\":\"https:\/\/portaltela.pt\/#website\"},\"primaryImageOfPage\":{\"@id\":\"https:\/\/portaltela.pt\/noticias\/2026\/04\/27\/cesar-peixoto-elogia-a-personalidade-e-a-alma-da-equipa\/#primaryimage\"},\"image\":{\"@id\":\"https:\/\/portaltela.pt\/noticias\/2026\/04\/27\/cesar-peixoto-elogia-a-personalidade-e-a-alma-da-equipa\/#primaryimage\"},\"thumbnailUrl\":\"https:\/\/portaltela.pt\/s.01k8rhncp4jt1\/2026\/04\/img_920x518uu2026-04-28-00-11-15-2435670-im-639129318909407504.jpg\",\"datePublished\":\"2026-04-27T23:18:25+00:00\",\"author\":{\"@id\":\"https:\/\/portaltela.pt\/#\/schema\/person\/c4278d4a6028830caff9ee44b42d32ed\"},\"breadcrumb\":{\"@id\":\"https:\/\/portaltela.pt\/noticias\/2026\/04\/27\/cesar-peixoto-elogia-a-personalidade-e-a-alma-da-equipa\/#breadcrumb\"},\"inLanguage\":\"pt-PT\",\"potentialAction\":[{\"@type\":\"ReadAction\",\"target\":[\"https:\/\/portaltela.pt\/noticias\/2026\/04\/27\/cesar-peixoto-elogia-a-personalidade-e-a-alma-da-equipa\/\"]}]},{\"@type\":\"ImageObject\",\"inLanguage\":\"pt-PT\",\"@id\":\"https:\/\/portaltela.pt\/noticias\/2026\/04\/27\/cesar-peixoto-elogia-a-personalidade-e-a-alma-da-equipa\/#primaryimage\",\"url\":\"https:\/\/portaltela.pt\/s.01k8rhncp4jt1\/2026\/04\/img_920x518uu2026-04-28-00-11-15-2435670-im-639129318909407504.jpg\",\"contentUrl\":\"https:\/\/portaltela.pt\/s.01k8rhncp4jt1\/2026\/04\/img_920x518uu2026-04-28-00-11-15-2435670-im-639129318909407504.jpg\",\"width\":796,\"height\":448,\"caption\":\"C\u00e9sar Peixoto, treinador do Gil Vicente\"},{\"@type\":\"BreadcrumbList\",\"@id\":\"https:\/\/portaltela.pt\/noticias\/2026\/04\/27\/cesar-peixoto-elogia-a-personalidade-e-a-alma-da-equipa\/#breadcrumb\",\"itemListElement\":[{\"@type\":\"ListItem\",\"position\":1,\"name\":\"In\u00edcio\",\"item\":\"https:\/\/portaltela.pt\/\"},{\"@type\":\"ListItem\",\"position\":2,\"name\":\"C\u00e9sar Peixoto elogia a personalidade e a alma da equipa\"}]},{\"@type\":\"WebSite\",\"@id\":\"https:\/\/portaltela.pt\/#website\",\"url\":\"https:\/\/portaltela.pt\/\",\"name\":\"Portal Tela Portugal\",\"description\":\"\",\"potentialAction\":[{\"@type\":\"SearchAction\",\"target\":{\"@type\":\"EntryPoint\",\"urlTemplate\":\"https:\/\/portaltela.pt\/?s={search_term_string}\"},\"query-input\":{\"@type\":\"PropertyValueSpecification\",\"valueRequired\":true,\"valueName\":\"search_term_string\"}}],\"inLanguage\":\"pt-PT\"},{\"@type\":\"Person\",\"@id\":\"https:\/\/portaltela.pt\/#\/schema\/person\/c4278d4a6028830caff9ee44b42d32ed\",\"name\":\"Telinha\",\"image\":{\"@type\":\"ImageObject\",\"inLanguage\":\"pt-PT\",\"@id\":\"https:\/\/portaltela.pt\/s.01k8rhncp4jt1\/2025\/11\/talking-bot-125x125.png\",\"url\":\"https:\/\/portaltela.pt\/s.01k8rhncp4jt1\/2025\/11\/talking-bot-125x125.png\",\"contentUrl\":\"https:\/\/portaltela.pt\/s.01k8rhncp4jt1\/2025\/11\/talking-bot-125x125.png\",\"caption\":\"Telinha\"},\"sameAs\":[\"https:\/\/portaltela.pt\/\"],\"url\":\"https:\/\/portaltela.pt\/por\/367410592786\/\"}]}<\/script>\n<!-- \/ Yoast SEO plugin. -->","yoast_head_json":{"title":"C\u00e9sar Peixoto elogia a personalidade e a alma da equipa - Portal Tela Portugal","robots":{"index":"index","follow":"follow","max-snippet":"max-snippet:-1","max-image-preview":"max-image-preview:large","max-video-preview":"max-video-preview:-1"},"og_locale":"pt_PT","og_type":"article","og_title":"C\u00e9sar Peixoto elogia a personalidade e a alma da equipa - Portal Tela Portugal","og_description":"O Gil Vicente venceu o Casa Pia por 2-1, mantendo vivo o sonho europeu. C\u00e9sar Peixoto disse que a vit\u00f3ria foi justa e que a equipa respondeu bem ao golo sofrido de pen\u00e1lti na primeira parte. O t\u00e9cnico destacou dificuldades inicial nos primeiros 10 a 15 minutos, tendo depois o jogo passado a ser de sentido \u00fanico, com mais oportunidades, incluindo Agust\u00edn Moreira isolado. O pen\u00e1lti do Casa Pia foi descrito como duvidoso; a vit\u00f3ria foi alcan\u00e7ada pela personalidade e pela alma da equipa. O Gil Vicente est\u00e1 a jogar pela s\u00e9tima vez numa segunda-feira nesta \u00e9poca, e o treinador comentou a gest\u00e3o da carga de trabalho e o impacto deste calend\u00e1rio.","og_url":"https:\/\/portaltela.pt\/noticias\/2026\/04\/27\/cesar-peixoto-elogia-a-personalidade-e-a-alma-da-equipa\/","og_site_name":"Portal Tela Portugal","article_published_time":"2026-04-27T23:18:25+00:00","author":"Telinha","twitter_card":"summary_large_image","twitter_misc":{"Escrito por":"Telinha","Tempo estimado de leitura":"1 minuto"},"schema":{"@context":"https:\/\/schema.org","@graph":[{"@type":"Article","@id":"https:\/\/portaltela.pt\/noticias\/2026\/04\/27\/cesar-peixoto-elogia-a-personalidade-e-a-alma-da-equipa\/#article","isPartOf":{"@id":"https:\/\/portaltela.pt\/noticias\/2026\/04\/27\/cesar-peixoto-elogia-a-personalidade-e-a-alma-da-equipa\/"},"author":{"name":"Telinha","@id":"https:\/\/portaltela.pt\/#\/schema\/person\/c4278d4a6028830caff9ee44b42d32ed"},"headline":"C\u00e9sar Peixoto elogia a personalidade e a alma da equipa","datePublished":"2026-04-27T23:18:25+00:00","mainEntityOfPage":{"@id":"https:\/\/portaltela.pt\/noticias\/2026\/04\/27\/cesar-peixoto-elogia-a-personalidade-e-a-alma-da-equipa\/"},"wordCount":287,"image":{"@id":"https:\/\/portaltela.pt\/noticias\/2026\/04\/27\/cesar-peixoto-elogia-a-personalidade-e-a-alma-da-equipa\/#primaryimage"},"thumbnailUrl":"https:\/\/portaltela.pt\/s.01k8rhncp4jt1\/2026\/04\/img_920x518uu2026-04-28-00-11-15-2435670-im-639129318909407504.jpg","keywords":["1.\u00aa Liga","Casa Pia","desporto","Europa","futebol","Liga"],"articleSection":["Desporto","Futebol"],"inLanguage":"pt-PT"},{"@type":"WebPage","@id":"https:\/\/portaltela.pt\/noticias\/2026\/04\/27\/cesar-peixoto-elogia-a-personalidade-e-a-alma-da-equipa\/","url":"https:\/\/portaltela.pt\/noticias\/2026\/04\/27\/cesar-peixoto-elogia-a-personalidade-e-a-alma-da-equipa\/","name":"C\u00e9sar Peixoto elogia a personalidade e a alma da equipa - Portal Tela Portugal","isPartOf":{"@id":"https:\/\/portaltela.pt\/#website"},"primaryImageOfPage":{"@id":"https:\/\/portaltela.pt\/noticias\/2026\/04\/27\/cesar-peixoto-elogia-a-personalidade-e-a-alma-da-equipa\/#primaryimage"},"image":{"@id":"https:\/\/portaltela.pt\/noticias\/2026\/04\/27\/cesar-peixoto-elogia-a-personalidade-e-a-alma-da-equipa\/#primaryimage"},"thumbnailUrl":"https:\/\/portaltela.pt\/s.01k8rhncp4jt1\/2026\/04\/img_920x518uu2026-04-28-00-11-15-2435670-im-639129318909407504.jpg","datePublished":"2026-04-27T23:18:25+00:00","author":{"@id":"https:\/\/portaltela.pt\/#\/schema\/person\/c4278d4a6028830caff9ee44b42d32ed"},"breadcrumb":{"@id":"https:\/\/portaltela.pt\/noticias\/2026\/04\/27\/cesar-peixoto-elogia-a-personalidade-e-a-alma-da-equipa\/#breadcrumb"},"inLanguage":"pt-PT","potentialAction":[{"@type":"ReadAction","target":["https:\/\/portaltela.pt\/noticias\/2026\/04\/27\/cesar-peixoto-elogia-a-personalidade-e-a-alma-da-equipa\/"]}]},{"@type":"ImageObject","inLanguage":"pt-PT","@id":"https:\/\/portaltela.pt\/noticias\/2026\/04\/27\/cesar-peixoto-elogia-a-personalidade-e-a-alma-da-equipa\/#primaryimage","url":"https:\/\/portaltela.pt\/s.01k8rhncp4jt1\/2026\/04\/img_920x518uu2026-04-28-00-11-15-2435670-im-639129318909407504.jpg","contentUrl":"https:\/\/portaltela.pt\/s.01k8rhncp4jt1\/2026\/04\/img_920x518uu2026-04-28-00-11-15-2435670-im-639129318909407504.jpg","width":796,"height":448,"caption":"C\u00e9sar Peixoto, treinador do Gil Vicente"},{"@type":"BreadcrumbList","@id":"https:\/\/portaltela.pt\/noticias\/2026\/04\/27\/cesar-peixoto-elogia-a-personalidade-e-a-alma-da-equipa\/#breadcrumb","itemListElement":[{"@type":"ListItem","position":1,"name":"In\u00edcio","item":"https:\/\/portaltela.pt\/"},{"@type":"ListItem","position":2,"name":"C\u00e9sar Peixoto elogia a personalidade e a alma da equipa"}]},{"@type":"WebSite","@id":"https:\/\/portaltela.pt\/#website","url":"https:\/\/portaltela.pt\/","name":"Portal Tela Portugal","description":"","potentialAction":[{"@type":"SearchAction","target":{"@type":"EntryPoint","urlTemplate":"https:\/\/portaltela.pt\/?s={search_term_string}"},"query-input":{"@type":"PropertyValueSpecification","valueRequired":true,"valueName":"search_term_string"}}],"inLanguage":"pt-PT"},{"@type":"Person","@id":"https:\/\/portaltela.pt\/#\/schema\/person\/c4278d4a6028830caff9ee44b42d32ed","name":"Telinha","image":{"@type":"ImageObject","inLanguage":"pt-PT","@id":"https:\/\/portaltela.pt\/s.01k8rhncp4jt1\/2025\/11\/talking-bot-125x125.png","url":"https:\/\/portaltela.pt\/s.01k8rhncp4jt1\/2025\/11\/talking-bot-125x125.png","contentUrl":"https:\/\/portaltela.pt\/s.01k8rhncp4jt1\/2025\/11\/talking-bot-125x125.png","caption":"Telinha"},"sameAs":["https:\/\/portaltela.pt\/"],"url":"https:\/\/portaltela.pt\/por\/367410592786\/"}]}},"_links":{"self":[{"href":"https:\/\/portaltela.pt\/api\/wp\/v2\/posts\/459052","targetHints":{"allow":["GET"]}}],"collection":[{"href":"https:\/\/portaltela.pt\/api\/wp\/v2\/posts"}],"about":[{"href":"https:\/\/portaltela.pt\/api\/wp\/v2\/types\/post"}],"author":[{"embeddable":true,"href":"https:\/\/portaltela.pt\/api\/wp\/v2\/users\/2"}],"replies":[{"embeddable":true,"href":"https:\/\/portaltela.pt\/api\/wp\/v2\/comments?post=459052"}],"version-history":[{"count":0,"href":"https:\/\/portaltela.pt\/api\/wp\/v2\/posts\/459052\/revisions"}],"wp:featuredmedia":[{"embeddable":true,"href":"https:\/\/portaltela.pt\/api\/wp\/v2\/media\/459057"}],"wp:attachment":[{"href":"https:\/\/portaltela.pt\/api\/wp\/v2\/media?parent=459052"}],"wp:term":[{"taxonomy":"category","embeddable":true,"href":"https:\/\/portaltela.pt\/api\/wp\/v2\/categories?post=459052"},{"taxonomy":"post_tag","embeddable":true,"href":"https:\/\/portaltela.pt\/api\/wp\/v2\/tags?post=459052"}],"curies":[{"name":"wp","href":"https:\/\/api.w.org\/{rel}","templated":true}]}}