{"id":459032,"date":"2026-04-27T20:03:17","date_gmt":"2026-04-27T23:03:17","guid":{"rendered":"https:\/\/portaltela.pt\/noticias\/2026\/04\/27\/pinotes-batista-porto-ganharia-mais-pontos-se-ganhassem-quem-chora\/"},"modified":"2026-04-27T20:03:17","modified_gmt":"2026-04-27T23:03:17","slug":"pinotes-batista-porto-ganharia-mais-pontos-se-ganhassem-quem-chora","status":"publish","type":"post","link":"https:\/\/portaltela.pt\/desporto\/futebol\/2026\/04\/27\/pinotes-batista-porto-ganharia-mais-pontos-se-ganhassem-quem-chora\/","title":{"rendered":"Pinotes Batista: Porto ganharia mais pontos se ganhassem quem chora"},"content":{"rendered":"<p>Andr\u00e9 Pinotes Batista, comentador da CMTV, afirmou durante o programa P\u00e9 em Riste que, se fossem valorizados os clubes que choram mais, o FC Porto continuaria na frente com mais pontos. A observa\u00e7\u00e3o insere-se no debate sobre a narrativa de injusti\u00e7a no futebol nacional.<\/p>\n<p>O comentador vincou que a postura de alguns clubes e adeptos contribui para um clima de rivalidade excessiva e para a perce\u00e7\u00e3o p\u00fablica de desequil\u00edbrio na competi\u00e7\u00e3o. Segundo ele, o foco deve manter-se no jogo e na justi\u00e7a desportiva, evitando que emo\u00e7\u00f5es influenciem resultados.<\/p>\n<p>Pinotes Batista refor\u00e7ou a necessidade de um espa\u00e7o mais saud\u00e1vel no desporto, com m\u00e9rito reconhecido independentemente das circunst\u00e2ncias. A posi\u00e7\u00e3o tamb\u00e9m aponta para um esfor\u00e7o conjunto para melhorar a imagem do futebol portugu\u00eas.<\/p>\n","protected":false},"excerpt":{"rendered":"<ul>\n<li>O comentador da CMTV Andr\u00e9 Pinotes Batista afirmou que, se ganhassem os clubes que choram mais, o FC Porto continuaria na lideran\u00e7a com mais pontos.<\/li>\n<li>A ideia central \u00e9 que determinadas atitudes de clubes e adeptos ajudam a criar um clima de rivalidade e uma narrativa de injusti\u00e7a no futebol portugu\u00eas.<\/li>\n<li>Pinotes Batista destacou a necessidade de manter o foco no jogo e na justi\u00e7a desportiva, evitando que emo\u00e7\u00f5es e queixas influenciem o resultado.<\/li>\n<li>O comentador defendeu que o futebol deve ser uma competi\u00e7\u00e3o limpa, onde o m\u00e9rito seja reconhecido independentemente das circunst\u00e2ncias.<\/li>\n<li>Reiterou que a postura de alguns clubes e adeptos prejudica a imagem do futebol portugu\u00eas e que \u00e9 preciso promover um ambiente mais saud\u00e1vel e justo.<\/li>\n<\/ul>\n","protected":false},"author":2,"featured_media":459034,"comment_status":"closed","ping_status":"closed","sticky":false,"template":"","format":"standard","meta":{"footnotes":""},"categories":[21,24],"tags":[4143,152,32,803,982,1014],"class_list":["post-459032","post","type-post","status-publish","format-standard","has-post-thumbnail","hentry","category-desporto","category-futebol","tag-1-liga","tag-desporto","tag-futebol","tag-justica","tag-porto","tag-portugal"],"yoast_head":"<!-- This site is optimized with the Yoast SEO plugin v27.2 - https:\/\/yoast.com\/product\/yoast-seo-wordpress\/ -->\n<title>Pinotes Batista: Porto ganharia mais pontos se ganhassem quem chora - Portal Tela Portugal<\/title>\n<meta name=\"robots\" content=\"index, follow, max-snippet:-1, max-image-preview:large, max-video-preview:-1\" \/>\n<meta property=\"og:locale\" content=\"pt_PT\" \/>\n<meta property=\"og:type\" content=\"article\" \/>\n<meta property=\"og:title\" content=\"Pinotes Batista: Porto ganharia mais pontos se ganhassem quem chora - Portal Tela Portugal\" \/>\n<meta property=\"og:description\" content=\"O comentador da CMTV Andr\u00e9 Pinotes Batista afirmou que, se ganhassem os clubes que choram mais, o FC Porto continuaria na lideran\u00e7a com mais pontos. A ideia central \u00e9 que determinadas atitudes de clubes e adeptos ajudam a criar um clima de rivalidade e uma narrativa de injusti\u00e7a no futebol portugu\u00eas. Pinotes Batista destacou a necessidade de manter o foco no jogo e na justi\u00e7a desportiva, evitando que emo\u00e7\u00f5es e queixas influenciem o resultado. O comentador defendeu que o futebol deve ser uma competi\u00e7\u00e3o limpa, onde o m\u00e9rito seja reconhecido independentemente das circunst\u00e2ncias. Reiterou que a postura de alguns clubes e adeptos prejudica a imagem do futebol portugu\u00eas e que \u00e9 preciso promover um ambiente mais saud\u00e1vel e justo.\" \/>\n<meta property=\"og:url\" content=\"https:\/\/portaltela.pt\/noticias\/2026\/04\/27\/pinotes-batista-porto-ganharia-mais-pontos-se-ganhassem-quem-chora\/\" \/>\n<meta property=\"og:site_name\" content=\"Portal Tela Portugal\" \/>\n<meta property=\"article:published_time\" content=\"2026-04-27T23:03:17+00:00\" \/>\n<meta name=\"author\" content=\"Telinha\" \/>\n<meta name=\"twitter:card\" content=\"summary_large_image\" \/>\n<meta name=\"twitter:label1\" content=\"Escrito por\" \/>\n\t<meta name=\"twitter:data1\" content=\"Telinha\" \/>\n\t<meta name=\"twitter:label2\" content=\"Tempo estimado de leitura\" \/>\n\t<meta name=\"twitter:data2\" content=\"1 minuto\" \/>\n<script type=\"application\/ld+json\" class=\"yoast-schema-graph\">{\"@context\":\"https:\/\/schema.org\",\"@graph\":[{\"@type\":\"Article\",\"@id\":\"https:\/\/portaltela.pt\/noticias\/2026\/04\/27\/pinotes-batista-porto-ganharia-mais-pontos-se-ganhassem-quem-chora\/#article\",\"isPartOf\":{\"@id\":\"https:\/\/portaltela.pt\/noticias\/2026\/04\/27\/pinotes-batista-porto-ganharia-mais-pontos-se-ganhassem-quem-chora\/\"},\"author\":{\"name\":\"Telinha\",\"@id\":\"https:\/\/portaltela.pt\/#\/schema\/person\/c4278d4a6028830caff9ee44b42d32ed\"},\"headline\":\"Pinotes Batista: Porto ganharia mais pontos se ganhassem quem chora\",\"datePublished\":\"2026-04-27T23:03:17+00:00\",\"mainEntityOfPage\":{\"@id\":\"https:\/\/portaltela.pt\/noticias\/2026\/04\/27\/pinotes-batista-porto-ganharia-mais-pontos-se-ganhassem-quem-chora\/\"},\"wordCount\":148,\"image\":{\"@id\":\"https:\/\/portaltela.pt\/noticias\/2026\/04\/27\/pinotes-batista-porto-ganharia-mais-pontos-se-ganhassem-quem-chora\/#primaryimage\"},\"thumbnailUrl\":\"https:\/\/portaltela.pt\/s.01k8rhncp4jt1\/2026\/04\/img_1280x722uu2026-04-27-23-59-56-2281503.jpg\",\"keywords\":[\"1. Liga\",\"desporto\",\"futebol\",\"justi\u00e7a\",\"Porto\",\"Portugal\"],\"articleSection\":[\"Desporto\",\"Futebol\"],\"inLanguage\":\"pt-PT\"},{\"@type\":\"WebPage\",\"@id\":\"https:\/\/portaltela.pt\/noticias\/2026\/04\/27\/pinotes-batista-porto-ganharia-mais-pontos-se-ganhassem-quem-chora\/\",\"url\":\"https:\/\/portaltela.pt\/noticias\/2026\/04\/27\/pinotes-batista-porto-ganharia-mais-pontos-se-ganhassem-quem-chora\/\",\"name\":\"Pinotes Batista: Porto ganharia mais pontos se ganhassem quem chora - Portal Tela Portugal\",\"isPartOf\":{\"@id\":\"https:\/\/portaltela.pt\/#website\"},\"primaryImageOfPage\":{\"@id\":\"https:\/\/portaltela.pt\/noticias\/2026\/04\/27\/pinotes-batista-porto-ganharia-mais-pontos-se-ganhassem-quem-chora\/#primaryimage\"},\"image\":{\"@id\":\"https:\/\/portaltela.pt\/noticias\/2026\/04\/27\/pinotes-batista-porto-ganharia-mais-pontos-se-ganhassem-quem-chora\/#primaryimage\"},\"thumbnailUrl\":\"https:\/\/portaltela.pt\/s.01k8rhncp4jt1\/2026\/04\/img_1280x722uu2026-04-27-23-59-56-2281503.jpg\",\"datePublished\":\"2026-04-27T23:03:17+00:00\",\"author\":{\"@id\":\"https:\/\/portaltela.pt\/#\/schema\/person\/c4278d4a6028830caff9ee44b42d32ed\"},\"breadcrumb\":{\"@id\":\"https:\/\/portaltela.pt\/noticias\/2026\/04\/27\/pinotes-batista-porto-ganharia-mais-pontos-se-ganhassem-quem-chora\/#breadcrumb\"},\"inLanguage\":\"pt-PT\",\"potentialAction\":[{\"@type\":\"ReadAction\",\"target\":[\"https:\/\/portaltela.pt\/noticias\/2026\/04\/27\/pinotes-batista-porto-ganharia-mais-pontos-se-ganhassem-quem-chora\/\"]}]},{\"@type\":\"ImageObject\",\"inLanguage\":\"pt-PT\",\"@id\":\"https:\/\/portaltela.pt\/noticias\/2026\/04\/27\/pinotes-batista-porto-ganharia-mais-pontos-se-ganhassem-quem-chora\/#primaryimage\",\"url\":\"https:\/\/portaltela.pt\/s.01k8rhncp4jt1\/2026\/04\/img_1280x722uu2026-04-27-23-59-56-2281503.jpg\",\"contentUrl\":\"https:\/\/portaltela.pt\/s.01k8rhncp4jt1\/2026\/04\/img_1280x722uu2026-04-27-23-59-56-2281503.jpg\",\"width\":796,\"height\":448,\"caption\":\"Photo\"},{\"@type\":\"BreadcrumbList\",\"@id\":\"https:\/\/portaltela.pt\/noticias\/2026\/04\/27\/pinotes-batista-porto-ganharia-mais-pontos-se-ganhassem-quem-chora\/#breadcrumb\",\"itemListElement\":[{\"@type\":\"ListItem\",\"position\":1,\"name\":\"In\u00edcio\",\"item\":\"https:\/\/portaltela.pt\/\"},{\"@type\":\"ListItem\",\"position\":2,\"name\":\"Pinotes Batista: Porto ganharia mais pontos se ganhassem quem chora\"}]},{\"@type\":\"WebSite\",\"@id\":\"https:\/\/portaltela.pt\/#website\",\"url\":\"https:\/\/portaltela.pt\/\",\"name\":\"Portal Tela Portugal\",\"description\":\"\",\"potentialAction\":[{\"@type\":\"SearchAction\",\"target\":{\"@type\":\"EntryPoint\",\"urlTemplate\":\"https:\/\/portaltela.pt\/?s={search_term_string}\"},\"query-input\":{\"@type\":\"PropertyValueSpecification\",\"valueRequired\":true,\"valueName\":\"search_term_string\"}}],\"inLanguage\":\"pt-PT\"},{\"@type\":\"Person\",\"@id\":\"https:\/\/portaltela.pt\/#\/schema\/person\/c4278d4a6028830caff9ee44b42d32ed\",\"name\":\"Telinha\",\"image\":{\"@type\":\"ImageObject\",\"inLanguage\":\"pt-PT\",\"@id\":\"https:\/\/portaltela.pt\/s.01k8rhncp4jt1\/2025\/11\/talking-bot-125x125.png\",\"url\":\"https:\/\/portaltela.pt\/s.01k8rhncp4jt1\/2025\/11\/talking-bot-125x125.png\",\"contentUrl\":\"https:\/\/portaltela.pt\/s.01k8rhncp4jt1\/2025\/11\/talking-bot-125x125.png\",\"caption\":\"Telinha\"},\"sameAs\":[\"https:\/\/portaltela.pt\/\"],\"url\":\"https:\/\/portaltela.pt\/por\/367410592786\/\"}]}<\/script>\n<!-- \/ Yoast SEO plugin. -->","yoast_head_json":{"title":"Pinotes Batista: Porto ganharia mais pontos se ganhassem quem chora - Portal Tela Portugal","robots":{"index":"index","follow":"follow","max-snippet":"max-snippet:-1","max-image-preview":"max-image-preview:large","max-video-preview":"max-video-preview:-1"},"og_locale":"pt_PT","og_type":"article","og_title":"Pinotes Batista: Porto ganharia mais pontos se ganhassem quem chora - Portal Tela Portugal","og_description":"O comentador da CMTV Andr\u00e9 Pinotes Batista afirmou que, se ganhassem os clubes que choram mais, o FC Porto continuaria na lideran\u00e7a com mais pontos. A ideia central \u00e9 que determinadas atitudes de clubes e adeptos ajudam a criar um clima de rivalidade e uma narrativa de injusti\u00e7a no futebol portugu\u00eas. Pinotes Batista destacou a necessidade de manter o foco no jogo e na justi\u00e7a desportiva, evitando que emo\u00e7\u00f5es e queixas influenciem o resultado. O comentador defendeu que o futebol deve ser uma competi\u00e7\u00e3o limpa, onde o m\u00e9rito seja reconhecido independentemente das circunst\u00e2ncias. Reiterou que a postura de alguns clubes e adeptos prejudica a imagem do futebol portugu\u00eas e que \u00e9 preciso promover um ambiente mais saud\u00e1vel e justo.","og_url":"https:\/\/portaltela.pt\/noticias\/2026\/04\/27\/pinotes-batista-porto-ganharia-mais-pontos-se-ganhassem-quem-chora\/","og_site_name":"Portal Tela Portugal","article_published_time":"2026-04-27T23:03:17+00:00","author":"Telinha","twitter_card":"summary_large_image","twitter_misc":{"Escrito por":"Telinha","Tempo estimado de leitura":"1 minuto"},"schema":{"@context":"https:\/\/schema.org","@graph":[{"@type":"Article","@id":"https:\/\/portaltela.pt\/noticias\/2026\/04\/27\/pinotes-batista-porto-ganharia-mais-pontos-se-ganhassem-quem-chora\/#article","isPartOf":{"@id":"https:\/\/portaltela.pt\/noticias\/2026\/04\/27\/pinotes-batista-porto-ganharia-mais-pontos-se-ganhassem-quem-chora\/"},"author":{"name":"Telinha","@id":"https:\/\/portaltela.pt\/#\/schema\/person\/c4278d4a6028830caff9ee44b42d32ed"},"headline":"Pinotes Batista: Porto ganharia mais pontos se ganhassem quem chora","datePublished":"2026-04-27T23:03:17+00:00","mainEntityOfPage":{"@id":"https:\/\/portaltela.pt\/noticias\/2026\/04\/27\/pinotes-batista-porto-ganharia-mais-pontos-se-ganhassem-quem-chora\/"},"wordCount":148,"image":{"@id":"https:\/\/portaltela.pt\/noticias\/2026\/04\/27\/pinotes-batista-porto-ganharia-mais-pontos-se-ganhassem-quem-chora\/#primaryimage"},"thumbnailUrl":"https:\/\/portaltela.pt\/s.01k8rhncp4jt1\/2026\/04\/img_1280x722uu2026-04-27-23-59-56-2281503.jpg","keywords":["1. Liga","desporto","futebol","justi\u00e7a","Porto","Portugal"],"articleSection":["Desporto","Futebol"],"inLanguage":"pt-PT"},{"@type":"WebPage","@id":"https:\/\/portaltela.pt\/noticias\/2026\/04\/27\/pinotes-batista-porto-ganharia-mais-pontos-se-ganhassem-quem-chora\/","url":"https:\/\/portaltela.pt\/noticias\/2026\/04\/27\/pinotes-batista-porto-ganharia-mais-pontos-se-ganhassem-quem-chora\/","name":"Pinotes Batista: Porto ganharia mais pontos se ganhassem quem chora - Portal Tela Portugal","isPartOf":{"@id":"https:\/\/portaltela.pt\/#website"},"primaryImageOfPage":{"@id":"https:\/\/portaltela.pt\/noticias\/2026\/04\/27\/pinotes-batista-porto-ganharia-mais-pontos-se-ganhassem-quem-chora\/#primaryimage"},"image":{"@id":"https:\/\/portaltela.pt\/noticias\/2026\/04\/27\/pinotes-batista-porto-ganharia-mais-pontos-se-ganhassem-quem-chora\/#primaryimage"},"thumbnailUrl":"https:\/\/portaltela.pt\/s.01k8rhncp4jt1\/2026\/04\/img_1280x722uu2026-04-27-23-59-56-2281503.jpg","datePublished":"2026-04-27T23:03:17+00:00","author":{"@id":"https:\/\/portaltela.pt\/#\/schema\/person\/c4278d4a6028830caff9ee44b42d32ed"},"breadcrumb":{"@id":"https:\/\/portaltela.pt\/noticias\/2026\/04\/27\/pinotes-batista-porto-ganharia-mais-pontos-se-ganhassem-quem-chora\/#breadcrumb"},"inLanguage":"pt-PT","potentialAction":[{"@type":"ReadAction","target":["https:\/\/portaltela.pt\/noticias\/2026\/04\/27\/pinotes-batista-porto-ganharia-mais-pontos-se-ganhassem-quem-chora\/"]}]},{"@type":"ImageObject","inLanguage":"pt-PT","@id":"https:\/\/portaltela.pt\/noticias\/2026\/04\/27\/pinotes-batista-porto-ganharia-mais-pontos-se-ganhassem-quem-chora\/#primaryimage","url":"https:\/\/portaltela.pt\/s.01k8rhncp4jt1\/2026\/04\/img_1280x722uu2026-04-27-23-59-56-2281503.jpg","contentUrl":"https:\/\/portaltela.pt\/s.01k8rhncp4jt1\/2026\/04\/img_1280x722uu2026-04-27-23-59-56-2281503.jpg","width":796,"height":448,"caption":"Photo"},{"@type":"BreadcrumbList","@id":"https:\/\/portaltela.pt\/noticias\/2026\/04\/27\/pinotes-batista-porto-ganharia-mais-pontos-se-ganhassem-quem-chora\/#breadcrumb","itemListElement":[{"@type":"ListItem","position":1,"name":"In\u00edcio","item":"https:\/\/portaltela.pt\/"},{"@type":"ListItem","position":2,"name":"Pinotes Batista: Porto ganharia mais pontos se ganhassem quem chora"}]},{"@type":"WebSite","@id":"https:\/\/portaltela.pt\/#website","url":"https:\/\/portaltela.pt\/","name":"Portal Tela Portugal","description":"","potentialAction":[{"@type":"SearchAction","target":{"@type":"EntryPoint","urlTemplate":"https:\/\/portaltela.pt\/?s={search_term_string}"},"query-input":{"@type":"PropertyValueSpecification","valueRequired":true,"valueName":"search_term_string"}}],"inLanguage":"pt-PT"},{"@type":"Person","@id":"https:\/\/portaltela.pt\/#\/schema\/person\/c4278d4a6028830caff9ee44b42d32ed","name":"Telinha","image":{"@type":"ImageObject","inLanguage":"pt-PT","@id":"https:\/\/portaltela.pt\/s.01k8rhncp4jt1\/2025\/11\/talking-bot-125x125.png","url":"https:\/\/portaltela.pt\/s.01k8rhncp4jt1\/2025\/11\/talking-bot-125x125.png","contentUrl":"https:\/\/portaltela.pt\/s.01k8rhncp4jt1\/2025\/11\/talking-bot-125x125.png","caption":"Telinha"},"sameAs":["https:\/\/portaltela.pt\/"],"url":"https:\/\/portaltela.pt\/por\/367410592786\/"}]}},"_links":{"self":[{"href":"https:\/\/portaltela.pt\/api\/wp\/v2\/posts\/459032","targetHints":{"allow":["GET"]}}],"collection":[{"href":"https:\/\/portaltela.pt\/api\/wp\/v2\/posts"}],"about":[{"href":"https:\/\/portaltela.pt\/api\/wp\/v2\/types\/post"}],"author":[{"embeddable":true,"href":"https:\/\/portaltela.pt\/api\/wp\/v2\/users\/2"}],"replies":[{"embeddable":true,"href":"https:\/\/portaltela.pt\/api\/wp\/v2\/comments?post=459032"}],"version-history":[{"count":0,"href":"https:\/\/portaltela.pt\/api\/wp\/v2\/posts\/459032\/revisions"}],"wp:featuredmedia":[{"embeddable":true,"href":"https:\/\/portaltela.pt\/api\/wp\/v2\/media\/459034"}],"wp:attachment":[{"href":"https:\/\/portaltela.pt\/api\/wp\/v2\/media?parent=459032"}],"wp:term":[{"taxonomy":"category","embeddable":true,"href":"https:\/\/portaltela.pt\/api\/wp\/v2\/categories?post=459032"},{"taxonomy":"post_tag","embeddable":true,"href":"https:\/\/portaltela.pt\/api\/wp\/v2\/tags?post=459032"}],"curies":[{"name":"wp","href":"https:\/\/api.w.org\/{rel}","templated":true}]}}