{"id":459018,"date":"2026-04-27T19:47:59","date_gmt":"2026-04-27T22:47:59","guid":{"rendered":"https:\/\/portaltela.pt\/noticias\/2026\/04\/27\/audio-mostra-telemovel-interrompendo-relato-do-sporting-avs\/"},"modified":"2026-04-27T19:47:59","modified_gmt":"2026-04-27T22:47:59","slug":"audio-mostra-telemovel-interrompendo-relato-do-sporting-avs","status":"publish","type":"post","link":"https:\/\/portaltela.pt\/desporto\/futebol\/2026\/04\/27\/audio-mostra-telemovel-interrompendo-relato-do-sporting-avs\/","title":{"rendered":"\u00c1udio mostra telem\u00f3vel interrompendo relato do Sporting-AVS"},"content":{"rendered":"<p>O momento em que o som do telem\u00f3vel do comentador Jorge Amaral interrompe o acompanhamento do jogo entre Sporting e AVS, transmitido pela CMTV, tornou-se viral. Em paralelo, surgem mensagens nas redes sociais com vers\u00f5es de \u00e1udio alteradas ou falsificadas. A CMTV assegura que a grava\u00e7\u00e3o apresentada \u00e9 a sequ\u00eancia original do momento.<\/p>\n<p>Segundo a esta\u00e7\u00e3o, o incidente ocorreu durante a transmiss\u00e3o em direto do encontro entre Sporting e AVS. O telem\u00f3vel do comentador interrompeu o relato em pleno servi\u00e7o, gerando curiosidade entre clientes e seguidores. A situa\u00e7\u00e3o foi registada no momento da emiss\u00e3o.<\/p>\n<h3>\u00c1udio real vs \u00e1udio adulterado<\/h3>\n<p>A CMTV publicou a grava\u00e7\u00e3o verdadeira para esclarecer as diferentes vers\u00f5es que circulam online. As variantes com \u00e1udio manipulado t\u00eam levantado d\u00favidas sobre a autenticidade do que foi partilhado nas redes sociais. A reda\u00e7\u00e3o mant\u00e9m-se atenta \u00e0 veracidade das imagens e sons partilhados.<\/p>\n<p>A not\u00edcia refor\u00e7a a necessidade de verificar conte\u00fados de \u00e1udio partilhados externamente. N\u00e3o foram avan\u00e7adas informa\u00e7\u00f5es sobre consequ\u00eancias t\u00e9cnicas ou administrativas para o comentador. O foco mant\u00e9m-se na veracidade da grava\u00e7\u00e3o exibida pela CMTV.<\/p>\n","protected":false},"excerpt":{"rendered":"<ul>\n<li>O momento em que o telem\u00f3vel do comentador Jorge Amaral interrompe o relato em direto da CMTV durante o Sporting-AVS tornou-se viral.<\/li>\n<li>Est\u00e3o a circular nas redes sociais vers\u00f5es com \u00e1udio adulterado do momento.<\/li>\n<li>A CMTV mostra a grava\u00e7\u00e3o real do incidente, distinguindo-a de conte\u00fados manipulados.<\/li>\n<li>O acontecimento ocorreu durante a transmiss\u00e3o do jogo entre Sporting e AVS pela CMTV.<\/li>\n<\/ul>\n","protected":false},"author":2,"featured_media":459024,"comment_status":"closed","ping_status":"closed","sticky":false,"template":"","format":"standard","meta":{"footnotes":""},"categories":[21,24],"tags":[8916,8231,7902,7755,1652,1852],"class_list":["post-459018","post","type-post","status-publish","format-standard","has-post-thumbnail","hentry","category-desporto","category-futebol","tag-_audio","tag-_desinformacao","tag-_desporto","tag-_futebol","tag-sporting","tag-telemovel"],"yoast_head":"<!-- This site is optimized with the Yoast SEO plugin v27.2 - https:\/\/yoast.com\/product\/yoast-seo-wordpress\/ -->\n<title>\u00c1udio mostra telem\u00f3vel interrompendo relato do Sporting-AVS - Portal Tela Portugal<\/title>\n<meta name=\"robots\" content=\"index, follow, max-snippet:-1, max-image-preview:large, max-video-preview:-1\" \/>\n<meta property=\"og:locale\" content=\"pt_PT\" \/>\n<meta property=\"og:type\" content=\"article\" \/>\n<meta property=\"og:title\" content=\"\u00c1udio mostra telem\u00f3vel interrompendo relato do Sporting-AVS - Portal Tela Portugal\" \/>\n<meta property=\"og:description\" content=\"O momento em que o telem\u00f3vel do comentador Jorge Amaral interrompe o relato em direto da CMTV durante o Sporting-AVS tornou-se viral. Est\u00e3o a circular nas redes sociais vers\u00f5es com \u00e1udio adulterado do momento. A CMTV mostra a grava\u00e7\u00e3o real do incidente, distinguindo-a de conte\u00fados manipulados. O acontecimento ocorreu durante a transmiss\u00e3o do jogo entre Sporting e AVS pela CMTV.\" \/>\n<meta property=\"og:url\" content=\"https:\/\/portaltela.pt\/noticias\/2026\/04\/27\/audio-mostra-telemovel-interrompendo-relato-do-sporting-avs\/\" \/>\n<meta property=\"og:site_name\" content=\"Portal Tela Portugal\" \/>\n<meta property=\"article:published_time\" content=\"2026-04-27T22:47:59+00:00\" \/>\n<meta name=\"author\" content=\"Telinha\" \/>\n<meta name=\"twitter:card\" content=\"summary_large_image\" \/>\n<meta name=\"twitter:label1\" content=\"Escrito por\" \/>\n\t<meta name=\"twitter:data1\" content=\"Telinha\" \/>\n\t<meta name=\"twitter:label2\" content=\"Tempo estimado de leitura\" \/>\n\t<meta name=\"twitter:data2\" content=\"1 minuto\" \/>\n<script type=\"application\/ld+json\" class=\"yoast-schema-graph\">{\"@context\":\"https:\/\/schema.org\",\"@graph\":[{\"@type\":\"Article\",\"@id\":\"https:\/\/portaltela.pt\/noticias\/2026\/04\/27\/audio-mostra-telemovel-interrompendo-relato-do-sporting-avs\/#article\",\"isPartOf\":{\"@id\":\"https:\/\/portaltela.pt\/noticias\/2026\/04\/27\/audio-mostra-telemovel-interrompendo-relato-do-sporting-avs\/\"},\"author\":{\"name\":\"Telinha\",\"@id\":\"https:\/\/portaltela.pt\/#\/schema\/person\/c4278d4a6028830caff9ee44b42d32ed\"},\"headline\":\"\u00c1udio mostra telem\u00f3vel interrompendo relato do Sporting-AVS\",\"datePublished\":\"2026-04-27T22:47:59+00:00\",\"mainEntityOfPage\":{\"@id\":\"https:\/\/portaltela.pt\/noticias\/2026\/04\/27\/audio-mostra-telemovel-interrompendo-relato-do-sporting-avs\/\"},\"wordCount\":208,\"image\":{\"@id\":\"https:\/\/portaltela.pt\/noticias\/2026\/04\/27\/audio-mostra-telemovel-interrompendo-relato-do-sporting-avs\/#primaryimage\"},\"thumbnailUrl\":\"https:\/\/portaltela.pt\/s.01k8rhncp4jt1\/2026\/04\/img_1280x721uu2026-04-27-23-31-53-2281494.jpg\",\"keywords\":[\"_\u00e1udio\",\"_desinforma\u00e7\u00e3o\",\"_desporto\",\"_futebol\",\"Sporting\",\"telem\u00f3vel\"],\"articleSection\":[\"Desporto\",\"Futebol\"],\"inLanguage\":\"pt-PT\"},{\"@type\":\"WebPage\",\"@id\":\"https:\/\/portaltela.pt\/noticias\/2026\/04\/27\/audio-mostra-telemovel-interrompendo-relato-do-sporting-avs\/\",\"url\":\"https:\/\/portaltela.pt\/noticias\/2026\/04\/27\/audio-mostra-telemovel-interrompendo-relato-do-sporting-avs\/\",\"name\":\"\u00c1udio mostra telem\u00f3vel interrompendo relato do Sporting-AVS - Portal Tela Portugal\",\"isPartOf\":{\"@id\":\"https:\/\/portaltela.pt\/#website\"},\"primaryImageOfPage\":{\"@id\":\"https:\/\/portaltela.pt\/noticias\/2026\/04\/27\/audio-mostra-telemovel-interrompendo-relato-do-sporting-avs\/#primaryimage\"},\"image\":{\"@id\":\"https:\/\/portaltela.pt\/noticias\/2026\/04\/27\/audio-mostra-telemovel-interrompendo-relato-do-sporting-avs\/#primaryimage\"},\"thumbnailUrl\":\"https:\/\/portaltela.pt\/s.01k8rhncp4jt1\/2026\/04\/img_1280x721uu2026-04-27-23-31-53-2281494.jpg\",\"datePublished\":\"2026-04-27T22:47:59+00:00\",\"author\":{\"@id\":\"https:\/\/portaltela.pt\/#\/schema\/person\/c4278d4a6028830caff9ee44b42d32ed\"},\"breadcrumb\":{\"@id\":\"https:\/\/portaltela.pt\/noticias\/2026\/04\/27\/audio-mostra-telemovel-interrompendo-relato-do-sporting-avs\/#breadcrumb\"},\"inLanguage\":\"pt-PT\",\"potentialAction\":[{\"@type\":\"ReadAction\",\"target\":[\"https:\/\/portaltela.pt\/noticias\/2026\/04\/27\/audio-mostra-telemovel-interrompendo-relato-do-sporting-avs\/\"]}]},{\"@type\":\"ImageObject\",\"inLanguage\":\"pt-PT\",\"@id\":\"https:\/\/portaltela.pt\/noticias\/2026\/04\/27\/audio-mostra-telemovel-interrompendo-relato-do-sporting-avs\/#primaryimage\",\"url\":\"https:\/\/portaltela.pt\/s.01k8rhncp4jt1\/2026\/04\/img_1280x721uu2026-04-27-23-31-53-2281494.jpg\",\"contentUrl\":\"https:\/\/portaltela.pt\/s.01k8rhncp4jt1\/2026\/04\/img_1280x721uu2026-04-27-23-31-53-2281494.jpg\",\"width\":796,\"height\":448,\"caption\":\"Photo\"},{\"@type\":\"BreadcrumbList\",\"@id\":\"https:\/\/portaltela.pt\/noticias\/2026\/04\/27\/audio-mostra-telemovel-interrompendo-relato-do-sporting-avs\/#breadcrumb\",\"itemListElement\":[{\"@type\":\"ListItem\",\"position\":1,\"name\":\"In\u00edcio\",\"item\":\"https:\/\/portaltela.pt\/\"},{\"@type\":\"ListItem\",\"position\":2,\"name\":\"\u00c1udio mostra telem\u00f3vel interrompendo relato do Sporting-AVS\"}]},{\"@type\":\"WebSite\",\"@id\":\"https:\/\/portaltela.pt\/#website\",\"url\":\"https:\/\/portaltela.pt\/\",\"name\":\"Portal Tela Portugal\",\"description\":\"\",\"potentialAction\":[{\"@type\":\"SearchAction\",\"target\":{\"@type\":\"EntryPoint\",\"urlTemplate\":\"https:\/\/portaltela.pt\/?s={search_term_string}\"},\"query-input\":{\"@type\":\"PropertyValueSpecification\",\"valueRequired\":true,\"valueName\":\"search_term_string\"}}],\"inLanguage\":\"pt-PT\"},{\"@type\":\"Person\",\"@id\":\"https:\/\/portaltela.pt\/#\/schema\/person\/c4278d4a6028830caff9ee44b42d32ed\",\"name\":\"Telinha\",\"image\":{\"@type\":\"ImageObject\",\"inLanguage\":\"pt-PT\",\"@id\":\"https:\/\/portaltela.pt\/s.01k8rhncp4jt1\/2025\/11\/talking-bot-125x125.png\",\"url\":\"https:\/\/portaltela.pt\/s.01k8rhncp4jt1\/2025\/11\/talking-bot-125x125.png\",\"contentUrl\":\"https:\/\/portaltela.pt\/s.01k8rhncp4jt1\/2025\/11\/talking-bot-125x125.png\",\"caption\":\"Telinha\"},\"sameAs\":[\"https:\/\/portaltela.pt\/\"],\"url\":\"https:\/\/portaltela.pt\/por\/367410592786\/\"}]}<\/script>\n<!-- \/ Yoast SEO plugin. -->","yoast_head_json":{"title":"\u00c1udio mostra telem\u00f3vel interrompendo relato do Sporting-AVS - Portal Tela Portugal","robots":{"index":"index","follow":"follow","max-snippet":"max-snippet:-1","max-image-preview":"max-image-preview:large","max-video-preview":"max-video-preview:-1"},"og_locale":"pt_PT","og_type":"article","og_title":"\u00c1udio mostra telem\u00f3vel interrompendo relato do Sporting-AVS - Portal Tela Portugal","og_description":"O momento em que o telem\u00f3vel do comentador Jorge Amaral interrompe o relato em direto da CMTV durante o Sporting-AVS tornou-se viral. Est\u00e3o a circular nas redes sociais vers\u00f5es com \u00e1udio adulterado do momento. A CMTV mostra a grava\u00e7\u00e3o real do incidente, distinguindo-a de conte\u00fados manipulados. O acontecimento ocorreu durante a transmiss\u00e3o do jogo entre Sporting e AVS pela CMTV.","og_url":"https:\/\/portaltela.pt\/noticias\/2026\/04\/27\/audio-mostra-telemovel-interrompendo-relato-do-sporting-avs\/","og_site_name":"Portal Tela Portugal","article_published_time":"2026-04-27T22:47:59+00:00","author":"Telinha","twitter_card":"summary_large_image","twitter_misc":{"Escrito por":"Telinha","Tempo estimado de leitura":"1 minuto"},"schema":{"@context":"https:\/\/schema.org","@graph":[{"@type":"Article","@id":"https:\/\/portaltela.pt\/noticias\/2026\/04\/27\/audio-mostra-telemovel-interrompendo-relato-do-sporting-avs\/#article","isPartOf":{"@id":"https:\/\/portaltela.pt\/noticias\/2026\/04\/27\/audio-mostra-telemovel-interrompendo-relato-do-sporting-avs\/"},"author":{"name":"Telinha","@id":"https:\/\/portaltela.pt\/#\/schema\/person\/c4278d4a6028830caff9ee44b42d32ed"},"headline":"\u00c1udio mostra telem\u00f3vel interrompendo relato do Sporting-AVS","datePublished":"2026-04-27T22:47:59+00:00","mainEntityOfPage":{"@id":"https:\/\/portaltela.pt\/noticias\/2026\/04\/27\/audio-mostra-telemovel-interrompendo-relato-do-sporting-avs\/"},"wordCount":208,"image":{"@id":"https:\/\/portaltela.pt\/noticias\/2026\/04\/27\/audio-mostra-telemovel-interrompendo-relato-do-sporting-avs\/#primaryimage"},"thumbnailUrl":"https:\/\/portaltela.pt\/s.01k8rhncp4jt1\/2026\/04\/img_1280x721uu2026-04-27-23-31-53-2281494.jpg","keywords":["_\u00e1udio","_desinforma\u00e7\u00e3o","_desporto","_futebol","Sporting","telem\u00f3vel"],"articleSection":["Desporto","Futebol"],"inLanguage":"pt-PT"},{"@type":"WebPage","@id":"https:\/\/portaltela.pt\/noticias\/2026\/04\/27\/audio-mostra-telemovel-interrompendo-relato-do-sporting-avs\/","url":"https:\/\/portaltela.pt\/noticias\/2026\/04\/27\/audio-mostra-telemovel-interrompendo-relato-do-sporting-avs\/","name":"\u00c1udio mostra telem\u00f3vel interrompendo relato do Sporting-AVS - Portal Tela Portugal","isPartOf":{"@id":"https:\/\/portaltela.pt\/#website"},"primaryImageOfPage":{"@id":"https:\/\/portaltela.pt\/noticias\/2026\/04\/27\/audio-mostra-telemovel-interrompendo-relato-do-sporting-avs\/#primaryimage"},"image":{"@id":"https:\/\/portaltela.pt\/noticias\/2026\/04\/27\/audio-mostra-telemovel-interrompendo-relato-do-sporting-avs\/#primaryimage"},"thumbnailUrl":"https:\/\/portaltela.pt\/s.01k8rhncp4jt1\/2026\/04\/img_1280x721uu2026-04-27-23-31-53-2281494.jpg","datePublished":"2026-04-27T22:47:59+00:00","author":{"@id":"https:\/\/portaltela.pt\/#\/schema\/person\/c4278d4a6028830caff9ee44b42d32ed"},"breadcrumb":{"@id":"https:\/\/portaltela.pt\/noticias\/2026\/04\/27\/audio-mostra-telemovel-interrompendo-relato-do-sporting-avs\/#breadcrumb"},"inLanguage":"pt-PT","potentialAction":[{"@type":"ReadAction","target":["https:\/\/portaltela.pt\/noticias\/2026\/04\/27\/audio-mostra-telemovel-interrompendo-relato-do-sporting-avs\/"]}]},{"@type":"ImageObject","inLanguage":"pt-PT","@id":"https:\/\/portaltela.pt\/noticias\/2026\/04\/27\/audio-mostra-telemovel-interrompendo-relato-do-sporting-avs\/#primaryimage","url":"https:\/\/portaltela.pt\/s.01k8rhncp4jt1\/2026\/04\/img_1280x721uu2026-04-27-23-31-53-2281494.jpg","contentUrl":"https:\/\/portaltela.pt\/s.01k8rhncp4jt1\/2026\/04\/img_1280x721uu2026-04-27-23-31-53-2281494.jpg","width":796,"height":448,"caption":"Photo"},{"@type":"BreadcrumbList","@id":"https:\/\/portaltela.pt\/noticias\/2026\/04\/27\/audio-mostra-telemovel-interrompendo-relato-do-sporting-avs\/#breadcrumb","itemListElement":[{"@type":"ListItem","position":1,"name":"In\u00edcio","item":"https:\/\/portaltela.pt\/"},{"@type":"ListItem","position":2,"name":"\u00c1udio mostra telem\u00f3vel interrompendo relato do Sporting-AVS"}]},{"@type":"WebSite","@id":"https:\/\/portaltela.pt\/#website","url":"https:\/\/portaltela.pt\/","name":"Portal Tela Portugal","description":"","potentialAction":[{"@type":"SearchAction","target":{"@type":"EntryPoint","urlTemplate":"https:\/\/portaltela.pt\/?s={search_term_string}"},"query-input":{"@type":"PropertyValueSpecification","valueRequired":true,"valueName":"search_term_string"}}],"inLanguage":"pt-PT"},{"@type":"Person","@id":"https:\/\/portaltela.pt\/#\/schema\/person\/c4278d4a6028830caff9ee44b42d32ed","name":"Telinha","image":{"@type":"ImageObject","inLanguage":"pt-PT","@id":"https:\/\/portaltela.pt\/s.01k8rhncp4jt1\/2025\/11\/talking-bot-125x125.png","url":"https:\/\/portaltela.pt\/s.01k8rhncp4jt1\/2025\/11\/talking-bot-125x125.png","contentUrl":"https:\/\/portaltela.pt\/s.01k8rhncp4jt1\/2025\/11\/talking-bot-125x125.png","caption":"Telinha"},"sameAs":["https:\/\/portaltela.pt\/"],"url":"https:\/\/portaltela.pt\/por\/367410592786\/"}]}},"_links":{"self":[{"href":"https:\/\/portaltela.pt\/api\/wp\/v2\/posts\/459018","targetHints":{"allow":["GET"]}}],"collection":[{"href":"https:\/\/portaltela.pt\/api\/wp\/v2\/posts"}],"about":[{"href":"https:\/\/portaltela.pt\/api\/wp\/v2\/types\/post"}],"author":[{"embeddable":true,"href":"https:\/\/portaltela.pt\/api\/wp\/v2\/users\/2"}],"replies":[{"embeddable":true,"href":"https:\/\/portaltela.pt\/api\/wp\/v2\/comments?post=459018"}],"version-history":[{"count":0,"href":"https:\/\/portaltela.pt\/api\/wp\/v2\/posts\/459018\/revisions"}],"wp:featuredmedia":[{"embeddable":true,"href":"https:\/\/portaltela.pt\/api\/wp\/v2\/media\/459024"}],"wp:attachment":[{"href":"https:\/\/portaltela.pt\/api\/wp\/v2\/media?parent=459018"}],"wp:term":[{"taxonomy":"category","embeddable":true,"href":"https:\/\/portaltela.pt\/api\/wp\/v2\/categories?post=459018"},{"taxonomy":"post_tag","embeddable":true,"href":"https:\/\/portaltela.pt\/api\/wp\/v2\/tags?post=459018"}],"curies":[{"name":"wp","href":"https:\/\/api.w.org\/{rel}","templated":true}]}}