{"id":458990,"date":"2026-04-27T18:48:21","date_gmt":"2026-04-27T21:48:21","guid":{"rendered":"https:\/\/portaltela.pt\/noticias\/2026\/04\/27\/venda-de-candonga-para-fc-porto-alverca-aumenta-compradores-ficam-fora-do-dragao\/"},"modified":"2026-04-27T18:48:21","modified_gmt":"2026-04-27T21:48:21","slug":"venda-de-candonga-para-fc-porto-alverca-aumenta-compradores-ficam-fora-do-dragao","status":"publish","type":"post","link":"https:\/\/portaltela.pt\/desporto\/futebol\/2026\/04\/27\/venda-de-candonga-para-fc-porto-alverca-aumenta-compradores-ficam-fora-do-dragao\/","title":{"rendered":"Venda de Candonga para FC Porto-Alverca aumenta, compradores ficam fora do Drag\u00e3o"},"content":{"rendered":"<p>O FC Porto informou que o Est\u00e1dio do Drag\u00e3o ter\u00e1 lota\u00e7\u00e3o esgotada para a rece\u00e7\u00e3o ao Alverca, da 1.\u00aa Liga, prevista para este fim de semana. A entrada apenas ser\u00e1 garantida aos detentores de Lugar Anual que libertarem as respetivas cadeiras para revenda dentro do processo definido pelo clube.<\/p>\n<p>A situa\u00e7\u00e3o levou a an\u00fancios de revenda de ingressos em plataformas digitais, com pre\u00e7os que v\u00e3o desde algumas centenas de euros at\u00e9 valores que, numa plataforma, chegam a 1 295 euros. Os potenciais compradores arriscam-se a ficar sem entrada no est\u00e1dio.<\/p>\n<p>O clube tem registado, ao longo da \u00e9poca, venda ilegal de bilhetes aquando da entrada no recinto, bem como casos de bilhetes falsos que n\u00e3o asseguram a entrada no Drag\u00e3o. Assim, mesmo \u00e0 dist\u00e2ncia de um poss\u00edvel t\u00edtulo, permanece presente o risco de n\u00e3o aceder ao est\u00e1dio.<\/p>\n","protected":false},"excerpt":{"rendered":"<ul>\n<li>O FC Porto informou que o Est\u00e1dio do Drag\u00e3o estar\u00e1 com lota\u00e7\u00e3o esgotada para receber o Alverca, na pr\u00f3xima jornada da primeira liga.<\/li>\n<li>A entrada s\u00f3 \u00e9 garantida para quem libertar lugares anuais para revenda dentro do processo definido pelo clube.<\/li>\n<li>Com a perspetiva de o Porto ser campe\u00e3o diante do Alverca, surgiram an\u00fancios de revenda de ingressos em plataformas digitais, com valores a chegar a 1.295 euros.<\/li>\n<li>Os compradores arriscam ficar do lado de fora do est\u00e1dio, visto que existem bilhetes revendidos ilegalmente e, nalguns casos, bilhetes falsos.<\/li>\n<li>O clube tem vindo a detetar revenda ilegal ao longo da \u00e9poca e casos de bilhetes falsos.<\/li>\n<\/ul>\n","protected":false},"author":2,"featured_media":458994,"comment_status":"closed","ping_status":"closed","sticky":false,"template":"","format":"standard","meta":{"footnotes":""},"categories":[21,24],"tags":[8756,8124,8315,7755,8088,7460],"class_list":["post-458990","post","type-post","status-publish","format-standard","has-post-thumbnail","hentry","category-desporto","category-futebol","tag-_1-a-liga","tag-_alverca","tag-_fc-porto","tag-_futebol","tag-_porto","tag-vendas"],"yoast_head":"<!-- This site is optimized with the Yoast SEO plugin v27.2 - https:\/\/yoast.com\/product\/yoast-seo-wordpress\/ -->\n<title>Venda de Candonga para FC Porto-Alverca aumenta, compradores ficam fora do Drag\u00e3o - Portal Tela Portugal<\/title>\n<meta name=\"robots\" content=\"index, follow, max-snippet:-1, max-image-preview:large, max-video-preview:-1\" \/>\n<meta property=\"og:locale\" content=\"pt_PT\" \/>\n<meta property=\"og:type\" content=\"article\" \/>\n<meta property=\"og:title\" content=\"Venda de Candonga para FC Porto-Alverca aumenta, compradores ficam fora do Drag\u00e3o - Portal Tela Portugal\" \/>\n<meta property=\"og:description\" content=\"O FC Porto informou que o Est\u00e1dio do Drag\u00e3o estar\u00e1 com lota\u00e7\u00e3o esgotada para receber o Alverca, na pr\u00f3xima jornada da primeira liga. A entrada s\u00f3 \u00e9 garantida para quem libertar lugares anuais para revenda dentro do processo definido pelo clube. Com a perspetiva de o Porto ser campe\u00e3o diante do Alverca, surgiram an\u00fancios de revenda de ingressos em plataformas digitais, com valores a chegar a 1.295 euros. Os compradores arriscam ficar do lado de fora do est\u00e1dio, visto que existem bilhetes revendidos ilegalmente e, nalguns casos, bilhetes falsos. O clube tem vindo a detetar revenda ilegal ao longo da \u00e9poca e casos de bilhetes falsos.\" \/>\n<meta property=\"og:url\" content=\"https:\/\/portaltela.pt\/noticias\/2026\/04\/27\/venda-de-candonga-para-fc-porto-alverca-aumenta-compradores-ficam-fora-do-dragao\/\" \/>\n<meta property=\"og:site_name\" content=\"Portal Tela Portugal\" \/>\n<meta property=\"article:published_time\" content=\"2026-04-27T21:48:21+00:00\" \/>\n<meta name=\"author\" content=\"Telinha\" \/>\n<meta name=\"twitter:card\" content=\"summary_large_image\" \/>\n<meta name=\"twitter:label1\" content=\"Escrito por\" \/>\n\t<meta name=\"twitter:data1\" content=\"Telinha\" \/>\n\t<meta name=\"twitter:label2\" content=\"Tempo estimado de leitura\" \/>\n\t<meta name=\"twitter:data2\" content=\"1 minuto\" \/>\n<script type=\"application\/ld+json\" class=\"yoast-schema-graph\">{\"@context\":\"https:\/\/schema.org\",\"@graph\":[{\"@type\":\"Article\",\"@id\":\"https:\/\/portaltela.pt\/noticias\/2026\/04\/27\/venda-de-candonga-para-fc-porto-alverca-aumenta-compradores-ficam-fora-do-dragao\/#article\",\"isPartOf\":{\"@id\":\"https:\/\/portaltela.pt\/noticias\/2026\/04\/27\/venda-de-candonga-para-fc-porto-alverca-aumenta-compradores-ficam-fora-do-dragao\/\"},\"author\":{\"name\":\"Telinha\",\"@id\":\"https:\/\/portaltela.pt\/#\/schema\/person\/c4278d4a6028830caff9ee44b42d32ed\"},\"headline\":\"Venda de Candonga para FC Porto-Alverca aumenta, compradores ficam fora do Drag\u00e3o\",\"datePublished\":\"2026-04-27T21:48:21+00:00\",\"mainEntityOfPage\":{\"@id\":\"https:\/\/portaltela.pt\/noticias\/2026\/04\/27\/venda-de-candonga-para-fc-porto-alverca-aumenta-compradores-ficam-fora-do-dragao\/\"},\"wordCount\":162,\"image\":{\"@id\":\"https:\/\/portaltela.pt\/noticias\/2026\/04\/27\/venda-de-candonga-para-fc-porto-alverca-aumenta-compradores-ficam-fora-do-dragao\/#primaryimage\"},\"thumbnailUrl\":\"https:\/\/portaltela.pt\/s.01k8rhncp4jt1\/2026\/04\/img_920x518uu2026-01-14-20-37-26-2414762-im-639129254798227576.jpg\",\"keywords\":[\"_1.\u00aa Liga\",\"_Alverca\",\"_FC Porto\",\"_futebol\",\"_Porto\",\"vendas\"],\"articleSection\":[\"Desporto\",\"Futebol\"],\"inLanguage\":\"pt-PT\"},{\"@type\":\"WebPage\",\"@id\":\"https:\/\/portaltela.pt\/noticias\/2026\/04\/27\/venda-de-candonga-para-fc-porto-alverca-aumenta-compradores-ficam-fora-do-dragao\/\",\"url\":\"https:\/\/portaltela.pt\/noticias\/2026\/04\/27\/venda-de-candonga-para-fc-porto-alverca-aumenta-compradores-ficam-fora-do-dragao\/\",\"name\":\"Venda de Candonga para FC Porto-Alverca aumenta, compradores ficam fora do Drag\u00e3o - Portal Tela Portugal\",\"isPartOf\":{\"@id\":\"https:\/\/portaltela.pt\/#website\"},\"primaryImageOfPage\":{\"@id\":\"https:\/\/portaltela.pt\/noticias\/2026\/04\/27\/venda-de-candonga-para-fc-porto-alverca-aumenta-compradores-ficam-fora-do-dragao\/#primaryimage\"},\"image\":{\"@id\":\"https:\/\/portaltela.pt\/noticias\/2026\/04\/27\/venda-de-candonga-para-fc-porto-alverca-aumenta-compradores-ficam-fora-do-dragao\/#primaryimage\"},\"thumbnailUrl\":\"https:\/\/portaltela.pt\/s.01k8rhncp4jt1\/2026\/04\/img_920x518uu2026-01-14-20-37-26-2414762-im-639129254798227576.jpg\",\"datePublished\":\"2026-04-27T21:48:21+00:00\",\"author\":{\"@id\":\"https:\/\/portaltela.pt\/#\/schema\/person\/c4278d4a6028830caff9ee44b42d32ed\"},\"breadcrumb\":{\"@id\":\"https:\/\/portaltela.pt\/noticias\/2026\/04\/27\/venda-de-candonga-para-fc-porto-alverca-aumenta-compradores-ficam-fora-do-dragao\/#breadcrumb\"},\"inLanguage\":\"pt-PT\",\"potentialAction\":[{\"@type\":\"ReadAction\",\"target\":[\"https:\/\/portaltela.pt\/noticias\/2026\/04\/27\/venda-de-candonga-para-fc-porto-alverca-aumenta-compradores-ficam-fora-do-dragao\/\"]}]},{\"@type\":\"ImageObject\",\"inLanguage\":\"pt-PT\",\"@id\":\"https:\/\/portaltela.pt\/noticias\/2026\/04\/27\/venda-de-candonga-para-fc-porto-alverca-aumenta-compradores-ficam-fora-do-dragao\/#primaryimage\",\"url\":\"https:\/\/portaltela.pt\/s.01k8rhncp4jt1\/2026\/04\/img_920x518uu2026-01-14-20-37-26-2414762-im-639129254798227576.jpg\",\"contentUrl\":\"https:\/\/portaltela.pt\/s.01k8rhncp4jt1\/2026\/04\/img_920x518uu2026-01-14-20-37-26-2414762-im-639129254798227576.jpg\",\"width\":796,\"height\":448,\"caption\":\"Est\u00e1dio do Drag\u00e3o, casa do FC Porto, cheio de adeptos\"},{\"@type\":\"BreadcrumbList\",\"@id\":\"https:\/\/portaltela.pt\/noticias\/2026\/04\/27\/venda-de-candonga-para-fc-porto-alverca-aumenta-compradores-ficam-fora-do-dragao\/#breadcrumb\",\"itemListElement\":[{\"@type\":\"ListItem\",\"position\":1,\"name\":\"In\u00edcio\",\"item\":\"https:\/\/portaltela.pt\/\"},{\"@type\":\"ListItem\",\"position\":2,\"name\":\"Venda de Candonga para FC Porto-Alverca aumenta, compradores ficam fora do Drag\u00e3o\"}]},{\"@type\":\"WebSite\",\"@id\":\"https:\/\/portaltela.pt\/#website\",\"url\":\"https:\/\/portaltela.pt\/\",\"name\":\"Portal Tela Portugal\",\"description\":\"\",\"potentialAction\":[{\"@type\":\"SearchAction\",\"target\":{\"@type\":\"EntryPoint\",\"urlTemplate\":\"https:\/\/portaltela.pt\/?s={search_term_string}\"},\"query-input\":{\"@type\":\"PropertyValueSpecification\",\"valueRequired\":true,\"valueName\":\"search_term_string\"}}],\"inLanguage\":\"pt-PT\"},{\"@type\":\"Person\",\"@id\":\"https:\/\/portaltela.pt\/#\/schema\/person\/c4278d4a6028830caff9ee44b42d32ed\",\"name\":\"Telinha\",\"image\":{\"@type\":\"ImageObject\",\"inLanguage\":\"pt-PT\",\"@id\":\"https:\/\/portaltela.pt\/s.01k8rhncp4jt1\/2025\/11\/talking-bot-125x125.png\",\"url\":\"https:\/\/portaltela.pt\/s.01k8rhncp4jt1\/2025\/11\/talking-bot-125x125.png\",\"contentUrl\":\"https:\/\/portaltela.pt\/s.01k8rhncp4jt1\/2025\/11\/talking-bot-125x125.png\",\"caption\":\"Telinha\"},\"sameAs\":[\"https:\/\/portaltela.pt\/\"],\"url\":\"https:\/\/portaltela.pt\/por\/367410592786\/\"}]}<\/script>\n<!-- \/ Yoast SEO plugin. -->","yoast_head_json":{"title":"Venda de Candonga para FC Porto-Alverca aumenta, compradores ficam fora do Drag\u00e3o - Portal Tela Portugal","robots":{"index":"index","follow":"follow","max-snippet":"max-snippet:-1","max-image-preview":"max-image-preview:large","max-video-preview":"max-video-preview:-1"},"og_locale":"pt_PT","og_type":"article","og_title":"Venda de Candonga para FC Porto-Alverca aumenta, compradores ficam fora do Drag\u00e3o - Portal Tela Portugal","og_description":"O FC Porto informou que o Est\u00e1dio do Drag\u00e3o estar\u00e1 com lota\u00e7\u00e3o esgotada para receber o Alverca, na pr\u00f3xima jornada da primeira liga. A entrada s\u00f3 \u00e9 garantida para quem libertar lugares anuais para revenda dentro do processo definido pelo clube. Com a perspetiva de o Porto ser campe\u00e3o diante do Alverca, surgiram an\u00fancios de revenda de ingressos em plataformas digitais, com valores a chegar a 1.295 euros. Os compradores arriscam ficar do lado de fora do est\u00e1dio, visto que existem bilhetes revendidos ilegalmente e, nalguns casos, bilhetes falsos. O clube tem vindo a detetar revenda ilegal ao longo da \u00e9poca e casos de bilhetes falsos.","og_url":"https:\/\/portaltela.pt\/noticias\/2026\/04\/27\/venda-de-candonga-para-fc-porto-alverca-aumenta-compradores-ficam-fora-do-dragao\/","og_site_name":"Portal Tela Portugal","article_published_time":"2026-04-27T21:48:21+00:00","author":"Telinha","twitter_card":"summary_large_image","twitter_misc":{"Escrito por":"Telinha","Tempo estimado de leitura":"1 minuto"},"schema":{"@context":"https:\/\/schema.org","@graph":[{"@type":"Article","@id":"https:\/\/portaltela.pt\/noticias\/2026\/04\/27\/venda-de-candonga-para-fc-porto-alverca-aumenta-compradores-ficam-fora-do-dragao\/#article","isPartOf":{"@id":"https:\/\/portaltela.pt\/noticias\/2026\/04\/27\/venda-de-candonga-para-fc-porto-alverca-aumenta-compradores-ficam-fora-do-dragao\/"},"author":{"name":"Telinha","@id":"https:\/\/portaltela.pt\/#\/schema\/person\/c4278d4a6028830caff9ee44b42d32ed"},"headline":"Venda de Candonga para FC Porto-Alverca aumenta, compradores ficam fora do Drag\u00e3o","datePublished":"2026-04-27T21:48:21+00:00","mainEntityOfPage":{"@id":"https:\/\/portaltela.pt\/noticias\/2026\/04\/27\/venda-de-candonga-para-fc-porto-alverca-aumenta-compradores-ficam-fora-do-dragao\/"},"wordCount":162,"image":{"@id":"https:\/\/portaltela.pt\/noticias\/2026\/04\/27\/venda-de-candonga-para-fc-porto-alverca-aumenta-compradores-ficam-fora-do-dragao\/#primaryimage"},"thumbnailUrl":"https:\/\/portaltela.pt\/s.01k8rhncp4jt1\/2026\/04\/img_920x518uu2026-01-14-20-37-26-2414762-im-639129254798227576.jpg","keywords":["_1.\u00aa Liga","_Alverca","_FC Porto","_futebol","_Porto","vendas"],"articleSection":["Desporto","Futebol"],"inLanguage":"pt-PT"},{"@type":"WebPage","@id":"https:\/\/portaltela.pt\/noticias\/2026\/04\/27\/venda-de-candonga-para-fc-porto-alverca-aumenta-compradores-ficam-fora-do-dragao\/","url":"https:\/\/portaltela.pt\/noticias\/2026\/04\/27\/venda-de-candonga-para-fc-porto-alverca-aumenta-compradores-ficam-fora-do-dragao\/","name":"Venda de Candonga para FC Porto-Alverca aumenta, compradores ficam fora do Drag\u00e3o - Portal Tela Portugal","isPartOf":{"@id":"https:\/\/portaltela.pt\/#website"},"primaryImageOfPage":{"@id":"https:\/\/portaltela.pt\/noticias\/2026\/04\/27\/venda-de-candonga-para-fc-porto-alverca-aumenta-compradores-ficam-fora-do-dragao\/#primaryimage"},"image":{"@id":"https:\/\/portaltela.pt\/noticias\/2026\/04\/27\/venda-de-candonga-para-fc-porto-alverca-aumenta-compradores-ficam-fora-do-dragao\/#primaryimage"},"thumbnailUrl":"https:\/\/portaltela.pt\/s.01k8rhncp4jt1\/2026\/04\/img_920x518uu2026-01-14-20-37-26-2414762-im-639129254798227576.jpg","datePublished":"2026-04-27T21:48:21+00:00","author":{"@id":"https:\/\/portaltela.pt\/#\/schema\/person\/c4278d4a6028830caff9ee44b42d32ed"},"breadcrumb":{"@id":"https:\/\/portaltela.pt\/noticias\/2026\/04\/27\/venda-de-candonga-para-fc-porto-alverca-aumenta-compradores-ficam-fora-do-dragao\/#breadcrumb"},"inLanguage":"pt-PT","potentialAction":[{"@type":"ReadAction","target":["https:\/\/portaltela.pt\/noticias\/2026\/04\/27\/venda-de-candonga-para-fc-porto-alverca-aumenta-compradores-ficam-fora-do-dragao\/"]}]},{"@type":"ImageObject","inLanguage":"pt-PT","@id":"https:\/\/portaltela.pt\/noticias\/2026\/04\/27\/venda-de-candonga-para-fc-porto-alverca-aumenta-compradores-ficam-fora-do-dragao\/#primaryimage","url":"https:\/\/portaltela.pt\/s.01k8rhncp4jt1\/2026\/04\/img_920x518uu2026-01-14-20-37-26-2414762-im-639129254798227576.jpg","contentUrl":"https:\/\/portaltela.pt\/s.01k8rhncp4jt1\/2026\/04\/img_920x518uu2026-01-14-20-37-26-2414762-im-639129254798227576.jpg","width":796,"height":448,"caption":"Est\u00e1dio do Drag\u00e3o, casa do FC Porto, cheio de adeptos"},{"@type":"BreadcrumbList","@id":"https:\/\/portaltela.pt\/noticias\/2026\/04\/27\/venda-de-candonga-para-fc-porto-alverca-aumenta-compradores-ficam-fora-do-dragao\/#breadcrumb","itemListElement":[{"@type":"ListItem","position":1,"name":"In\u00edcio","item":"https:\/\/portaltela.pt\/"},{"@type":"ListItem","position":2,"name":"Venda de Candonga para FC Porto-Alverca aumenta, compradores ficam fora do Drag\u00e3o"}]},{"@type":"WebSite","@id":"https:\/\/portaltela.pt\/#website","url":"https:\/\/portaltela.pt\/","name":"Portal Tela Portugal","description":"","potentialAction":[{"@type":"SearchAction","target":{"@type":"EntryPoint","urlTemplate":"https:\/\/portaltela.pt\/?s={search_term_string}"},"query-input":{"@type":"PropertyValueSpecification","valueRequired":true,"valueName":"search_term_string"}}],"inLanguage":"pt-PT"},{"@type":"Person","@id":"https:\/\/portaltela.pt\/#\/schema\/person\/c4278d4a6028830caff9ee44b42d32ed","name":"Telinha","image":{"@type":"ImageObject","inLanguage":"pt-PT","@id":"https:\/\/portaltela.pt\/s.01k8rhncp4jt1\/2025\/11\/talking-bot-125x125.png","url":"https:\/\/portaltela.pt\/s.01k8rhncp4jt1\/2025\/11\/talking-bot-125x125.png","contentUrl":"https:\/\/portaltela.pt\/s.01k8rhncp4jt1\/2025\/11\/talking-bot-125x125.png","caption":"Telinha"},"sameAs":["https:\/\/portaltela.pt\/"],"url":"https:\/\/portaltela.pt\/por\/367410592786\/"}]}},"_links":{"self":[{"href":"https:\/\/portaltela.pt\/api\/wp\/v2\/posts\/458990","targetHints":{"allow":["GET"]}}],"collection":[{"href":"https:\/\/portaltela.pt\/api\/wp\/v2\/posts"}],"about":[{"href":"https:\/\/portaltela.pt\/api\/wp\/v2\/types\/post"}],"author":[{"embeddable":true,"href":"https:\/\/portaltela.pt\/api\/wp\/v2\/users\/2"}],"replies":[{"embeddable":true,"href":"https:\/\/portaltela.pt\/api\/wp\/v2\/comments?post=458990"}],"version-history":[{"count":0,"href":"https:\/\/portaltela.pt\/api\/wp\/v2\/posts\/458990\/revisions"}],"wp:featuredmedia":[{"embeddable":true,"href":"https:\/\/portaltela.pt\/api\/wp\/v2\/media\/458994"}],"wp:attachment":[{"href":"https:\/\/portaltela.pt\/api\/wp\/v2\/media?parent=458990"}],"wp:term":[{"taxonomy":"category","embeddable":true,"href":"https:\/\/portaltela.pt\/api\/wp\/v2\/categories?post=458990"},{"taxonomy":"post_tag","embeddable":true,"href":"https:\/\/portaltela.pt\/api\/wp\/v2\/tags?post=458990"}],"curies":[{"name":"wp","href":"https:\/\/api.w.org\/{rel}","templated":true}]}}