{"id":458977,"date":"2026-04-27T18:33:02","date_gmt":"2026-04-27T21:33:02","guid":{"rendered":"https:\/\/portaltela.pt\/noticias\/2026\/04\/27\/benfica-mostra-bastidores-da-conquista-da-taca-de-portugal-de-futsal\/"},"modified":"2026-04-27T18:33:02","modified_gmt":"2026-04-27T21:33:02","slug":"benfica-mostra-bastidores-da-conquista-da-taca-de-portugal-de-futsal","status":"publish","type":"post","link":"https:\/\/portaltela.pt\/desporto\/futebol\/2026\/04\/27\/benfica-mostra-bastidores-da-conquista-da-taca-de-portugal-de-futsal\/","title":{"rendered":"Benfica mostra bastidores da conquista da Ta\u00e7a de Portugal de futsal"},"content":{"rendered":"<p>Horas depois do triunfo frente ao Sporting e da conquista da Ta\u00e7a de Portugal de futsal, o Benfica partilhou os bastidores da fase final da prova disputada em Gondomar.<\/p>\n<p>Desde os lances cruciais do d\u00e9rbi at\u00e9 \u00e0 festa dos jogadores e dos adeptos nas bancadas, o clube mostra momentos de grande euforia. O conte\u00fado apresentado acompanha a equipa na reta final do torneio.<\/p>\n<p>O t\u00edtulo de Portugal de futsal soma-se ao trof\u00e9u j\u00e1 conquistado na Ta\u00e7a da Liga, fortalecendo o palmar\u00e9s da passagem da \u00e9poca. A divulga\u00e7\u00e3o enquadra-se no registo de bastidores da campanha vitoriosa.<\/p>\n","protected":false},"excerpt":{"rendered":"<ul>\n<li>O Benfica conquistou a Ta\u00e7a de Portugal de futsal ao vencer o Sporting, horas ap\u00f3s o triunfo na final.<\/li>\n<li>A prova foi disputada na fase final realizada em Gondomar.<\/li>\n<li>A equipa partilhou bastidores do d\u00e9rbi, incluindo lances cruciais e a celebra\u00e7\u00e3o dos jogadores.<\/li>\n<li>Os v\u00eddeos mostram a festa nas bancadas e a euforia dos adepi tos encarnados.<\/li>\n<li>Este trof\u00e9u junta-se \u00e0 Ta\u00e7a da Liga na cole\u00e7\u00e3o de conquistas do Benfica.<\/li>\n<\/ul>\n","protected":false},"author":2,"featured_media":458982,"comment_status":"closed","ping_status":"closed","sticky":false,"template":"","format":"standard","meta":{"footnotes":""},"categories":[21,24],"tags":[1946,161,1243,1172,1266],"class_list":["post-458977","post","type-post","status-publish","format-standard","has-post-thumbnail","hentry","category-desporto","category-futebol","tag-benfica","tag-futsal","tag-gondomar","tag-taca-da-liga","tag-taca-de-portugal"],"yoast_head":"<!-- This site is optimized with the Yoast SEO plugin v27.2 - https:\/\/yoast.com\/product\/yoast-seo-wordpress\/ -->\n<title>Benfica mostra bastidores da conquista da Ta\u00e7a de Portugal de futsal - Portal Tela Portugal<\/title>\n<meta name=\"robots\" content=\"index, follow, max-snippet:-1, max-image-preview:large, max-video-preview:-1\" \/>\n<meta property=\"og:locale\" content=\"pt_PT\" \/>\n<meta property=\"og:type\" content=\"article\" \/>\n<meta property=\"og:title\" content=\"Benfica mostra bastidores da conquista da Ta\u00e7a de Portugal de futsal - Portal Tela Portugal\" \/>\n<meta property=\"og:description\" content=\"O Benfica conquistou a Ta\u00e7a de Portugal de futsal ao vencer o Sporting, horas ap\u00f3s o triunfo na final. A prova foi disputada na fase final realizada em Gondomar. A equipa partilhou bastidores do d\u00e9rbi, incluindo lances cruciais e a celebra\u00e7\u00e3o dos jogadores. Os v\u00eddeos mostram a festa nas bancadas e a euforia dos adepi tos encarnados. Este trof\u00e9u junta-se \u00e0 Ta\u00e7a da Liga na cole\u00e7\u00e3o de conquistas do Benfica.\" \/>\n<meta property=\"og:url\" content=\"https:\/\/portaltela.pt\/noticias\/2026\/04\/27\/benfica-mostra-bastidores-da-conquista-da-taca-de-portugal-de-futsal\/\" \/>\n<meta property=\"og:site_name\" content=\"Portal Tela Portugal\" \/>\n<meta property=\"article:published_time\" content=\"2026-04-27T21:33:02+00:00\" \/>\n<meta name=\"author\" content=\"Telinha\" \/>\n<meta name=\"twitter:card\" content=\"summary_large_image\" \/>\n<meta name=\"twitter:label1\" content=\"Escrito por\" \/>\n\t<meta name=\"twitter:data1\" content=\"Telinha\" \/>\n\t<meta name=\"twitter:label2\" content=\"Tempo estimado de leitura\" \/>\n\t<meta name=\"twitter:data2\" content=\"1 minuto\" \/>\n<script type=\"application\/ld+json\" class=\"yoast-schema-graph\">{\"@context\":\"https:\/\/schema.org\",\"@graph\":[{\"@type\":\"Article\",\"@id\":\"https:\/\/portaltela.pt\/noticias\/2026\/04\/27\/benfica-mostra-bastidores-da-conquista-da-taca-de-portugal-de-futsal\/#article\",\"isPartOf\":{\"@id\":\"https:\/\/portaltela.pt\/noticias\/2026\/04\/27\/benfica-mostra-bastidores-da-conquista-da-taca-de-portugal-de-futsal\/\"},\"author\":{\"name\":\"Telinha\",\"@id\":\"https:\/\/portaltela.pt\/#\/schema\/person\/c4278d4a6028830caff9ee44b42d32ed\"},\"headline\":\"Benfica mostra bastidores da conquista da Ta\u00e7a de Portugal de futsal\",\"datePublished\":\"2026-04-27T21:33:02+00:00\",\"mainEntityOfPage\":{\"@id\":\"https:\/\/portaltela.pt\/noticias\/2026\/04\/27\/benfica-mostra-bastidores-da-conquista-da-taca-de-portugal-de-futsal\/\"},\"wordCount\":114,\"image\":{\"@id\":\"https:\/\/portaltela.pt\/noticias\/2026\/04\/27\/benfica-mostra-bastidores-da-conquista-da-taca-de-portugal-de-futsal\/#primaryimage\"},\"thumbnailUrl\":\"https:\/\/portaltela.pt\/s.01k8rhncp4jt1\/2026\/04\/img_293x165uu2026-04-27-22-11-30-2435652.jpg\",\"keywords\":[\"Benfica\",\"futsal\",\"Gondomar\",\"Ta\u00e7a da Liga\",\"Ta\u00e7a de Portugal\"],\"articleSection\":[\"Desporto\",\"Futebol\"],\"inLanguage\":\"pt-PT\"},{\"@type\":\"WebPage\",\"@id\":\"https:\/\/portaltela.pt\/noticias\/2026\/04\/27\/benfica-mostra-bastidores-da-conquista-da-taca-de-portugal-de-futsal\/\",\"url\":\"https:\/\/portaltela.pt\/noticias\/2026\/04\/27\/benfica-mostra-bastidores-da-conquista-da-taca-de-portugal-de-futsal\/\",\"name\":\"Benfica mostra bastidores da conquista da Ta\u00e7a de Portugal de futsal - Portal Tela Portugal\",\"isPartOf\":{\"@id\":\"https:\/\/portaltela.pt\/#website\"},\"primaryImageOfPage\":{\"@id\":\"https:\/\/portaltela.pt\/noticias\/2026\/04\/27\/benfica-mostra-bastidores-da-conquista-da-taca-de-portugal-de-futsal\/#primaryimage\"},\"image\":{\"@id\":\"https:\/\/portaltela.pt\/noticias\/2026\/04\/27\/benfica-mostra-bastidores-da-conquista-da-taca-de-portugal-de-futsal\/#primaryimage\"},\"thumbnailUrl\":\"https:\/\/portaltela.pt\/s.01k8rhncp4jt1\/2026\/04\/img_293x165uu2026-04-27-22-11-30-2435652.jpg\",\"datePublished\":\"2026-04-27T21:33:02+00:00\",\"author\":{\"@id\":\"https:\/\/portaltela.pt\/#\/schema\/person\/c4278d4a6028830caff9ee44b42d32ed\"},\"breadcrumb\":{\"@id\":\"https:\/\/portaltela.pt\/noticias\/2026\/04\/27\/benfica-mostra-bastidores-da-conquista-da-taca-de-portugal-de-futsal\/#breadcrumb\"},\"inLanguage\":\"pt-PT\",\"potentialAction\":[{\"@type\":\"ReadAction\",\"target\":[\"https:\/\/portaltela.pt\/noticias\/2026\/04\/27\/benfica-mostra-bastidores-da-conquista-da-taca-de-portugal-de-futsal\/\"]}]},{\"@type\":\"ImageObject\",\"inLanguage\":\"pt-PT\",\"@id\":\"https:\/\/portaltela.pt\/noticias\/2026\/04\/27\/benfica-mostra-bastidores-da-conquista-da-taca-de-portugal-de-futsal\/#primaryimage\",\"url\":\"https:\/\/portaltela.pt\/s.01k8rhncp4jt1\/2026\/04\/img_293x165uu2026-04-27-22-11-30-2435652.jpg\",\"contentUrl\":\"https:\/\/portaltela.pt\/s.01k8rhncp4jt1\/2026\/04\/img_293x165uu2026-04-27-22-11-30-2435652.jpg\",\"width\":796,\"height\":448,\"caption\":\"\u00abA verdadeira for\u00e7a de uma equipa \u00e9 esta...\u00bb: Benfica mostra bastidores da conquista da Ta\u00e7a de Portugal de futsal\"},{\"@type\":\"BreadcrumbList\",\"@id\":\"https:\/\/portaltela.pt\/noticias\/2026\/04\/27\/benfica-mostra-bastidores-da-conquista-da-taca-de-portugal-de-futsal\/#breadcrumb\",\"itemListElement\":[{\"@type\":\"ListItem\",\"position\":1,\"name\":\"In\u00edcio\",\"item\":\"https:\/\/portaltela.pt\/\"},{\"@type\":\"ListItem\",\"position\":2,\"name\":\"Benfica mostra bastidores da conquista da Ta\u00e7a de Portugal de futsal\"}]},{\"@type\":\"WebSite\",\"@id\":\"https:\/\/portaltela.pt\/#website\",\"url\":\"https:\/\/portaltela.pt\/\",\"name\":\"Portal Tela Portugal\",\"description\":\"\",\"potentialAction\":[{\"@type\":\"SearchAction\",\"target\":{\"@type\":\"EntryPoint\",\"urlTemplate\":\"https:\/\/portaltela.pt\/?s={search_term_string}\"},\"query-input\":{\"@type\":\"PropertyValueSpecification\",\"valueRequired\":true,\"valueName\":\"search_term_string\"}}],\"inLanguage\":\"pt-PT\"},{\"@type\":\"Person\",\"@id\":\"https:\/\/portaltela.pt\/#\/schema\/person\/c4278d4a6028830caff9ee44b42d32ed\",\"name\":\"Telinha\",\"image\":{\"@type\":\"ImageObject\",\"inLanguage\":\"pt-PT\",\"@id\":\"https:\/\/portaltela.pt\/s.01k8rhncp4jt1\/2025\/11\/talking-bot-125x125.png\",\"url\":\"https:\/\/portaltela.pt\/s.01k8rhncp4jt1\/2025\/11\/talking-bot-125x125.png\",\"contentUrl\":\"https:\/\/portaltela.pt\/s.01k8rhncp4jt1\/2025\/11\/talking-bot-125x125.png\",\"caption\":\"Telinha\"},\"sameAs\":[\"https:\/\/portaltela.pt\/\"],\"url\":\"https:\/\/portaltela.pt\/por\/367410592786\/\"}]}<\/script>\n<!-- \/ Yoast SEO plugin. -->","yoast_head_json":{"title":"Benfica mostra bastidores da conquista da Ta\u00e7a de Portugal de futsal - Portal Tela Portugal","robots":{"index":"index","follow":"follow","max-snippet":"max-snippet:-1","max-image-preview":"max-image-preview:large","max-video-preview":"max-video-preview:-1"},"og_locale":"pt_PT","og_type":"article","og_title":"Benfica mostra bastidores da conquista da Ta\u00e7a de Portugal de futsal - Portal Tela Portugal","og_description":"O Benfica conquistou a Ta\u00e7a de Portugal de futsal ao vencer o Sporting, horas ap\u00f3s o triunfo na final. A prova foi disputada na fase final realizada em Gondomar. A equipa partilhou bastidores do d\u00e9rbi, incluindo lances cruciais e a celebra\u00e7\u00e3o dos jogadores. Os v\u00eddeos mostram a festa nas bancadas e a euforia dos adepi tos encarnados. Este trof\u00e9u junta-se \u00e0 Ta\u00e7a da Liga na cole\u00e7\u00e3o de conquistas do Benfica.","og_url":"https:\/\/portaltela.pt\/noticias\/2026\/04\/27\/benfica-mostra-bastidores-da-conquista-da-taca-de-portugal-de-futsal\/","og_site_name":"Portal Tela Portugal","article_published_time":"2026-04-27T21:33:02+00:00","author":"Telinha","twitter_card":"summary_large_image","twitter_misc":{"Escrito por":"Telinha","Tempo estimado de leitura":"1 minuto"},"schema":{"@context":"https:\/\/schema.org","@graph":[{"@type":"Article","@id":"https:\/\/portaltela.pt\/noticias\/2026\/04\/27\/benfica-mostra-bastidores-da-conquista-da-taca-de-portugal-de-futsal\/#article","isPartOf":{"@id":"https:\/\/portaltela.pt\/noticias\/2026\/04\/27\/benfica-mostra-bastidores-da-conquista-da-taca-de-portugal-de-futsal\/"},"author":{"name":"Telinha","@id":"https:\/\/portaltela.pt\/#\/schema\/person\/c4278d4a6028830caff9ee44b42d32ed"},"headline":"Benfica mostra bastidores da conquista da Ta\u00e7a de Portugal de futsal","datePublished":"2026-04-27T21:33:02+00:00","mainEntityOfPage":{"@id":"https:\/\/portaltela.pt\/noticias\/2026\/04\/27\/benfica-mostra-bastidores-da-conquista-da-taca-de-portugal-de-futsal\/"},"wordCount":114,"image":{"@id":"https:\/\/portaltela.pt\/noticias\/2026\/04\/27\/benfica-mostra-bastidores-da-conquista-da-taca-de-portugal-de-futsal\/#primaryimage"},"thumbnailUrl":"https:\/\/portaltela.pt\/s.01k8rhncp4jt1\/2026\/04\/img_293x165uu2026-04-27-22-11-30-2435652.jpg","keywords":["Benfica","futsal","Gondomar","Ta\u00e7a da Liga","Ta\u00e7a de Portugal"],"articleSection":["Desporto","Futebol"],"inLanguage":"pt-PT"},{"@type":"WebPage","@id":"https:\/\/portaltela.pt\/noticias\/2026\/04\/27\/benfica-mostra-bastidores-da-conquista-da-taca-de-portugal-de-futsal\/","url":"https:\/\/portaltela.pt\/noticias\/2026\/04\/27\/benfica-mostra-bastidores-da-conquista-da-taca-de-portugal-de-futsal\/","name":"Benfica mostra bastidores da conquista da Ta\u00e7a de Portugal de futsal - Portal Tela Portugal","isPartOf":{"@id":"https:\/\/portaltela.pt\/#website"},"primaryImageOfPage":{"@id":"https:\/\/portaltela.pt\/noticias\/2026\/04\/27\/benfica-mostra-bastidores-da-conquista-da-taca-de-portugal-de-futsal\/#primaryimage"},"image":{"@id":"https:\/\/portaltela.pt\/noticias\/2026\/04\/27\/benfica-mostra-bastidores-da-conquista-da-taca-de-portugal-de-futsal\/#primaryimage"},"thumbnailUrl":"https:\/\/portaltela.pt\/s.01k8rhncp4jt1\/2026\/04\/img_293x165uu2026-04-27-22-11-30-2435652.jpg","datePublished":"2026-04-27T21:33:02+00:00","author":{"@id":"https:\/\/portaltela.pt\/#\/schema\/person\/c4278d4a6028830caff9ee44b42d32ed"},"breadcrumb":{"@id":"https:\/\/portaltela.pt\/noticias\/2026\/04\/27\/benfica-mostra-bastidores-da-conquista-da-taca-de-portugal-de-futsal\/#breadcrumb"},"inLanguage":"pt-PT","potentialAction":[{"@type":"ReadAction","target":["https:\/\/portaltela.pt\/noticias\/2026\/04\/27\/benfica-mostra-bastidores-da-conquista-da-taca-de-portugal-de-futsal\/"]}]},{"@type":"ImageObject","inLanguage":"pt-PT","@id":"https:\/\/portaltela.pt\/noticias\/2026\/04\/27\/benfica-mostra-bastidores-da-conquista-da-taca-de-portugal-de-futsal\/#primaryimage","url":"https:\/\/portaltela.pt\/s.01k8rhncp4jt1\/2026\/04\/img_293x165uu2026-04-27-22-11-30-2435652.jpg","contentUrl":"https:\/\/portaltela.pt\/s.01k8rhncp4jt1\/2026\/04\/img_293x165uu2026-04-27-22-11-30-2435652.jpg","width":796,"height":448,"caption":"\u00abA verdadeira for\u00e7a de uma equipa \u00e9 esta...\u00bb: Benfica mostra bastidores da conquista da Ta\u00e7a de Portugal de futsal"},{"@type":"BreadcrumbList","@id":"https:\/\/portaltela.pt\/noticias\/2026\/04\/27\/benfica-mostra-bastidores-da-conquista-da-taca-de-portugal-de-futsal\/#breadcrumb","itemListElement":[{"@type":"ListItem","position":1,"name":"In\u00edcio","item":"https:\/\/portaltela.pt\/"},{"@type":"ListItem","position":2,"name":"Benfica mostra bastidores da conquista da Ta\u00e7a de Portugal de futsal"}]},{"@type":"WebSite","@id":"https:\/\/portaltela.pt\/#website","url":"https:\/\/portaltela.pt\/","name":"Portal Tela Portugal","description":"","potentialAction":[{"@type":"SearchAction","target":{"@type":"EntryPoint","urlTemplate":"https:\/\/portaltela.pt\/?s={search_term_string}"},"query-input":{"@type":"PropertyValueSpecification","valueRequired":true,"valueName":"search_term_string"}}],"inLanguage":"pt-PT"},{"@type":"Person","@id":"https:\/\/portaltela.pt\/#\/schema\/person\/c4278d4a6028830caff9ee44b42d32ed","name":"Telinha","image":{"@type":"ImageObject","inLanguage":"pt-PT","@id":"https:\/\/portaltela.pt\/s.01k8rhncp4jt1\/2025\/11\/talking-bot-125x125.png","url":"https:\/\/portaltela.pt\/s.01k8rhncp4jt1\/2025\/11\/talking-bot-125x125.png","contentUrl":"https:\/\/portaltela.pt\/s.01k8rhncp4jt1\/2025\/11\/talking-bot-125x125.png","caption":"Telinha"},"sameAs":["https:\/\/portaltela.pt\/"],"url":"https:\/\/portaltela.pt\/por\/367410592786\/"}]}},"_links":{"self":[{"href":"https:\/\/portaltela.pt\/api\/wp\/v2\/posts\/458977","targetHints":{"allow":["GET"]}}],"collection":[{"href":"https:\/\/portaltela.pt\/api\/wp\/v2\/posts"}],"about":[{"href":"https:\/\/portaltela.pt\/api\/wp\/v2\/types\/post"}],"author":[{"embeddable":true,"href":"https:\/\/portaltela.pt\/api\/wp\/v2\/users\/2"}],"replies":[{"embeddable":true,"href":"https:\/\/portaltela.pt\/api\/wp\/v2\/comments?post=458977"}],"version-history":[{"count":0,"href":"https:\/\/portaltela.pt\/api\/wp\/v2\/posts\/458977\/revisions"}],"wp:featuredmedia":[{"embeddable":true,"href":"https:\/\/portaltela.pt\/api\/wp\/v2\/media\/458982"}],"wp:attachment":[{"href":"https:\/\/portaltela.pt\/api\/wp\/v2\/media?parent=458977"}],"wp:term":[{"taxonomy":"category","embeddable":true,"href":"https:\/\/portaltela.pt\/api\/wp\/v2\/categories?post=458977"},{"taxonomy":"post_tag","embeddable":true,"href":"https:\/\/portaltela.pt\/api\/wp\/v2\/tags?post=458977"}],"curies":[{"name":"wp","href":"https:\/\/api.w.org\/{rel}","templated":true}]}}