{"id":458976,"date":"2026-04-27T17:59:00","date_gmt":"2026-04-27T20:59:00","guid":{"rendered":"https:\/\/portaltela.pt\/noticias\/2026\/04\/27\/fundo-norte-americano-adquire-16-da-benfica-sad-de-jose-antonio-dos-santos\/"},"modified":"2026-04-27T17:59:00","modified_gmt":"2026-04-27T20:59:00","slug":"fundo-norte-americano-adquire-16-da-benfica-sad-de-jose-antonio-dos-santos","status":"publish","type":"post","link":"https:\/\/portaltela.pt\/noticias\/economia\/2026\/04\/27\/fundo-norte-americano-adquire-16-da-benfica-sad-de-jose-antonio-dos-santos\/","title":{"rendered":"Fundo norte-americano adquire 16% da Benfica SAD de Jos\u00e9 Ant\u00f3nio dos Santos"},"content":{"rendered":"<p>O empres\u00e1rio Jos\u00e9 Ant\u00f3nio dos Santos, presidente do Grupo Valouro, vendeu 16,38% da Benfica SAD ao fundo norte\u2011americano Entrepreneur Equity Partners. A opera\u00e7\u00e3o foi comunicada pela pr\u00f3pria Benfica SAD ao mercado.<\/p>\n<p>O montante representa uma participa\u00e7\u00e3o significativa na sociedade desportiva, descrita pela Benfica como parte de uma estrat\u00e9gia de financiamento e gest\u00e3o de capital. A identidade do comprador foi confirmada pela administradora.<\/p>\n<p>Segundo o comunicado, o neg\u00f3cio envolve a transfer\u00eancia da participa\u00e7\u00e3o detida por Jos\u00e9 Ant\u00f3nio dos Santos na Benfica SAD, com termos financeiros n\u00e3o revelados publicamente. A transa\u00e7\u00e3o ocorre num contexto de investidores internacionais no futebol portugu\u00eas.<\/p>\n<p>Entre os destinat\u00e1rios do investimento, o fundo norte\u2011americano \u00e9 apresentado como parte de uma carteira diversificada em ativos desportivos, com interesse em clubes e estruturas associadas. N\u00e3o foram avan\u00e7adas outras condi\u00e7\u00f5es contratuais.<\/p>\n<p>A Benfica SAD n\u00e3o detalhou impactos operacionais imediatos sobre a gest\u00e3o ou a equipa desportiva. O mercado aguarda eventuais informa\u00e7\u00f5es adicionais sobre governan\u00e7a e estrat\u00e9gias de longo prazo associadas \u00e0 nova participa\u00e7\u00e3o.<\/p>\n","protected":false},"excerpt":{"rendered":"<ul>\n<li>Um fundo norte-americano, Entrepreneur Equity Partners, comprou 16,38% da Benfica SAD a Jos\u00e9 Ant\u00f3nio dos Santos.<\/li>\n<li>O an\u00fancio foi feito hoje ao mercado pelas pr\u00f3prias \u00e1guias.<\/li>\n<li>Jos\u00e9 Ant\u00f3nio dos Santos \u00e9 presidente do Grupo Valouro.<\/li>\n<li>A transa\u00e7\u00e3o envolve a venda da participa\u00e7\u00e3o do empres\u00e1rio na Benfica SAD.<\/li>\n<\/ul>\n","protected":false},"author":2,"featured_media":458979,"comment_status":"closed","ping_status":"closed","sticky":false,"template":"","format":"standard","meta":{"footnotes":""},"categories":[2,6735],"tags":[3972,1600,7456,5079,316,2552],"class_list":["post-458976","post","type-post","status-publish","format-standard","has-post-thumbnail","hentry","category-economia","category-negocios","tag-benfica-sad","tag-estados-unidos","tag-fundos","tag-investidores-internacionais","tag-investimento","tag-transacoes-internacionais"],"yoast_head":"<!-- This site is optimized with the Yoast SEO plugin v27.2 - https:\/\/yoast.com\/product\/yoast-seo-wordpress\/ -->\n<title>Fundo norte-americano adquire 16% da Benfica SAD de Jos\u00e9 Ant\u00f3nio dos Santos - Portal Tela Portugal<\/title>\n<meta name=\"robots\" content=\"index, follow, max-snippet:-1, max-image-preview:large, max-video-preview:-1\" \/>\n<meta property=\"og:locale\" content=\"pt_PT\" \/>\n<meta property=\"og:type\" content=\"article\" \/>\n<meta property=\"og:title\" content=\"Fundo norte-americano adquire 16% da Benfica SAD de Jos\u00e9 Ant\u00f3nio dos Santos - Portal Tela Portugal\" \/>\n<meta property=\"og:description\" content=\"Um fundo norte-americano, Entrepreneur Equity Partners, comprou 16,38% da Benfica SAD a Jos\u00e9 Ant\u00f3nio dos Santos. O an\u00fancio foi feito hoje ao mercado pelas pr\u00f3prias \u00e1guias. Jos\u00e9 Ant\u00f3nio dos Santos \u00e9 presidente do Grupo Valouro. A transa\u00e7\u00e3o envolve a venda da participa\u00e7\u00e3o do empres\u00e1rio na Benfica SAD.\" \/>\n<meta property=\"og:url\" content=\"https:\/\/portaltela.pt\/noticias\/2026\/04\/27\/fundo-norte-americano-adquire-16-da-benfica-sad-de-jose-antonio-dos-santos\/\" \/>\n<meta property=\"og:site_name\" content=\"Portal Tela Portugal\" \/>\n<meta property=\"article:published_time\" content=\"2026-04-27T20:59:00+00:00\" \/>\n<meta name=\"author\" content=\"Telinha\" \/>\n<meta name=\"twitter:card\" content=\"summary_large_image\" \/>\n<meta name=\"twitter:label1\" content=\"Escrito por\" \/>\n\t<meta name=\"twitter:data1\" content=\"Telinha\" \/>\n\t<meta name=\"twitter:label2\" content=\"Tempo estimado de leitura\" \/>\n\t<meta name=\"twitter:data2\" content=\"1 minuto\" \/>\n<script type=\"application\/ld+json\" class=\"yoast-schema-graph\">{\"@context\":\"https:\/\/schema.org\",\"@graph\":[{\"@type\":\"Article\",\"@id\":\"https:\/\/portaltela.pt\/noticias\/2026\/04\/27\/fundo-norte-americano-adquire-16-da-benfica-sad-de-jose-antonio-dos-santos\/#article\",\"isPartOf\":{\"@id\":\"https:\/\/portaltela.pt\/noticias\/2026\/04\/27\/fundo-norte-americano-adquire-16-da-benfica-sad-de-jose-antonio-dos-santos\/\"},\"author\":{\"name\":\"Telinha\",\"@id\":\"https:\/\/portaltela.pt\/#\/schema\/person\/c4278d4a6028830caff9ee44b42d32ed\"},\"headline\":\"Fundo norte-americano adquire 16% da Benfica SAD de Jos\u00e9 Ant\u00f3nio dos Santos\",\"datePublished\":\"2026-04-27T20:59:00+00:00\",\"mainEntityOfPage\":{\"@id\":\"https:\/\/portaltela.pt\/noticias\/2026\/04\/27\/fundo-norte-americano-adquire-16-da-benfica-sad-de-jose-antonio-dos-santos\/\"},\"wordCount\":197,\"image\":{\"@id\":\"https:\/\/portaltela.pt\/noticias\/2026\/04\/27\/fundo-norte-americano-adquire-16-da-benfica-sad-de-jose-antonio-dos-santos\/#primaryimage\"},\"thumbnailUrl\":\"https:\/\/portaltela.pt\/s.01k8rhncp4jt1\/2026\/04\/CACHE_780X1200_ANALOG_WATERMARKED_47004438_2852839_27042026050338.jpg\",\"keywords\":[\"Benfica SAD\",\"Estados Unidos\",\"fundos\",\"investidores internacionais\",\"investimento\",\"transa\u00e7\u00f5es internacionais\"],\"articleSection\":[\"Economia\",\"Neg\u00f3cios\"],\"inLanguage\":\"pt-PT\"},{\"@type\":\"WebPage\",\"@id\":\"https:\/\/portaltela.pt\/noticias\/2026\/04\/27\/fundo-norte-americano-adquire-16-da-benfica-sad-de-jose-antonio-dos-santos\/\",\"url\":\"https:\/\/portaltela.pt\/noticias\/2026\/04\/27\/fundo-norte-americano-adquire-16-da-benfica-sad-de-jose-antonio-dos-santos\/\",\"name\":\"Fundo norte-americano adquire 16% da Benfica SAD de Jos\u00e9 Ant\u00f3nio dos Santos - Portal Tela Portugal\",\"isPartOf\":{\"@id\":\"https:\/\/portaltela.pt\/#website\"},\"primaryImageOfPage\":{\"@id\":\"https:\/\/portaltela.pt\/noticias\/2026\/04\/27\/fundo-norte-americano-adquire-16-da-benfica-sad-de-jose-antonio-dos-santos\/#primaryimage\"},\"image\":{\"@id\":\"https:\/\/portaltela.pt\/noticias\/2026\/04\/27\/fundo-norte-americano-adquire-16-da-benfica-sad-de-jose-antonio-dos-santos\/#primaryimage\"},\"thumbnailUrl\":\"https:\/\/portaltela.pt\/s.01k8rhncp4jt1\/2026\/04\/CACHE_780X1200_ANALOG_WATERMARKED_47004438_2852839_27042026050338.jpg\",\"datePublished\":\"2026-04-27T20:59:00+00:00\",\"author\":{\"@id\":\"https:\/\/portaltela.pt\/#\/schema\/person\/c4278d4a6028830caff9ee44b42d32ed\"},\"breadcrumb\":{\"@id\":\"https:\/\/portaltela.pt\/noticias\/2026\/04\/27\/fundo-norte-americano-adquire-16-da-benfica-sad-de-jose-antonio-dos-santos\/#breadcrumb\"},\"inLanguage\":\"pt-PT\",\"potentialAction\":[{\"@type\":\"ReadAction\",\"target\":[\"https:\/\/portaltela.pt\/noticias\/2026\/04\/27\/fundo-norte-americano-adquire-16-da-benfica-sad-de-jose-antonio-dos-santos\/\"]}]},{\"@type\":\"ImageObject\",\"inLanguage\":\"pt-PT\",\"@id\":\"https:\/\/portaltela.pt\/noticias\/2026\/04\/27\/fundo-norte-americano-adquire-16-da-benfica-sad-de-jose-antonio-dos-santos\/#primaryimage\",\"url\":\"https:\/\/portaltela.pt\/s.01k8rhncp4jt1\/2026\/04\/CACHE_780X1200_ANALOG_WATERMARKED_47004438_2852839_27042026050338.jpg\",\"contentUrl\":\"https:\/\/portaltela.pt\/s.01k8rhncp4jt1\/2026\/04\/CACHE_780X1200_ANALOG_WATERMARKED_47004438_2852839_27042026050338.jpg\",\"width\":796,\"height\":448,\"caption\":\"Fundo norte-americano compra 16% da Benfica SAD a Jos\u00e9 Ant\u00f3nio dos Santos\"},{\"@type\":\"BreadcrumbList\",\"@id\":\"https:\/\/portaltela.pt\/noticias\/2026\/04\/27\/fundo-norte-americano-adquire-16-da-benfica-sad-de-jose-antonio-dos-santos\/#breadcrumb\",\"itemListElement\":[{\"@type\":\"ListItem\",\"position\":1,\"name\":\"In\u00edcio\",\"item\":\"https:\/\/portaltela.pt\/\"},{\"@type\":\"ListItem\",\"position\":2,\"name\":\"Fundo norte-americano adquire 16% da Benfica SAD de Jos\u00e9 Ant\u00f3nio dos Santos\"}]},{\"@type\":\"WebSite\",\"@id\":\"https:\/\/portaltela.pt\/#website\",\"url\":\"https:\/\/portaltela.pt\/\",\"name\":\"Portal Tela Portugal\",\"description\":\"\",\"potentialAction\":[{\"@type\":\"SearchAction\",\"target\":{\"@type\":\"EntryPoint\",\"urlTemplate\":\"https:\/\/portaltela.pt\/?s={search_term_string}\"},\"query-input\":{\"@type\":\"PropertyValueSpecification\",\"valueRequired\":true,\"valueName\":\"search_term_string\"}}],\"inLanguage\":\"pt-PT\"},{\"@type\":\"Person\",\"@id\":\"https:\/\/portaltela.pt\/#\/schema\/person\/c4278d4a6028830caff9ee44b42d32ed\",\"name\":\"Telinha\",\"image\":{\"@type\":\"ImageObject\",\"inLanguage\":\"pt-PT\",\"@id\":\"https:\/\/portaltela.pt\/s.01k8rhncp4jt1\/2025\/11\/talking-bot-125x125.png\",\"url\":\"https:\/\/portaltela.pt\/s.01k8rhncp4jt1\/2025\/11\/talking-bot-125x125.png\",\"contentUrl\":\"https:\/\/portaltela.pt\/s.01k8rhncp4jt1\/2025\/11\/talking-bot-125x125.png\",\"caption\":\"Telinha\"},\"sameAs\":[\"https:\/\/portaltela.pt\/\"],\"url\":\"https:\/\/portaltela.pt\/por\/367410592786\/\"}]}<\/script>\n<!-- \/ Yoast SEO plugin. -->","yoast_head_json":{"title":"Fundo norte-americano adquire 16% da Benfica SAD de Jos\u00e9 Ant\u00f3nio dos Santos - Portal Tela Portugal","robots":{"index":"index","follow":"follow","max-snippet":"max-snippet:-1","max-image-preview":"max-image-preview:large","max-video-preview":"max-video-preview:-1"},"og_locale":"pt_PT","og_type":"article","og_title":"Fundo norte-americano adquire 16% da Benfica SAD de Jos\u00e9 Ant\u00f3nio dos Santos - Portal Tela Portugal","og_description":"Um fundo norte-americano, Entrepreneur Equity Partners, comprou 16,38% da Benfica SAD a Jos\u00e9 Ant\u00f3nio dos Santos. O an\u00fancio foi feito hoje ao mercado pelas pr\u00f3prias \u00e1guias. Jos\u00e9 Ant\u00f3nio dos Santos \u00e9 presidente do Grupo Valouro. A transa\u00e7\u00e3o envolve a venda da participa\u00e7\u00e3o do empres\u00e1rio na Benfica SAD.","og_url":"https:\/\/portaltela.pt\/noticias\/2026\/04\/27\/fundo-norte-americano-adquire-16-da-benfica-sad-de-jose-antonio-dos-santos\/","og_site_name":"Portal Tela Portugal","article_published_time":"2026-04-27T20:59:00+00:00","author":"Telinha","twitter_card":"summary_large_image","twitter_misc":{"Escrito por":"Telinha","Tempo estimado de leitura":"1 minuto"},"schema":{"@context":"https:\/\/schema.org","@graph":[{"@type":"Article","@id":"https:\/\/portaltela.pt\/noticias\/2026\/04\/27\/fundo-norte-americano-adquire-16-da-benfica-sad-de-jose-antonio-dos-santos\/#article","isPartOf":{"@id":"https:\/\/portaltela.pt\/noticias\/2026\/04\/27\/fundo-norte-americano-adquire-16-da-benfica-sad-de-jose-antonio-dos-santos\/"},"author":{"name":"Telinha","@id":"https:\/\/portaltela.pt\/#\/schema\/person\/c4278d4a6028830caff9ee44b42d32ed"},"headline":"Fundo norte-americano adquire 16% da Benfica SAD de Jos\u00e9 Ant\u00f3nio dos Santos","datePublished":"2026-04-27T20:59:00+00:00","mainEntityOfPage":{"@id":"https:\/\/portaltela.pt\/noticias\/2026\/04\/27\/fundo-norte-americano-adquire-16-da-benfica-sad-de-jose-antonio-dos-santos\/"},"wordCount":197,"image":{"@id":"https:\/\/portaltela.pt\/noticias\/2026\/04\/27\/fundo-norte-americano-adquire-16-da-benfica-sad-de-jose-antonio-dos-santos\/#primaryimage"},"thumbnailUrl":"https:\/\/portaltela.pt\/s.01k8rhncp4jt1\/2026\/04\/CACHE_780X1200_ANALOG_WATERMARKED_47004438_2852839_27042026050338.jpg","keywords":["Benfica SAD","Estados Unidos","fundos","investidores internacionais","investimento","transa\u00e7\u00f5es internacionais"],"articleSection":["Economia","Neg\u00f3cios"],"inLanguage":"pt-PT"},{"@type":"WebPage","@id":"https:\/\/portaltela.pt\/noticias\/2026\/04\/27\/fundo-norte-americano-adquire-16-da-benfica-sad-de-jose-antonio-dos-santos\/","url":"https:\/\/portaltela.pt\/noticias\/2026\/04\/27\/fundo-norte-americano-adquire-16-da-benfica-sad-de-jose-antonio-dos-santos\/","name":"Fundo norte-americano adquire 16% da Benfica SAD de Jos\u00e9 Ant\u00f3nio dos Santos - Portal Tela Portugal","isPartOf":{"@id":"https:\/\/portaltela.pt\/#website"},"primaryImageOfPage":{"@id":"https:\/\/portaltela.pt\/noticias\/2026\/04\/27\/fundo-norte-americano-adquire-16-da-benfica-sad-de-jose-antonio-dos-santos\/#primaryimage"},"image":{"@id":"https:\/\/portaltela.pt\/noticias\/2026\/04\/27\/fundo-norte-americano-adquire-16-da-benfica-sad-de-jose-antonio-dos-santos\/#primaryimage"},"thumbnailUrl":"https:\/\/portaltela.pt\/s.01k8rhncp4jt1\/2026\/04\/CACHE_780X1200_ANALOG_WATERMARKED_47004438_2852839_27042026050338.jpg","datePublished":"2026-04-27T20:59:00+00:00","author":{"@id":"https:\/\/portaltela.pt\/#\/schema\/person\/c4278d4a6028830caff9ee44b42d32ed"},"breadcrumb":{"@id":"https:\/\/portaltela.pt\/noticias\/2026\/04\/27\/fundo-norte-americano-adquire-16-da-benfica-sad-de-jose-antonio-dos-santos\/#breadcrumb"},"inLanguage":"pt-PT","potentialAction":[{"@type":"ReadAction","target":["https:\/\/portaltela.pt\/noticias\/2026\/04\/27\/fundo-norte-americano-adquire-16-da-benfica-sad-de-jose-antonio-dos-santos\/"]}]},{"@type":"ImageObject","inLanguage":"pt-PT","@id":"https:\/\/portaltela.pt\/noticias\/2026\/04\/27\/fundo-norte-americano-adquire-16-da-benfica-sad-de-jose-antonio-dos-santos\/#primaryimage","url":"https:\/\/portaltela.pt\/s.01k8rhncp4jt1\/2026\/04\/CACHE_780X1200_ANALOG_WATERMARKED_47004438_2852839_27042026050338.jpg","contentUrl":"https:\/\/portaltela.pt\/s.01k8rhncp4jt1\/2026\/04\/CACHE_780X1200_ANALOG_WATERMARKED_47004438_2852839_27042026050338.jpg","width":796,"height":448,"caption":"Fundo norte-americano compra 16% da Benfica SAD a Jos\u00e9 Ant\u00f3nio dos Santos"},{"@type":"BreadcrumbList","@id":"https:\/\/portaltela.pt\/noticias\/2026\/04\/27\/fundo-norte-americano-adquire-16-da-benfica-sad-de-jose-antonio-dos-santos\/#breadcrumb","itemListElement":[{"@type":"ListItem","position":1,"name":"In\u00edcio","item":"https:\/\/portaltela.pt\/"},{"@type":"ListItem","position":2,"name":"Fundo norte-americano adquire 16% da Benfica SAD de Jos\u00e9 Ant\u00f3nio dos Santos"}]},{"@type":"WebSite","@id":"https:\/\/portaltela.pt\/#website","url":"https:\/\/portaltela.pt\/","name":"Portal Tela Portugal","description":"","potentialAction":[{"@type":"SearchAction","target":{"@type":"EntryPoint","urlTemplate":"https:\/\/portaltela.pt\/?s={search_term_string}"},"query-input":{"@type":"PropertyValueSpecification","valueRequired":true,"valueName":"search_term_string"}}],"inLanguage":"pt-PT"},{"@type":"Person","@id":"https:\/\/portaltela.pt\/#\/schema\/person\/c4278d4a6028830caff9ee44b42d32ed","name":"Telinha","image":{"@type":"ImageObject","inLanguage":"pt-PT","@id":"https:\/\/portaltela.pt\/s.01k8rhncp4jt1\/2025\/11\/talking-bot-125x125.png","url":"https:\/\/portaltela.pt\/s.01k8rhncp4jt1\/2025\/11\/talking-bot-125x125.png","contentUrl":"https:\/\/portaltela.pt\/s.01k8rhncp4jt1\/2025\/11\/talking-bot-125x125.png","caption":"Telinha"},"sameAs":["https:\/\/portaltela.pt\/"],"url":"https:\/\/portaltela.pt\/por\/367410592786\/"}]}},"_links":{"self":[{"href":"https:\/\/portaltela.pt\/api\/wp\/v2\/posts\/458976","targetHints":{"allow":["GET"]}}],"collection":[{"href":"https:\/\/portaltela.pt\/api\/wp\/v2\/posts"}],"about":[{"href":"https:\/\/portaltela.pt\/api\/wp\/v2\/types\/post"}],"author":[{"embeddable":true,"href":"https:\/\/portaltela.pt\/api\/wp\/v2\/users\/2"}],"replies":[{"embeddable":true,"href":"https:\/\/portaltela.pt\/api\/wp\/v2\/comments?post=458976"}],"version-history":[{"count":0,"href":"https:\/\/portaltela.pt\/api\/wp\/v2\/posts\/458976\/revisions"}],"wp:featuredmedia":[{"embeddable":true,"href":"https:\/\/portaltela.pt\/api\/wp\/v2\/media\/458979"}],"wp:attachment":[{"href":"https:\/\/portaltela.pt\/api\/wp\/v2\/media?parent=458976"}],"wp:term":[{"taxonomy":"category","embeddable":true,"href":"https:\/\/portaltela.pt\/api\/wp\/v2\/categories?post=458976"},{"taxonomy":"post_tag","embeddable":true,"href":"https:\/\/portaltela.pt\/api\/wp\/v2\/tags?post=458976"}],"curies":[{"name":"wp","href":"https:\/\/api.w.org\/{rel}","templated":true}]}}