{"id":458949,"date":"2026-04-27T17:47:58","date_gmt":"2026-04-27T20:47:58","guid":{"rendered":"https:\/\/portaltela.pt\/noticias\/2026\/04\/27\/dias-ferreira-afirma-que-varandas-nao-recuara-na-renovacao-de-rui-borges\/"},"modified":"2026-04-27T17:47:58","modified_gmt":"2026-04-27T20:47:58","slug":"dias-ferreira-afirma-que-varandas-nao-recuara-na-renovacao-de-rui-borges","status":"publish","type":"post","link":"https:\/\/portaltela.pt\/desporto\/futebol\/2026\/04\/27\/dias-ferreira-afirma-que-varandas-nao-recuara-na-renovacao-de-rui-borges\/","title":{"rendered":"Dias Ferreira afirma que Varandas n\u00e3o recuar\u00e1 na renova\u00e7\u00e3o de Rui Borges"},"content":{"rendered":"<p>Dias Ferreira, antigo dirigente do Sporting, afirma que Frederico Varandas n\u00e3o vai recuar na renova\u00e7\u00e3o de Rui Borges, ap\u00f3s o empate do Sporting com AVS SAD. A ideia \u00e9 que a decis\u00e3o de continuidade n\u00e3o depende do resultado desse jogo.<\/p>\n<p>O ex-candidato \u00e0 presid\u00eancia sustenta que o empate frente ao AVS SAD n\u00e3o pode ser visto como responsabilidade exclusiva do treinador. Segundo Dias Ferreira, o \u00e1rbitro tamb\u00e9m teve influ\u00eancia na condena\u00e7\u00e3o de uma grande penalidade, que n\u00e3o deve envolver apenas o t\u00e9cnico.<\/p>\n<p>Ainda conforme as declara\u00e7\u00f5es \u00e0 Record, o dirigente acredita que o Sporting pode ainda subir ao segundo lugar no campeonato. Afirmou que Varandas mant\u00e9m a inten\u00e7\u00e3o de renovar com Rui Borges, que j\u00e1 tem contrato em vigor.<\/p>\n<p>Para o analista, a renova\u00e7\u00e3o do treinador continua alinhada com a dire\u00e7\u00e3o do clube, embora reconhe\u00e7a a redu\u00e7\u00e3o de receios entre alguns adeptos. A not\u00edcia destaca a convic\u00e7\u00e3o de Dias Ferreira de que o clube n\u00e3o altera o rumo atual.<\/p>\n<p>O que est\u00e1 em jogo \u00e9 a continuidade de Rui Borges no Sporting, com o diretor\u2011desportivo Varandas a manter a confian\u00e7a na equipa t\u00e9cnica, independentemente do resultado recente. O tema permanece sob observa\u00e7\u00e3o pelos adeptos.<\/p>\n","protected":false},"excerpt":{"rendered":"<ul>\n<li>Jos\u00e9 Dias Ferreira, antigo dirigente e ex-candidato \u00e0 presid\u00eancia do Sporting, acredita que Frederico Varandas n\u00e3o vai recuar na renova\u00e7\u00e3o de Rui Borges, apesar do empate com o AVS SAD.<\/li>\n<li>Diz que o empate com o AVS SAD n\u00e3o \u00e9 responsabilidade exclusiva do treinador; afirma que o \u00e1rbitro cometeu um pen\u00e1lti claro e devia ser expulso.<\/li>\n<li>Afirma que o Sporting ainda pode ultrapassar o Benfica e ficar em segundo lugar no campeonato.<\/li>\n<li>Afirmou que Varandas vai continuar a apostar na renova\u00e7\u00e3o, mas Rui Borges j\u00e1 tem contrato.<\/li>\n<li>~ (Fonte: Record) ~<\/li>\n<\/ul>\n","protected":false},"author":2,"featured_media":458951,"comment_status":"closed","ping_status":"closed","sticky":false,"template":"","format":"standard","meta":{"footnotes":""},"categories":[21,24],"tags":[4059,227,152,32,1786,1652],"class_list":["post-458949","post","type-post","status-publish","format-standard","has-post-thumbnail","hentry","category-desporto","category-futebol","tag-1-a-liga","tag-campeonato","tag-desporto","tag-futebol","tag-liga","tag-sporting"],"yoast_head":"<!-- This site is optimized with the Yoast SEO plugin v27.2 - https:\/\/yoast.com\/product\/yoast-seo-wordpress\/ -->\n<title>Dias Ferreira afirma que Varandas n\u00e3o recuar\u00e1 na renova\u00e7\u00e3o de Rui Borges - Portal Tela Portugal<\/title>\n<meta name=\"robots\" content=\"index, follow, max-snippet:-1, max-image-preview:large, max-video-preview:-1\" \/>\n<meta property=\"og:locale\" content=\"pt_PT\" \/>\n<meta property=\"og:type\" content=\"article\" \/>\n<meta property=\"og:title\" content=\"Dias Ferreira afirma que Varandas n\u00e3o recuar\u00e1 na renova\u00e7\u00e3o de Rui Borges - Portal Tela Portugal\" \/>\n<meta property=\"og:description\" content=\"Jos\u00e9 Dias Ferreira, antigo dirigente e ex-candidato \u00e0 presid\u00eancia do Sporting, acredita que Frederico Varandas n\u00e3o vai recuar na renova\u00e7\u00e3o de Rui Borges, apesar do empate com o AVS SAD. Diz que o empate com o AVS SAD n\u00e3o \u00e9 responsabilidade exclusiva do treinador; afirma que o \u00e1rbitro cometeu um pen\u00e1lti claro e devia ser expulso. Afirma que o Sporting ainda pode ultrapassar o Benfica e ficar em segundo lugar no campeonato. Afirmou que Varandas vai continuar a apostar na renova\u00e7\u00e3o, mas Rui Borges j\u00e1 tem contrato. ~ (Fonte: Record) ~\" \/>\n<meta property=\"og:url\" content=\"https:\/\/portaltela.pt\/noticias\/2026\/04\/27\/dias-ferreira-afirma-que-varandas-nao-recuara-na-renovacao-de-rui-borges\/\" \/>\n<meta property=\"og:site_name\" content=\"Portal Tela Portugal\" \/>\n<meta property=\"article:published_time\" content=\"2026-04-27T20:47:58+00:00\" \/>\n<meta name=\"author\" content=\"Telinha\" \/>\n<meta name=\"twitter:card\" content=\"summary_large_image\" \/>\n<meta name=\"twitter:label1\" content=\"Escrito por\" \/>\n\t<meta name=\"twitter:data1\" content=\"Telinha\" \/>\n\t<meta name=\"twitter:label2\" content=\"Tempo estimado de leitura\" \/>\n\t<meta name=\"twitter:data2\" content=\"1 minuto\" \/>\n<script type=\"application\/ld+json\" class=\"yoast-schema-graph\">{\"@context\":\"https:\/\/schema.org\",\"@graph\":[{\"@type\":\"Article\",\"@id\":\"https:\/\/portaltela.pt\/noticias\/2026\/04\/27\/dias-ferreira-afirma-que-varandas-nao-recuara-na-renovacao-de-rui-borges\/#article\",\"isPartOf\":{\"@id\":\"https:\/\/portaltela.pt\/noticias\/2026\/04\/27\/dias-ferreira-afirma-que-varandas-nao-recuara-na-renovacao-de-rui-borges\/\"},\"author\":{\"name\":\"Telinha\",\"@id\":\"https:\/\/portaltela.pt\/#\/schema\/person\/c4278d4a6028830caff9ee44b42d32ed\"},\"headline\":\"Dias Ferreira afirma que Varandas n\u00e3o recuar\u00e1 na renova\u00e7\u00e3o de Rui Borges\",\"datePublished\":\"2026-04-27T20:47:58+00:00\",\"mainEntityOfPage\":{\"@id\":\"https:\/\/portaltela.pt\/noticias\/2026\/04\/27\/dias-ferreira-afirma-que-varandas-nao-recuara-na-renovacao-de-rui-borges\/\"},\"wordCount\":230,\"image\":{\"@id\":\"https:\/\/portaltela.pt\/noticias\/2026\/04\/27\/dias-ferreira-afirma-que-varandas-nao-recuara-na-renovacao-de-rui-borges\/#primaryimage\"},\"thumbnailUrl\":\"https:\/\/portaltela.pt\/s.01k8rhncp4jt1\/2026\/04\/img_920x518uu2018-09-05-08-21-09-1444082-im-639129216675086035.jpg\",\"keywords\":[\"1.\u00aa Liga\",\"campeonato\",\"desporto\",\"futebol\",\"Liga\",\"Sporting\"],\"articleSection\":[\"Desporto\",\"Futebol\"],\"inLanguage\":\"pt-PT\"},{\"@type\":\"WebPage\",\"@id\":\"https:\/\/portaltela.pt\/noticias\/2026\/04\/27\/dias-ferreira-afirma-que-varandas-nao-recuara-na-renovacao-de-rui-borges\/\",\"url\":\"https:\/\/portaltela.pt\/noticias\/2026\/04\/27\/dias-ferreira-afirma-que-varandas-nao-recuara-na-renovacao-de-rui-borges\/\",\"name\":\"Dias Ferreira afirma que Varandas n\u00e3o recuar\u00e1 na renova\u00e7\u00e3o de Rui Borges - Portal Tela Portugal\",\"isPartOf\":{\"@id\":\"https:\/\/portaltela.pt\/#website\"},\"primaryImageOfPage\":{\"@id\":\"https:\/\/portaltela.pt\/noticias\/2026\/04\/27\/dias-ferreira-afirma-que-varandas-nao-recuara-na-renovacao-de-rui-borges\/#primaryimage\"},\"image\":{\"@id\":\"https:\/\/portaltela.pt\/noticias\/2026\/04\/27\/dias-ferreira-afirma-que-varandas-nao-recuara-na-renovacao-de-rui-borges\/#primaryimage\"},\"thumbnailUrl\":\"https:\/\/portaltela.pt\/s.01k8rhncp4jt1\/2026\/04\/img_920x518uu2018-09-05-08-21-09-1444082-im-639129216675086035.jpg\",\"datePublished\":\"2026-04-27T20:47:58+00:00\",\"author\":{\"@id\":\"https:\/\/portaltela.pt\/#\/schema\/person\/c4278d4a6028830caff9ee44b42d32ed\"},\"breadcrumb\":{\"@id\":\"https:\/\/portaltela.pt\/noticias\/2026\/04\/27\/dias-ferreira-afirma-que-varandas-nao-recuara-na-renovacao-de-rui-borges\/#breadcrumb\"},\"inLanguage\":\"pt-PT\",\"potentialAction\":[{\"@type\":\"ReadAction\",\"target\":[\"https:\/\/portaltela.pt\/noticias\/2026\/04\/27\/dias-ferreira-afirma-que-varandas-nao-recuara-na-renovacao-de-rui-borges\/\"]}]},{\"@type\":\"ImageObject\",\"inLanguage\":\"pt-PT\",\"@id\":\"https:\/\/portaltela.pt\/noticias\/2026\/04\/27\/dias-ferreira-afirma-que-varandas-nao-recuara-na-renovacao-de-rui-borges\/#primaryimage\",\"url\":\"https:\/\/portaltela.pt\/s.01k8rhncp4jt1\/2026\/04\/img_920x518uu2018-09-05-08-21-09-1444082-im-639129216675086035.jpg\",\"contentUrl\":\"https:\/\/portaltela.pt\/s.01k8rhncp4jt1\/2026\/04\/img_920x518uu2018-09-05-08-21-09-1444082-im-639129216675086035.jpg\",\"width\":796,\"height\":448,\"caption\":\"Dias Ferreira foi candidato a presidente do Sporting\"},{\"@type\":\"BreadcrumbList\",\"@id\":\"https:\/\/portaltela.pt\/noticias\/2026\/04\/27\/dias-ferreira-afirma-que-varandas-nao-recuara-na-renovacao-de-rui-borges\/#breadcrumb\",\"itemListElement\":[{\"@type\":\"ListItem\",\"position\":1,\"name\":\"In\u00edcio\",\"item\":\"https:\/\/portaltela.pt\/\"},{\"@type\":\"ListItem\",\"position\":2,\"name\":\"Dias Ferreira afirma que Varandas n\u00e3o recuar\u00e1 na renova\u00e7\u00e3o de Rui Borges\"}]},{\"@type\":\"WebSite\",\"@id\":\"https:\/\/portaltela.pt\/#website\",\"url\":\"https:\/\/portaltela.pt\/\",\"name\":\"Portal Tela Portugal\",\"description\":\"\",\"potentialAction\":[{\"@type\":\"SearchAction\",\"target\":{\"@type\":\"EntryPoint\",\"urlTemplate\":\"https:\/\/portaltela.pt\/?s={search_term_string}\"},\"query-input\":{\"@type\":\"PropertyValueSpecification\",\"valueRequired\":true,\"valueName\":\"search_term_string\"}}],\"inLanguage\":\"pt-PT\"},{\"@type\":\"Person\",\"@id\":\"https:\/\/portaltela.pt\/#\/schema\/person\/c4278d4a6028830caff9ee44b42d32ed\",\"name\":\"Telinha\",\"image\":{\"@type\":\"ImageObject\",\"inLanguage\":\"pt-PT\",\"@id\":\"https:\/\/portaltela.pt\/s.01k8rhncp4jt1\/2025\/11\/talking-bot-125x125.png\",\"url\":\"https:\/\/portaltela.pt\/s.01k8rhncp4jt1\/2025\/11\/talking-bot-125x125.png\",\"contentUrl\":\"https:\/\/portaltela.pt\/s.01k8rhncp4jt1\/2025\/11\/talking-bot-125x125.png\",\"caption\":\"Telinha\"},\"sameAs\":[\"https:\/\/portaltela.pt\/\"],\"url\":\"https:\/\/portaltela.pt\/por\/367410592786\/\"}]}<\/script>\n<!-- \/ Yoast SEO plugin. -->","yoast_head_json":{"title":"Dias Ferreira afirma que Varandas n\u00e3o recuar\u00e1 na renova\u00e7\u00e3o de Rui Borges - Portal Tela Portugal","robots":{"index":"index","follow":"follow","max-snippet":"max-snippet:-1","max-image-preview":"max-image-preview:large","max-video-preview":"max-video-preview:-1"},"og_locale":"pt_PT","og_type":"article","og_title":"Dias Ferreira afirma que Varandas n\u00e3o recuar\u00e1 na renova\u00e7\u00e3o de Rui Borges - Portal Tela Portugal","og_description":"Jos\u00e9 Dias Ferreira, antigo dirigente e ex-candidato \u00e0 presid\u00eancia do Sporting, acredita que Frederico Varandas n\u00e3o vai recuar na renova\u00e7\u00e3o de Rui Borges, apesar do empate com o AVS SAD. Diz que o empate com o AVS SAD n\u00e3o \u00e9 responsabilidade exclusiva do treinador; afirma que o \u00e1rbitro cometeu um pen\u00e1lti claro e devia ser expulso. Afirma que o Sporting ainda pode ultrapassar o Benfica e ficar em segundo lugar no campeonato. Afirmou que Varandas vai continuar a apostar na renova\u00e7\u00e3o, mas Rui Borges j\u00e1 tem contrato. ~ (Fonte: Record) ~","og_url":"https:\/\/portaltela.pt\/noticias\/2026\/04\/27\/dias-ferreira-afirma-que-varandas-nao-recuara-na-renovacao-de-rui-borges\/","og_site_name":"Portal Tela Portugal","article_published_time":"2026-04-27T20:47:58+00:00","author":"Telinha","twitter_card":"summary_large_image","twitter_misc":{"Escrito por":"Telinha","Tempo estimado de leitura":"1 minuto"},"schema":{"@context":"https:\/\/schema.org","@graph":[{"@type":"Article","@id":"https:\/\/portaltela.pt\/noticias\/2026\/04\/27\/dias-ferreira-afirma-que-varandas-nao-recuara-na-renovacao-de-rui-borges\/#article","isPartOf":{"@id":"https:\/\/portaltela.pt\/noticias\/2026\/04\/27\/dias-ferreira-afirma-que-varandas-nao-recuara-na-renovacao-de-rui-borges\/"},"author":{"name":"Telinha","@id":"https:\/\/portaltela.pt\/#\/schema\/person\/c4278d4a6028830caff9ee44b42d32ed"},"headline":"Dias Ferreira afirma que Varandas n\u00e3o recuar\u00e1 na renova\u00e7\u00e3o de Rui Borges","datePublished":"2026-04-27T20:47:58+00:00","mainEntityOfPage":{"@id":"https:\/\/portaltela.pt\/noticias\/2026\/04\/27\/dias-ferreira-afirma-que-varandas-nao-recuara-na-renovacao-de-rui-borges\/"},"wordCount":230,"image":{"@id":"https:\/\/portaltela.pt\/noticias\/2026\/04\/27\/dias-ferreira-afirma-que-varandas-nao-recuara-na-renovacao-de-rui-borges\/#primaryimage"},"thumbnailUrl":"https:\/\/portaltela.pt\/s.01k8rhncp4jt1\/2026\/04\/img_920x518uu2018-09-05-08-21-09-1444082-im-639129216675086035.jpg","keywords":["1.\u00aa Liga","campeonato","desporto","futebol","Liga","Sporting"],"articleSection":["Desporto","Futebol"],"inLanguage":"pt-PT"},{"@type":"WebPage","@id":"https:\/\/portaltela.pt\/noticias\/2026\/04\/27\/dias-ferreira-afirma-que-varandas-nao-recuara-na-renovacao-de-rui-borges\/","url":"https:\/\/portaltela.pt\/noticias\/2026\/04\/27\/dias-ferreira-afirma-que-varandas-nao-recuara-na-renovacao-de-rui-borges\/","name":"Dias Ferreira afirma que Varandas n\u00e3o recuar\u00e1 na renova\u00e7\u00e3o de Rui Borges - Portal Tela Portugal","isPartOf":{"@id":"https:\/\/portaltela.pt\/#website"},"primaryImageOfPage":{"@id":"https:\/\/portaltela.pt\/noticias\/2026\/04\/27\/dias-ferreira-afirma-que-varandas-nao-recuara-na-renovacao-de-rui-borges\/#primaryimage"},"image":{"@id":"https:\/\/portaltela.pt\/noticias\/2026\/04\/27\/dias-ferreira-afirma-que-varandas-nao-recuara-na-renovacao-de-rui-borges\/#primaryimage"},"thumbnailUrl":"https:\/\/portaltela.pt\/s.01k8rhncp4jt1\/2026\/04\/img_920x518uu2018-09-05-08-21-09-1444082-im-639129216675086035.jpg","datePublished":"2026-04-27T20:47:58+00:00","author":{"@id":"https:\/\/portaltela.pt\/#\/schema\/person\/c4278d4a6028830caff9ee44b42d32ed"},"breadcrumb":{"@id":"https:\/\/portaltela.pt\/noticias\/2026\/04\/27\/dias-ferreira-afirma-que-varandas-nao-recuara-na-renovacao-de-rui-borges\/#breadcrumb"},"inLanguage":"pt-PT","potentialAction":[{"@type":"ReadAction","target":["https:\/\/portaltela.pt\/noticias\/2026\/04\/27\/dias-ferreira-afirma-que-varandas-nao-recuara-na-renovacao-de-rui-borges\/"]}]},{"@type":"ImageObject","inLanguage":"pt-PT","@id":"https:\/\/portaltela.pt\/noticias\/2026\/04\/27\/dias-ferreira-afirma-que-varandas-nao-recuara-na-renovacao-de-rui-borges\/#primaryimage","url":"https:\/\/portaltela.pt\/s.01k8rhncp4jt1\/2026\/04\/img_920x518uu2018-09-05-08-21-09-1444082-im-639129216675086035.jpg","contentUrl":"https:\/\/portaltela.pt\/s.01k8rhncp4jt1\/2026\/04\/img_920x518uu2018-09-05-08-21-09-1444082-im-639129216675086035.jpg","width":796,"height":448,"caption":"Dias Ferreira foi candidato a presidente do Sporting"},{"@type":"BreadcrumbList","@id":"https:\/\/portaltela.pt\/noticias\/2026\/04\/27\/dias-ferreira-afirma-que-varandas-nao-recuara-na-renovacao-de-rui-borges\/#breadcrumb","itemListElement":[{"@type":"ListItem","position":1,"name":"In\u00edcio","item":"https:\/\/portaltela.pt\/"},{"@type":"ListItem","position":2,"name":"Dias Ferreira afirma que Varandas n\u00e3o recuar\u00e1 na renova\u00e7\u00e3o de Rui Borges"}]},{"@type":"WebSite","@id":"https:\/\/portaltela.pt\/#website","url":"https:\/\/portaltela.pt\/","name":"Portal Tela Portugal","description":"","potentialAction":[{"@type":"SearchAction","target":{"@type":"EntryPoint","urlTemplate":"https:\/\/portaltela.pt\/?s={search_term_string}"},"query-input":{"@type":"PropertyValueSpecification","valueRequired":true,"valueName":"search_term_string"}}],"inLanguage":"pt-PT"},{"@type":"Person","@id":"https:\/\/portaltela.pt\/#\/schema\/person\/c4278d4a6028830caff9ee44b42d32ed","name":"Telinha","image":{"@type":"ImageObject","inLanguage":"pt-PT","@id":"https:\/\/portaltela.pt\/s.01k8rhncp4jt1\/2025\/11\/talking-bot-125x125.png","url":"https:\/\/portaltela.pt\/s.01k8rhncp4jt1\/2025\/11\/talking-bot-125x125.png","contentUrl":"https:\/\/portaltela.pt\/s.01k8rhncp4jt1\/2025\/11\/talking-bot-125x125.png","caption":"Telinha"},"sameAs":["https:\/\/portaltela.pt\/"],"url":"https:\/\/portaltela.pt\/por\/367410592786\/"}]}},"_links":{"self":[{"href":"https:\/\/portaltela.pt\/api\/wp\/v2\/posts\/458949","targetHints":{"allow":["GET"]}}],"collection":[{"href":"https:\/\/portaltela.pt\/api\/wp\/v2\/posts"}],"about":[{"href":"https:\/\/portaltela.pt\/api\/wp\/v2\/types\/post"}],"author":[{"embeddable":true,"href":"https:\/\/portaltela.pt\/api\/wp\/v2\/users\/2"}],"replies":[{"embeddable":true,"href":"https:\/\/portaltela.pt\/api\/wp\/v2\/comments?post=458949"}],"version-history":[{"count":0,"href":"https:\/\/portaltela.pt\/api\/wp\/v2\/posts\/458949\/revisions"}],"wp:featuredmedia":[{"embeddable":true,"href":"https:\/\/portaltela.pt\/api\/wp\/v2\/media\/458951"}],"wp:attachment":[{"href":"https:\/\/portaltela.pt\/api\/wp\/v2\/media?parent=458949"}],"wp:term":[{"taxonomy":"category","embeddable":true,"href":"https:\/\/portaltela.pt\/api\/wp\/v2\/categories?post=458949"},{"taxonomy":"post_tag","embeddable":true,"href":"https:\/\/portaltela.pt\/api\/wp\/v2\/tags?post=458949"}],"curies":[{"name":"wp","href":"https:\/\/api.w.org\/{rel}","templated":true}]}}